{"id":973,"date":"2026-01-08T10:00:00","date_gmt":"2026-01-08T08:00:00","guid":{"rendered":"https:\/\/www.bathori.hu\/blog\/?p=973"},"modified":"2026-01-06T11:51:46","modified_gmt":"2026-01-06T09:51:46","slug":"mekkora-iroasztal-20-25-m2-vezetoi-iroda","status":"publish","type":"post","link":"https:\/\/www.bathori.hu\/blog\/mekkora-iroasztal-20-25-m2-vezetoi-iroda\/","title":{"rendered":"Mekkora \u00edr\u00f3asztal kell egy 20\u201325 m\u00b2-es vezet\u0151i irod\u00e1ba?"},"content":{"rendered":"\n<p>A <strong>20\u201325 m\u00b2-es vezet\u0151i iroda<\/strong> sok szervezetn\u00e9l fordul\u00f3pontot jelent. Ez m\u00e1r nem az a \u201ek\u00e9nyszermegold\u00e1s\u201d, ahol minden centim\u00e9ter\u00e9rt harcolni kell, de m\u00e9g nem is az a nagyvonal\u00fa t\u00e9r, ahol b\u00e1rmi elf\u00e9r k\u00f6vetkezm\u00e9nyek n\u00e9lk\u00fcl. \u00c9ppen ez\u00e9rt a k\u00e9rd\u00e9s, hogy <strong>mekkora \u00edr\u00f3asztal kell egy 20\u201325 m\u00b2-es vezet\u0151i irod\u00e1ba<\/strong>, nem puszt\u00e1n m\u00e9retk\u00e9rd\u00e9s, hanem ar\u00e1ny- \u00e9s szerep\u00e9rtelmez\u00e9si d\u00f6nt\u00e9s.<\/p>\n\n\n\n<p>Ebben a m\u00e9rettartom\u00e1nyban az \u00edr\u00f3asztal m\u00e1r nem csup\u00e1n munkafel\u00fclet. Egyszerre kell t\u00e1mogatnia a f\u00f3kusz\u00e1lt egy\u00e9ni munk\u00e1t, a d\u00f6nt\u00e9s-el\u0151k\u00e9sz\u00edt\u00e9st \u00e9s az egyeztet\u00e9seket \u2013 mindezt \u00fagy, hogy k\u00f6zben ne \u201enyomja agyon\u201d a teret. Egy t\u00fal kicsi asztal itt m\u00e1r alulpozicion\u00e1lhatja a vezet\u0151t, egy t\u00fal nagy viszont k\u00f6nnyen merevv\u00e9 \u00e9s neh\u00e9zkess\u00e9 teheti az iroda m\u0171k\u00f6d\u00e9s\u00e9t.<\/p>\n\n\n\n<p>Sok vezet\u0151 ott hib\u00e1zik, hogy kiz\u00e1r\u00f3lag centim\u00e9terekben gondolkodik: 180 vagy 200 cm, 80 vagy 100 cm m\u00e9ly asztal. A val\u00f3s k\u00e9rd\u00e9s azonban ink\u00e1bb az, hogy <strong>hogyan ar\u00e1nylik az \u00edr\u00f3asztal m\u00e9rete a t\u00e9rhez, a haszn\u00e1lathoz \u00e9s a vezet\u0151i szerephez<\/strong>. Egy j\u00f3l megv\u00e1lasztott vezet\u0151i \u00edr\u00f3asztal ebben a m\u00e9ret\u0171 irod\u00e1ban k\u00e9pes val\u00f3di d\u00f6nt\u00e9si k\u00f6zpontk\u00e9nt m\u0171k\u00f6dni \u2013 egy rosszul megv\u00e1lasztott viszont folyamatos kompromisszumokra k\u00e9nyszer\u00edt.<\/p>\n\n\n\n<p>Ebben a cikkben azt j\u00e1rjuk k\u00f6r\u00fcl, <strong>mekkora vezet\u0151i \u00edr\u00f3asztal ide\u00e1lis egy 20\u201325 m\u00b2-es irod\u00e1ba<\/strong>, mikor v\u00e1lik egy asztal t\u00fal naggy\u00e1 vagy \u00e9ppen t\u00fal kicsiv\u00e9, \u00e9s hogyan lehet a m\u00e9retet \u00fagy megv\u00e1lasztani, hogy az hossz\u00fa t\u00e1von is t\u00e1mogassa a vezet\u0151 mindennapi m\u0171k\u00f6d\u00e9s\u00e9t.<\/p>\n\n\n\n<blockquote class=\"wp-block-quote is-layout-flow wp-block-quote-is-layout-flow\">\n<p><strong><a href=\"https:\/\/www.bathori.hu\/blog\/vezetoi-iroasztal\/\" data-type=\"link\" data-id=\"https:\/\/www.bathori.hu\/blog\/vezetoi-iroasztal\/\">A vezet\u0151i \u00edr\u00f3asztal kiv\u00e1laszt\u00e1s\u00e1nak teljes szempontrendszer\u00e9t ebben az \u00e1tfog\u00f3 \u00fatmutat\u00f3ban mutatjuk be.<\/a><\/strong><\/p>\n<\/blockquote>\n\n\n\n<h2 class=\"wp-block-heading\"><strong>1. Mit jelent val\u00f3j\u00e1ban a 20\u201325 m\u00b2 egy vezet\u0151i iroda eset\u00e9ben?<\/strong><\/h2>\n\n\n\n<p>A <strong>20\u201325 m\u00b2-es vezet\u0151i iroda<\/strong> m\u00e1r funkcion\u00e1lisan \u201eteljes \u00e9rt\u00e9k\u0171\u201d t\u00e9rnek sz\u00e1m\u00edt, de m\u00e9g mindig er\u0151sen <strong>ar\u00e1ny\u00e9rz\u00e9keny<\/strong>. Nem kicsi iroda, de nem is olyan nagy, ahol a m\u00e9ret \u00f6nmag\u00e1ban elviszi a rossz d\u00f6nt\u00e9seket. Itt minden b\u00fator \u2013 k\u00fcl\u00f6n\u00f6sen az \u00edr\u00f3asztal \u2013 <strong>l\u00e1that\u00f3 s\u00fallyal van jelen<\/strong>.<\/p>\n\n\n\n<p>Vezet\u0151i szempontb\u00f3l ez a m\u00e9ret \u00e1ltal\u00e1ban azt jelenti, hogy:<\/p>\n\n\n\n<ul class=\"wp-block-list\">\n<li>az \u00edr\u00f3asztal <strong>nem csak munk\u00e1ra<\/strong>, hanem egyeztet\u00e9sekre is szolg\u00e1l,<\/li>\n\n\n\n<li>van hely vend\u00e9gsz\u00e9keknek vagy egy kisebb t\u00e1rgyal\u00e1si poz\u00edci\u00f3nak,<\/li>\n\n\n\n<li>az iroda m\u00e1r <strong>reprezent\u00e1l<\/strong>, nem csak kiszolg\u00e1l,<\/li>\n\n\n\n<li>az \u00edr\u00f3asztal elhelyez\u00e9se \u00e9s m\u00e9rete <strong>befoly\u00e1solja a t\u00e9r hierarchi\u00e1j\u00e1t<\/strong>.<\/li>\n<\/ul>\n\n\n\n<p>Ebben a tartom\u00e1nyban az asztal m\u00e1r nem lehet \u201eirodai m\u00e9ret\u201d, mert elveszik a t\u00e9rben, de nem lehet t\u00falm\u00e9retezett sem, mert <strong>elz\u00e1rja a mozg\u00e1st \u00e9s merevv\u00e9 teszi az irod\u00e1t<\/strong>.<\/p>\n\n\n\n<h3 class=\"wp-block-heading\"><strong>Mi a leggyakoribb f\u00e9lre\u00e9rt\u00e9s?<\/strong><\/h3>\n\n\n\n<p>Sokan abb\u00f3l indulnak ki, hogy \u201e20\u201325 m\u00b2 m\u00e1r nagy, teh\u00e1t nagy asztal kell bele\u201d. A val\u00f3s\u00e1gban azonban nem a n\u00e9gyzetm\u00e9ter a d\u00f6nt\u0151, hanem:<\/p>\n\n\n\n<ul class=\"wp-block-list\">\n<li><strong>mennyi szabad t\u00e9r marad az asztal k\u00f6r\u00fcl<\/strong>,<\/li>\n\n\n\n<li><strong>hogyan zajlik a napi munka<\/strong> (egyed\u00fcl vs. egyeztet\u00e9sek),<\/li>\n\n\n\n<li><strong>hol helyezkedik el az asztal a t\u00e9rben<\/strong> (faln\u00e1l, k\u00f6z\u00e9pen, oldalir\u00e1nyban).<\/li>\n<\/ul>\n\n\n\n<p>Egy 25 m\u00b2-es iroda p\u00e9ld\u00e1ul k\u00f6nnyen v\u00e1lhat sz\u0171k\u00f6ss\u00e9, ha az \u00edr\u00f3asztal t\u00fal m\u00e9ly vagy t\u00fal sz\u00e9les, m\u00edg egy j\u00f3l ar\u00e1nyos asztal mellett ugyanekkora t\u00e9r <strong>l\u00e9gies \u00e9s rugalmas<\/strong> maradhat.<\/p>\n\n\n\n<h3 class=\"wp-block-heading\"><strong>Alapvet\u0151 t\u00e9rar\u00e1ny-elv ebben a m\u00e9retben<\/strong><\/h3>\n\n\n\n<p>20\u201325 m\u00b2 eset\u00e9n az \u00edr\u00f3asztal akkor m\u0171k\u00f6dik j\u00f3l, ha:<\/p>\n\n\n\n<ul class=\"wp-block-list\">\n<li><strong>nem t\u00f6lti ki vizu\u00e1lisan a teret<\/strong>,<\/li>\n\n\n\n<li>m\u00f6g\u00f6tte \u00e9s oldalir\u00e1nyban is marad <strong>k\u00e9nyelmes k\u00f6zleked\u00e9si s\u00e1v<\/strong>,<\/li>\n\n\n\n<li>nem k\u00e9nyszer\u00edti a t\u00e1rgyal\u00e1sokat m\u00e1s b\u00fatorokhoz (kanap\u00e9, mell\u00e9kasztal),<\/li>\n\n\n\n<li>a vezet\u0151 <strong>poz\u00edci\u00f3j\u00e1t er\u0151s\u00edti<\/strong>, nem \u201eelfoglalja\u201d.<\/li>\n<\/ul>\n\n\n\n<p>Ez az a pont, ahol az \u00edr\u00f3asztal m\u00e9rete m\u00e1r <strong>vezet\u0151i d\u00f6nt\u00e9ss\u00e9 v\u00e1lik<\/strong>, nem puszt\u00e1n berendez\u00e9si k\u00e9rd\u00e9ss\u00e9.<\/p>\n\n\n\n<h2 class=\"wp-block-heading\"><strong>2. Milyen \u00edr\u00f3asztal-m\u00e9ret m\u0171k\u00f6dik j\u00f3l egy 20\u201325 m\u00b2-es vezet\u0151i irod\u00e1ban?<\/strong><\/h2>\n\n\n\n<p>Ebben a m\u00e9rettartom\u00e1nyban az \u00edr\u00f3asztal m\u00e1r <strong>nem k\u00e9nyszermegold\u00e1s<\/strong>, de m\u00e9g <strong>nem enged meg hib\u00e1t<\/strong>. A 20\u201325 m\u00b2-es vezet\u0151i iroda \u00e1tmeneti z\u00f3na: ha az asztal t\u00fal kicsi, alulpozicion\u00e1lja a vezet\u0151t, ha t\u00fal nagy, ar\u00e1nytalanul \u201er\u00e1\u00fcl\u201d a t\u00e9rre.<\/p>\n\n\n\n<p>A tapasztalat azt mutatja, hogy ebben az irodam\u00e9retben az al\u00e1bbi <strong>m\u00e9rettartom\u00e1ny m\u0171k\u00f6dik a legstabilabban<\/strong>:<\/p>\n\n\n\n<ul class=\"wp-block-list\">\n<li><strong>Sz\u00e9less\u00e9g:<\/strong> 180\u2013200 cm<\/li>\n\n\n\n<li><strong>M\u00e9lys\u00e9g:<\/strong> 80\u201390 cm<\/li>\n\n\n\n<li><strong>Magass\u00e1g:<\/strong> 72\u201375 cm (ergon\u00f3miai szabv\u00e1ny szerint)<\/li>\n<\/ul>\n\n\n\n<p>Ez a m\u00e9ret m\u00e1r el\u00e9g nagy ahhoz, hogy:<\/p>\n\n\n\n<ul class=\"wp-block-list\">\n<li>k\u00fcl\u00f6nv\u00e1ljon a <strong>vezet\u0151i munkater\u00fclet<\/strong> \u00e9s a <strong>vend\u00e9goldal<\/strong>,<\/li>\n\n\n\n<li>legyen hely dokumentumoknak, laptopnak, jegyzetel\u00e9snek,<\/li>\n\n\n\n<li>az asztal <strong>d\u00f6nt\u00e9si t\u00e9rk\u00e9nt<\/strong> is m\u0171k\u00f6dj\u00f6n, ne csak munkafel\u00fcletk\u00e9nt.<\/li>\n<\/ul>\n\n\n\n<p>Ugyanakkor m\u00e9g nem k\u00e9nyszer\u00edti r\u00e1 az irod\u00e1t arra, hogy minden m\u00e1s b\u00fator \u201eal\u00e1rendel\u0151dj\u00f6n\u201d neki.<\/p>\n\n\n\n<h3 class=\"wp-block-heading\"><strong>Mi\u00e9rt nem a centim\u00e9ter a d\u00f6nt\u0151 t\u00e9nyez\u0151?<\/strong><\/h3>\n\n\n\n<p>Sok vezet\u0151 itt k\u00f6veti el az els\u0151 tipikus hib\u00e1t: <strong>sz\u00e1mokban gondolkodik, nem ar\u00e1nyokban<\/strong>.<\/p>\n\n\n\n<p>A k\u00e9rd\u00e9s nem az, hogy 180 vagy 200 cm az ide\u00e1lis, hanem az, hogy:<\/p>\n\n\n\n<ul class=\"wp-block-list\">\n<li>marad-e <strong>legal\u00e1bb 120 cm szabad t\u00e9r<\/strong> az asztal m\u00f6g\u00f6tt,<\/li>\n\n\n\n<li>biztos\u00edtott-e <strong>80\u201390 cm k\u00f6zleked\u00e9si s\u00e1v<\/strong> oldalt,<\/li>\n\n\n\n<li>az asztal <strong>nem \u00fctk\u00f6zik-e vizu\u00e1lisan<\/strong> az ajt\u00f3val, ablakkal, t\u00e1rol\u00f3val.<\/li>\n<\/ul>\n\n\n\n<p>Ha ezek nem teljes\u00fclnek, akkor <strong>b\u00e1rmilyen \u201eszabv\u00e1nyos\u201d m\u00e9ret rossz v\u00e1laszt\u00e1s<\/strong>, m\u00e9g akkor is, ha pap\u00edron belef\u00e9r.<\/p>\n\n\n\n<h3 class=\"wp-block-heading\"><strong>Mikor kell kisebb, mikor nagyobb asztal?<\/strong><\/h3>\n\n\n\n<p><strong>Kisebb (160\u2013180 cm)<\/strong> akkor m\u0171k\u00f6dik j\u00f3l, ha:<\/p>\n\n\n\n<ul class=\"wp-block-list\">\n<li>az irod\u00e1ban ritk\u00e1k az egyeztet\u00e9sek,<\/li>\n\n\n\n<li>nincs k\u00fcl\u00f6n vend\u00e9gsz\u00e9k az asztaln\u00e1l,<\/li>\n\n\n\n<li>a vezet\u0151 munk\u00e1ja ink\u00e1bb <strong>f\u00f3kusz\u00e1lt, egy\u00e9ni<\/strong>.<\/li>\n<\/ul>\n\n\n\n<p><strong>Nagyobb (200\u2013220 cm)<\/strong> akkor indokolt, ha:<\/p>\n\n\n\n<ul class=\"wp-block-list\">\n<li>rendszeresek a megbesz\u00e9l\u00e9sek az irod\u00e1ban,<\/li>\n\n\n\n<li>az asztal egyben <strong>t\u00e1rgyal\u00e1si pont<\/strong> is,<\/li>\n\n\n\n<li>a vezet\u0151 munk\u00e1ja <strong>kifel\u00e9 is reprezentat\u00edv<\/strong>.<\/li>\n<\/ul>\n\n\n\n<p>Ebben a m\u00e9rettartom\u00e1nyban teh\u00e1t nem az sz\u00e1m\u00edt, hogy \u201emekkora \u00edr\u00f3asztal kell\u201d, hanem az, hogy <strong>milyen szerepet t\u00f6lt be az asztal a vezet\u0151 napi m\u0171k\u00f6d\u00e9s\u00e9ben<\/strong>.<\/p>\n\n\n\n<h2 class=\"wp-block-heading\"><strong>3. Mikor v\u00e1lik egy t\u00fal nagy \u00edr\u00f3asztal h\u00e1tr\u00e1nny\u00e1 egy 20\u201325 m\u00b2-es vezet\u0151i irod\u00e1ban?<\/strong><\/h2>\n\n\n\n<p>Egy 20\u201325 m\u00b2-es vezet\u0151i iroda m\u00e1r elb\u00edr egy karakteres \u00edr\u00f3asztalt, de <strong>nem toler\u00e1lja a t\u00falm\u00e9retez\u00e9st<\/strong>. Itt m\u00e1r nem az a k\u00e9rd\u00e9s, hogy \u201eelf\u00e9r-e\u201d, hanem az, hogy <strong>mit vesz el a t\u00e9r m\u0171k\u00f6d\u00e9s\u00e9b\u0151l<\/strong>.<\/p>\n\n\n\n<p>A t\u00fal nagy vezet\u0151i \u00edr\u00f3asztal els\u0151re tekint\u00e9lyt sug\u00e1rozhat, hosszabb t\u00e1von azonban gyakran <strong>ellenkez\u0151 hat\u00e1st v\u00e1lt ki<\/strong>.<\/p>\n\n\n\n<h3 class=\"wp-block-heading\"><strong>1. Ha az asztal \u201er\u00e1\u00fcl\u201d a t\u00e9rre<\/strong><\/h3>\n\n\n\n<p>Egy t\u00falm\u00e9retezett \u00edr\u00f3asztal vizu\u00e1lisan domin\u00e1nss\u00e1 v\u00e1lik, \u00e9s:<\/p>\n\n\n\n<ul class=\"wp-block-list\">\n<li>\u00f6sszenyomja a k\u00f6zleked\u00e9si s\u00e1vokat,<\/li>\n\n\n\n<li>elveszi a leveg\u0151t a t\u00e9rb\u0151l,<\/li>\n\n\n\n<li>minden m\u00e1s b\u00fatort m\u00e1sodlagoss\u00e1 tesz.<\/li>\n<\/ul>\n\n\n\n<p>Ez k\u00fcl\u00f6n\u00f6sen akkor probl\u00e9m\u00e1s, ha:<\/p>\n\n\n\n<ul class=\"wp-block-list\">\n<li>az iroda nem szimmetrikus,<\/li>\n\n\n\n<li>az ajt\u00f3 vagy ablak k\u00f6zel van az asztalhoz,<\/li>\n\n\n\n<li>t\u00e1rol\u00f3k, vend\u00e9gsz\u00e9kek is ugyanebben a t\u00e9rben kapnak helyet.<\/li>\n<\/ul>\n\n\n\n<p>Ilyenkor az iroda <strong>nem d\u00f6nt\u00e9si t\u00e9rk\u00e9nt<\/strong>, hanem \u201easztal k\u00f6r\u00e9 \u00e9p\u00edtett helyis\u00e9gk\u00e9nt\u201d kezd m\u0171k\u00f6dni.<\/p>\n\n\n\n<h3 class=\"wp-block-heading\"><strong>2. Ha az elrendez\u00e9s kompromisszumokra k\u00e9nyszer\u00edt<\/strong><\/h3>\n\n\n\n<p>A t\u00fal nagy \u00edr\u00f3asztal gyakran azt eredm\u00e9nyezi, hogy:<\/p>\n\n\n\n<ul class=\"wp-block-list\">\n<li>a vezet\u0151 sz\u00e9ke t\u00fal k\u00f6zel ker\u00fcl a falhoz vagy szekr\u00e9nyhez,<\/li>\n\n\n\n<li>az ajt\u00f3 nyit\u00e1sa korl\u00e1tozott,<\/li>\n\n\n\n<li>a vend\u00e9gsz\u00e9kek csak \u201eodaszor\u00edtva\u201d f\u00e9rnek el.<\/li>\n<\/ul>\n\n\n\n<p>Ezek a kompromisszumok napi szinten jelennek meg, \u00e9s <strong>folyamatos mikrofrusztr\u00e1ci\u00f3t<\/strong> okoznak \u2013 m\u00e9g akkor is, ha els\u0151re nem tudatosulnak.<\/p>\n\n\n\n<h3 class=\"wp-block-heading\"><strong>3. Ha az asztal elv\u00e1laszt, nem kapcsol<\/strong><\/h3>\n\n\n\n<p>Egy t\u00fal m\u00e9ly vagy t\u00fal sz\u00e9les asztal:<\/p>\n\n\n\n<ul class=\"wp-block-list\">\n<li>felesleges fizikai t\u00e1vols\u00e1got hoz l\u00e9tre,<\/li>\n\n\n\n<li>nehez\u00edti a k\u00f6zvetlen kommunik\u00e1ci\u00f3t,<\/li>\n\n\n\n<li>form\u00e1liss\u00e1, merevv\u00e9 teszi az egyeztet\u00e9seket.<\/li>\n<\/ul>\n\n\n\n<p>Ez k\u00fcl\u00f6n\u00f6sen akkor v\u00e1lik probl\u00e9m\u00e1v\u00e1, ha a vezet\u0151:<\/p>\n\n\n\n<ul class=\"wp-block-list\">\n<li>rendszeresen egyeztet az irod\u00e1j\u00e1ban,<\/li>\n\n\n\n<li>egy\u00fctt gondolkod\u00e1sra haszn\u00e1lja a teret,<\/li>\n\n\n\n<li>nem hierarchikus, hanem egy\u00fcttm\u0171k\u00f6d\u0151 m\u0171k\u00f6d\u00e9sre t\u00f6rekszik.<\/li>\n<\/ul>\n\n\n\n<p>Ilyenkor az asztal <strong>nem t\u00e1mogatja<\/strong>, hanem akad\u00e1lyozza a k\u00edv\u00e1nt vezet\u0151i st\u00edlust.<\/p>\n\n\n\n<h3 class=\"wp-block-heading\"><strong>4. Ha az asztal m\u00e9rete nincs \u00f6sszhangban a szereppel<\/strong><\/h3>\n\n\n\n<p>Sok esetben a t\u00fal nagy \u00edr\u00f3asztal nem a t\u00e9rb\u0151l, hanem <strong>elv\u00e1r\u00e1sokb\u00f3l<\/strong> sz\u00fcletik:<\/p>\n\n\n\n<ul class=\"wp-block-list\">\n<li>\u201evezet\u0151h\u00f6z nagy asztal kell\u201d,<\/li>\n\n\n\n<li>\u201eez \u00edgy n\u00e9z ki komolyan\u201d,<\/li>\n\n\n\n<li>\u201ejobb, ha t\u00fal nagy, mint ha kicsi\u201d.<\/li>\n<\/ul>\n\n\n\n<p>A 20\u201325 m\u00b2-es iroda azonban m\u00e1r el\u00e9g nagy ahhoz, hogy <strong>az ar\u00e1nyok sz\u00e1m\u00edtsanak<\/strong>, ne a t\u00falkompenz\u00e1l\u00e1s. Ha az asztal nagyobb, mint amit a vezet\u0151 val\u00f3ban haszn\u00e1l, az <strong>ink\u00e1bb gyeng\u00edti<\/strong>, mint er\u0151s\u00edti a poz\u00edci\u00f3t.<\/p>\n\n\n\n<p>Ha szeretn\u00e9 ezt a k\u00e9rd\u00e9st <strong>a mindennapi m\u0171k\u00f6d\u00e9s oldal\u00e1r\u00f3l is meg\u00e9rteni<\/strong> \u2013 f\u00f3kusz, d\u00f6nt\u00e9si temp\u00f3, munkaritmus szempontj\u00e1b\u00f3l \u2013, \u00e9rdemes elolvasni a<\/p>\n\n\n\n<p>\u201e<strong>Hogyan befoly\u00e1solja az \u00edr\u00f3asztal a vezet\u0151i munkast\u00edlust?<\/strong>\u201d c\u00edm\u0171 cikket.<\/p>\n\n\n\n<h2 class=\"wp-block-heading\"><strong>4. Hogyan ar\u00e1nylik az \u00edr\u00f3asztal m\u00e9rete a vezet\u0151i iroda preszt\u00edzs\u00e9hez?<\/strong><\/h2>\n\n\n\n<p>A vezet\u0151i iroda preszt\u00edzs\u00e9t <strong>nem az asztal centim\u00e9terei<\/strong>, hanem az <strong>ar\u00e1ny\u00e9rz\u00e9k<\/strong> hat\u00e1rozza meg. Egy 20\u201325 m\u00b2-es t\u00e9rben a preszt\u00edzs nem a t\u00falm\u00e9reten, hanem a <strong>kiegyens\u00falyozott elrendez\u00e9sen<\/strong> kereszt\u00fcl jelenik meg.<\/p>\n\n\n\n<h3 class=\"wp-block-heading\"><strong>1. A preszt\u00edzs t\u00e9r\u00e9lm\u00e9nyb\u0151l sz\u00fcletik, nem m\u00e9retb\u0151l<\/strong><\/h3>\n\n\n\n<p>Egy j\u00f3l ar\u00e1ny\u00edtott vezet\u0151i iroda:<\/p>\n\n\n\n<ul class=\"wp-block-list\">\n<li>leveg\u0151s marad,<\/li>\n\n\n\n<li>nem zs\u00fafolt,<\/li>\n\n\n\n<li>tudatosan szervezett.<\/li>\n<\/ul>\n\n\n\n<p>Ebben a k\u00f6rnyezetben az \u00edr\u00f3asztal <strong>nem uralja<\/strong>, hanem <strong>szervezi<\/strong> a teret. A preszt\u00edzs \u00e9rzete abb\u00f3l fakad, hogy minden elem \u201ea hely\u00e9n van\u201d, nem abb\u00f3l, hogy egyetlen b\u00fator mindent elnyom.<\/p>\n\n\n\n<h3 class=\"wp-block-heading\"><strong>2. A t\u00fal nagy asztal gyakran preszt\u00edzsveszt\u00e9st okoz<\/strong><\/h3>\n\n\n\n<p>Paradox m\u00f3don egy ar\u00e1nytalanul nagy \u00edr\u00f3asztal:<\/p>\n\n\n\n<ul class=\"wp-block-list\">\n<li>bizonytalans\u00e1got sugallhat,<\/li>\n\n\n\n<li>t\u00falkompenz\u00e1l\u00e1s \u00e9rzet\u00e9t keltheti,<\/li>\n\n\n\n<li>elvonja a figyelmet a vezet\u0151r\u0151l mag\u00e1r\u00f3l.<\/li>\n<\/ul>\n\n\n\n<p>Egy 20\u201325 m\u00b2-es irod\u00e1ban a <strong>magabiztoss\u00e1g<\/strong> ink\u00e1bb abban jelenik meg, hogy a vezet\u0151 <strong>nem szorul r\u00e1<\/strong> a t\u00falz\u00f3 gesztusokra.<\/p>\n\n\n\n<h3 class=\"wp-block-heading\"><strong>3. Az ar\u00e1nyos \u00edr\u00f3asztal \u201ecsendes tekint\u00e9lyt\u201d \u00e9p\u00edt<\/strong><\/h3>\n\n\n\n<p>Az ide\u00e1lis m\u00e9ret\u0171 vezet\u0151i \u00edr\u00f3asztal:<\/p>\n\n\n\n<ul class=\"wp-block-list\">\n<li>term\u00e9szetes f\u00f3kuszpont,<\/li>\n\n\n\n<li>nem akad\u00e1lyozza a mozg\u00e1st,<\/li>\n\n\n\n<li>t\u00e1mogatja az egyeztet\u00e9seket \u00e9s az egy\u00e9ni munk\u00e1t is.<\/li>\n<\/ul>\n\n\n\n<p>Ez a fajta megold\u00e1s <strong>nem hivalkod\u00f3<\/strong>, m\u00e9gis er\u0151s. A preszt\u00edzs itt nem deklar\u00e1lt, hanem <strong>\u00e9rezhet\u0151<\/strong>.<\/p>\n\n\n\n<h3 class=\"wp-block-heading\"><strong>4. A preszt\u00edzs mindig a funkci\u00f3b\u00f3l k\u00f6vetkezik<\/strong><\/h3>\n\n\n\n<p>Egy vezet\u0151i iroda akkor hat hitelesen, ha:<\/p>\n\n\n\n<ul class=\"wp-block-list\">\n<li>az \u00edr\u00f3asztal m\u00e9rete illeszkedik a t\u00e9rhez,<\/li>\n\n\n\n<li>az elrendez\u00e9s a d\u00f6nt\u00e9shozatalt t\u00e1mogatja,<\/li>\n\n\n\n<li>a b\u00fator nem st\u00e1tuszszimb\u00f3lum, hanem m\u0171k\u00f6d\u0151 eszk\u00f6z.<\/li>\n<\/ul>\n\n\n\n<p>Ez \u00f6sszhangban van azzal a gondolkod\u00e1ssal is, hogy <strong>nem a m\u00e9ret adja a vezet\u0151i \u00e9rzetet, hanem a haszn\u00e1lhat\u00f3s\u00e1g \u00e9s az ar\u00e1ny<\/strong>.<\/p>\n\n\n\n<blockquote class=\"wp-block-quote is-layout-flow wp-block-quote-is-layout-flow\">\n<p>Ha ezt a kapcsolatot a d\u00f6nt\u00e9shozatal szintj\u00e9n is szeretn\u00e9 \u00e1tl\u00e1tni, \u00e9rdemes megn\u00e9zni a<\/p>\n<\/blockquote>\n\n\n\n<blockquote class=\"wp-block-quote is-layout-flow wp-block-quote-is-layout-flow\">\n<p>\u201e<strong>Hogyan befoly\u00e1solja az \u00edr\u00f3asztal a vezet\u0151i munkast\u00edlust?<\/strong>\u201d c\u00edm\u0171 cikket.<\/p>\n<\/blockquote>\n\n\n\n<h2 class=\"wp-block-heading\"><strong>5. Szabadon \u00e1ll\u00f3 vagy falhoz tolt vezet\u0151i \u00edr\u00f3asztal?<\/strong><\/h2>\n\n\n\n<p>Egy 20\u201325 m\u00b2-es vezet\u0151i irod\u00e1ban az \u00edr\u00f3asztal <strong>elhelyez\u00e9se legal\u00e1bb akkora d\u00f6nt\u00e9s<\/strong>, mint a m\u00e9rete. Ugyanaz az asztal teljesen m\u00e1s \u00fczenetet \u00e9s m\u0171k\u00f6d\u00e9st eredm\u00e9nyez att\u00f3l f\u00fcgg\u0151en, hogy <strong>szabadon \u00e1ll<\/strong> vagy <strong>falhoz ker\u00fcl<\/strong>.<\/p>\n\n\n\n<h3 class=\"wp-block-heading\"><strong>Szabadon \u00e1ll\u00f3 \u00edr\u00f3asztal \u2013 amikor a t\u00e9r \u201edolgozik\u201d<\/strong><\/h3>\n\n\n\n<p>Szabadon \u00e1ll\u00f3 elrendez\u00e9s akkor m\u0171k\u00f6dik j\u00f3l, ha:<\/p>\n\n\n\n<ul class=\"wp-block-list\">\n<li>az iroda alaprajza ar\u00e1nyos,<\/li>\n\n\n\n<li>van elegend\u0151 mozg\u00e1st\u00e9r az asztal m\u00f6g\u00f6tt \u00e9s oldalain,<\/li>\n\n\n\n<li>a vezet\u0151 rendszeresen fogad vend\u00e9geket, t\u00e1rgyal a saj\u00e1t irod\u00e1j\u00e1ban.<\/li>\n<\/ul>\n\n\n\n<p>El\u0151nyei:<\/p>\n\n\n\n<ul class=\"wp-block-list\">\n<li>er\u0151sebb d\u00f6nt\u00e9si k\u00f6zpont \u00e9rzetet ad,<\/li>\n\n\n\n<li>t\u00e1mogatja a szemkontaktust \u00e9s a kommunik\u00e1ci\u00f3t,<\/li>\n\n\n\n<li>vizu\u00e1lisan \u201emegnyitja\u201d a teret.<\/li>\n<\/ul>\n\n\n\n<p>H\u00e1tr\u00e1nya:<\/p>\n\n\n\n<ul class=\"wp-block-list\">\n<li>rossz m\u00e9retv\u00e1laszt\u00e1s eset\u00e9n gyorsan zs\u00fafoltt\u00e1 v\u00e1lhat,<\/li>\n\n\n\n<li>fegyelmezettebb rendet ig\u00e9nyel (k\u00e1belek, dokumentumok).<\/li>\n<\/ul>\n\n\n\n<h3 class=\"wp-block-heading\"><strong>Falhoz tolt \u00edr\u00f3asztal \u2013 amikor a f\u00f3kusz az els\u0151<\/strong><\/h3>\n\n\n\n<p>Falhoz tolt elrendez\u00e9s gyakran jobb v\u00e1laszt\u00e1s, ha:<\/p>\n\n\n\n<ul class=\"wp-block-list\">\n<li>a t\u00e9r hossz\u00fak\u00e1s vagy tagolt,<\/li>\n\n\n\n<li>a vezet\u0151 f\u0151k\u00e9nt f\u00f3kusz\u00e1lt, egy\u00e9ni munk\u00e1t v\u00e9gez,<\/li>\n\n\n\n<li>az iroda t\u00f6bb funkci\u00f3t is ell\u00e1t (munka + egyeztet\u00e9s).<\/li>\n<\/ul>\n\n\n\n<p>El\u0151nyei:<\/p>\n\n\n\n<ul class=\"wp-block-list\">\n<li>vizu\u00e1lisan nagyobb teret hagy,<\/li>\n\n\n\n<li>k\u00f6nnyebb rendben tartani,<\/li>\n\n\n\n<li>kev\u00e9sb\u00e9 domin\u00e1ns, m\u00e9gis hat\u00e9kony.<\/li>\n<\/ul>\n\n\n\n<p>Fontos: ez <strong>nem jelent alacsonyabb preszt\u00edzst<\/strong>. Egy tudatosan falhoz tolt \u00edr\u00f3asztal sokszor kifejezetten strat\u00e9giai d\u00f6nt\u00e9s.<\/p>\n\n\n\n<h3 class=\"wp-block-heading\"><strong>A d\u00f6nt\u0151 szempont: hogyan haszn\u00e1lja a vezet\u0151 a teret?<\/strong><\/h3>\n\n\n\n<p>Nem l\u00e9tezik \u201ejobb\u201d vagy \u201erosszabb\u201d megold\u00e1s \u2013 csak <strong>\u00f6sszhang<\/strong> vagy annak hi\u00e1nya.<\/p>\n\n\n\n<p>A k\u00e9rd\u00e9s nem az, hogy:<\/p>\n\n\n\n<blockquote class=\"wp-block-quote is-layout-flow wp-block-quote-is-layout-flow\">\n<p>\u201eszabadon \u00e1lljon-e az \u00edr\u00f3asztal?\u201d<\/p>\n<\/blockquote>\n\n\n\n<p>hanem az, hogy:<\/p>\n\n\n\n<blockquote class=\"wp-block-quote is-layout-flow wp-block-quote-is-layout-flow\">\n<p><strong>hogyan t\u00e1mogatja a vezet\u0151 mindennapi m\u0171k\u00f6d\u00e9s\u00e9t, d\u00f6nt\u00e9shozatal\u00e1t \u00e9s kommunik\u00e1ci\u00f3j\u00e1t?<\/strong><\/p>\n<\/blockquote>\n\n\n\n<p>Ez a gondolkod\u00e1s visszavezet ahhoz az alapelvhez, hogy az \u00edr\u00f3asztal <strong>nem \u00f6nmag\u00e1ban st\u00e1tuszelem<\/strong>, hanem a vezet\u0151i t\u00e9r egyik akt\u00edv r\u00e9sze.<\/p>\n\n\n\n<h2 class=\"wp-block-heading\"><strong>6. Gyors d\u00f6nt\u00e9si \u00f6sszefoglal\u00f3: mekkora \u00edr\u00f3asztal m\u0171k\u00f6dik j\u00f3l egy 20\u201325 m\u00b2-es vezet\u0151i irod\u00e1ban?<\/strong><\/h2>\n\n\n\n<p>Ha a vezet\u0151i iroda <strong>20\u201325 m\u00b2<\/strong>, akkor az \u00edr\u00f3asztal kiv\u00e1laszt\u00e1s\u00e1n\u00e1l az al\u00e1bbi alapelvek adnak biztons\u00e1gos d\u00f6nt\u00e9si keretet:<\/p>\n\n\n\n<h3 class=\"wp-block-heading\"><strong>Ide\u00e1lis m\u00e9rettartom\u00e1ny<\/strong><\/h3>\n\n\n\n<ul class=\"wp-block-list\">\n<li><strong>Sz\u00e9less\u00e9g:<\/strong> 180\u2013220 cm<\/li>\n\n\n\n<li><strong>M\u00e9lys\u00e9g:<\/strong> 90\u2013100 cm Ez a m\u00e9ret m\u00e1r vezet\u0151i jelenl\u00e9tet sug\u00e1roz, de nem nyomja \u00f6ssze a teret.<\/li>\n<\/ul>\n\n\n\n<h3 class=\"wp-block-heading\"><strong>Elrendez\u00e9si ir\u00e1nyelvek<\/strong><\/h3>\n\n\n\n<ul class=\"wp-block-list\">\n<li>Szabadon \u00e1ll\u00f3 \u00edr\u00f3asztal akkor j\u00f3, ha:\n<ul class=\"wp-block-list\">\n<li>az iroda ar\u00e1nyos,<\/li>\n\n\n\n<li>rendszeresek a szem\u00e9lyes megbesz\u00e9l\u00e9sek.<\/li>\n<\/ul>\n<\/li>\n\n\n\n<li>Falhoz tolt elrendez\u00e9s akkor c\u00e9lszer\u0171, ha:\n<ul class=\"wp-block-list\">\n<li>a f\u00f3kuszmunka domin\u00e1l,<\/li>\n\n\n\n<li>fontos a vizu\u00e1lis nyugalom \u00e9s a t\u00e9r\u00e9rzet.<\/li>\n<\/ul>\n<\/li>\n<\/ul>\n\n\n\n<h3 class=\"wp-block-heading\"><strong>Amit \u00e9rdemes elker\u00fclni<\/strong><\/h3>\n\n\n\n<ul class=\"wp-block-list\">\n<li>160 cm alatti asztalt ebben a m\u00e9ret\u0171 irod\u00e1ban<\/li>\n\n\n\n<li>t\u00fal m\u00e9ly (110+ cm) asztalt, ha nincs m\u00f6g\u00f6tte t\u00e9r<\/li>\n\n\n\n<li>t\u00fal sok kieg\u00e9sz\u00edt\u0151t az asztalon vagy k\u00f6zvetlen k\u00f6r\u00fcl\u00f6tte<\/li>\n<\/ul>\n\n\n\n<h3 class=\"wp-block-heading\"><strong>A legfontosabb szempont<\/strong><\/h3>\n\n\n\n<p>Nem az a k\u00e9rd\u00e9s, hogy \u201emekkora asztal f\u00e9r el\u201d, hanem az, hogy:<\/p>\n\n\n\n<blockquote class=\"wp-block-quote is-layout-flow wp-block-quote-is-layout-flow\">\n<p><strong>hogyan t\u00e1mogatja az \u00edr\u00f3asztal a vezet\u0151 munkaritmus\u00e1t, d\u00f6nt\u00e9shozatal\u00e1t \u00e9s kommunik\u00e1ci\u00f3j\u00e1t.<\/strong><\/p>\n<\/blockquote>\n\n\n\n<p>Egy 20\u201325 m\u00b2-es vezet\u0151i irod\u00e1ban az \u00edr\u00f3asztal m\u00e1r <strong>nem puszt\u00e1n b\u00fator<\/strong>, hanem a t\u00e9r m\u0171k\u00f6d\u00e9s\u00e9nek k\u00f6zponti eleme. A j\u00f3 m\u00e9ret nem l\u00e1tszik \u2013 <strong>csak m\u0171k\u00f6dik<\/strong>.<\/p>\n\n\n\n<p><\/p>\n","protected":false},"excerpt":{"rendered":"<p>A 20\u201325 m\u00b2-es vezet\u0151i iroda sok szervezetn\u00e9l fordul\u00f3pontot jelent. Ez m\u00e1r nem az a \u201ek\u00e9nyszermegold\u00e1s\u201d, ahol minden centim\u00e9ter\u00e9rt harcolni kell, de m\u00e9g nem is az a nagyvonal\u00fa t\u00e9r, ahol b\u00e1rmi elf\u00e9r k\u00f6vetkezm\u00e9nyek n\u00e9lk\u00fcl. \u00c9ppen ez\u00e9rt a k\u00e9rd\u00e9s, hogy mekkora \u00edr\u00f3asztal kell egy 20\u201325 m\u00b2-es vezet\u0151i irod\u00e1ba, nem puszt\u00e1n m\u00e9retk\u00e9rd\u00e9s, hanem ar\u00e1ny- \u00e9s szerep\u00e9rtelmez\u00e9si d\u00f6nt\u00e9s. Ebben &#8230; <a title=\"Mekkora \u00edr\u00f3asztal kell egy 20\u201325 m\u00b2-es vezet\u0151i irod\u00e1ba?\" class=\"read-more\" href=\"https:\/\/www.bathori.hu\/blog\/mekkora-iroasztal-20-25-m2-vezetoi-iroda\/\" aria-label=\"Read more about Mekkora \u00edr\u00f3asztal kell egy 20\u201325 m\u00b2-es vezet\u0151i irod\u00e1ba?\">Olvass tov\u00e1bb<\/a><\/p>\n","protected":false},"author":1,"featured_media":984,"comment_status":"closed","ping_status":"closed","sticky":false,"template":"","format":"standard","meta":{"footnotes":""},"categories":[25],"tags":[],"class_list":["post-973","post","type-post","status-publish","format-standard","has-post-thumbnail","hentry","category-vezetoi-iroasztal"],"_links":{"self":[{"href":"https:\/\/www.bathori.hu\/blog\/wp-json\/wp\/v2\/posts\/973","targetHints":{"allow":["GET"]}}],"collection":[{"href":"https:\/\/www.bathori.hu\/blog\/wp-json\/wp\/v2\/posts"}],"about":[{"href":"https:\/\/www.bathori.hu\/blog\/wp-json\/wp\/v2\/types\/post"}],"author":[{"embeddable":true,"href":"https:\/\/www.bathori.hu\/blog\/wp-json\/wp\/v2\/users\/1"}],"replies":[{"embeddable":true,"href":"https:\/\/www.bathori.hu\/blog\/wp-json\/wp\/v2\/comments?post=973"}],"version-history":[{"count":8,"href":"https:\/\/www.bathori.hu\/blog\/wp-json\/wp\/v2\/posts\/973\/revisions"}],"predecessor-version":[{"id":982,"href":"https:\/\/www.bathori.hu\/blog\/wp-json\/wp\/v2\/posts\/973\/revisions\/982"}],"wp:featuredmedia":[{"embeddable":true,"href":"https:\/\/www.bathori.hu\/blog\/wp-json\/wp\/v2\/media\/984"}],"wp:attachment":[{"href":"https:\/\/www.bathori.hu\/blog\/wp-json\/wp\/v2\/media?parent=973"}],"wp:term":[{"taxonomy":"category","embeddable":true,"href":"https:\/\/www.bathori.hu\/blog\/wp-json\/wp\/v2\/categories?post=973"},{"taxonomy":"post_tag","embeddable":true,"href":"https:\/\/www.bathori.hu\/blog\/wp-json\/wp\/v2\/tags?post=973"}],"curies":[{"name":"wp","href":"https:\/\/api.w.org\/{rel}","templated":true}]}}