{"id":1648,"date":"2026-03-17T10:00:00","date_gmt":"2026-03-17T08:00:00","guid":{"rendered":"https:\/\/www.bathori.hu\/blog\/?p=1648"},"modified":"2026-03-17T11:37:29","modified_gmt":"2026-03-17T09:37:29","slug":"jovoallo-targyaloterek-a-vezetoi-irodaban","status":"publish","type":"post","link":"https:\/\/www.bathori.hu\/blog\/jovoallo-targyaloterek-a-vezetoi-irodaban\/","title":{"rendered":"J\u00f6v\u0151\u00e1ll\u00f3 t\u00e1rgyal\u00f3terek a vezet\u0151i irod\u00e1ban \u2013 hogyan lehet hossz\u00fa t\u00e1vra tervezni?"},"content":{"rendered":"\n<p>A <strong>j\u00f6v\u0151\u00e1ll\u00f3 t\u00e1rgyal\u00f3terek a vezet\u0151i irod\u00e1ban<\/strong> nem l\u00e1tv\u00e1nyos megold\u00e1sokr\u00f3l vagy trendk\u00f6vet\u00e9sr\u0151l sz\u00f3lnak, hanem arr\u00f3l, hogy a t\u00e9r hossz\u00fa t\u00e1von is k\u00e9pes legyen alkalmazkodni a v\u00e1ltoz\u00f3 d\u00f6nt\u00e9si helyzetekhez. A vezet\u0151i iroda szerepe ugyanis ritk\u00e1n statikus: a megbesz\u00e9l\u00e9sek jellege, a r\u00e9sztvev\u0151k k\u00f6re \u00e9s a haszn\u00e1lat intenzit\u00e1sa id\u0151vel folyamatosan alakul.<\/p>\n\n\n\n<p>Egy j\u00f3l megtervezett vezet\u0151i t\u00e1rgyal\u00f3t\u00e9r nem egy adott pillanatra k\u00e9sz\u00fcl, hanem t\u00f6bbf\u00e9le m\u0171k\u00f6d\u00e9si helyzetet is k\u00e9pes kiszolg\u00e1lni. Ami ma hat\u00e9kony, az n\u00e9h\u00e1ny \u00e9v m\u00falva k\u00f6nnyen korl\u00e1tt\u00e1 v\u00e1lhat, ha a t\u00e9r nem reag\u00e1l rugalmasan a v\u00e1ltoz\u00e1sokra. Ez k\u00fcl\u00f6n\u00f6sen igaz a vezet\u0151i irod\u00e1kra, ahol a t\u00e1rgyal\u00f3t\u00e9r egyszerre szolg\u00e1l operat\u00edv egyeztet\u00e9sekhez \u00e9s strat\u00e9giai d\u00f6nt\u00e9sekhez.<\/p>\n\n\n\n<p>A j\u00f6v\u0151\u00e1ll\u00f3s\u00e1g ez\u00e9rt nem technol\u00f3giai k\u00e9rd\u00e9s, hanem szeml\u00e9let. A vezet\u0151i t\u00e1rgyal\u00f3t\u00e9r akkor m\u0171k\u00f6dik j\u00f3l hossz\u00fa t\u00e1von, ha kialak\u00edt\u00e1sa, b\u00fatoroz\u00e1sa \u00e9s t\u00e9rhaszn\u00e1lata k\u00e9pes egy\u00fctt fejl\u0151dni a vezet\u0151 munkam\u00f3dszer\u00e9vel \u00e9s a szervezet m\u0171k\u00f6d\u00e9s\u00e9vel. Ez a gondolkod\u00e1s seg\u00edt elker\u00fclni a t\u00fal korai cser\u00e9ket, \u00e9s biztos\u00edtja, hogy a t\u00e9r val\u00f3ban t\u00e1mogassa a d\u00f6nt\u00e9shozatalt.<\/p>\n\n\n\n<h2 class=\"wp-block-heading\"><strong>Mit jelent val\u00f3j\u00e1ban a j\u00f6v\u0151\u00e1ll\u00f3 t\u00e1rgyal\u00f3t\u00e9r vezet\u0151i k\u00f6rnyezetben?<\/strong><\/h2>\n\n\n\n<p>A j\u00f6v\u0151\u00e1ll\u00f3s\u00e1g a vezet\u0151i t\u00e1rgyal\u00f3terek eset\u00e9ben nem futurisztikus megold\u00e1sokat vagy technol\u00f3giai t\u00falterhel\u00e9st jelent. Sokkal ink\u00e1bb azt, hogy a t\u00e9r <strong>k\u00e9pes alkalmazkodni a v\u00e1ltoz\u00f3 d\u00f6nt\u00e9si helyzetekhez<\/strong>, an\u00e9lk\u00fcl hogy folyamatos \u00e1talak\u00edt\u00e1sra vagy cser\u00e9re lenne sz\u00fcks\u00e9g.<\/p>\n\n\n\n<p><strong>Egy vezet\u0151i t\u00e1rgyal\u00f3t\u00e9r j\u00f6v\u0151\u00e1ll\u00f3s\u00e1ga els\u0151sorban rugalmass\u00e1got jelent.<\/strong><\/p>\n\n\n\n<p>Ez megjelenhet:<\/p>\n\n\n\n<ul class=\"wp-block-list\">\n<li>a t\u00e9r t\u00f6bbf\u00e9le haszn\u00e1lhat\u00f3s\u00e1g\u00e1ban,<\/li>\n\n\n\n<li>az elt\u00e9r\u0151 r\u00e9sztvev\u0151sz\u00e1mok kezel\u00e9s\u00e9ben,<\/li>\n\n\n\n<li>\u00e9s abban, hogy a t\u00e1rgyal\u00e1sok jellege v\u00e1ltozhat an\u00e9lk\u00fcl, hogy a t\u00e9r korl\u00e1toz\u00f3v\u00e1 v\u00e1lna.<\/li>\n<\/ul>\n\n\n\n<p>Fontos k\u00fcl\u00f6nbs\u00e9g, hogy a vezet\u0151i k\u00f6rnyezetben a t\u00e1rgyal\u00f3t\u00e9r <strong>nem elk\u00fcl\u00f6n\u00fclt funkci\u00f3<\/strong>, hanem a vezet\u0151 mindennapi munkater\u00e9nek r\u00e9sze. Ez\u00e9rt a j\u00f6v\u0151\u00e1ll\u00f3s\u00e1g itt nem egyetlen megold\u00e1sra \u00e9p\u00fcl, hanem arra, hogy a t\u00e9r hogyan illeszkedik a vezet\u0151 munkaritmus\u00e1hoz \u00e9s d\u00f6nt\u00e9si folyamataihoz.<\/p>\n\n\n\n<p>A j\u00f6v\u0151\u00e1ll\u00f3 t\u00e1rgyal\u00f3t\u00e9r nem felt\u00e9tlen\u00fcl l\u00e1tv\u00e1nyos. Gyakran \u00e9pp az a legnagyobb el\u0151nye, hogy <strong>\u00e9szrev\u00e9tlen\u00fcl m\u0171k\u00f6dik j\u00f3l<\/strong>. Nem k\u00e9nyszer\u00edt kompromisszumokra, nem ig\u00e9nyel folyamatos alkalmazkod\u00e1st, \u00e9s nem v\u00e1lik akad\u00e1lly\u00e1 akkor sem, ha a vezet\u0151i iroda szerepe id\u0151vel \u00e1talakul.<\/p>\n\n\n\n<p>A vezet\u0151i k\u00f6rnyezetben ez\u00e9rt a j\u00f6v\u0151\u00e1ll\u00f3s\u00e1g nem egy \u00e1llapot, hanem egy tervez\u00e9si szeml\u00e9let. Olyan megk\u00f6zel\u00edt\u00e9s, amely figyelembe veszi a v\u00e1ltoz\u00e1st, \u00e9s eleve \u00fagy alak\u00edtja ki a t\u00e1rgyal\u00f3teret, hogy az hossz\u00fa t\u00e1von is t\u00e1mogassa a d\u00f6nt\u00e9shozatalt.<\/p>\n\n\n\n<h2 class=\"wp-block-heading\"><strong>Hogyan v\u00e1ltoznak a j\u00f6v\u0151\u00e1ll\u00f3 t\u00e1rgyal\u00f3terek a vezet\u0151i irod\u00e1ban?<\/strong><\/h2>\n\n\n\n<p>A vezet\u0151i irod\u00e1ban zajl\u00f3 megbesz\u00e9l\u00e9sek az elm\u00falt \u00e9vekben fokozatosan \u00e1talakultak. Egyre kev\u00e9sb\u00e9 jellemz\u0151ek a hossz\u00fa, form\u00e1lis t\u00e1rgyal\u00e1sok, \u00e9s egyre gyakoribbak a r\u00f6videbb, c\u00e9lzott egyeztet\u00e9sek. Ez a v\u00e1ltoz\u00e1s k\u00f6zvetlen hat\u00e1ssal van arra, hogyan m\u0171k\u00f6dnek a <strong>j\u00f6v\u0151\u00e1ll\u00f3 t\u00e1rgyal\u00f3terek a vezet\u0151i irod\u00e1ban<\/strong>.<\/p>\n\n\n\n<p><strong>A r\u00e9sztvev\u0151k sz\u00e1ma \u00e9s \u00f6sszet\u00e9tele rugalmasabb lett.<\/strong><\/p>\n\n\n\n<p>Ma m\u00e1r nem ritka, hogy:<\/p>\n\n\n\n<ul class=\"wp-block-list\">\n<li>egy megbesz\u00e9l\u00e9sen kevesebb f\u0151 vesz r\u00e9szt,<\/li>\n\n\n\n<li>a r\u00e9sztvev\u0151k k\u00f6re gyorsan v\u00e1ltozik,<\/li>\n\n\n\n<li>egy t\u00e9rnek t\u00f6bbf\u00e9le helyzethez kell alkalmazkodnia.<\/li>\n<\/ul>\n\n\n\n<p>Egy j\u00f6v\u0151\u00e1ll\u00f3 vezet\u0151i t\u00e1rgyal\u00f3t\u00e9r erre nem merev kialak\u00edt\u00e1ssal reag\u00e1l, hanem olyan elrendez\u00e9ssel, amely term\u00e9szetesen kezeli a k\u00fcl\u00f6nb\u00f6z\u0151 szitu\u00e1ci\u00f3kat.<\/p>\n\n\n\n<p>A vezet\u0151i d\u00f6nt\u00e9shozatal temp\u00f3ja is felgyorsult.<\/p>\n\n\n\n<p>Ez azt jelenti, hogy a t\u00e1rgyal\u00f3t\u00e9rnek:<\/p>\n\n\n\n<ul class=\"wp-block-list\">\n<li>t\u00e1mogatnia kell a gyors egyeztet\u00e9seket,<\/li>\n\n\n\n<li>nem akad\u00e1lyozhatja a kommunik\u00e1ci\u00f3t,<\/li>\n\n\n\n<li>\u00e9s nem ig\u00e9nyelhet folyamatos \u00e1trendez\u00e9st.<\/li>\n<\/ul>\n\n\n\n<p>Itt v\u00e1lik igaz\u00e1n fontoss\u00e1, hogy a <strong>j\u00f6v\u0151\u00e1ll\u00f3 t\u00e1rgyal\u00f3terek a vezet\u0151i irod\u00e1ban<\/strong> nem egyetlen haszn\u00e1lati m\u00f3dra k\u00e9sz\u00fclnek, hanem t\u00f6bbf\u00e9le d\u00f6nt\u00e9si helyzetet k\u00e9pesek kiszolg\u00e1lni.<\/p>\n\n\n\n<p>Emellett egyre gyakoribb, hogy a vezet\u0151i irod\u00e1ban a t\u00e1rgyal\u00f3t\u00e9r <strong>nem elszigetelt helyis\u00e9g<\/strong>, hanem szorosan kapcsol\u00f3dik a munkat\u00e9rhez. Ez tov\u00e1bb er\u0151s\u00edti azt az ig\u00e9nyt, hogy a t\u00e9r hossz\u00fa t\u00e1von is harmonikusan m\u0171k\u00f6dj\u00f6n, \u00e9s ne v\u00e1ljon sz\u0171k keresztmetszett\u00e9 a mindennapi d\u00f6nt\u00e9sek sor\u00e1n.<\/p>\n\n\n\n<p>A v\u00e1ltoz\u00f3 megbesz\u00e9l\u00e9si form\u00e1k teh\u00e1t nem felt\u00e9tlen\u00fcl \u00faj technol\u00f3gi\u00e1t ig\u00e9nyelnek, hanem tudatos t\u00e9rhaszn\u00e1latot. Ebben a megk\u00f6zel\u00edt\u00e9sben a j\u00f6v\u0151\u00e1ll\u00f3s\u00e1g azt jelenti, hogy a vezet\u0151i t\u00e1rgyal\u00f3t\u00e9r k\u00e9pes egy\u00fctt v\u00e1ltozni a d\u00f6nt\u00e9shozatal m\u00f3dj\u00e1val.<\/p>\n\n\n\n<h2 class=\"wp-block-heading\"><strong>T\u00e9rhaszn\u00e1lat \u00e9s b\u00fatoroz\u00e1s: mi marad id\u0151t\u00e1ll\u00f3?<\/strong><\/h2>\n\n\n\n<p>A vezet\u0151i irod\u00e1ban a t\u00e1rgyal\u00f3t\u00e9r kialak\u00edt\u00e1sa akkor v\u00e1lik igaz\u00e1n hat\u00e9konny\u00e1, ha nem egyetlen pillanatnyi ig\u00e9nyre reag\u00e1l. A <strong>j\u00f6v\u0151\u00e1ll\u00f3 t\u00e1rgyal\u00f3terek a vezet\u0151i irod\u00e1ban<\/strong> abb\u00f3l indulnak ki, hogy a t\u00e9rhaszn\u00e1lat \u00e9s a b\u00fatoroz\u00e1s id\u0151vel elker\u00fclhetetlen\u00fcl v\u00e1ltozni fog.<\/p>\n\n\n\n<p><strong>Az id\u0151t\u00e1ll\u00f3s\u00e1g egyik kulcsa az ar\u00e1ny\u00e9rz\u00e9k.<\/strong><\/p>\n\n\n\n<p>Egy vezet\u0151i t\u00e1rgyal\u00f3t\u00e9r akkor m\u0171k\u00f6dik j\u00f3l hossz\u00fa t\u00e1von, ha:<\/p>\n\n\n\n<ul class=\"wp-block-list\">\n<li>nem t\u00falm\u00e9retezett a mindennapi haszn\u00e1lathoz,<\/li>\n\n\n\n<li>de nem is v\u00e1lik sz\u0171kk\u00e9 a nagyobb egyeztet\u00e9sek sor\u00e1n,<\/li>\n\n\n\n<li>\u00e9s k\u00e9pes t\u00f6bbf\u00e9le d\u00f6nt\u00e9si helyzetet kiszolg\u00e1lni.<\/li>\n<\/ul>\n\n\n\n<p>A t\u00fal merev elrendez\u00e9sek gyorsan elavulhatnak, k\u00fcl\u00f6n\u00f6sen akkor, ha a vezet\u0151i iroda szerepe id\u0151vel \u00e1talakul.<\/p>\n\n\n\n<p>A b\u00fatoroz\u00e1sn\u00e1l a j\u00f6v\u0151\u00e1ll\u00f3s\u00e1g nem a vari\u00e1lhat\u00f3s\u00e1g l\u00e1tv\u00e1nyos form\u00e1iban jelenik meg, hanem a <strong>j\u00f3 alapd\u00f6nt\u00e9sekben<\/strong>. A <strong>j\u00f6v\u0151\u00e1ll\u00f3 t\u00e1rgyal\u00f3terek a vezet\u0151i irod\u00e1ban<\/strong> jellemz\u0151en olyan b\u00fatorokra \u00e9p\u00fclnek, amelyek:<\/p>\n\n\n\n<ul class=\"wp-block-list\">\n<li>ar\u00e1nyaikban illeszkednek a t\u00e9rhez,<\/li>\n\n\n\n<li>funkcion\u00e1lisan nem korl\u00e1tozz\u00e1k a haszn\u00e1latot,<\/li>\n\n\n\n<li>\u00e9s nem k\u00e9nyszer\u00edtenek \u00e1lland\u00f3 \u00e1trendez\u00e9sre.<\/li>\n<\/ul>\n\n\n\n<p>Fontos szempont az is, hogy a t\u00e1rgyal\u00f3t\u00e9r <strong>hogyan kapcsol\u00f3dik a vezet\u0151 munkater\u00e9hez<\/strong>. Ha a t\u00e1rgyal\u00f3asztal \u00e9s a k\u00f6rnyez\u0151 b\u00fatorok idegen testk\u00e9nt jelennek meg az irod\u00e1ban, az hossz\u00fa t\u00e1von rontja a t\u00e9r haszn\u00e1lhat\u00f3s\u00e1g\u00e1t. A j\u00f6v\u0151\u00e1ll\u00f3 megold\u00e1sok ezzel szemben egys\u00e9gben kezelik a vezet\u0151i irod\u00e1t \u00e9s a t\u00e1rgyal\u00f3teret.<\/p>\n\n\n\n<p>\u00d6sszess\u00e9g\u00e9ben a j\u00f6v\u0151\u00e1ll\u00f3s\u00e1g itt nem extra funkci\u00f3kat jelent, hanem olyan t\u00e9rhaszn\u00e1lati \u00e9s b\u00fatoroz\u00e1si d\u00f6nt\u00e9seket, amelyek akkor is m\u0171k\u00f6dnek, amikor a vezet\u0151i iroda m\u0171k\u00f6d\u00e9se m\u00e1r nem pontosan olyan, mint a kialak\u00edt\u00e1s pillanat\u00e1ban. Ebben az \u00e9rtelemben a <strong>j\u00f6v\u0151\u00e1ll\u00f3 t\u00e1rgyal\u00f3terek a vezet\u0151i irod\u00e1ban<\/strong> a tudatos egyszer\u0171s\u00e9gre \u00e9s az alkalmazkod\u00f3k\u00e9pess\u00e9gre \u00e9p\u00fclnek.<\/p>\n\n\n\n<h2 class=\"wp-block-heading\"><strong>Anyaghaszn\u00e1lat \u00e9s funkcionalit\u00e1s hossz\u00fa t\u00e1von<\/strong><\/h2>\n\n\n\n<p>A j\u00f6v\u0151\u00e1ll\u00f3s\u00e1g k\u00e9rd\u00e9se a vezet\u0151i t\u00e1rgyal\u00f3terekn\u00e9l nagyon gyorsan az anyaghaszn\u00e1latn\u00e1l v\u00e1lik k\u00e9zzelfoghat\u00f3v\u00e1. A <strong>j\u00f6v\u0151\u00e1ll\u00f3 t\u00e1rgyal\u00f3terek a vezet\u0151i irod\u00e1ban<\/strong> nem felt\u00e9tlen\u00fcl a legl\u00e1tv\u00e1nyosabb anyagokra \u00e9p\u00fclnek, hanem azokra, amelyek hossz\u00fa t\u00e1von is kisz\u00e1m\u00edthat\u00f3an viselkednek.<\/p>\n\n\n\n<p><strong>Vezet\u0151i k\u00f6rnyezetben az anyagok terhel\u00e9se elt\u00e9r a klasszikus t\u00e1rgyal\u00f3termek\u00e9t\u0151l.<\/strong><\/p>\n\n\n\n<p>A t\u00e1rgyal\u00f3asztal \u00e9s a kapcsol\u00f3d\u00f3 fel\u00fcletek:<\/p>\n\n\n\n<ul class=\"wp-block-list\">\n<li>gyakran napi szinten haszn\u00e1latban vannak,<\/li>\n\n\n\n<li>d\u00f6nt\u00e9si helyzetekhez k\u00f6t\u0151dnek,<\/li>\n\n\n\n<li>\u00e9s nem ritk\u00e1n operat\u00edv munkaeszk\u00f6zk\u00e9nt funkcion\u00e1lnak.<\/li>\n<\/ul>\n\n\n\n<p>Ilyen k\u00f6rnyezetben az anyagv\u00e1laszt\u00e1s akkor v\u00e1lik j\u00f6v\u0151\u00e1ll\u00f3v\u00e1, ha nem ig\u00e9nyel folyamatos odafigyel\u00e9st, \u00e9s nem k\u00e9nyszer\u00edt kompromisszumokra a mindennapi haszn\u00e1lat sor\u00e1n.<\/p>\n\n\n\n<p>A funkcionalit\u00e1s szempontj\u00e1b\u00f3l fontos, hogy az anyag <strong>ne korl\u00e1tozza a t\u00e9r haszn\u00e1lhat\u00f3s\u00e1g\u00e1t<\/strong>. Egy vezet\u0151i t\u00e1rgyal\u00f3t\u00e9rben az asztal fel\u00fclete, \u00e9lei \u00e9s ar\u00e1nyai mind hat\u00e1ssal vannak arra, mennyire term\u00e9szetes a kommunik\u00e1ci\u00f3 \u00e9s a munkav\u00e9gz\u00e9s. A <strong>j\u00f6v\u0151\u00e1ll\u00f3 t\u00e1rgyal\u00f3terek a vezet\u0151i irod\u00e1ban<\/strong> ez\u00e9rt olyan anyagokra \u00e9s kialak\u00edt\u00e1sokra \u00e9p\u00edtenek, amelyek hossz\u00fa t\u00e1von is stabil alapot adnak a k\u00fcl\u00f6nb\u00f6z\u0151 megbesz\u00e9l\u00e9si form\u00e1khoz.<\/p>\n\n\n\n<p>Nem elhanyagolhat\u00f3 szempont a karbantarthat\u00f3s\u00e1g sem.<\/p>\n\n\n\n<p>Egy vezet\u0151i irod\u00e1ban ritk\u00e1n van t\u00e9r \u00e9s id\u0151 arra, hogy az anyaghaszn\u00e1lat folyamatos figyelmet ig\u00e9nyeljen. A j\u00f6v\u0151\u00e1ll\u00f3s\u00e1g itt azt jelenti, hogy az anyag:<\/p>\n\n\n\n<ul class=\"wp-block-list\">\n<li>j\u00f3l t\u0171ri a rendszeres ig\u00e9nybev\u00e9telt,<\/li>\n\n\n\n<li>nem v\u00e1lik gyorsan eszt\u00e9tikai probl\u00e9m\u00e1v\u00e1,<\/li>\n\n\n\n<li>\u00e9s nem ig\u00e9nyel speci\u00e1lis kezel\u00e9st a haszn\u00e1lat sor\u00e1n.<\/li>\n<\/ul>\n\n\n\n<p>\u00d6sszess\u00e9g\u00e9ben az anyaghaszn\u00e1lat akkor szolg\u00e1lja a j\u00f6v\u0151\u00e1ll\u00f3s\u00e1got, ha <strong>\u00e9szrev\u00e9tlen\u00fcl t\u00e1mogatja a m\u0171k\u00f6d\u00e9st<\/strong>. A vezet\u0151i t\u00e1rgyal\u00f3t\u00e9rben ez k\u00fcl\u00f6n\u00f6sen fontos, mert a figyelemnek nem az anyagra, hanem a d\u00f6nt\u00e9sekre kell ir\u00e1nyulnia. A j\u00f3l megv\u00e1lasztott anyag ebben a k\u00f6rnyezetben nem l\u00e1tv\u00e1nyelem, hanem stabil h\u00e1tt\u00e9r.<\/p>\n\n\n\n<h2 class=\"wp-block-heading\"><strong>Gyakori hib\u00e1k j\u00f6v\u0151\u00e1ll\u00f3 t\u00e1rgyal\u00f3terek tervez\u00e9s\u00e9n\u00e9l<\/strong><\/h2>\n\n\n\n<p>A j\u00f6v\u0151\u00e1ll\u00f3s\u00e1g sz\u00e1nd\u00e9ka sokszor megvan, m\u00e9gis gyakran olyan d\u00f6nt\u00e9sek sz\u00fcletnek, amelyek \u00e9ppen ezt a c\u00e9lt gyeng\u00edtik. A <strong>j\u00f6v\u0151\u00e1ll\u00f3 t\u00e1rgyal\u00f3terek a vezet\u0151i irod\u00e1ban<\/strong> nem att\u00f3l lesznek id\u0151t\u00e1ll\u00f3k, hogy minden elk\u00e9pzelhet\u0151 funkci\u00f3t egyszerre pr\u00f3b\u00e1lnak lefedni, hanem att\u00f3l, hogy tudatosan elker\u00fclik a tipikus tervez\u00e9si hib\u00e1kat.<\/p>\n\n\n\n<p><strong>Az egyik leggyakoribb hiba a t\u00falzott technol\u00f3giai f\u00f3kusz.<\/strong><\/p>\n\n\n\n<p>El\u0151fordul, hogy a t\u00e9r kialak\u00edt\u00e1sa:<\/p>\n\n\n\n<ul class=\"wp-block-list\">\n<li>eszk\u00f6z\u00f6kre \u00e9s l\u00e1tv\u00e1nyos megold\u00e1sokra \u00e9p\u00fcl,<\/li>\n\n\n\n<li>mik\u00f6zben a mindennapi haszn\u00e1lat h\u00e1tt\u00e9rbe szorul,<\/li>\n\n\n\n<li>\u00e9s a technol\u00f3gia gyorsabban elavul, mint maga a b\u00fatoroz\u00e1s.<\/li>\n<\/ul>\n\n\n\n<p>Egy vezet\u0151i t\u00e1rgyal\u00f3t\u00e9rben a j\u00f6v\u0151\u00e1ll\u00f3s\u00e1g nem a technol\u00f3gia mennyis\u00e9g\u00e9n, hanem annak <strong>\u00e9szrev\u00e9tlen integr\u00e1ci\u00f3j\u00e1n<\/strong> m\u00falik.<\/p>\n\n\n\n<p>Szint\u00e9n gyakori probl\u00e9ma a <strong>t\u00e9r alul- vagy t\u00falm\u00e9retez\u00e9se<\/strong>.<\/p>\n\n\n\n<p>Ha a t\u00e1rgyal\u00f3t\u00e9r:<\/p>\n\n\n\n<ul class=\"wp-block-list\">\n<li>t\u00fal nagy a mindennapi haszn\u00e1lathoz,<\/li>\n\n\n\n<li>vagy \u00e9ppen sz\u0171knek bizonyul bizonyos helyzetekben,<\/li>\n<\/ul>\n\n\n\n<p>akkor hamar elvesz\u00edti rugalmass\u00e1g\u00e1t. A <strong>j\u00f6v\u0151\u00e1ll\u00f3 t\u00e1rgyal\u00f3terek a vezet\u0151i irod\u00e1ban<\/strong> pontosan az ilyen sz\u00e9ls\u0151s\u00e9gek elker\u00fcl\u00e9s\u00e9re t\u00f6rekednek, \u00e9s a val\u00f3s haszn\u00e1latb\u00f3l indulnak ki.<\/p>\n\n\n\n<p>Gyakran el\u0151fordul az is, hogy a tervez\u00e9s sor\u00e1n <strong>nem veszik figyelembe a vezet\u0151i iroda eg\u00e9sz\u00e9t<\/strong>.<\/p>\n\n\n\n<p>Egy t\u00e1rgyal\u00f3t\u00e9r nem m\u0171k\u00f6dik j\u00f3l, ha:<\/p>\n\n\n\n<ul class=\"wp-block-list\">\n<li>elszigetelt egys\u00e9gk\u00e9nt kezelik,<\/li>\n\n\n\n<li>nem illeszkedik a vezet\u0151 munkater\u00e9hez,<\/li>\n\n\n\n<li>vagy ar\u00e1nyaiban megbontja az iroda \u00f6sszk\u00e9p\u00e9t.<\/li>\n<\/ul>\n\n\n\n<p>Ilyenkor a t\u00e9r hamar idegenn\u00e9 v\u00e1lik, m\u00e9g akkor is, ha \u00f6nmag\u00e1ban j\u00f3l megtervezett.<\/p>\n\n\n\n<p>A j\u00f6v\u0151\u00e1ll\u00f3s\u00e1g szempontj\u00e1b\u00f3l tal\u00e1n a legnagyobb hiba, amikor a tervez\u00e9s <strong>r\u00f6vid t\u00e1v\u00fa ig\u00e9nyekre reag\u00e1l<\/strong>. A vezet\u0151i k\u00f6rnyezetben a t\u00e1rgyal\u00f3t\u00e9rnek nem egy adott helyzetre kell optimaliz\u00e1lnia, hanem arra, hogy a v\u00e1ltoz\u00e1sokhoz alkalmazkodni tudjon. Ha ez a szeml\u00e9let hi\u00e1nyzik, a j\u00f6v\u0151\u00e1ll\u00f3s\u00e1g k\u00f6nnyen csak c\u00edmke marad, val\u00f3di tartalom n\u00e9lk\u00fcl.<\/p>\n\n\n\n<h2 class=\"wp-block-heading\"><strong>Hogyan lehet el\u0151re gondolkodni csere n\u00e9lk\u00fcl?<\/strong><\/h2>\n\n\n\n<p>A j\u00f6v\u0151\u00e1ll\u00f3s\u00e1g egyik legnagyobb el\u0151nye, hogy <strong>nem felt\u00e9tlen\u00fcl j\u00e1r egy\u00fctt folyamatos cser\u00e9kkel<\/strong>. A <strong>j\u00f6v\u0151\u00e1ll\u00f3 t\u00e1rgyal\u00f3terek a vezet\u0151i irod\u00e1ban<\/strong> gyakran \u00fagy tudnak hossz\u00fa t\u00e1von m\u0171k\u00f6dni, hogy k\u00f6zben a b\u00fatoroz\u00e1s alapjai v\u00e1ltozatlanok maradnak.<\/p>\n\n\n\n<p><strong>Az els\u0151 l\u00e9p\u00e9s a t\u00e9r \u00fajragondol\u00e1sa, nem az azonnali csere.<\/strong><\/p>\n\n\n\n<p>Sok esetben elegend\u0151:<\/p>\n\n\n\n<ul class=\"wp-block-list\">\n<li>a t\u00e1rgyal\u00f3asztal poz\u00edci\u00f3j\u00e1nak finom\u00edt\u00e1sa,<\/li>\n\n\n\n<li>az \u00fcl\u00e9srend \u00e1tgondol\u00e1sa,<\/li>\n\n\n\n<li>vagy a t\u00e9r ar\u00e1nyainak jobb kihaszn\u00e1l\u00e1sa.<\/li>\n<\/ul>\n\n\n\n<p>Ezek a beavatkoz\u00e1sok gyakran jelent\u0151sebben jav\u00edtj\u00e1k a haszn\u00e1lhat\u00f3s\u00e1got, mint egy teljes b\u00fatorcsere.<\/p>\n\n\n\n<p>A j\u00f6v\u0151\u00e1ll\u00f3 szeml\u00e9let r\u00e9sze az is, hogy <strong>a b\u00fatoroz\u00e1s t\u00f6bb szerepet is kiszolg\u00e1lhasson<\/strong>.<\/p>\n\n\n\n<p>Egy vezet\u0151i t\u00e1rgyal\u00f3t\u00e9r akkor m\u0171k\u00f6dik j\u00f3l hossz\u00fa t\u00e1von, ha:<\/p>\n\n\n\n<ul class=\"wp-block-list\">\n<li>nem egyetlen fix haszn\u00e1lati m\u00f3dra \u00e9p\u00fcl,<\/li>\n\n\n\n<li>k\u00e9pes kezelni a v\u00e1ltoz\u00f3 r\u00e9sztvev\u0151sz\u00e1mot,<\/li>\n\n\n\n<li>\u00e9s nem v\u00e1lik akad\u00e1lly\u00e1 a gyors egyeztet\u00e9sek sor\u00e1n.<\/li>\n<\/ul>\n\n\n\n<p>A <strong>j\u00f6v\u0151\u00e1ll\u00f3 t\u00e1rgyal\u00f3terek a vezet\u0151i irod\u00e1ban<\/strong> ez\u00e9rt olyan kialak\u00edt\u00e1sokra t\u00e1maszkodnak, amelyek nem k\u00e9nyszer\u00edtik ki az \u00e1lland\u00f3 \u00e1trendez\u00e9st, m\u00e9gis rugalmasan haszn\u00e1lhat\u00f3k.<\/p>\n\n\n\n<p>Fontos szempont a tudatos anyag- \u00e9s m\u00e9retv\u00e1laszt\u00e1s is.<\/p>\n\n\n\n<p>Egy j\u00f3l megv\u00e1lasztott t\u00e1rgyal\u00f3asztal \u00e9s kapcsol\u00f3d\u00f3 b\u00fatoroz\u00e1s:<\/p>\n\n\n\n<ul class=\"wp-block-list\">\n<li>hosszabb ideig marad relev\u00e1ns,<\/li>\n\n\n\n<li>jobban toler\u00e1lja a haszn\u00e1lat v\u00e1ltoz\u00e1sait,<\/li>\n\n\n\n<li>\u00e9s k\u00e9slelteti a csere sz\u00fcks\u00e9gess\u00e9g\u00e9t.<\/li>\n<\/ul>\n\n\n\n<p>Ez a megk\u00f6zel\u00edt\u00e9s nem a kompromisszumokr\u00f3l sz\u00f3l, hanem arr\u00f3l, hogy a t\u00e9r <strong>el\u0151re sz\u00e1mol a v\u00e1ltoz\u00e1ssal<\/strong>.<\/p>\n\n\n\n<p>\u00d6sszess\u00e9g\u00e9ben az el\u0151rel\u00e1t\u00f3 tervez\u00e9s c\u00e9lja nem az, hogy minden j\u00f6v\u0151beli helyzetet el\u0151re megoldjon, hanem az, hogy a vezet\u0151i t\u00e1rgyal\u00f3t\u00e9r ne v\u00e1ljon sz\u0171k keresztmetszett\u00e9 akkor sem, amikor az iroda m\u0171k\u00f6d\u00e9se \u00e1talakul. Ebben a gondolkod\u00e1sban a j\u00f6v\u0151\u00e1ll\u00f3s\u00e1g nem k\u00f6lts\u00e9g, hanem id\u0151nyeres\u00e9g.<\/p>\n\n\n\n<p>A hossz\u00fa t\u00e1v\u00fa gondolkod\u00e1s akkor v\u00e1lik igaz\u00e1n m\u0171k\u00f6d\u0151k\u00e9pess\u00e9, ha a t\u00e1rgyal\u00f3asztalt \u00e9s a t\u00e9rhaszn\u00e1latot egy\u00fctt vizsg\u00e1lja, ez\u00e9rt \u00e9rdemes \u00e1ttekinteni a \u201e<a href=\"https:\/\/www.bathori.hu\/blog\/vezetoi-targyaloasztalok-es-targyaloterek\" data-type=\"link\" data-id=\"https:\/\/www.bathori.hu\/blog\/vezetoi-targyaloasztalok-es-targyaloterek\">Vezet\u0151i t\u00e1rgyal\u00f3asztalok \u00e9s t\u00e1rgyal\u00f3terek \u00e1tfog\u00f3 tervez\u00e9si szempontjai<\/a>\u201d c\u00edm\u0171 \u00f6sszefoglal\u00f3 cikket is.<\/p>\n\n\n\n<h2 class=\"wp-block-heading\"><strong>\u00d6sszefoglal\u00e1s: mit\u0151l lesz val\u00f3ban j\u00f6v\u0151\u00e1ll\u00f3 egy vezet\u0151i t\u00e1rgyal\u00f3t\u00e9r?<\/strong><\/h2>\n\n\n\n<p>A j\u00f6v\u0151\u00e1ll\u00f3s\u00e1g a vezet\u0151i t\u00e1rgyal\u00f3terek eset\u00e9ben nem egyetlen megold\u00e1son m\u00falik, hanem <strong>a d\u00f6nt\u00e9sek min\u0151s\u00e9g\u00e9n \u00e9s sorrendj\u00e9n<\/strong>. A <strong>j\u00f6v\u0151\u00e1ll\u00f3 t\u00e1rgyal\u00f3terek a vezet\u0151i irod\u00e1ban<\/strong> akkor m\u0171k\u00f6dnek hossz\u00fa t\u00e1von, ha a t\u00e9r k\u00e9pes egy\u00fctt v\u00e1ltozni a vezet\u0151 munkam\u00f3dszer\u00e9vel \u00e9s a szervezet m\u0171k\u00f6d\u00e9s\u00e9vel.<\/p>\n\n\n\n<p>A legfontosabb felismer\u00e9s, hogy a j\u00f6v\u0151\u00e1ll\u00f3s\u00e1g nem trendek k\u00f6vet\u00e9s\u00e9t jelenti. Sokkal ink\u00e1bb azt, hogy a t\u00e1rgyal\u00f3t\u00e9r:<\/p>\n\n\n\n<ul class=\"wp-block-list\">\n<li>nem k\u00e9nyszer\u00edt kompromisszumokra a mindennapi haszn\u00e1lat sor\u00e1n,<\/li>\n\n\n\n<li>nem v\u00e1lik akad\u00e1lly\u00e1 a v\u00e1ltoz\u00f3 d\u00f6nt\u00e9si helyzetekben,<\/li>\n\n\n\n<li>\u00e9s nem ig\u00e9nyel azonnali beavatkoz\u00e1st minden m\u0171k\u00f6d\u00e9sbeli v\u00e1ltoz\u00e1sn\u00e1l.<\/li>\n<\/ul>\n\n\n\n<p>A vezet\u0151i irod\u00e1ban a t\u00e1rgyal\u00f3t\u00e9r nem \u00f6n\u00e1ll\u00f3 elem, hanem a d\u00f6nt\u00e9shozatal k\u00f6rnyezet\u00e9nek r\u00e9sze. Ha ez a k\u00f6rnyezet rugalmas, ar\u00e1nyos \u00e9s j\u00f3l \u00e1tgondolt, akkor a t\u00e9r hossz\u00fa ideig k\u00e9pes bet\u00f6lteni a szerep\u00e9t an\u00e9lk\u00fcl, hogy cser\u00e9re vagy radik\u00e1lis \u00e1talak\u00edt\u00e1sra lenne sz\u00fcks\u00e9g.<\/p>\n\n\n\n<p>\u00d6sszess\u00e9g\u00e9ben a j\u00f6v\u0151\u00e1ll\u00f3s\u00e1g nem egy v\u00e9g\u00e1llapot, hanem <strong>egy tervez\u00e9si szeml\u00e9let<\/strong>. Olyan megk\u00f6zel\u00edt\u00e9s, amely figyelembe veszi a v\u00e1ltoz\u00e1st, \u00e9s eleve \u00fagy alak\u00edtja ki a vezet\u0151i t\u00e1rgyal\u00f3teret, hogy az ne csak a jelen ig\u00e9nyeit szolg\u00e1lja ki, hanem a j\u00f6v\u0151 d\u00f6nt\u00e9si helyzeteire is felk\u00e9sz\u00fclt legyen.<\/p>\n\n\n\n<p><\/p>\n","protected":false},"excerpt":{"rendered":"<p>A j\u00f6v\u0151\u00e1ll\u00f3 t\u00e1rgyal\u00f3terek a vezet\u0151i irod\u00e1ban nem l\u00e1tv\u00e1nyos megold\u00e1sokr\u00f3l vagy trendk\u00f6vet\u00e9sr\u0151l sz\u00f3lnak, hanem arr\u00f3l, hogy a t\u00e9r hossz\u00fa t\u00e1von is k\u00e9pes legyen alkalmazkodni a v\u00e1ltoz\u00f3 d\u00f6nt\u00e9si helyzetekhez. A vezet\u0151i iroda szerepe ugyanis ritk\u00e1n statikus: a megbesz\u00e9l\u00e9sek jellege, a r\u00e9sztvev\u0151k k\u00f6re \u00e9s a haszn\u00e1lat intenzit\u00e1sa id\u0151vel folyamatosan alakul. Egy j\u00f3l megtervezett vezet\u0151i t\u00e1rgyal\u00f3t\u00e9r nem egy adott &#8230; <a title=\"J\u00f6v\u0151\u00e1ll\u00f3 t\u00e1rgyal\u00f3terek a vezet\u0151i irod\u00e1ban \u2013 hogyan lehet hossz\u00fa t\u00e1vra tervezni?\" class=\"read-more\" href=\"https:\/\/www.bathori.hu\/blog\/jovoallo-targyaloterek-a-vezetoi-irodaban\/\" aria-label=\"Read more about J\u00f6v\u0151\u00e1ll\u00f3 t\u00e1rgyal\u00f3terek a vezet\u0151i irod\u00e1ban \u2013 hogyan lehet hossz\u00fa t\u00e1vra tervezni?\">Olvass tov\u00e1bb<\/a><\/p>\n","protected":false},"author":1,"featured_media":0,"comment_status":"closed","ping_status":"closed","sticky":false,"template":"","format":"standard","meta":{"footnotes":""},"categories":[26],"tags":[],"class_list":["post-1648","post","type-post","status-publish","format-standard","hentry","category-vezetoi-targyaloasztal"],"_links":{"self":[{"href":"https:\/\/www.bathori.hu\/blog\/wp-json\/wp\/v2\/posts\/1648","targetHints":{"allow":["GET"]}}],"collection":[{"href":"https:\/\/www.bathori.hu\/blog\/wp-json\/wp\/v2\/posts"}],"about":[{"href":"https:\/\/www.bathori.hu\/blog\/wp-json\/wp\/v2\/types\/post"}],"author":[{"embeddable":true,"href":"https:\/\/www.bathori.hu\/blog\/wp-json\/wp\/v2\/users\/1"}],"replies":[{"embeddable":true,"href":"https:\/\/www.bathori.hu\/blog\/wp-json\/wp\/v2\/comments?post=1648"}],"version-history":[{"count":2,"href":"https:\/\/www.bathori.hu\/blog\/wp-json\/wp\/v2\/posts\/1648\/revisions"}],"predecessor-version":[{"id":1651,"href":"https:\/\/www.bathori.hu\/blog\/wp-json\/wp\/v2\/posts\/1648\/revisions\/1651"}],"wp:attachment":[{"href":"https:\/\/www.bathori.hu\/blog\/wp-json\/wp\/v2\/media?parent=1648"}],"wp:term":[{"taxonomy":"category","embeddable":true,"href":"https:\/\/www.bathori.hu\/blog\/wp-json\/wp\/v2\/categories?post=1648"},{"taxonomy":"post_tag","embeddable":true,"href":"https:\/\/www.bathori.hu\/blog\/wp-json\/wp\/v2\/tags?post=1648"}],"curies":[{"name":"wp","href":"https:\/\/api.w.org\/{rel}","templated":true}]}}