{"id":1646,"date":"2026-03-12T17:00:00","date_gmt":"2026-03-12T15:00:00","guid":{"rendered":"https:\/\/www.bathori.hu\/blog\/?p=1646"},"modified":"2026-03-12T18:05:48","modified_gmt":"2026-03-12T16:05:48","slug":"mikor-kell-cserelni-a-vezetoi-targyaloasztalt","status":"publish","type":"post","link":"https:\/\/www.bathori.hu\/blog\/mikor-kell-cserelni-a-vezetoi-targyaloasztalt\/","title":{"rendered":"Mikor kell cser\u00e9lni a vezet\u0151i t\u00e1rgyal\u00f3asztalt? Jelek, amiket nem \u00e9rdemes figyelmen k\u00edv\u00fcl hagyni"},"content":{"rendered":"\n<p>A <strong>mikor kell cser\u00e9lni a vezet\u0151i t\u00e1rgyal\u00f3asztalt<\/strong> k\u00e9rd\u00e9s jellemz\u0151en nem egy l\u00e1tv\u00e1nyos probl\u00e9ma miatt mer\u00fcl fel, hanem fokozatosan, a mindennapi haszn\u00e1lat sor\u00e1n. A vezet\u0151i irod\u00e1ban az asztal sokszor \u00e9vekig szolg\u00e1l, mik\u00f6zben a munkam\u00f3dszerek, a megbesz\u00e9l\u00e9sek jellege \u00e9s az iroda szerepe k\u00f6zben megv\u00e1ltozik.<\/p>\n\n\n\n<p>Egy vezet\u0151i t\u00e1rgyal\u00f3asztal ritk\u00e1n v\u00e1lik haszn\u00e1lhatatlann\u00e1 egyik napr\u00f3l a m\u00e1sikra. Sokkal gyakoribb, hogy m\u00e1r nem t\u00e1mogatja megfelel\u0151en a d\u00f6nt\u00e9si folyamatokat, k\u00e9nyelmetlen kompromisszumokat k\u00e9nyszer\u00edt ki, vagy egyszer\u0171en nem illeszkedik ahhoz a szerephez, amelyet a vezet\u0151i iroda id\u0151k\u00f6zben bet\u00f6lt.<\/p>\n\n\n\n<p>A csere sz\u00fcks\u00e9gess\u00e9ge ez\u00e9rt nem puszt\u00e1n \u00e1llapotk\u00e9rd\u00e9s. A m\u00e9ret, az elrendez\u00e9s, az anyaghaszn\u00e1lat \u00e9s a funkci\u00f3k mind hat\u00e1ssal vannak arra, hogy a t\u00e1rgyal\u00f3asztal mennyire szolg\u00e1lja a vezet\u0151 mindennapi munk\u00e1j\u00e1t. Ennek felismer\u00e9se seg\u00edt abban, hogy a csere ne hirtelen d\u00f6nt\u00e9s legyen, hanem tudatos l\u00e9p\u00e9s a vezet\u0151i iroda m\u0171k\u00f6d\u00e9s\u00e9nek jav\u00edt\u00e1s\u00e1ban.<\/p>\n\n\n\n<h2 class=\"wp-block-heading\"><strong>Nem csak az \u00e1llapot sz\u00e1m\u00edt, hanem a haszn\u00e1lat m\u00f3dja<\/strong><\/h2>\n\n\n\n<p>A vezet\u0151i t\u00e1rgyal\u00f3asztal \u00e1llapota \u00f6nmag\u00e1ban ritk\u00e1n ad egy\u00e9rtelm\u0171 v\u00e1laszt arra, hogy sz\u00fcks\u00e9g van-e a cser\u00e9re. Egy eszt\u00e9tikailag m\u00e9g j\u00f3 \u00e1llapot\u00fa asztal is v\u00e1lhat probl\u00e9m\u00e1ss\u00e1, ha <strong>a haszn\u00e1lat m\u00f3dja megv\u00e1ltozott<\/strong>, \u00e9s az asztal m\u00e1r nem tud ehhez alkalmazkodni.<\/p>\n\n\n\n<p><strong>A vezet\u0151i irod\u00e1ban a t\u00e1rgyal\u00f3asztal funkci\u00f3ja id\u0151vel \u00e1talakulhat.<\/strong><\/p>\n\n\n\n<p>Gyakori, hogy:<\/p>\n\n\n\n<ul class=\"wp-block-list\">\n<li>t\u00f6bb \u00e9s gyakoribb bels\u0151 egyeztet\u00e9s zajlik az asztaln\u00e1l,<\/li>\n\n\n\n<li>a megbesz\u00e9l\u00e9sek hosszabbak vagy komplexebbek lesznek,<\/li>\n\n\n\n<li>a vezet\u0151 akt\u00edvabban haszn\u00e1lja az asztalt d\u00f6nt\u00e9si fel\u00fcletk\u00e9nt.<\/li>\n<\/ul>\n\n\n\n<p>Ilyenkor az asztal m\u00e9rete, elrendez\u00e9se vagy kialak\u00edt\u00e1sa m\u00e1r nem felt\u00e9tlen\u00fcl t\u00e1mogatja hat\u00e9konyan a munk\u00e1t, m\u00e9g akkor sem, ha fizikailag nincs vele probl\u00e9ma.<\/p>\n\n\n\n<p><strong>Fontos k\u00fcl\u00f6nbs\u00e9g van a \u201ehaszn\u00e1lhat\u00f3\u201d \u00e9s a \u201ej\u00f3l haszn\u00e1lhat\u00f3\u201d k\u00f6z\u00f6tt.<\/strong><\/p>\n\n\n\n<p>Egy vezet\u0151i t\u00e1rgyal\u00f3asztal lehet:<\/p>\n\n\n\n<ul class=\"wp-block-list\">\n<li>t\u00fal kicsi a r\u00e9sztvev\u0151k sz\u00e1m\u00e1hoz,<\/li>\n\n\n\n<li>k\u00e9nyelmetlen az \u00fcl\u00e9srendje,<\/li>\n\n\n\n<li>nem megfelel\u0151 a dokumentumok vagy eszk\u00f6z\u00f6k elhelyez\u00e9s\u00e9re.<\/li>\n<\/ul>\n\n\n\n<p>Ezek a hi\u00e1nyoss\u00e1gok gyakran csak a mindennapi haszn\u00e1lat sor\u00e1n v\u00e1lnak nyilv\u00e1nval\u00f3v\u00e1, \u00e9s nem felt\u00e9tlen\u00fcl j\u00e1rnak egy\u00fctt l\u00e1tv\u00e1nyos elhaszn\u00e1l\u00f3d\u00e1ssal.<\/p>\n\n\n\n<p>A vezet\u0151i irod\u00e1ban az is d\u00f6nt\u0151 szempont, hogy az asztal <strong>mennyire illeszkedik a vezet\u0151 munkaritmus\u00e1hoz<\/strong>. Ha az asztal haszn\u00e1lata folyamatos alkalmazkod\u00e1st ig\u00e9nyel \u2013 ker\u00fclgetni kell, kompromisszumokat k\u00e9nyszer\u00edt ki, vagy egyszer\u0171en nem k\u00e9nyelmes \u2013, az hossz\u00fa t\u00e1von a hat\u00e9konys\u00e1g rov\u00e1s\u00e1ra megy.<\/p>\n\n\n\n<p>Ez\u00e9rt a csere sz\u00fcks\u00e9gess\u00e9g\u00e9t nem kiz\u00e1r\u00f3lag az hat\u00e1rozza meg, hogy az asztal \u201eelhaszn\u00e1l\u00f3dott-e\u201d, hanem az is, hogy <strong>mennyire k\u00e9pes bet\u00f6lteni azt a szerepet<\/strong>, amelyet a vezet\u0151i iroda jelenlegi m\u0171k\u00f6d\u00e9se megk\u00edv\u00e1n. Ha ez a szerep m\u00e1r megv\u00e1ltozott, az gyakran er\u0151sebb jel, mint b\u00e1rmilyen eszt\u00e9tikai kop\u00e1s.<\/p>\n\n\n\n<h2 class=\"wp-block-heading\"><strong>Jelek, amikor felmer\u00fcl: mikor kell cser\u00e9lni a vezet\u0151i t\u00e1rgyal\u00f3asztalt?<\/strong><\/h2>\n\n\n\n<p>A csere sz\u00fcks\u00e9gess\u00e9ge ritk\u00e1n egyetlen l\u00e1tv\u00e1nyos probl\u00e9m\u00e1n kereszt\u00fcl jelentkezik. Sokkal gyakoribb, hogy apr\u00f3 jelek halmoz\u00f3dnak fel, amelyek egy\u00fctt m\u00e1r azt mutatj\u00e1k, hogy az asztal <strong>nem t\u00e1mogatja megfelel\u0151en a vezet\u0151i munk\u00e1t<\/strong>.<\/p>\n\n\n\n<p>Az egyik leggyakoribb jel a <strong>funkcion\u00e1lis sz\u0171k\u00f6ss\u00e9g<\/strong>.<\/p>\n\n\n\n<p>Ha a vezet\u0151i t\u00e1rgyal\u00f3asztal:<\/p>\n\n\n\n<ul class=\"wp-block-list\">\n<li>nem ad elegend\u0151 helyet a r\u00e9sztvev\u0151knek,<\/li>\n\n\n\n<li>nehezen kezelhet\u0151 dokumentumokkal vagy eszk\u00f6z\u00f6kkel,<\/li>\n\n\n\n<li>vagy akad\u00e1lyozza a term\u00e9szetes kommunik\u00e1ci\u00f3t,<\/li>\n<\/ul>\n\n\n\n<p>akkor az asztal m\u00e1r nem t\u00f6lti be hat\u00e9konyan a szerep\u00e9t, m\u00e9g akkor sem, ha eszt\u00e9tikailag elfogadhat\u00f3 \u00e1llapotban van.<\/p>\n\n\n\n<p>Szint\u00e9n figyelmeztet\u0151 jel, amikor az asztal <strong>kompromisszumokra k\u00e9nyszer\u00edt<\/strong>.<\/p>\n\n\n\n<p>Ha egy megbesz\u00e9l\u00e9s sor\u00e1n:<\/p>\n\n\n\n<ul class=\"wp-block-list\">\n<li>az elrendez\u00e9shez kell alkalmazkodni ahelyett, hogy az asztal alkalmazkodna a helyzethez,<\/li>\n\n\n\n<li>ker\u00fclni kell bizonyos poz\u00edci\u00f3kat,<\/li>\n\n\n\n<li>vagy az asztal haszn\u00e1lata k\u00e9nyelmetlens\u00e9get okoz,<\/li>\n<\/ul>\n\n\n\n<p>akkor jogosan mer\u00fcl fel a k\u00e9rd\u00e9s, mikor kell cser\u00e9lni a vezet\u0151i t\u00e1rgyal\u00f3asztalt a hat\u00e9konyabb m\u0171k\u00f6d\u00e9s \u00e9rdek\u00e9ben.<\/p>\n\n\n\n<p>A vezet\u0151i irod\u00e1ban az is gyakori jel, hogy az asztal <strong>nem illeszkedik m\u00e1r az aktu\u00e1lis szerephez<\/strong>.<\/p>\n\n\n\n<p>El\u0151fordulhat, hogy:<\/p>\n\n\n\n<ul class=\"wp-block-list\">\n<li>a megbesz\u00e9l\u00e9sek jellege megv\u00e1ltozott,<\/li>\n\n\n\n<li>t\u00f6bb r\u00e9sztvev\u0151 van jelen, mint kor\u00e1bban,<\/li>\n\n\n\n<li>vagy az iroda funkci\u00f3ja \u00e1talakult.<\/li>\n<\/ul>\n\n\n\n<p>Ilyen helyzetekben a vezet\u0151i t\u00e1rgyal\u00f3asztal cser\u00e9je nem eszt\u00e9tikai k\u00e9rd\u00e9s, hanem a d\u00f6nt\u00e9shozatal \u00e9s a mindennapi munka hat\u00e9konys\u00e1g\u00e1t \u00e9rint\u0151 l\u00e9p\u00e9s.<\/p>\n\n\n\n<p>Ezek a jelek k\u00fcl\u00f6n-k\u00fcl\u00f6n m\u00e9g nem felt\u00e9tlen\u00fcl indokolj\u00e1k a cser\u00e9t, de egy\u00fctt m\u00e1r vil\u00e1gos ir\u00e1nyt mutathatnak. A csere id\u0151pontj\u00e1nak felismer\u00e9se sokszor nem egy hirtelen d\u00f6nt\u00e9s eredm\u00e9nye, hanem annak bel\u00e1t\u00e1sa, hogy az asztal <strong>m\u00e1r nem a jelenlegi m\u0171k\u00f6d\u00e9shez van szabva<\/strong>.<\/p>\n\n\n\n<h2 class=\"wp-block-heading\"><strong>Amikor az iroda szerepe megv\u00e1ltozik<\/strong><\/h2>\n\n\n\n<p>A vezet\u0151i t\u00e1rgyal\u00f3asztal cser\u00e9j\u00e9nek sz\u00fcks\u00e9gess\u00e9ge gyakran nem az asztal \u00e1llapot\u00e1b\u00f3l, hanem <strong>az iroda szerep\u00e9nek \u00e1talakul\u00e1s\u00e1b\u00f3l<\/strong> fakad. Ahogy a v\u00e1llalat m\u0171k\u00f6d\u00e9se v\u00e1ltozik, \u00fagy v\u00e1ltozik a vezet\u0151i iroda funkci\u00f3ja is \u2013 \u00e9s ezzel egy\u00fctt az elv\u00e1r\u00e1s a t\u00e1rgyal\u00f3asztallal szemben.<\/p>\n\n\n\n<p><strong>Gyakori v\u00e1lt\u00e1s, amikor az iroda operat\u00edv t\u00e9rb\u0151l reprezentat\u00edv t\u00e9rr\u00e9 v\u00e1lik \u2013 vagy ford\u00edtva.<\/strong><\/p>\n\n\n\n<p>El\u0151fordulhat, hogy kor\u00e1bban a vezet\u0151i iroda els\u0151sorban bels\u0151 egyeztet\u00e9sek helysz\u00edne volt, k\u00e9s\u0151bb viszont:<\/p>\n\n\n\n<ul class=\"wp-block-list\">\n<li>egyre t\u00f6bb k\u00fcls\u0151 partner \u00e9rkezik,<\/li>\n\n\n\n<li>strat\u00e9giai t\u00e1rgyal\u00e1sok zajlanak,<\/li>\n\n\n\n<li>fontosabb\u00e1 v\u00e1lik az els\u0151 benyom\u00e1s.<\/li>\n<\/ul>\n\n\n\n<p>Ilyen helyzetben az addig j\u00f3l m\u0171k\u00f6d\u0151 asztal m\u00e1r nem biztos, hogy megfelel\u0151en t\u00e1mogatja az \u00faj szerepet. Ekkor mer\u00fcl fel term\u00e9szetes m\u00f3don, <strong>mikor kell cser\u00e9lni a vezet\u0151i t\u00e1rgyal\u00f3asztalt<\/strong>, hogy az illeszkedjen az \u00e1talakult elv\u00e1r\u00e1sokhoz.<\/p>\n\n\n\n<p><strong>Az ellenkez\u0151 ir\u00e1ny\u00fa v\u00e1ltoz\u00e1s is probl\u00e9m\u00e1kat hozhat.<\/strong><\/p>\n\n\n\n<p>Ha egy kor\u00e1bban reprezent\u00e1ci\u00f3ra optimaliz\u00e1lt vezet\u0151i iroda egyre ink\u00e1bb a napi d\u00f6nt\u00e9shozatal k\u00f6zpontj\u00e1v\u00e1 v\u00e1lik, az asztal:<\/p>\n\n\n\n<ul class=\"wp-block-list\">\n<li>t\u00fal nagy vagy nehezen kezelhet\u0151 lehet,<\/li>\n\n\n\n<li>nem t\u00e1mogatja a gyors egyeztet\u00e9seket,<\/li>\n\n\n\n<li>felesleges kompromisszumokat k\u00e9nyszer\u00edthet ki.<\/li>\n<\/ul>\n\n\n\n<p>Ilyenkor az asztal \u201enem rossz\u201d, csak <strong>nem arra a feladatra k\u00e9sz\u00fclt<\/strong>, amelyet az iroda ma bet\u00f6lt.<\/p>\n\n\n\n<p>Fontos felismerni, hogy a vezet\u0151i iroda szerepe ritk\u00e1n statikus. A n\u00f6veked\u00e9s, a szervezeti \u00e1talakul\u00e1s vagy ak\u00e1r a vezet\u0151 munkast\u00edlus\u00e1nak v\u00e1ltoz\u00e1sa mind hat\u00e1ssal vannak arra, hogyan m\u0171k\u00f6dik a t\u00e9r. Ha a t\u00e1rgyal\u00f3asztal nem k\u00f6veti ezt a v\u00e1ltoz\u00e1st, az hossz\u00fa t\u00e1von a hat\u00e9konys\u00e1g rov\u00e1s\u00e1ra mehet.<\/p>\n\n\n\n<p>Ez\u00e9rt a csere k\u00e9rd\u00e9se sokszor nem az asztal \u201e\u00e9letkor\u00e1r\u00f3l\u201d, hanem <strong>az iroda jelenlegi \u00e9s j\u00f6v\u0151beni szerep\u00e9r\u0151l<\/strong> sz\u00f3l. Ha ez a szerep m\u00e1r nem egyezik az asztal eredeti funkci\u00f3j\u00e1val, az \u00f6nmag\u00e1ban is er\u0151s jel lehet a v\u00e1lt\u00e1sra.<\/p>\n\n\n\n<h2 class=\"wp-block-heading\"><strong>Elhaszn\u00e1l\u00f3d\u00e1s vagy elavul\u00e1s? Nem ugyanazt jelzik<\/strong><\/h2>\n\n\n\n<p>A vezet\u0151i t\u00e1rgyal\u00f3asztal cser\u00e9j\u00e9nek meg\u00edt\u00e9l\u00e9s\u00e9t gyakran nehez\u00edti, hogy <strong>\u00f6sszekeveredik az elhaszn\u00e1l\u00f3d\u00e1s \u00e9s az elavul\u00e1s fogalma<\/strong>. Pedig a kett\u0151 nem ugyanaz, \u00e9s nem is ugyanazt a d\u00f6nt\u00e9st indokolja.<\/p>\n\n\n\n<p><strong>Az elhaszn\u00e1l\u00f3d\u00e1s els\u0151sorban fizikai \u00e1llapot k\u00e9rd\u00e9se.<\/strong><\/p>\n\n\n\n<p>Ide tartozik p\u00e9ld\u00e1ul:<\/p>\n\n\n\n<ul class=\"wp-block-list\">\n<li>a fel\u00fclet l\u00e1that\u00f3 kop\u00e1sa,<\/li>\n\n\n\n<li>kisebb s\u00e9r\u00fcl\u00e9sek, karcok,<\/li>\n\n\n\n<li>az anyag \u00f6reged\u00e9s\u00e9b\u0151l fakad\u00f3 eszt\u00e9tikai v\u00e1ltoz\u00e1sok.<\/li>\n<\/ul>\n\n\n\n<p>Ezek \u00f6nmagukban m\u00e9g nem felt\u00e9tlen\u00fcl jelentik azt, hogy az asztalt cser\u00e9lni kell. Sok vezet\u0151i t\u00e1rgyal\u00f3asztal hossz\u00fa \u00e9vekig haszn\u00e1lhat\u00f3 marad, m\u00e9g akkor is, ha nem makul\u00e1tlan \u00e1llapot\u00fa.<\/p>\n\n\n\n<p><strong>Az elavul\u00e1s ezzel szemben funkcion\u00e1lis k\u00e9rd\u00e9s.<\/strong><\/p>\n\n\n\n<p>Akkor besz\u00e9lhet\u00fcnk r\u00f3la, amikor az asztal:<\/p>\n\n\n\n<ul class=\"wp-block-list\">\n<li>m\u00e1r nem t\u00e1mogatja a jelenlegi megbesz\u00e9l\u00e9si form\u00e1kat,<\/li>\n\n\n\n<li>nem illeszkedik az \u00faj munkam\u00f3dszerekhez,<\/li>\n\n\n\n<li>vagy nem felel meg az iroda megv\u00e1ltozott szerep\u00e9nek.<\/li>\n<\/ul>\n\n\n\n<p>Ilyenkor a vezet\u0151i t\u00e1rgyal\u00f3asztal fizikailag m\u00e9g rendben lehet, de <strong>m\u0171k\u00f6d\u00e9s\u00e9ben m\u00e1r nem hat\u00e9kony<\/strong>. Ez az a pont, amikor egyre gyakrabban mer\u00fcl fel a k\u00e9rd\u00e9s, mikor kell cser\u00e9lni a vezet\u0151i t\u00e1rgyal\u00f3asztalt, m\u00e9g akkor is, ha nincs l\u00e1tv\u00e1nyos hiba.<\/p>\n\n\n\n<p><strong>Vezet\u0151i irod\u00e1ban az elavul\u00e1s gyakran hamarabb jelentkezik, mint a kop\u00e1s.<\/strong><\/p>\n\n\n\n<p>A d\u00f6nt\u00e9shozatal temp\u00f3ja, az egyeztet\u00e9sek jellege \u00e9s a r\u00e9sztvev\u0151k sz\u00e1ma mind v\u00e1ltozhatnak, mik\u00f6zben az asztal v\u00e1ltozatlan marad. Ha az asztal nem tud l\u00e9p\u00e9st tartani ezekkel az ig\u00e9nyekkel, az hossz\u00fa t\u00e1von t\u00f6bb kompromisszumot okoz, mint amennyit egy eszt\u00e9tikai hiba jelentene.<\/p>\n\n\n\n<p>\u00c9rdemes ez\u00e9rt a csere k\u00e9rd\u00e9s\u00e9t nem kiz\u00e1r\u00f3lag az \u00e1llapot alapj\u00e1n m\u00e9rlegelni. Sok esetben nem az a d\u00f6nt\u0151, hogy az asztal mennyire \u201esz\u00e9p\u201d vagy \u201ekopott\u201d, hanem az, hogy <strong>mennyire szolg\u00e1lja a jelenlegi vezet\u0151i munk\u00e1t<\/strong>. Ha ez a kapcsolat megszakad, az er\u0151sebb jel lehet a v\u00e1lt\u00e1sra, mint b\u00e1rmilyen fel\u00fcleti s\u00e9r\u00fcl\u00e9s.<\/p>\n\n\n\n<h2 class=\"wp-block-heading\"><strong>Mikor nem kell m\u00e9g cser\u00e9lni a vezet\u0151i t\u00e1rgyal\u00f3asztalt?<\/strong><\/h2>\n\n\n\n<p>A csere gondolata sokszor t\u00fal kor\u00e1n mer\u00fcl fel, k\u00fcl\u00f6n\u00f6sen akkor, amikor az asztal megjelen\u00e9se m\u00e1r nem t\u00f6k\u00e9letes. Fontos azonban elk\u00fcl\u00f6n\u00edteni azokat a helyzeteket, amikor val\u00f3ban indokolt a v\u00e1lt\u00e1s att\u00f3l, amikor a <strong>mikor kell cser\u00e9lni a vezet\u0151i t\u00e1rgyal\u00f3asztalt<\/strong> k\u00e9rd\u00e9s\u00e9re m\u00e9g egy\u00e9rtelm\u0171en nemleges a v\u00e1lasz.<\/p>\n\n\n\n<p><strong>\u00d6nmag\u00e1ban az eszt\u00e9tikai kop\u00e1s ritk\u00e1n indokol cser\u00e9t.<\/strong><\/p>\n\n\n\n<p>Egy vezet\u0151i t\u00e1rgyal\u00f3asztal:<\/p>\n\n\n\n<ul class=\"wp-block-list\">\n<li>lehet kiss\u00e9 karcos,<\/li>\n\n\n\n<li>mutathat haszn\u00e1lati nyomokat,<\/li>\n\n\n\n<li>vagy elt\u00e9rhet az aktu\u00e1lis trendekt\u0151l,<\/li>\n<\/ul>\n\n\n\n<p>mik\u00f6zben funkcion\u00e1lisan m\u00e9g j\u00f3l t\u00e1mogatja a mindennapi munk\u00e1t. Ilyen esetekben a csere nem felt\u00e9tlen\u00fcl jav\u00edtan\u00e1 a m\u0171k\u00f6d\u00e9st, csak l\u00e1tv\u00e1nybeli v\u00e1ltoz\u00e1st hozna.<\/p>\n\n\n\n<p>Szint\u00e9n nem s\u00fcrgeti a v\u00e1lt\u00e1st, ha az asztal <strong>illeszkedik a jelenlegi munkam\u00f3dszerhez<\/strong>.<\/p>\n\n\n\n<p>Ha a megbesz\u00e9l\u00e9sek:<\/p>\n\n\n\n<ul class=\"wp-block-list\">\n<li>z\u00f6kken\u0151mentesen zajlanak,<\/li>\n\n\n\n<li>a r\u00e9sztvev\u0151k k\u00e9nyelmesen elf\u00e9rnek,<\/li>\n\n\n\n<li>\u00e9s az asztal nem k\u00e9nyszer\u00edt kompromisszumokra,<\/li>\n<\/ul>\n\n\n\n<p>akkor a mikor kell cser\u00e9lni a vezet\u0151i t\u00e1rgyal\u00f3asztalt k\u00e9rd\u00e9s ink\u00e1bb elm\u00e9leti, mint gyakorlati.<\/p>\n\n\n\n<p>Gyakori t\u00e9v\u00fat, amikor a csere gondolat\u00e1t kiz\u00e1r\u00f3lag k\u00fcls\u0151 hat\u00e1sok ind\u00edtj\u00e1k el.<\/p>\n\n\n\n<p>Egy \u00faj iroda, egy friss arculat vagy m\u00e1s vezet\u0151i terek l\u00e1tv\u00e1nya k\u00f6nnyen kelthet hi\u00e1ny\u00e9rzetet, mik\u00f6zben a megl\u00e9v\u0151 asztal tov\u00e1bbra is j\u00f3l bet\u00f6lti a szerep\u00e9t. Ilyenkor \u00e9rdemes megvizsg\u00e1lni, hogy a v\u00e1gy a v\u00e1ltoz\u00e1sra val\u00f3ban funkcion\u00e1lis okb\u00f3l fakad-e.<\/p>\n\n\n\n<p>A vezet\u0151i t\u00e1rgyal\u00f3asztal cser\u00e9je akkor v\u00e1lik indokoltt\u00e1, amikor az asztal m\u00e1r <strong>nem k\u00f6veti a munkav\u00e9gz\u00e9s m\u00f3dj\u00e1t<\/strong>. Am\u00edg azonban a haszn\u00e1lat, az elrendez\u00e9s \u00e9s a d\u00f6nt\u00e9si helyzetek \u00f6sszhangban vannak, addig a <strong>mikor kell cser\u00e9lni a vezet\u0151i t\u00e1rgyal\u00f3asztalt<\/strong> k\u00e9rd\u00e9se legt\u00f6bbsz\u00f6r m\u00e9g v\u00e1rhat.<\/p>\n\n\n\n<h2 class=\"wp-block-heading\"><strong>Hossz\u00fa t\u00e1v\u00fa gondolkod\u00e1s vezet\u0151i irod\u00e1ban<\/strong><\/h2>\n\n\n\n<p>A vezet\u0151i t\u00e1rgyal\u00f3asztal cser\u00e9je ritk\u00e1n aktu\u00e1lis probl\u00e9ma egyik napr\u00f3l a m\u00e1sikra. Sokkal ink\u00e1bb egy <strong>folyamat v\u00e9gpontja<\/strong>, amelyet a mindennapi haszn\u00e1lat, az iroda szerepe \u00e9s a vezet\u0151i munkam\u00f3dszer egy\u00fctt alak\u00edt. Ez\u00e9rt a k\u00e9rd\u00e9s, hogy <strong>mikor kell cser\u00e9lni a vezet\u0151i t\u00e1rgyal\u00f3asztalt<\/strong>, hossz\u00fa t\u00e1v\u00fa gondolkod\u00e1st ig\u00e9nyel.<\/p>\n\n\n\n<p><strong>Egy vezet\u0151i iroda jellemz\u0151en \u00e9vekre el\u0151re tervezett t\u00e9r.<\/strong><\/p>\n\n\n\n<p>Az asztal nem kamp\u00e1nyszer\u0171 d\u00f6nt\u00e9s eredm\u00e9nye, hanem:<\/p>\n\n\n\n<ul class=\"wp-block-list\">\n<li>a vezet\u0151 munkaritmus\u00e1hoz igazodik,<\/li>\n\n\n\n<li>a d\u00f6nt\u00e9shozatal helysz\u00edne,<\/li>\n\n\n\n<li>\u00e9s stabil pontja az iroda m\u0171k\u00f6d\u00e9s\u00e9nek.<\/li>\n<\/ul>\n\n\n\n<p>Ha az asztal kiv\u00e1laszt\u00e1sakor ez a szeml\u00e9let \u00e9rv\u00e9nyes\u00fcl, a csere sz\u00fcks\u00e9gess\u00e9ge j\u00f3val k\u00e9s\u0151bb mer\u00fcl fel.<\/p>\n\n\n\n<p>A hossz\u00fa t\u00e1v\u00fa gondolkod\u00e1s r\u00e9sze az is, hogy <strong>nem minden v\u00e1ltoz\u00e1s ig\u00e9nyel azonnali cser\u00e9t<\/strong>.<\/p>\n\n\n\n<p>Sok esetben:<\/p>\n\n\n\n<ul class=\"wp-block-list\">\n<li>a munkam\u00f3dszer finomodik,<\/li>\n\n\n\n<li>a megbesz\u00e9l\u00e9sek jellege fokozatosan alakul \u00e1t,<\/li>\n\n\n\n<li>az iroda szerepe lassan tol\u00f3dik el.<\/li>\n<\/ul>\n\n\n\n<p>Ezek a v\u00e1ltoz\u00e1sok id\u0151t adnak arra, hogy felismerhet\u0151v\u00e9 v\u00e1ljon, mikor kell cser\u00e9lni a vezet\u0151i t\u00e1rgyal\u00f3asztalt val\u00f3ban indokolt okokb\u00f3l, nem pedig pillanatnyi benyom\u00e1s alapj\u00e1n.<\/p>\n\n\n\n<p><strong>A tudatos anyag- \u00e9s kialak\u00edt\u00e1sv\u00e1laszt\u00e1s cs\u00f6kkenti a csere k\u00e9nyszer\u00e9t.<\/strong><\/p>\n\n\n\n<p>Egy j\u00f3l megv\u00e1lasztott, strapab\u00edr\u00f3 fel\u00fclet, \u00e1tgondolt m\u00e9ret \u00e9s rugalmas elrendez\u00e9s lehet\u0151v\u00e9 teszi, hogy az asztal t\u00f6bb szerepet is kiszolg\u00e1ljon az \u00e9vek sor\u00e1n. Ez k\u00fcl\u00f6n\u00f6sen fontos vezet\u0151i irod\u00e1ban, ahol a t\u00e9rnek alkalmazkodnia kell a v\u00e1ltoz\u00f3 d\u00f6nt\u00e9si helyzetekhez.<\/p>\n\n\n\n<p>\u00d6sszess\u00e9g\u00e9ben a csere k\u00e9rd\u00e9se akkor kezelhet\u0151 j\u00f3l, ha nem elszigetelt probl\u00e9mak\u00e9nt, hanem <strong>a vezet\u0151i iroda fejl\u0151d\u00e9s\u00e9nek r\u00e9szek\u00e9nt<\/strong> tekint\u00fcnk r\u00e1. Ebben a szeml\u00e9letben a vezet\u0151i t\u00e1rgyal\u00f3asztal nem gyorsan elavul\u00f3 elem, hanem hossz\u00fa t\u00e1v\u00fa eszk\u00f6z, amelynek cser\u00e9je tudatos, id\u0151ben felismert d\u00f6nt\u00e9s eredm\u00e9nye.<\/p>\n\n\n\n<p>A hossz\u00fa t\u00e1v\u00fa d\u00f6nt\u00e9sek meghozatal\u00e1hoz sokat seg\u00edthet, ha a t\u00e1rgyal\u00f3asztal szerep\u00e9t \u00e9s a t\u00e9rhaszn\u00e1lati szempontokat egy\u00fctt vizsg\u00e1lja, ez\u00e9rt \u00e9rdemes \u00e1ttekinteni a \u201e<a href=\"https:\/\/www.bathori.hu\/blog\/vezetoi-targyaloasztalok-es-targyaloterek\" data-type=\"link\" data-id=\"https:\/\/www.bathori.hu\/blog\/vezetoi-targyaloasztalok-es-targyaloterek\">Vezet\u0151i t\u00e1rgyal\u00f3asztalok \u00e9s t\u00e1rgyal\u00f3terek \u00e1tfog\u00f3 d\u00f6nt\u00e9si szempontjai<\/a>\u201d c\u00edm\u0171 \u00f6sszefoglal\u00f3 cikket is.<\/p>\n\n\n\n<h2 class=\"wp-block-heading\"><strong>\u00d6sszefoglal\u00e1s: mikor indokolt val\u00f3ban a csere?<\/strong><\/h2>\n\n\n\n<p>A vezet\u0151i t\u00e1rgyal\u00f3asztal cser\u00e9je akkor v\u00e1lik indokoltt\u00e1, amikor az asztal m\u00e1r <strong>nem k\u00f6veti a vezet\u0151i iroda m\u0171k\u00f6d\u00e9s\u00e9t<\/strong>, \u00e9s a mindennapi haszn\u00e1lat sor\u00e1n egyre t\u00f6bb kompromisszumot k\u00e9nyszer\u00edt ki. A d\u00f6nt\u00e9s ritk\u00e1n egyetlen jelre vezethet\u0151 vissza; sokkal ink\u00e1bb t\u00f6bb apr\u00f3 v\u00e1ltoz\u00e1s \u00f6sszead\u00f3d\u00e1s\u00e1nak eredm\u00e9nye.<\/p>\n\n\n\n<p>\u00c9rdemes ilyenkor visszatekinteni a kor\u00e1bbi szempontokra:<\/p>\n\n\n\n<ul class=\"wp-block-list\">\n<li>megv\u00e1ltozott-e az iroda szerepe,<\/li>\n\n\n\n<li>\u00e1talakultak-e a megbesz\u00e9l\u00e9sek jellegei,<\/li>\n\n\n\n<li>n\u0151tt-e a haszn\u00e1lat intenzit\u00e1sa,<\/li>\n\n\n\n<li>vagy az asztal m\u00e1r nem t\u00e1mogatja megfelel\u0151en a d\u00f6nt\u00e9shozatalt.<\/li>\n<\/ul>\n\n\n\n<p>Ha ezekre a k\u00e9rd\u00e9sekre egyre gyakrabban bizonytalan vagy igenl\u0151 v\u00e1lasz sz\u00fcletik, akkor a <strong>mikor kell cser\u00e9lni a vezet\u0151i t\u00e1rgyal\u00f3asztalt<\/strong> k\u00e9rd\u00e9se m\u00e1r nem elm\u00e9leti, hanem gyakorlati probl\u00e9m\u00e1v\u00e1 v\u00e1lik.<\/p>\n\n\n\n<p>Fontos ugyanakkor hangs\u00falyozni, hogy a csere nem c\u00e9l \u00f6nmag\u00e1ban. Egy vezet\u0151i t\u00e1rgyal\u00f3asztal akkor m\u0171k\u00f6dik j\u00f3l, ha hossz\u00fa \u00e9veken \u00e1t k\u00e9pes alkalmazkodni a v\u00e1ltoz\u00f3 ig\u00e9nyekhez. Am\u00edg ez megval\u00f3sul, addig a v\u00e1lt\u00e1s halaszthat\u00f3. Amikor viszont az asztal m\u00e1r ink\u00e1bb korl\u00e1tozza, mint seg\u00edti a munk\u00e1t, a csere tudatos d\u00f6nt\u00e9ss\u00e9 v\u00e1lik, nem pedig hirtelen reakci\u00f3v\u00e1.<\/p>\n\n\n\n<p>A vezet\u0151i iroda hat\u00e9kony m\u0171k\u00f6d\u00e9se szempontj\u00e1b\u00f3l az a legfontosabb, hogy a t\u00e1rgyal\u00f3asztal <strong>val\u00f3ban azt a szerepet t\u00f6ltse be<\/strong>, amelyre nap mint nap haszn\u00e1lj\u00e1k. Ha ez a kapcsolat megsz\u0171nik, az egy\u00e9rtelm\u0171 jel arra, hogy \u00e9rdemes \u00fajragondolni a megl\u00e9v\u0151 megold\u00e1st.<\/p>\n\n\n\n<p><\/p>\n","protected":false},"excerpt":{"rendered":"<p>A mikor kell cser\u00e9lni a vezet\u0151i t\u00e1rgyal\u00f3asztalt k\u00e9rd\u00e9s jellemz\u0151en nem egy l\u00e1tv\u00e1nyos probl\u00e9ma miatt mer\u00fcl fel, hanem fokozatosan, a mindennapi haszn\u00e1lat sor\u00e1n. A vezet\u0151i irod\u00e1ban az asztal sokszor \u00e9vekig szolg\u00e1l, mik\u00f6zben a munkam\u00f3dszerek, a megbesz\u00e9l\u00e9sek jellege \u00e9s az iroda szerepe k\u00f6zben megv\u00e1ltozik. Egy vezet\u0151i t\u00e1rgyal\u00f3asztal ritk\u00e1n v\u00e1lik haszn\u00e1lhatatlann\u00e1 egyik napr\u00f3l a m\u00e1sikra. Sokkal gyakoribb, hogy &#8230; <a title=\"Mikor kell cser\u00e9lni a vezet\u0151i t\u00e1rgyal\u00f3asztalt? Jelek, amiket nem \u00e9rdemes figyelmen k\u00edv\u00fcl hagyni\" class=\"read-more\" href=\"https:\/\/www.bathori.hu\/blog\/mikor-kell-cserelni-a-vezetoi-targyaloasztalt\/\" aria-label=\"Read more about Mikor kell cser\u00e9lni a vezet\u0151i t\u00e1rgyal\u00f3asztalt? Jelek, amiket nem \u00e9rdemes figyelmen k\u00edv\u00fcl hagyni\">Olvass tov\u00e1bb<\/a><\/p>\n","protected":false},"author":1,"featured_media":0,"comment_status":"closed","ping_status":"closed","sticky":false,"template":"","format":"standard","meta":{"footnotes":""},"categories":[26],"tags":[],"class_list":["post-1646","post","type-post","status-publish","format-standard","hentry","category-vezetoi-targyaloasztal"],"_links":{"self":[{"href":"https:\/\/www.bathori.hu\/blog\/wp-json\/wp\/v2\/posts\/1646","targetHints":{"allow":["GET"]}}],"collection":[{"href":"https:\/\/www.bathori.hu\/blog\/wp-json\/wp\/v2\/posts"}],"about":[{"href":"https:\/\/www.bathori.hu\/blog\/wp-json\/wp\/v2\/types\/post"}],"author":[{"embeddable":true,"href":"https:\/\/www.bathori.hu\/blog\/wp-json\/wp\/v2\/users\/1"}],"replies":[{"embeddable":true,"href":"https:\/\/www.bathori.hu\/blog\/wp-json\/wp\/v2\/comments?post=1646"}],"version-history":[{"count":1,"href":"https:\/\/www.bathori.hu\/blog\/wp-json\/wp\/v2\/posts\/1646\/revisions"}],"predecessor-version":[{"id":1647,"href":"https:\/\/www.bathori.hu\/blog\/wp-json\/wp\/v2\/posts\/1646\/revisions\/1647"}],"wp:attachment":[{"href":"https:\/\/www.bathori.hu\/blog\/wp-json\/wp\/v2\/media?parent=1646"}],"wp:term":[{"taxonomy":"category","embeddable":true,"href":"https:\/\/www.bathori.hu\/blog\/wp-json\/wp\/v2\/categories?post=1646"},{"taxonomy":"post_tag","embeddable":true,"href":"https:\/\/www.bathori.hu\/blog\/wp-json\/wp\/v2\/tags?post=1646"}],"curies":[{"name":"wp","href":"https:\/\/api.w.org\/{rel}","templated":true}]}}