{"id":1644,"date":"2026-03-10T07:07:00","date_gmt":"2026-03-10T05:07:00","guid":{"rendered":"https:\/\/www.bathori.hu\/blog\/?p=1644"},"modified":"2026-03-10T08:10:45","modified_gmt":"2026-03-10T06:10:45","slug":"laminalt-vagy-furneros-targyaloasztal","status":"publish","type":"post","link":"https:\/\/www.bathori.hu\/blog\/laminalt-vagy-furneros-targyaloasztal\/","title":{"rendered":"Lamin\u00e1lt vagy furn\u00e9ros t\u00e1rgyal\u00f3asztal? Anyagv\u00e1laszt\u00e1s vezet\u0151i irod\u00e1ba"},"content":{"rendered":"\n<p>A <strong>lamin\u00e1lt vagy furn\u00e9ros t\u00e1rgyal\u00f3asztal?<\/strong> k\u00e9rd\u00e9s sok vezet\u0151i irod\u00e1ban felmer\u00fcl, amikor a megjelen\u00e9s \u00e9s a mindennapi haszn\u00e1lhat\u00f3s\u00e1g egyszerre v\u00e1lik fontoss\u00e1. Az anyagv\u00e1laszt\u00e1s ilyenkor nem puszt\u00e1n eszt\u00e9tikai d\u00f6nt\u00e9s, hanem hossz\u00fa t\u00e1v\u00fa hat\u00e1ssal van az iroda m\u0171k\u00f6d\u00e9s\u00e9re, a megbesz\u00e9l\u00e9sek komfortj\u00e1ra \u00e9s a vezet\u0151i t\u00e9r \u00f6sszk\u00e9p\u00e9re is.<\/p>\n\n\n\n<p>Egy vezet\u0151i t\u00e1rgyal\u00f3asztal fel\u00fclete meghat\u00e1rozza, hogyan viselkedik az asztal a napi ig\u00e9nybev\u00e9tel sor\u00e1n, mennyire marad id\u0151t\u00e1ll\u00f3, \u00e9s milyen benyom\u00e1st kelt a t\u00e1rgyal\u00e1sok r\u00e9sztvev\u0151iben. M\u00e1s szempontok ker\u00fclnek el\u0151t\u00e9rbe akkor, ha az asztal els\u0151sorban bels\u0151 egyeztet\u00e9sekhez szolg\u00e1l, \u00e9s megint m\u00e1sok akkor, ha rendszeresen k\u00fcls\u0151 partnereket fogadnak k\u00f6r\u00fcl\u00f6tte.<\/p>\n\n\n\n<p>A d\u00f6nt\u00e9s ez\u00e9rt nem arr\u00f3l sz\u00f3l, hogy a lamin\u00e1lt vagy a furn\u00e9ros megold\u00e1s \u201ejobb-e\u201d, hanem arr\u00f3l, hogy az adott vezet\u0151i iroda milyen szerepet t\u00f6lt be, milyen haszn\u00e1lati terhel\u00e9snek van kit\u00e9ve, \u00e9s milyen \u00fczenetet k\u00edv\u00e1n k\u00f6zvet\u00edteni. Ennek meg\u00e9rt\u00e9se seg\u00edt abban, hogy az anyagv\u00e1laszt\u00e1s ne kompromisszum, hanem tudatos, j\u00f3l m\u0171k\u00f6d\u0151 d\u00f6nt\u00e9s legyen.<\/p>\n\n\n\n<h2 class=\"wp-block-heading\"><strong>Mi\u00e9rt kulcsk\u00e9rd\u00e9s az anyagv\u00e1laszt\u00e1s a vezet\u0151i t\u00e1rgyal\u00f3asztaln\u00e1l?<\/strong><\/h2>\n\n\n\n<p>Az anyagv\u00e1laszt\u00e1s az\u00e9rt v\u00e1lik meghat\u00e1roz\u00f3v\u00e1, mert a vezet\u0151i t\u00e1rgyal\u00f3asztal <strong>nem csup\u00e1n haszn\u00e1lati t\u00e1rgy<\/strong>, hanem a vezet\u0151i iroda egyik legnagyobb vizu\u00e1lis \u00e9s funkcion\u00e1lis s\u00falypontja. Az asztal fel\u00fclete folyamatosan szem el\u0151tt van, rendszeres ig\u00e9nybev\u00e9telnek van kit\u00e9ve, \u00e9s k\u00f6zvetlen hat\u00e1ssal van a megbesz\u00e9l\u00e9sek hangulat\u00e1ra is.<\/p>\n\n\n\n<p><strong>Egy vezet\u0151i iroda eset\u00e9ben az anyag egyszerre \u00fczen \u00e9s m\u0171k\u00f6dik.<\/strong><\/p>\n\n\n\n<p>A t\u00e1rgyal\u00f3asztal fel\u00fclete:<\/p>\n\n\n\n<ul class=\"wp-block-list\">\n<li>meghat\u00e1rozza az iroda \u00f6sszk\u00e9p\u00e9t,<\/li>\n\n\n\n<li>befoly\u00e1solja a t\u00e9r preszt\u00edzs\u00e9t,<\/li>\n\n\n\n<li>\u00e9s hossz\u00fa t\u00e1von visszahat a haszn\u00e1lhat\u00f3s\u00e1gra.<\/li>\n<\/ul>\n\n\n\n<p>Ez\u00e9rt az anyagv\u00e1laszt\u00e1s nem v\u00e1laszthat\u00f3 el att\u00f3l, hogy az iroda milyen szerepet t\u00f6lt be a c\u00e9g m\u0171k\u00f6d\u00e9s\u00e9ben.<\/p>\n\n\n\n<p>Gyakori hiba, hogy az anyag k\u00e9rd\u00e9se <strong>csak eszt\u00e9tikai szempontk\u00e9nt<\/strong> mer\u00fcl fel. Ilyenkor a d\u00f6nt\u00e9s k\u00f6nnyen elcs\u00faszik a l\u00e1tv\u00e1ny ir\u00e1ny\u00e1ba, mik\u00f6zben h\u00e1tt\u00e9rbe szorulnak olyan gyakorlati t\u00e9nyez\u0151k, mint a kop\u00e1s\u00e1ll\u00f3s\u00e1g, a karbantarthat\u00f3s\u00e1g vagy a mindennapi ig\u00e9nybev\u00e9tel. Egy vezet\u0151i t\u00e1rgyal\u00f3asztal eset\u00e9ben ezek a szempontok gyorsan jelent\u0151s\u00e9ggel b\u00edrnak.<\/p>\n\n\n\n<p><strong>A haszn\u00e1lat intenzit\u00e1sa kulcsszerepet j\u00e1tszik.<\/strong><\/p>\n\n\n\n<p>M\u00e1s elv\u00e1r\u00e1sok \u00e9rv\u00e9nyes\u00fclnek akkor, ha az asztalt:<\/p>\n\n\n\n<ul class=\"wp-block-list\">\n<li>napi szinten haszn\u00e1lj\u00e1k bels\u0151 egyeztet\u00e9sekhez,<\/li>\n\n\n\n<li>rendszeresen \u00e9rik fizikai hat\u00e1sok (eszk\u00f6z\u00f6k, dokumentumok),<\/li>\n\n\n\n<li>vagy ink\u00e1bb ritk\u00e1bban, de kiemelt t\u00e1rgyal\u00e1sok alkalm\u00e1val ker\u00fcl el\u0151t\u00e9rbe.<\/li>\n<\/ul>\n\n\n\n<p>Az anyagv\u00e1laszt\u00e1s ilyenkor k\u00f6zvetlen\u00fcl hat arra, hogy az asztal mennyire marad id\u0151t\u00e1ll\u00f3, \u00e9s mennyire ig\u00e9nyel kompromisszumokat a haszn\u00e1lat sor\u00e1n.<\/p>\n\n\n\n<p>A vezet\u0151i t\u00e1rgyal\u00f3asztal anyaga v\u00e9gs\u0151 soron <strong>\u00f6sszek\u00f6t\u0151 elem a megjelen\u00e9s \u00e9s a funkcionalit\u00e1s k\u00f6z\u00f6tt<\/strong>. Ha ez a kapcsolat nincs tudatosan \u00e1tgondolva, az asztal k\u00f6nnyen v\u00e1lhat olyan elemm\u00e9, amely vagy t\u00fal k\u00e9nyes a mindennapi haszn\u00e1lathoz, vagy vizu\u00e1lisan nem t\u00e1mogatja azt a vezet\u0151i k\u00f6rnyezetet, amelyet az iroda k\u00e9pviselni szeretne.<\/p>\n\n\n\n<h2 class=\"wp-block-heading\"><strong>Mit jelent a lamin\u00e1lt vagy furn\u00e9ros t\u00e1rgyal\u00f3asztal a gyakorlatban?<\/strong><\/h2>\n\n\n\n<p>Amikor a <strong>lamin\u00e1lt vagy furn\u00e9ros t\u00e1rgyal\u00f3asztal<\/strong> k\u00e9rd\u00e9se ker\u00fcl el\u0151, \u00e9rdemes el\u0151sz\u00f6r a mindennapi haszn\u00e1lat fel\u0151l k\u00f6zel\u00edteni. A k\u00e9t fel\u00fclet nemcsak megjelen\u00e9s\u00e9ben, hanem viselked\u00e9s\u00e9ben is elt\u00e9r, ami a vezet\u0151i irod\u00e1ban k\u00fcl\u00f6n\u00f6sen gyorsan \u00e9rezhet\u0151v\u00e9 v\u00e1lik.<\/p>\n\n\n\n<p><strong>A lamin\u00e1lt fel\u00fclet jellemz\u0151en a praktikumot k\u00e9pviseli.<\/strong><\/p>\n\n\n\n<p>El\u0151nyei k\u00f6z\u00e9 tartozik, hogy:<\/p>\n\n\n\n<ul class=\"wp-block-list\">\n<li>j\u00f3l ellen\u00e1ll a mindennapi ig\u00e9nybev\u00e9telnek,<\/li>\n\n\n\n<li>kev\u00e9sb\u00e9 \u00e9rz\u00e9keny a karcol\u00e1sokra \u00e9s foltokra,<\/li>\n\n\n\n<li>egys\u00e9ges, kontroll\u00e1lt megjelen\u00e9st biztos\u00edt.<\/li>\n<\/ul>\n\n\n\n<p>Egy lamin\u00e1lt t\u00e1rgyal\u00f3asztal ez\u00e9rt sokszor akkor m\u0171k\u00f6dik j\u00f3l, ha az asztalt gyakran haszn\u00e1lj\u00e1k bels\u0151 egyeztet\u00e9sekhez, \u00e9s fontos a kisz\u00e1m\u00edthat\u00f3, probl\u00e9mamentes m\u0171k\u00f6d\u00e9s.<\/p>\n\n\n\n<p>A furn\u00e9ros fel\u00fclet ezzel szemben <strong>term\u00e9szetesebb, karakteresebb hat\u00e1st kelt<\/strong>.<\/p>\n\n\n\n<p>Egy furn\u00e9ros t\u00e1rgyal\u00f3asztal:<\/p>\n\n\n\n<ul class=\"wp-block-list\">\n<li>egyedibb megjelen\u00e9st ad a vezet\u0151i irod\u00e1nak,<\/li>\n\n\n\n<li>er\u0151sebben t\u00e1mogatja a reprezent\u00e1ci\u00f3s szerepet,<\/li>\n\n\n\n<li>vizu\u00e1lisan melegebb, preszt\u00edzs\u00e9rt\u00e9k\u0171 hat\u00e1st k\u00f6zvet\u00edt.<\/li>\n<\/ul>\n\n\n\n<p>Ugyanakkor a furn\u00e9r \u00e9rz\u00e9kenyebb anyag, ez\u00e9rt a haszn\u00e1lat m\u00f3dja \u00e9s intenzit\u00e1sa nagyobb szerepet kap a d\u00f6nt\u00e9sn\u00e9l. A <strong>lamin\u00e1lt vagy furn\u00e9ros t\u00e1rgyal\u00f3asztal<\/strong> k\u00f6z\u00f6tti v\u00e1laszt\u00e1s ilyenkor nem min\u0151s\u00e9gi k\u00e9rd\u00e9s, hanem haszn\u00e1lati k\u00f6rnyezethez igaz\u00edtott d\u00f6nt\u00e9s.<\/p>\n\n\n\n<p>A gyakorlatban a k\u00fcl\u00f6nbs\u00e9g legink\u00e1bb akkor v\u00e1lik hangs\u00falyoss\u00e1, amikor az asztal hosszabb ideig van f\u00f3kuszban. Egy vezet\u0151i irod\u00e1ban, ahol a t\u00e1rgyal\u00f3asztal folyamatosan szem el\u0151tt van, az anyag megjelen\u00e9se \u00e9s viselked\u00e9se egy\u00fctt hat a t\u00e9r \u00f6sszk\u00e9p\u00e9re \u00e9s a mindennapi komfort\u00e9rzetre.<\/p>\n\n\n\n<h2 class=\"wp-block-heading\"><strong>Mikor el\u0151ny\u00f6s a lamin\u00e1lt vagy furn\u00e9ros t\u00e1rgyal\u00f3asztal vezet\u0151i irod\u00e1ban?<\/strong><\/h2>\n\n\n\n<p>A vezet\u0151i irod\u00e1ban haszn\u00e1lt t\u00e1rgyal\u00f3asztal eset\u00e9ben az anyagv\u00e1laszt\u00e1s mindig <strong>a vezet\u0151 munkast\u00edlus\u00e1hoz \u00e9s az iroda szerep\u00e9hez<\/strong> kapcsol\u00f3dik. A <strong>lamin\u00e1lt vagy furn\u00e9ros t\u00e1rgyal\u00f3asztal<\/strong> k\u00f6z\u00f6tti d\u00f6nt\u00e9s itt nem ugyanazt jelenti, mint egy klasszikus t\u00e1rgyal\u00f3teremben, mert a haszn\u00e1lat jellege sokkal szem\u00e9lyesebb \u00e9s folyamatosabb.<\/p>\n\n\n\n<p><strong>Lamin\u00e1lt fel\u00fclet akkor m\u0171k\u00f6dik j\u00f3l vezet\u0151i k\u00f6rnyezetben<\/strong>, ha a t\u00e1rgyal\u00f3asztal:<\/p>\n\n\n\n<ul class=\"wp-block-list\">\n<li>napi szinten szolg\u00e1l bels\u0151 egyeztet\u00e9sekhez,<\/li>\n\n\n\n<li>gyakran ker\u00fcl haszn\u00e1latba operat\u00edv d\u00f6nt\u00e9sek sor\u00e1n,<\/li>\n\n\n\n<li>a vezet\u0151i iroda ink\u00e1bb munkak\u00f6zpontk\u00e9nt, mint reprezent\u00e1ci\u00f3s t\u00e9rk\u00e9nt funkcion\u00e1l.<\/li>\n<\/ul>\n\n\n\n<p>Egy lamin\u00e1lt vezet\u0151i t\u00e1rgyal\u00f3asztal ilyenkor stabil, kisz\u00e1m\u00edthat\u00f3 megold\u00e1st ad, amely nem ig\u00e9nyel k\u00fcl\u00f6nleges odafigyel\u00e9st a mindennapi haszn\u00e1lat sor\u00e1n. Ez k\u00fcl\u00f6n\u00f6sen el\u0151ny\u00f6s lehet olyan vezet\u0151i irod\u00e1kban, ahol a hangs\u00faly a hat\u00e9kony m\u0171k\u00f6d\u00e9sen van, \u00e9s az asztal val\u00f3di munkaeszk\u00f6zk\u00e9nt van jelen.<\/p>\n\n\n\n<p><strong>A furn\u00e9ros megold\u00e1s akkor ker\u00fcl el\u0151t\u00e9rbe<\/strong>, amikor a vezet\u0151i t\u00e1rgyal\u00f3asztal:<\/p>\n\n\n\n<ul class=\"wp-block-list\">\n<li>rendszeresen r\u00e9sze k\u00fcls\u0151 partneri t\u00e1rgyal\u00e1soknak,<\/li>\n\n\n\n<li>fontos szerepet j\u00e1tszik az iroda reprezent\u00e1ci\u00f3j\u00e1ban,<\/li>\n\n\n\n<li>a vezet\u0151i t\u00e9r st\u00e1tuszt \u00e9s stabilit\u00e1st k\u00f6zvet\u00edt.<\/li>\n<\/ul>\n\n\n\n<p>Egy furn\u00e9ros vezet\u0151i t\u00e1rgyal\u00f3asztal vizu\u00e1lisan er\u0151sebb jelenl\u00e9ttel b\u00edr, \u00e9s jobban hangs\u00falyozza az iroda vezet\u0151i jelleg\u00e9t. A <strong>lamin\u00e1lt vagy furn\u00e9ros t\u00e1rgyal\u00f3asztal<\/strong> k\u00f6z\u00f6tti v\u00e1laszt\u00e1s itt nem eszt\u00e9tikai \u00edzl\u00e9sk\u00e9rd\u00e9s, hanem annak m\u00e9rlegel\u00e9se, hogy az asztal milyen helyzetekben ker\u00fcl a figyelem k\u00f6z\u00e9ppontj\u00e1ba.<\/p>\n\n\n\n<p>Fontos k\u00fcl\u00f6nbs\u00e9g, hogy a vezet\u0151i irod\u00e1ban a t\u00e1rgyal\u00f3asztal <strong>nem elk\u00fcl\u00f6n\u00fclt funkci\u00f3<\/strong>, hanem a vezet\u0151 mindennapi k\u00f6rnyezet\u00e9nek r\u00e9sze. Ez\u00e9rt a <strong>lamin\u00e1lt vagy furn\u00e9ros t\u00e1rgyal\u00f3asztal<\/strong> kiv\u00e1laszt\u00e1sakor mindig azt kell vizsg\u00e1lni, hogyan illeszkedik az asztal a vezet\u0151 jelenl\u00e9t\u00e9hez, d\u00f6nt\u00e9si helyzeteihez \u00e9s az iroda hossz\u00fa t\u00e1v\u00fa szerep\u00e9hez.<\/p>\n\n\n\n<h2 class=\"wp-block-heading\"><strong>Milyen szempontok seg\u00edtenek d\u00f6nteni vezet\u0151i t\u00e1rgyal\u00f3asztaln\u00e1l?<\/strong><\/h2>\n\n\n\n<p>A vezet\u0151i irod\u00e1ban a d\u00f6nt\u00e9s akkor lesz stabil, ha <strong>konkr\u00e9t szempontok ment\u00e9n<\/strong> t\u00f6rt\u00e9nik, nem pedig benyom\u00e1sok alapj\u00e1n. A <strong>lamin\u00e1lt vagy furn\u00e9ros t\u00e1rgyal\u00f3asztal<\/strong> k\u00e9rd\u00e9s\u00e9t \u00e9rdemes \u00fagy vizsg\u00e1lni, hogy az anyag hogyan t\u00e1mogatja a vezet\u0151 mindennapi munk\u00e1j\u00e1t \u00e9s az iroda szerep\u00e9t.<\/p>\n\n\n\n<p><strong>Els\u0151k\u00e9nt a haszn\u00e1lat gyakoris\u00e1g\u00e1t \u00e9rdemes tiszt\u00e1zni.<\/strong><\/p>\n\n\n\n<p>Ha a vezet\u0151i t\u00e1rgyal\u00f3asztal:<\/p>\n\n\n\n<ul class=\"wp-block-list\">\n<li>naponta t\u00f6bbsz\u00f6r ker\u00fcl haszn\u00e1latba,<\/li>\n\n\n\n<li>r\u00f6vid, operat\u00edv egyeztet\u00e9sek zajlanak k\u00f6r\u00fcl\u00f6tte,<\/li>\n\n\n\n<li>a vezet\u0151 munkaritmus\u00e1nak r\u00e9sze,<\/li>\n<\/ul>\n\n\n\n<p>akkor a strapab\u00edr\u00e1s \u00e9s a kisz\u00e1m\u00edthat\u00f3 viselked\u00e9s fel\u00e9rt\u00e9kel\u0151dik. Ilyen k\u00f6rnyezetben a lamin\u00e1lt fel\u00fclet gyakran praktikusabb v\u00e1laszt\u00e1s.<\/p>\n\n\n\n<p><strong>M\u00e1sodik szempont a megbesz\u00e9l\u00e9sek jellege.<\/strong><\/p>\n\n\n\n<p>Egy vezet\u0151i irod\u00e1ban nem mindegy, hogy:<\/p>\n\n\n\n<ul class=\"wp-block-list\">\n<li>bels\u0151 d\u00f6nt\u00e9sek sz\u00fcletnek az asztaln\u00e1l,<\/li>\n\n\n\n<li>vagy rendszeresen k\u00fcls\u0151 partnerek, \u00fcgyfelek \u00fclnek le k\u00f6r\u00e9.<\/li>\n<\/ul>\n\n\n\n<p>Ha a t\u00e1rgyal\u00f3asztal gyakran reprezent\u00e1ci\u00f3s helyzetekben jelenik meg, a furn\u00e9ros megold\u00e1s er\u0151sebb vizu\u00e1lis \u00fczenetet hordozhat. A <strong>lamin\u00e1lt vagy furn\u00e9ros t\u00e1rgyal\u00f3asztal<\/strong> k\u00f6z\u00f6tti v\u00e1laszt\u00e1s ilyenkor a kommunik\u00e1ci\u00f3s szerepr\u0151l is sz\u00f3l.<\/p>\n\n\n\n<p><strong>Fontos a vezet\u0151i iroda eg\u00e9sz\u00e9nek karaktere is.<\/strong><\/p>\n\n\n\n<p>Egy letisztult, funkci\u00f3k\u00f6zpont\u00fa t\u00e9r m\u00e1s anyaghaszn\u00e1latot k\u00edv\u00e1n, mint egy hangs\u00falyosan reprezentat\u00edv vezet\u0151i iroda. A t\u00e1rgyal\u00f3asztal anyaga akkor m\u0171k\u00f6dik j\u00f3l, ha:<\/p>\n\n\n\n<ul class=\"wp-block-list\">\n<li>illeszkedik az \u00edr\u00f3asztalhoz,<\/li>\n\n\n\n<li>\u00f6sszhangban van a t\u00e1rol\u00f3elemekkel,<\/li>\n\n\n\n<li>nem bontja meg a t\u00e9r ar\u00e1nyait.<\/li>\n<\/ul>\n\n\n\n<p>V\u00e9g\u00fcl \u00e9rdemes sz\u00e1molni a <strong>hossz\u00fa t\u00e1v\u00fa haszn\u00e1lattal<\/strong>.<\/p>\n\n\n\n<p>A vezet\u0151i t\u00e1rgyal\u00f3asztal nem r\u00f6vid t\u00e1vra sz\u00f3l\u00f3 d\u00f6nt\u00e9s. A <strong>lamin\u00e1lt vagy furn\u00e9ros t\u00e1rgyal\u00f3asztal<\/strong> kiv\u00e1laszt\u00e1sakor az is m\u00e9rlegelend\u0151, hogyan v\u00e1ltozhat az iroda szerepe, a megbesz\u00e9l\u00e9sek jellege \u00e9s a haszn\u00e1lati intenzit\u00e1s az \u00e9vek sor\u00e1n.<\/p>\n\n\n\n<p>Ha szeretn\u00e9 az anyagv\u00e1laszt\u00e1si szempontokat t\u00e1gabb \u00f6sszef\u00fcgg\u00e9sben is \u00e1tl\u00e1tni, \u00e9rdemes \u00e1tn\u00e9zni a \u201e<a href=\"https:\/\/www.bathori.hu\/blog\/vezetoi-targyaloasztalok-es-targyaloterek\" data-type=\"link\" data-id=\"https:\/\/www.bathori.hu\/blog\/vezetoi-targyaloasztalok-es-targyaloterek\">vezet\u0151i t\u00e1rgyal\u00f3asztalok \u00e1tfog\u00f3 \u00fatmutat\u00f3ja<\/a>\u201d c\u00edm\u0171 \u00f6sszefoglal\u00f3 cikket, amely r\u00e9szletesebben bemutatja a k\u00fcl\u00f6nb\u00f6z\u0151 kialak\u00edt\u00e1sokat \u00e9s haszn\u00e1lati helyzeteket.<\/p>\n\n\n\n<h2 class=\"wp-block-heading\"><strong>Gyakori hib\u00e1k anyagv\u00e1laszt\u00e1skor vezet\u0151i irod\u00e1ban<\/strong><\/h2>\n\n\n\n<p>Az anyagv\u00e1laszt\u00e1sn\u00e1l a leggyakoribb hib\u00e1k jellemz\u0151en abb\u00f3l fakadnak, hogy a d\u00f6nt\u00e9s <strong>nem a val\u00f3s haszn\u00e1lati k\u00f6rnyezetb\u0151l indul ki<\/strong>, hanem egy idealiz\u00e1lt k\u00e9pb\u0151l. A <strong>lamin\u00e1lt vagy furn\u00e9ros t\u00e1rgyal\u00f3asztal<\/strong> k\u00e9rd\u00e9s\u00e9ben ez k\u00fcl\u00f6n\u00f6sen gyakran el\u0151fordul vezet\u0151i irod\u00e1k eset\u00e9ben.<\/p>\n\n\n\n<p><strong>Az egyik tipikus hiba a furn\u00e9r t\u00fal\u00e9rt\u00e9kel\u00e9se.<\/strong><\/p>\n\n\n\n<p>A term\u00e9szetes anyaghat\u00e1s sokak sz\u00e1m\u00e1ra automatikusan magasabb preszt\u00edzst jelent, mik\u00f6zben kev\u00e9s figyelem jut arra, hogy a vezet\u0151i t\u00e1rgyal\u00f3asztal a gyakorlatban:<\/p>\n\n\n\n<ul class=\"wp-block-list\">\n<li>rendszeres ig\u00e9nybev\u00e9telnek van kit\u00e9ve,<\/li>\n\n\n\n<li>dokumentumokkal, eszk\u00f6z\u00f6kkel haszn\u00e1lj\u00e1k,<\/li>\n\n\n\n<li>gyakran nem reprezent\u00e1ci\u00f3s, hanem operat\u00edv c\u00e9lokat szolg\u00e1l.<\/li>\n<\/ul>\n\n\n\n<p>Ilyen k\u00f6rnyezetben a furn\u00e9ros fel\u00fclet \u00e9rz\u00e9kenys\u00e9ge hossz\u00fa t\u00e1von kompromisszumokat hozhat, amelyek csak a haszn\u00e1lat sor\u00e1n v\u00e1lnak nyilv\u00e1nval\u00f3v\u00e1.<\/p>\n\n\n\n<p><strong>Gyakori hiba az is, amikor az anyagv\u00e1laszt\u00e1s nincs \u00f6sszhangban a napi m\u0171k\u00f6d\u00e9ssel.<\/strong><\/p>\n\n\n\n<p>Egy vezet\u0151i iroda, ahol a t\u00e1rgyal\u00f3asztal a mindennapi d\u00f6nt\u00e9sek k\u00f6zpontja, m\u00e1s elv\u00e1r\u00e1sokat t\u00e1maszt, mint egy ritk\u00e1n haszn\u00e1lt, reprezentat\u00edv t\u00e9r. Ilyen esetekben a lamin\u00e1lt megold\u00e1s gyakran stabilabb, kisz\u00e1m\u00edthat\u00f3bb v\u00e1laszt\u00e1s, mert jobban toler\u00e1lja a folyamatos haszn\u00e1latot.<\/p>\n\n\n\n<p>El\u0151fordul az is, hogy a d\u00f6nt\u00e9s sor\u00e1n <strong>nem sz\u00e1molnak a hossz\u00fa t\u00e1v\u00fa fenntarthat\u00f3s\u00e1ggal<\/strong>.<\/p>\n\n\n\n<p>A vezet\u0151i t\u00e1rgyal\u00f3asztal nem egyszeri l\u00e1tv\u00e1nyelem, hanem \u00e9vekig haszn\u00e1lt munkaeszk\u00f6z. A <strong>lamin\u00e1lt vagy furn\u00e9ros t\u00e1rgyal\u00f3asztal<\/strong> k\u00f6z\u00f6tti v\u00e1laszt\u00e1sn\u00e1l ez\u00e9rt \u00e9rdemes m\u00e9rlegelni, melyik anyag ig\u00e9nyel kevesebb odafigyel\u00e9st, \u00e9s melyik marad meg eszt\u00e9tikailag is stabil \u00e1llapotban a mindennapi haszn\u00e1lat mellett.<\/p>\n\n\n\n<p>Ezek a hib\u00e1k sok esetben elker\u00fclhet\u0151k lenn\u00e9nek, ha az anyagv\u00e1laszt\u00e1s nem kiz\u00e1r\u00f3lag preszt\u00edzs- vagy eszt\u00e9tikai alapon t\u00f6rt\u00e9nne, hanem a vezet\u0151i iroda val\u00f3s m\u0171k\u00f6d\u00e9s\u00e9hez igazodna. Ebben a megk\u00f6zel\u00edt\u00e9sben a lamin\u00e1lt fel\u00fclet gyakran bizonyul kiegyens\u00falyozottabb d\u00f6nt\u00e9snek, k\u00fcl\u00f6n\u00f6sen akkor, ha a t\u00e1rgyal\u00f3asztal akt\u00edv szerepet t\u00f6lt be a napi munk\u00e1ban.<\/p>\n\n\n\n<h2 class=\"wp-block-heading\"><strong>\u00d6sszefoglal\u00e1s: hogyan \u00e9rdemes d\u00f6nteni a vezet\u0151i irod\u00e1ban?<\/strong><\/h2>\n\n\n\n<p>A vezet\u0151i t\u00e1rgyal\u00f3asztal anyagv\u00e1laszt\u00e1sa akkor lesz hossz\u00fa t\u00e1von is j\u00f3 d\u00f6nt\u00e9s, ha <strong>nem egy ide\u00e1lis elk\u00e9pzel\u00e9sb\u0151l<\/strong>, hanem a val\u00f3s haszn\u00e1latb\u00f3l indul ki. A kor\u00e1bbi szempontok alapj\u00e1n j\u00f3l l\u00e1that\u00f3, hogy a <strong>lamin\u00e1lt vagy furn\u00e9ros t\u00e1rgyal\u00f3asztal<\/strong> k\u00e9rd\u00e9se nem eszt\u00e9tikai rangsorr\u00f3l sz\u00f3l, hanem arr\u00f3l, melyik anyag illeszkedik jobban a vezet\u0151i iroda mindennapi m\u0171k\u00f6d\u00e9s\u00e9hez.<\/p>\n\n\n\n<p>Egy vezet\u0151i irod\u00e1ban az asztal jellemz\u0151en:<\/p>\n\n\n\n<ul class=\"wp-block-list\">\n<li>rendszeres haszn\u00e1latban van,<\/li>\n\n\n\n<li>d\u00f6nt\u00e9si helyzetekhez kapcsol\u00f3dik,<\/li>\n\n\n\n<li>\u00e9s a vezet\u0151 munkaritmus\u00e1nak r\u00e9sze.<\/li>\n<\/ul>\n\n\n\n<p>Ilyen k\u00f6rnyezetben k\u00fcl\u00f6n\u00f6sen fontoss\u00e1 v\u00e1lik a kisz\u00e1m\u00edthat\u00f3s\u00e1g, a tart\u00f3ss\u00e1g \u00e9s az, hogy az asztal <strong>ne ig\u00e9nyeljen folyamatos kompromisszumokat<\/strong> a haszn\u00e1lat sor\u00e1n. Ez az a pont, ahol sok esetben a lamin\u00e1lt fel\u00fclet bizonyul praktikusabb v\u00e1laszt\u00e1snak, mert stabilan teljes\u00edt a napi ig\u00e9nybev\u00e9tel mellett, mik\u00f6zben megjelen\u00e9s\u00e9ben is j\u00f3l illeszthet\u0151 a vezet\u0151i iroda arculat\u00e1hoz.<\/p>\n\n\n\n<p>A furn\u00e9ros megold\u00e1s tov\u00e1bbra is indokolt lehet olyan helyzetekben, ahol a t\u00e1rgyal\u00f3asztal els\u0151sorban reprezent\u00e1ci\u00f3s szerepet t\u00f6lt be, \u00e9s ritk\u00e1bban ker\u00fcl intenz\u00edv haszn\u00e1latba. A d\u00f6nt\u00e9s azonban akkor v\u00e1lik igaz\u00e1n tudatoss\u00e1, ha a vezet\u0151i iroda val\u00f3di szerep\u00e9t, a megbesz\u00e9l\u00e9sek jelleg\u00e9t \u00e9s a hossz\u00fa t\u00e1v\u00fa haszn\u00e1latot egyszerre vessz\u00fck figyelembe.<\/p>\n\n\n\n<p>\u00d6sszess\u00e9g\u00e9ben a <strong>lamin\u00e1lt vagy furn\u00e9ros t\u00e1rgyal\u00f3asztal<\/strong> kiv\u00e1laszt\u00e1sa vezet\u0151i irod\u00e1ban nem egy \u201ejobb\u2013rosszabb\u201d k\u00e9rd\u00e9s, hanem annak m\u00e9rlegel\u00e9se, hogy az adott anyag mennyire t\u00e1mogatja a vezet\u0151 mindennapi munk\u00e1j\u00e1t. Ha a t\u00e1rgyal\u00f3asztal akt\u00edv r\u00e9sze a d\u00f6nt\u00e9shozatalnak, a lamin\u00e1lt fel\u00fclet sok esetben kiegyens\u00falyozottabb, kevesebb kompromisszumot ig\u00e9nyl\u0151 megold\u00e1st jelent.<\/p>\n\n\n\n<h2 class=\"wp-block-heading\"><strong>Milyen k\u00e9rd\u00e9seket \u00e9rdemes feltenni a v\u00e9gs\u0151 d\u00f6nt\u00e9s el\u0151tt?<\/strong><\/h2>\n\n\n\n<p>A vezet\u0151i t\u00e1rgyal\u00f3asztal anyag\u00e1nak kiv\u00e1laszt\u00e1sa akkor v\u00e1lik igaz\u00e1n megalapozott\u00e1, ha a d\u00f6nt\u00e9s el\u0151tt n\u00e9h\u00e1ny kulcsk\u00e9rd\u00e9sre \u0151szint\u00e9n v\u00e1lasz sz\u00fcletik. Ezek a k\u00e9rd\u00e9sek seg\u00edtenek elker\u00fclni az ut\u00f3lagos kompromisszumokat, \u00e9s tiszt\u00e1zni, hogy a <strong>lamin\u00e1lt vagy furn\u00e9ros t\u00e1rgyal\u00f3asztal<\/strong> melyik ir\u00e1nyba illeszkedik jobban a vezet\u0151i iroda m\u0171k\u00f6d\u00e9s\u00e9hez.<\/p>\n\n\n\n<p>\u00c9rdemes v\u00e9giggondolni:<\/p>\n\n\n\n<ul class=\"wp-block-list\">\n<li><strong>Milyen gyakran haszn\u00e1lj\u00e1k a t\u00e1rgyal\u00f3asztalt a mindennapokban?<\/strong> Napi operat\u00edv egyeztet\u00e9sekhez vagy ink\u00e1bb alkalmi, kiemelt megbesz\u00e9l\u00e9sekhez?<\/li>\n\n\n\n<li><strong>Kik vesznek r\u00e9szt jellemz\u0151en a t\u00e1rgyal\u00e1sokon?<\/strong> Bels\u0151 munkat\u00e1rsak, vagy rendszeresen k\u00fcls\u0151 partnerek is?<\/li>\n\n\n\n<li><strong>Milyen szerepet t\u00f6lt be a vezet\u0151i iroda a c\u00e9g m\u0171k\u00f6d\u00e9s\u00e9ben?<\/strong> D\u00f6nt\u00e9si k\u00f6zpontk\u00e9nt funkcion\u00e1l, vagy ink\u00e1bb reprezent\u00e1ci\u00f3s t\u00e9r?<\/li>\n\n\n\n<li><strong>Mennyire fontos a hossz\u00fa t\u00e1v\u00fa probl\u00e9mamentes haszn\u00e1lat?<\/strong> Belef\u00e9r-e az anyag fokozottabb odafigyel\u00e9st ig\u00e9nyl\u0151 kezel\u00e9se?<\/li>\n<\/ul>\n\n\n\n<p>Ezekre a k\u00e9rd\u00e9sekre adott v\u00e1laszok \u00e1ltal\u00e1ban egy\u00e9rtelm\u0171 ir\u00e1nyt mutatnak. Sok vezet\u0151i irod\u00e1ban kider\u00fcl, hogy a t\u00e1rgyal\u00f3asztal akt\u00edv r\u00e9sze a napi munk\u00e1nak, ez\u00e9rt az anyagv\u00e1laszt\u00e1sn\u00e1l a tart\u00f3ss\u00e1g, az egyszer\u0171 haszn\u00e1lat \u00e9s a kisz\u00e1m\u00edthat\u00f3s\u00e1g ker\u00fcl el\u0151t\u00e9rbe. Ilyen helyzetekben a lamin\u00e1lt megold\u00e1s gyakran bizonyul praktikusabb \u00e9s hossz\u00fa t\u00e1von kiegyens\u00falyozottabb d\u00f6nt\u00e9snek.<\/p>\n\n\n\n<p>A l\u00e9nyeg nem az, hogy \u201ej\u00f3\u201d vagy \u201erossz\u201d anyagot v\u00e1lasszunk, hanem az, hogy a vezet\u0151i t\u00e1rgyal\u00f3asztal <strong>val\u00f3ban t\u00e1mogassa azt a munk\u00e1t \u00e9s d\u00f6nt\u00e9si k\u00f6rnyezetet<\/strong>, amelyben nap mint nap haszn\u00e1lj\u00e1k. Ha ez a szempont vez\u00e9rli a d\u00f6nt\u00e9st, az anyagv\u00e1laszt\u00e1s nem kompromisszum, hanem tudatos eszk\u00f6z lesz a vezet\u0151i iroda m\u0171k\u00f6d\u00e9s\u00e9ben.<\/p>\n\n\n\n<p><\/p>\n","protected":false},"excerpt":{"rendered":"<p>A lamin\u00e1lt vagy furn\u00e9ros t\u00e1rgyal\u00f3asztal? k\u00e9rd\u00e9s sok vezet\u0151i irod\u00e1ban felmer\u00fcl, amikor a megjelen\u00e9s \u00e9s a mindennapi haszn\u00e1lhat\u00f3s\u00e1g egyszerre v\u00e1lik fontoss\u00e1. Az anyagv\u00e1laszt\u00e1s ilyenkor nem puszt\u00e1n eszt\u00e9tikai d\u00f6nt\u00e9s, hanem hossz\u00fa t\u00e1v\u00fa hat\u00e1ssal van az iroda m\u0171k\u00f6d\u00e9s\u00e9re, a megbesz\u00e9l\u00e9sek komfortj\u00e1ra \u00e9s a vezet\u0151i t\u00e9r \u00f6sszk\u00e9p\u00e9re is. Egy vezet\u0151i t\u00e1rgyal\u00f3asztal fel\u00fclete meghat\u00e1rozza, hogyan viselkedik az asztal a napi &#8230; <a title=\"Lamin\u00e1lt vagy furn\u00e9ros t\u00e1rgyal\u00f3asztal? Anyagv\u00e1laszt\u00e1s vezet\u0151i irod\u00e1ba\" class=\"read-more\" href=\"https:\/\/www.bathori.hu\/blog\/laminalt-vagy-furneros-targyaloasztal\/\" aria-label=\"Read more about Lamin\u00e1lt vagy furn\u00e9ros t\u00e1rgyal\u00f3asztal? Anyagv\u00e1laszt\u00e1s vezet\u0151i irod\u00e1ba\">Olvass tov\u00e1bb<\/a><\/p>\n","protected":false},"author":1,"featured_media":0,"comment_status":"closed","ping_status":"closed","sticky":false,"template":"","format":"standard","meta":{"footnotes":""},"categories":[26],"tags":[],"class_list":["post-1644","post","type-post","status-publish","format-standard","hentry","category-vezetoi-targyaloasztal"],"_links":{"self":[{"href":"https:\/\/www.bathori.hu\/blog\/wp-json\/wp\/v2\/posts\/1644","targetHints":{"allow":["GET"]}}],"collection":[{"href":"https:\/\/www.bathori.hu\/blog\/wp-json\/wp\/v2\/posts"}],"about":[{"href":"https:\/\/www.bathori.hu\/blog\/wp-json\/wp\/v2\/types\/post"}],"author":[{"embeddable":true,"href":"https:\/\/www.bathori.hu\/blog\/wp-json\/wp\/v2\/users\/1"}],"replies":[{"embeddable":true,"href":"https:\/\/www.bathori.hu\/blog\/wp-json\/wp\/v2\/comments?post=1644"}],"version-history":[{"count":1,"href":"https:\/\/www.bathori.hu\/blog\/wp-json\/wp\/v2\/posts\/1644\/revisions"}],"predecessor-version":[{"id":1645,"href":"https:\/\/www.bathori.hu\/blog\/wp-json\/wp\/v2\/posts\/1644\/revisions\/1645"}],"wp:attachment":[{"href":"https:\/\/www.bathori.hu\/blog\/wp-json\/wp\/v2\/media?parent=1644"}],"wp:term":[{"taxonomy":"category","embeddable":true,"href":"https:\/\/www.bathori.hu\/blog\/wp-json\/wp\/v2\/categories?post=1644"},{"taxonomy":"post_tag","embeddable":true,"href":"https:\/\/www.bathori.hu\/blog\/wp-json\/wp\/v2\/tags?post=1644"}],"curies":[{"name":"wp","href":"https:\/\/api.w.org\/{rel}","templated":true}]}}