{"id":1641,"date":"2026-03-06T08:15:00","date_gmt":"2026-03-06T06:15:00","guid":{"rendered":"https:\/\/www.bathori.hu\/blog\/?p=1641"},"modified":"2026-03-06T09:32:07","modified_gmt":"2026-03-06T07:32:07","slug":"vezetoi-targyaloasztal-kivalasztasa","status":"publish","type":"post","link":"https:\/\/www.bathori.hu\/blog\/vezetoi-targyaloasztal-kivalasztasa\/","title":{"rendered":"Vezet\u0151i t\u00e1rgyal\u00f3asztal kiv\u00e1laszt\u00e1sa vezet\u0151i irod\u00e1ba: mire \u00e9rdemes figyelni?"},"content":{"rendered":"\n<p><strong>A vezet\u0151i t\u00e1rgyal\u00f3asztal a vezet\u0151i iroda egyik legmeghat\u00e1roz\u00f3bb b\u00fatoreleme.<\/strong> Nem csup\u00e1n egy fel\u00fclet a megbesz\u00e9l\u00e9sekhez, hanem egy olyan k\u00f6zponti pont, amely befoly\u00e1solja a t\u00e1rgyal\u00e1sok dinamik\u00e1j\u00e1t, a vezet\u0151i munkast\u00edlust \u00e9s az iroda \u00f6sszk\u00e9p\u00e9t is.<\/p>\n\n\n\n<p>A d\u00f6nt\u00e9s sokszor az\u00e9rt v\u00e1lik bizonytalann\u00e1, mert egy vezet\u0151i irod\u00e1ban elt\u00e9r\u0151 elv\u00e1r\u00e1sok tal\u00e1lkoznak. M\u00e1s szempontok sz\u00e1m\u00edtanak egy gyors bels\u0151 egyeztet\u00e9sn\u00e9l, mint egy strat\u00e9giai megbesz\u00e9l\u00e9sn\u00e9l vagy egy partneri t\u00e1rgyal\u00e1sn\u00e1l. Egy t\u00fal hangs\u00falyos, l\u00e1tv\u00e1nyos asztal akad\u00e1lyozhatja a mindennapi haszn\u00e1latot, m\u00edg egy kiz\u00e1r\u00f3lag praktikus megold\u00e1s nem mindig t\u00fckr\u00f6zi azt a st\u00e1tuszt \u00e9s szerepet, amelyet egy vezet\u0151i iroda k\u00e9pvisel.<\/p>\n\n\n\n<p><strong>A vezet\u0151i t\u00e1rgyal\u00f3asztal kiv\u00e1laszt\u00e1sa vezet\u0151i irod\u00e1ba<\/strong> ez\u00e9rt nem sablonos d\u00f6nt\u00e9s. \u00c9rdemes \u00e1tgondolni, hogyan \u00e9s milyen gyakran ker\u00fcl haszn\u00e1latra az asztal, kik vesznek r\u00e9szt a megbesz\u00e9l\u00e9seken, \u00e9s milyen szerepet t\u00f6lt be az iroda a c\u00e9g m\u0171k\u00f6d\u00e9s\u00e9ben. Ezek a k\u00e9rd\u00e9sek seg\u00edtenek abban, hogy az asztal ne csak eszt\u00e9tikailag illeszkedjen a t\u00e9rhez, hanem hossz\u00fa t\u00e1von is t\u00e1mogassa a vezet\u0151 mindennapi munk\u00e1j\u00e1t.<\/p>\n\n\n\n<h2 class=\"wp-block-heading\"><strong>Mi\u00e9rt nem egyszer\u0171 d\u00f6nt\u00e9s a vezet\u0151i t\u00e1rgyal\u00f3asztal kiv\u00e1laszt\u00e1sa?<\/strong><\/h2>\n\n\n\n<p>A vezet\u0151i t\u00e1rgyal\u00f3asztal kiv\u00e1laszt\u00e1sa az\u00e9rt jelent komoly d\u00f6nt\u00e9si helyzetet, mert <strong>nem egyetlen funkci\u00f3t szolg\u00e1l<\/strong>, hanem egyszerre t\u00f6bb szerepet t\u00f6lt be a vezet\u0151i irod\u00e1ban. Ez az a b\u00fatorelem, amely egyszerre van jelen a mindennapi munk\u00e1ban \u00e9s a kiemelt jelent\u0151s\u00e9g\u0171 megbesz\u00e9l\u00e9seken.<\/p>\n\n\n\n<p><strong>Egy vezet\u0151i iroda nem klasszikus t\u00e1rgyal\u00f3terem.<\/strong><\/p>\n\n\n\n<p>Itt az asztal gyakran a vezet\u0151 k\u00f6zvetlen munkak\u00f6rnyezet\u00e9nek r\u00e9sze, ez\u00e9rt m\u00e1s elv\u00e1r\u00e1sok vonatkoznak r\u00e1, mint egy dedik\u00e1lt t\u00e1rgyal\u00f3helyis\u00e9gben. A d\u00f6nt\u00e9s \u00edgy nem v\u00e1laszthat\u00f3 el a vezet\u0151 munkast\u00edlus\u00e1t\u00f3l \u00e9s az iroda szerep\u00e9t\u0151l.<\/p>\n\n\n\n<p>Gyakori kiindul\u00f3pont a <strong>megjelen\u00e9s k\u00e9rd\u00e9se<\/strong>.<\/p>\n\n\n\n<p>Egy vezet\u0151i iroda vizu\u00e1lisan is \u00fczenetet k\u00f6zvet\u00edt, ez\u00e9rt term\u00e9szetes ig\u00e9ny, hogy a t\u00e1rgyal\u00f3asztal:<\/p>\n\n\n\n<ul class=\"wp-block-list\">\n<li>illeszkedjen a t\u00e9r preszt\u00edzs\u00e9hez,<\/li>\n\n\n\n<li>t\u00e1mogassa a vezet\u0151i st\u00e1tuszt,<\/li>\n\n\n\n<li>\u00f6sszhangban legyen a v\u00e1llalati arculattal.<\/li>\n<\/ul>\n\n\n\n<p>Ugyanakkor <strong>egy kiz\u00e1r\u00f3lag eszt\u00e9tikai alapon meghozott d\u00f6nt\u00e9s<\/strong> a mindennapi haszn\u00e1lat sor\u00e1n k\u00f6nnyen kompromisszumokat eredm\u00e9nyezhet.<\/p>\n\n\n\n<p>A m\u00e1sik v\u00e9glet a <strong>kiz\u00e1r\u00f3lag funkcion\u00e1lis megk\u00f6zel\u00edt\u00e9s<\/strong>.<\/p>\n\n\n\n<p>Ebben az esetben az asztal m\u00e9rete, ergon\u00f3mi\u00e1ja \u00e9s praktikus haszn\u00e1lata ker\u00fcl el\u0151t\u00e9rbe, mik\u00f6zben h\u00e1tt\u00e9rbe szorul az a reprezent\u00e1ci\u00f3s szerep, amelyet egy vezet\u0151i iroda bet\u00f6lt. Ez hat\u00e9kony lehet operat\u00edv szempontb\u00f3l, de nem minden helyzetben szolg\u00e1lja a vezet\u0151i kommunik\u00e1ci\u00f3t \u00e9s jelenl\u00e9tet.<\/p>\n\n\n\n<p>A d\u00f6nt\u00e9st tov\u00e1bb bonyol\u00edtja, hogy a vezet\u0151i t\u00e1rgyal\u00f3asztalt <strong>t\u00f6bbf\u00e9le helyzetben haszn\u00e1lj\u00e1k<\/strong>:<\/p>\n\n\n\n<ul class=\"wp-block-list\">\n<li>r\u00f6vid bels\u0151 egyeztet\u00e9sekhez,<\/li>\n\n\n\n<li>strat\u00e9giai megbesz\u00e9l\u00e9sekhez,<\/li>\n\n\n\n<li>partneri t\u00e1rgyal\u00e1sokhoz.<\/li>\n<\/ul>\n\n\n\n<p>Ezek elt\u00e9r\u0151 elv\u00e1r\u00e1sokat t\u00e1masztanak, ez\u00e9rt a kiv\u00e1laszt\u00e1s sor\u00e1n <strong>nem egyetlen ide\u00e1lis forgat\u00f3k\u00f6nyvre<\/strong>, hanem a k\u00fcl\u00f6nb\u00f6z\u0151 haszn\u00e1lati m\u00f3dok k\u00f6z\u00f6tti <strong>egyens\u00falyra<\/strong> kell t\u00f6rekedni.<\/p>\n\n\n\n<h2 class=\"wp-block-heading\"><strong>Milyen szerepet t\u00f6lt be a vezet\u0151i t\u00e1rgyal\u00f3asztal kiv\u00e1laszt\u00e1sa vezet\u0151i irod\u00e1ba?<\/strong><\/h2>\n\n\n\n<p>A vezet\u0151i t\u00e1rgyal\u00f3asztal szerepe j\u00f3val \u00f6sszetettebb ann\u00e1l, mint hogy \u201ehol \u00fclnek le megbesz\u00e9lni\u201d. Egy vezet\u0151i irod\u00e1ban az asztal <strong>nem elk\u00fcl\u00f6n\u00fclt funkci\u00f3<\/strong>, hanem a t\u00e9r egyik akt\u00edv eleme, amely hat\u00e1ssal van a munkav\u00e9gz\u00e9s ritmus\u00e1ra \u00e9s a kommunik\u00e1ci\u00f3 m\u00f3dj\u00e1ra is.<\/p>\n\n\n\n<p><strong>A vezet\u0151i iroda jellemz\u0151en t\u00f6bb funkci\u00f3t l\u00e1t el egyszerre.<\/strong><\/p>\n\n\n\n<p>Nemcsak t\u00e1rgyal\u00e1sok helysz\u00edne, hanem:<\/p>\n\n\n\n<ul class=\"wp-block-list\">\n<li>napi operat\u00edv egyeztet\u00e9sek tere,<\/li>\n\n\n\n<li>strat\u00e9giai d\u00f6nt\u00e9sek sz\u00edntere,<\/li>\n\n\n\n<li>sok esetben partneri fogad\u00e1sok helye is.<\/li>\n<\/ul>\n\n\n\n<p>Ez azt jelenti, hogy a vezet\u0151i t\u00e1rgyal\u00f3asztal kiv\u00e1laszt\u00e1sa vezet\u0151i irod\u00e1ba mindig a haszn\u00e1lati k\u00f6rnyezetb\u0151l indul ki, nem \u00f6n\u00e1ll\u00f3 b\u00fatord\u00f6nt\u00e9sk\u00e9nt kezelend\u0151.<\/p>\n\n\n\n<p>Fontos k\u00fcl\u00f6nbs\u00e9g, hogy egy vezet\u0151i irod\u00e1ban a t\u00e1rgyal\u00f3asztal <strong>nem \u201ealkalmi b\u00fator\u201d<\/strong>.<\/p>\n\n\n\n<p>Gyakran:<\/p>\n\n\n\n<ul class=\"wp-block-list\">\n<li>a vezet\u0151 k\u00f6zvetlen k\u00f6zel\u00e9ben helyezkedik el,<\/li>\n\n\n\n<li>folyamatosan l\u00e1that\u00f3,<\/li>\n\n\n\n<li>a t\u00e9r vizu\u00e1lis s\u00falypontj\u00e1t adja.<\/li>\n<\/ul>\n\n\n\n<p>Ez\u00e9rt az asztal nemcsak funkcion\u00e1lisan, hanem <strong>t\u00e9rszervez\u00e9si szempontb\u00f3l<\/strong> is meghat\u00e1roz\u00f3. Egy rosszul elhelyezett vagy ar\u00e1nyaiban nem megfelel\u0151 asztal k\u00f6nnyen elbillentheti az iroda egyens\u00faly\u00e1t, m\u00e9g akkor is, ha \u00f6nmag\u00e1ban k\u00e9nyelmes vagy eszt\u00e9tikus.<\/p>\n\n\n\n<p>A szerepk\u00f6r tiszt\u00e1z\u00e1sa abban is seg\u00edt, hogy elker\u00fclhet\u0151 legyen a t\u00fal- vagy alultervez\u00e9s. Ha a vezet\u0151i t\u00e1rgyal\u00f3asztalt els\u0151sorban r\u00f6vid egyeztet\u00e9sekhez haszn\u00e1lj\u00e1k, m\u00e1s hangs\u00falyok ker\u00fclnek el\u0151t\u00e9rbe, mint egy olyan irod\u00e1ban, ahol rendszeresen zajlanak hosszabb strat\u00e9giai megbesz\u00e9l\u00e9sek. A vezet\u0151i t\u00e1rgyal\u00f3asztal kiv\u00e1laszt\u00e1sa vezet\u0151i irod\u00e1ba ez\u00e9rt mindig azzal a k\u00e9rd\u00e9ssel kezd\u0151dik, <strong>milyen helyzetekben \u00e9s milyen gyakran ker\u00fcl val\u00f3ban haszn\u00e1latba<\/strong>.<\/p>\n\n\n\n<h2 class=\"wp-block-heading\"><strong>Mikor ker\u00fcl el\u0151t\u00e9rbe a design egy vezet\u0151i t\u00e1rgyal\u00f3asztaln\u00e1l?<\/strong><\/h2>\n\n\n\n<p>A design szerepe akkor v\u00e1lik hangs\u00falyoss\u00e1, amikor a vezet\u0151i iroda <strong>nemcsak munkat\u00e9rk\u00e9nt<\/strong>, hanem <strong>kommunik\u00e1ci\u00f3s eszk\u00f6zk\u00e9nt<\/strong> is m\u0171k\u00f6dik. Egy vezet\u0151i t\u00e1rgyal\u00f3asztal ilyenkor nem puszt\u00e1n kiszolg\u00e1lja a megbesz\u00e9l\u00e9seket, hanem <strong>vizu\u00e1lisan is \u00fczenetet k\u00f6zvet\u00edt<\/strong> a r\u00e9sztvev\u0151k fel\u00e9.<\/p>\n\n\n\n<p><strong>Reprezent\u00e1ci\u00f3s helyzetekben a megjelen\u00e9s meghat\u00e1roz\u00f3.<\/strong><\/p>\n\n\n\n<p>Ha az irod\u00e1ban rendszeresen fogadnak:<\/p>\n\n\n\n<ul class=\"wp-block-list\">\n<li>\u00fczleti partnereket,<\/li>\n\n\n\n<li>kiemelt \u00fcgyfeleket,<\/li>\n\n\n\n<li>strat\u00e9giai egy\u00fcttm\u0171k\u00f6d\u0151ket,<\/li>\n<\/ul>\n\n\n\n<p>akkor a t\u00e1rgyal\u00f3asztal megjelen\u00e9se tudatosan form\u00e1lja az els\u0151 benyom\u00e1st. Az anyaghaszn\u00e1lat, az ar\u00e1nyok \u00e9s a forma ilyenkor a c\u00e9g stabilit\u00e1s\u00e1t, ig\u00e9nyess\u00e9g\u00e9t \u00e9s d\u00f6nt\u00e9si kult\u00far\u00e1j\u00e1t is t\u00fckr\u00f6zik.<\/p>\n\n\n\n<p>A design el\u0151t\u00e9rbe ker\u00fcl akkor is, amikor a vezet\u0151i iroda <strong>st\u00e1tuszszimb\u00f3lumk\u00e9nt<\/strong> funkcion\u00e1l.<\/p>\n\n\n\n<p>Egy karakteres, j\u00f3l megv\u00e1lasztott t\u00e1rgyal\u00f3asztal:<\/p>\n\n\n\n<ul class=\"wp-block-list\">\n<li>er\u0151s\u00edtheti a vezet\u0151i jelenl\u00e9tet,<\/li>\n\n\n\n<li>seg\u00edthet kijel\u00f6lni a t\u00e1rgyal\u00e1s hierarchi\u00e1j\u00e1t,<\/li>\n\n\n\n<li>t\u00e1mogathatja a magabiztos kommunik\u00e1ci\u00f3t.<\/li>\n<\/ul>\n\n\n\n<p>Fontos azonban, hogy a design ebben az esetben <strong>ne \u00f6nc\u00e9l\u00fa legyen<\/strong>. Egy t\u00falzottan hangs\u00falyos forma, szokatlan l\u00e1bszerkezet vagy domin\u00e1ns anyaghaszn\u00e1lat k\u00f6nnyen elvonhatja a figyelmet a megbesz\u00e9l\u00e9s val\u00f3di c\u00e9lj\u00e1r\u00f3l. A j\u00f3l m\u0171k\u00f6d\u0151 vezet\u0151i t\u00e1rgyal\u00f3asztal designja nem uralja a teret, hanem <strong>finoman ir\u00e1ny\u00edtja a figyelmet<\/strong>.<\/p>\n\n\n\n<p>A design akkor m\u0171k\u00f6dik igaz\u00e1n j\u00f3l, ha <strong>\u00f6sszhangban van az iroda eg\u00e9sz\u00e9vel<\/strong>.<\/p>\n\n\n\n<p>Egy vezet\u0151i irod\u00e1ban a t\u00e1rgyal\u00f3asztal nem k\u00fcl\u00f6n\u00e1ll\u00f3 elem, hanem a t\u00e9r r\u00e9sze, ez\u00e9rt:<\/p>\n\n\n\n<ul class=\"wp-block-list\">\n<li>illeszkednie kell az \u00edr\u00f3asztalhoz,<\/li>\n\n\n\n<li>harmoniz\u00e1lnia kell a t\u00e1rol\u00f3kkal,<\/li>\n\n\n\n<li>\u00e9s ar\u00e1nyaiban k\u00f6vetnie kell a helyis\u00e9g m\u00e9reteit.<\/li>\n<\/ul>\n\n\n\n<p>Ilyen k\u00f6rnyezetben a design nem v\u00e1lik t\u00falz\u00f3v\u00e1, hanem <strong>t\u00e1mogatja azt a k\u00e9pet<\/strong>, amelyet a vezet\u0151i iroda k\u00f6zvet\u00edteni szeretne.<\/p>\n\n\n\n<h2 class=\"wp-block-heading\"><strong>Mikor v\u00e1lik meghat\u00e1roz\u00f3v\u00e1 a funkcionalit\u00e1s?<\/strong><\/h2>\n\n\n\n<p>A funkcionalit\u00e1s akkor ker\u00fcl el\u0151t\u00e9rbe, amikor a vezet\u0151i t\u00e1rgyal\u00f3asztal <strong>nem alkalmi haszn\u00e1latra<\/strong>, hanem a mindennapi munkav\u00e9gz\u00e9s r\u00e9szek\u00e9nt m\u0171k\u00f6dik. Sok vezet\u0151i irod\u00e1ban az asztal rendszeresen szolg\u00e1l r\u00f6vid egyeztet\u00e9sek, bels\u0151 megbesz\u00e9l\u00e9sek vagy gyors d\u00f6nt\u00e9si helyzetek helysz\u00ednek\u00e9nt, ahol a k\u00e9nyelmes \u00e9s hat\u00e9kony haszn\u00e1lat els\u0151dleges szempont.<\/p>\n\n\n\n<p><strong>A mindennapi haszn\u00e1lat gyorsan megmutatja a hi\u00e1nyoss\u00e1gokat.<\/strong><\/p>\n\n\n\n<p>Egy l\u00e1tv\u00e1nyos, de funkcion\u00e1lisan \u00e1tgondolatlan t\u00e1rgyal\u00f3asztal eset\u00e9n hamar el\u0151t\u00e9rbe ker\u00fclhetnek olyan probl\u00e9m\u00e1k, mint:<\/p>\n\n\n\n<ul class=\"wp-block-list\">\n<li>sz\u0171k\u00f6s l\u00e1bt\u00e9r,<\/li>\n\n\n\n<li>k\u00e9nyelmetlen \u00fcl\u00e9srend,<\/li>\n\n\n\n<li>nehezen kezelhet\u0151 m\u00e9ret vagy elhelyez\u00e9s.<\/li>\n<\/ul>\n\n\n\n<p>Ezek a t\u00e9nyez\u0151k r\u00f6vid id\u0151n bel\u00fcl rontj\u00e1k a megbesz\u00e9l\u00e9sek hat\u00e9konys\u00e1g\u00e1t, m\u00e9g akkor is, ha az asztal eszt\u00e9tikailag kifog\u00e1stalan.<\/p>\n\n\n\n<p>A funkcionalit\u00e1s k\u00fcl\u00f6n\u00f6sen fontos, amikor a vezet\u0151i t\u00e1rgyal\u00f3asztal <strong>t\u00f6bbf\u00e9le feladatot l\u00e1t el<\/strong>.<\/p>\n\n\n\n<p>Egy vezet\u0151i irod\u00e1ban gyakran el\u0151fordul, hogy az asztal:<\/p>\n\n\n\n<ul class=\"wp-block-list\">\n<li>egyszerre szolg\u00e1l egyeztet\u00e9sekhez \u00e9s munkafel\u00fcletk\u00e9nt,<\/li>\n\n\n\n<li>alkalmas kell legyen technikai eszk\u00f6z\u00f6k haszn\u00e1lat\u00e1ra,<\/li>\n\n\n\n<li>alkalmazkodik a r\u00e9sztvev\u0151k sz\u00e1m\u00e1hoz \u00e9s a megbesz\u00e9l\u00e9sek jelleg\u00e9hez.<\/li>\n<\/ul>\n\n\n\n<p>Ilyen esetekben a m\u00e9ret, az ar\u00e1nyok \u00e9s az ergon\u00f3mia hat\u00e1rozz\u00e1k meg, mennyire v\u00e1lik az asztal val\u00f3di munkaeszk\u00f6zz\u00e9.<\/p>\n\n\n\n<p>A funkcionalit\u00e1s el\u0151t\u00e9rbe ker\u00fcl akkor is, amikor a vezet\u0151i iroda <strong>operat\u00edv k\u00f6zpontk\u00e9nt<\/strong> m\u0171k\u00f6dik.<\/p>\n\n\n\n<p>Ha a d\u00f6nt\u00e9sek jelent\u0151s r\u00e9sze itt sz\u00fcletik, a t\u00e1rgyal\u00f3asztalnak t\u00e1mogatnia kell:<\/p>\n\n\n\n<ul class=\"wp-block-list\">\n<li>a gyors inform\u00e1ci\u00f3megoszt\u00e1st,<\/li>\n\n\n\n<li>az \u00e1tl\u00e1that\u00f3 elrendez\u00e9st,<\/li>\n\n\n\n<li>a k\u00e9nyelmes, fesz\u00fclts\u00e9gmentes kommunik\u00e1ci\u00f3t.<\/li>\n<\/ul>\n\n\n\n<p>Ebben az esetben a t\u00falzottan hangs\u00falyos design k\u00f6nnyen akad\u00e1lly\u00e1 v\u00e1lhat, m\u00edg egy visszafogottabb, j\u00f3l \u00e1tgondolt megold\u00e1s hossz\u00fa t\u00e1von hat\u00e9konyabb m\u0171k\u00f6d\u00e9st biztos\u00edt.<\/p>\n\n\n\n<h2 class=\"wp-block-heading\"><strong>Hogyan lehet eld\u00f6nteni, melyik szempont a fontosabb?<\/strong><\/h2>\n\n\n\n<p>A d\u00f6nt\u00e9s akkor v\u00e1lik egyszer\u0171bb\u00e9, amikor a vezet\u0151i t\u00e1rgyal\u00f3asztalt <strong>nem \u00f6nmag\u00e1ban<\/strong>, hanem a haszn\u00e1lati k\u00f6rnyezet\u00e9vel egy\u00fctt vizsg\u00e1ljuk. Ilyenkor nem a design \u00e9s a funkcionalit\u00e1s \u201eversenyez\u201d, hanem az der\u00fcl ki, hogy <strong>melyik szempontnak kell nagyobb s\u00falyt kapnia<\/strong> az adott vezet\u0151i irod\u00e1ban.<\/p>\n\n\n\n<p><strong>Az els\u0151 l\u00e9p\u00e9s mindig a haszn\u00e1lat tiszt\u00e1z\u00e1sa.<\/strong><\/p>\n\n\n\n<p>\u00c9rdemes v\u00e9giggondolni:<\/p>\n\n\n\n<ul class=\"wp-block-list\">\n<li>milyen gyakran ker\u00fcl haszn\u00e1latba a t\u00e1rgyal\u00f3asztal,<\/li>\n\n\n\n<li>milyen hossz\u00fas\u00e1g\u00fa megbesz\u00e9l\u00e9sek zajlanak k\u00f6r\u00fcl\u00f6tte,<\/li>\n\n\n\n<li>ink\u00e1bb bels\u0151 egyeztet\u00e9sekre vagy k\u00fcls\u0151 t\u00e1rgyal\u00e1sokra szolg\u00e1l.<\/li>\n<\/ul>\n\n\n\n<p>Ha az asztal napi szinten m\u0171k\u00f6dik munkaeszk\u00f6zk\u00e9nt, a funkcionalit\u00e1s term\u00e9szetesen nagyobb hangs\u00falyt kap. Ha viszont ritk\u00e1bban, de kiemelt helyzetekben haszn\u00e1lj\u00e1k, a megjelen\u00e9s szerepe er\u0151s\u00f6dik.<\/p>\n\n\n\n<p><strong>Fontos szempont, hogy kik \u00fclnek le az asztalhoz.<\/strong><\/p>\n\n\n\n<p>M\u00e1s elv\u00e1r\u00e1sok \u00e9rv\u00e9nyes\u00fclnek akkor, ha:<\/p>\n\n\n\n<ul class=\"wp-block-list\">\n<li>jellemz\u0151en bels\u0151 munkat\u00e1rsak vesznek r\u00e9szt a megbesz\u00e9l\u00e9seken,<\/li>\n\n\n\n<li>vagy rendszeresen k\u00fcls\u0151 partnerek, \u00fcgyfelek \u00e9rkeznek.<\/li>\n<\/ul>\n\n\n\n<p>A r\u00e9sztvev\u0151k k\u00f6re nagyban befoly\u00e1solja, hogy a t\u00e1rgyal\u00f3asztal ink\u00e1bb operat\u00edv vagy reprezent\u00e1ci\u00f3s funkci\u00f3t t\u00f6lt-e be.<\/p>\n\n\n\n<p>A d\u00f6nt\u00e9st seg\u00edti az is, ha tiszt\u00e1zzuk, <strong>milyen szerepet t\u00f6lt be maga a vezet\u0151i iroda<\/strong>.<\/p>\n\n\n\n<p>Egy olyan t\u00e9rben, amely a c\u00e9g \u201earca\u201d, a design nagyobb jelent\u0151s\u00e9get kap. Egy olyan irod\u00e1ban viszont, amely els\u0151sorban a d\u00f6nt\u00e9shozatal csendes k\u00f6zpontja, a praktikus haszn\u00e1lat ker\u00fcl el\u0151t\u00e9rbe.<\/p>\n\n\n\n<p>A legjobb eredm\u00e9ny \u00e1ltal\u00e1ban akkor sz\u00fcletik meg, amikor <strong>nem kiz\u00e1r\u00f3lag egyik vagy m\u00e1sik szempont ment\u00e9n d\u00f6nt\u00fcnk<\/strong>. A vezet\u0151i t\u00e1rgyal\u00f3asztal kiv\u00e1laszt\u00e1sa vezet\u0151i irod\u00e1ba sok esetben azt jelenti, hogy tudatosan meghat\u00e1rozzuk az ar\u00e1nyokat: mely elemekn\u00e9l enged\u00fcnk a design ir\u00e1ny\u00e1ba, \u00e9s hol ragaszkodunk a funkcionalit\u00e1shoz. Ez az egyens\u00faly az, amely hossz\u00fa t\u00e1von is j\u00f3l m\u0171k\u00f6d\u0151 d\u00f6nt\u00e9st eredm\u00e9nyez.<\/p>\n\n\n\n<p>A d\u00f6nt\u00e9s sor\u00e1n sokat seg\u00edthet, ha a szempontokat egy \u00e1tfog\u00f3bb kontextusban is v\u00e9giggondolja, ez\u00e9rt \u00e9rdemes \u00e1ttekinteni a \u201e<a href=\"https:\/\/www.bathori.hu\/blog\/vezetoi-targyaloasztalok-es-targyaloterek\" data-type=\"link\" data-id=\"https:\/\/www.bathori.hu\/blog\/vezetoi-targyaloasztalok-es-targyaloterek\">vezet\u0151i t\u00e1rgyal\u00f3asztalok \u00e1tfog\u00f3 \u00fatmutat\u00f3ja<\/a>\u201d c\u00edm\u0171 \u00f6sszefoglal\u00f3 cikket is, amely r\u00e9szletesebben bemutatja a k\u00fcl\u00f6nb\u00f6z\u0151 kialak\u00edt\u00e1sokat \u00e9s haszn\u00e1lati helyzeteket.<\/p>\n\n\n\n<h2 class=\"wp-block-heading\"><strong>Gyakori hib\u00e1k vezet\u0151i t\u00e1rgyal\u00f3asztal v\u00e1laszt\u00e1sakor<\/strong><\/h2>\n\n\n\n<p>A hib\u00e1k t\u00f6bbs\u00e9ge abb\u00f3l fakad, hogy a d\u00f6nt\u00e9s sor\u00e1n <strong>nem a val\u00f3s haszn\u00e1lati helyzetekb\u0151l indulnak ki<\/strong>. A vezet\u0151i t\u00e1rgyal\u00f3asztal kiv\u00e1laszt\u00e1sa vezet\u0151i irod\u00e1ba sokszor t\u00fal gyorsan, egyetlen domin\u00e1ns szempont alapj\u00e1n t\u00f6rt\u00e9nik, mik\u00f6zben a t\u00e9r \u00f6sszetettebb szerepet t\u00f6lt be.<\/p>\n\n\n\n<p><strong>Az egyik leggyakoribb hiba a t\u00falzott designk\u00f6zpont\u00fa d\u00f6nt\u00e9s.<\/strong><\/p>\n\n\n\n<p>Ilyenkor az asztal l\u00e1tv\u00e1nyos, karakteres megjelen\u00e9se ker\u00fcl el\u0151t\u00e9rbe, mik\u00f6zben h\u00e1tt\u00e9rbe szorul a mindennapi haszn\u00e1lhat\u00f3s\u00e1g. Ez r\u00f6vid t\u00e1von er\u0151s benyom\u00e1st kelt, hosszabb t\u00e1von azonban:<\/p>\n\n\n\n<ul class=\"wp-block-list\">\n<li>k\u00e9nyelmetlen \u00fcl\u00e9shelyzeteket eredm\u00e9nyezhet,<\/li>\n\n\n\n<li>korl\u00e1tozhatja a megbesz\u00e9l\u00e9sek rugalmass\u00e1g\u00e1t,<\/li>\n\n\n\n<li>\u00e9s felesleges kompromisszumokra k\u00e9nyszer\u00edtheti a vezet\u0151t.<\/li>\n<\/ul>\n\n\n\n<p>A m\u00e1sik v\u00e9glet a <strong>kiz\u00e1r\u00f3lag funkcion\u00e1lis szeml\u00e9let<\/strong>.<\/p>\n\n\n\n<p>Ebben az esetben a vezet\u0151i t\u00e1rgyal\u00f3asztal kiv\u00e1laszt\u00e1sa vezet\u0151i irod\u00e1ba puszt\u00e1n technikai k\u00e9rd\u00e9ss\u00e9 v\u00e1lik, mik\u00f6zben az iroda reprezent\u00e1ci\u00f3s szerepe teljesen h\u00e1tt\u00e9rbe szorul. Az \u00edgy sz\u00fcletett d\u00f6nt\u00e9sek ugyan praktikusak lehetnek, de nem mindig t\u00e1mogatj\u00e1k azt a vezet\u0151i jelenl\u00e9tet \u00e9s kommunik\u00e1ci\u00f3t, amelyet egy ilyen t\u00e9rnek k\u00f6zvet\u00edtenie kell.<\/p>\n\n\n\n<p>Gyakori hiba az is, amikor <strong>nem a vezet\u0151i iroda adotts\u00e1gaihoz igaz\u00edtj\u00e1k az asztalt<\/strong>.<\/p>\n\n\n\n<p>Egy t\u00fal nagy t\u00e1rgyal\u00f3asztal zs\u00fafoltt\u00e1 teheti a teret, m\u00edg egy alulm\u00e9retezett megold\u00e1s ar\u00e1nytalann\u00e1 v\u00e1lhat. A vezet\u0151i t\u00e1rgyal\u00f3asztal kiv\u00e1laszt\u00e1sa vezet\u0151i irod\u00e1ba mindig a helyis\u00e9g m\u00e9reteib\u0151l, elrendez\u00e9s\u00e9b\u0151l \u00e9s a t\u00f6bbi b\u00fatorelemb\u0151l kell, hogy kiinduljon.<\/p>\n\n\n\n<p>El\u0151fordul az is, hogy a d\u00f6nt\u00e9s sor\u00e1n <strong>nem sz\u00e1molnak a j\u00f6v\u0151beni haszn\u00e1lattal<\/strong>.<\/p>\n\n\n\n<p>Egy vezet\u0151i iroda szerepe id\u0151vel v\u00e1ltozhat, a megbesz\u00e9l\u00e9sek jellege \u00e1talakulhat. Ha az asztal kiz\u00e1r\u00f3lag az aktu\u00e1lis ig\u00e9nyekre van szabva, k\u00e9s\u0151bb k\u00f6nnyen korl\u00e1toz\u00f3 t\u00e9nyez\u0151v\u00e9 v\u00e1lhat.<\/p>\n\n\n\n<p>Ezek a hib\u00e1k jellemz\u0151en elker\u00fclhet\u0151k lenn\u00e9nek, ha a vezet\u0151i t\u00e1rgyal\u00f3asztal kiv\u00e1laszt\u00e1sa vezet\u0151i irod\u00e1ba nem egyszeri beszerz\u00e9sk\u00e9nt, hanem <strong>hossz\u00fa t\u00e1v\u00fa d\u00f6nt\u00e9sk\u00e9nt<\/strong> ker\u00fclne kezel\u00e9sre, amely a jelenlegi \u00e9s a v\u00e1rhat\u00f3 haszn\u00e1lati szok\u00e1sokat egyar\u00e1nt figyelembe veszi.<\/p>\n\n\n\n<h2 class=\"wp-block-heading\"><strong>\u00d6sszefoglal\u00e1s: mire \u00e9rdemes figyelni a v\u00e9gs\u0151 d\u00f6nt\u00e9s el\u0151tt?<\/strong><\/h2>\n\n\n\n<p>A vezet\u0151i t\u00e1rgyal\u00f3asztal kiv\u00e1laszt\u00e1sa akkor v\u00e1lik igaz\u00e1n j\u00f3 d\u00f6nt\u00e9ss\u00e9, ha nem egyetlen szempont ment\u00e9n t\u00f6rt\u00e9nik, hanem a vezet\u0151i iroda teljes m\u0171k\u00f6d\u00e9s\u00e9t figyelembe veszi. A kor\u00e1bbi szakaszok alapj\u00e1n j\u00f3l l\u00e1that\u00f3, hogy sem a design, sem a funkcionalit\u00e1s \u00f6nmag\u00e1ban nem ad minden helyzetre megfelel\u0151 v\u00e1laszt.<\/p>\n\n\n\n<p><strong>A d\u00f6nt\u00e9s el\u0151tt \u00e9rdemes tudatosan v\u00e9giggondolni n\u00e9h\u00e1ny alapvet\u0151 k\u00e9rd\u00e9st:<\/strong><\/p>\n\n\n\n<ul class=\"wp-block-list\">\n<li>milyen gyakran \u00e9s milyen jelleg\u0171 megbesz\u00e9l\u00e9sek zajlanak a vezet\u0151i irod\u00e1ban,<\/li>\n\n\n\n<li>kik a tipikus r\u00e9sztvev\u0151k (bels\u0151 munkat\u00e1rsak, partnerek, \u00fcgyfelek),<\/li>\n\n\n\n<li>milyen szerepet t\u00f6lt be az iroda a c\u00e9g m\u0171k\u00f6d\u00e9s\u00e9ben \u00e9s meg\u00edt\u00e9l\u00e9s\u00e9ben,<\/li>\n\n\n\n<li>mennyire kell az asztalnak alkalmazkodnia a mindennapi munkav\u00e9gz\u00e9shez.<\/li>\n<\/ul>\n\n\n\n<p>A vezet\u0151i t\u00e1rgyal\u00f3asztal kiv\u00e1laszt\u00e1sa vezet\u0151i irod\u00e1ba akkor m\u0171k\u00f6dik hossz\u00fa t\u00e1von, ha az asztal <strong>nem k\u00e9nyszer\u00edt alkalmazkod\u00e1sra<\/strong>, hanem term\u00e9szetesen illeszkedik a vezet\u0151 munkaritmus\u00e1hoz \u00e9s az iroda haszn\u00e1lat\u00e1hoz. Egy j\u00f3l megv\u00e1lasztott megold\u00e1s egyszerre t\u00e1mogatja a hat\u00e9kony kommunik\u00e1ci\u00f3t, a komfortos haszn\u00e1latot \u00e9s a t\u00e9r vizu\u00e1lis egyens\u00faly\u00e1t.<\/p>\n\n\n\n<p>\u00c9rdemes szem el\u0151tt tartani, hogy ez a d\u00f6nt\u00e9s <strong>nem r\u00f6vid t\u00e1vra sz\u00f3l<\/strong>. A vezet\u0151i t\u00e1rgyal\u00f3asztal hossz\u00fa \u00e9veken \u00e1t meghat\u00e1rozza az iroda m\u0171k\u00f6d\u00e9s\u00e9t, ez\u00e9rt a kiv\u00e1laszt\u00e1s sor\u00e1n a jelenlegi ig\u00e9nyek mellett a j\u00f6v\u0151beni v\u00e1ltoz\u00e1sokkal is sz\u00e1molni kell. Ha a d\u00f6nt\u00e9s m\u00f6g\u00f6tt tudatos m\u00e9rlegel\u00e9s \u00e1ll, az asztal nemcsak eszt\u00e9tikai elem lesz, hanem val\u00f3di, j\u00f3l m\u0171k\u00f6d\u0151 r\u00e9sze a vezet\u0151i iroda mindennapjainak.<\/p>\n\n\n\n<p><\/p>\n","protected":false},"excerpt":{"rendered":"<p>A vezet\u0151i t\u00e1rgyal\u00f3asztal a vezet\u0151i iroda egyik legmeghat\u00e1roz\u00f3bb b\u00fatoreleme. Nem csup\u00e1n egy fel\u00fclet a megbesz\u00e9l\u00e9sekhez, hanem egy olyan k\u00f6zponti pont, amely befoly\u00e1solja a t\u00e1rgyal\u00e1sok dinamik\u00e1j\u00e1t, a vezet\u0151i munkast\u00edlust \u00e9s az iroda \u00f6sszk\u00e9p\u00e9t is. A d\u00f6nt\u00e9s sokszor az\u00e9rt v\u00e1lik bizonytalann\u00e1, mert egy vezet\u0151i irod\u00e1ban elt\u00e9r\u0151 elv\u00e1r\u00e1sok tal\u00e1lkoznak. M\u00e1s szempontok sz\u00e1m\u00edtanak egy gyors bels\u0151 egyeztet\u00e9sn\u00e9l, mint egy &#8230; <a title=\"Vezet\u0151i t\u00e1rgyal\u00f3asztal kiv\u00e1laszt\u00e1sa vezet\u0151i irod\u00e1ba: mire \u00e9rdemes figyelni?\" class=\"read-more\" href=\"https:\/\/www.bathori.hu\/blog\/vezetoi-targyaloasztal-kivalasztasa\/\" aria-label=\"Read more about Vezet\u0151i t\u00e1rgyal\u00f3asztal kiv\u00e1laszt\u00e1sa vezet\u0151i irod\u00e1ba: mire \u00e9rdemes figyelni?\">Olvass tov\u00e1bb<\/a><\/p>\n","protected":false},"author":1,"featured_media":0,"comment_status":"closed","ping_status":"closed","sticky":false,"template":"","format":"standard","meta":{"footnotes":""},"categories":[26],"tags":[],"class_list":["post-1641","post","type-post","status-publish","format-standard","hentry","category-vezetoi-targyaloasztal"],"_links":{"self":[{"href":"https:\/\/www.bathori.hu\/blog\/wp-json\/wp\/v2\/posts\/1641","targetHints":{"allow":["GET"]}}],"collection":[{"href":"https:\/\/www.bathori.hu\/blog\/wp-json\/wp\/v2\/posts"}],"about":[{"href":"https:\/\/www.bathori.hu\/blog\/wp-json\/wp\/v2\/types\/post"}],"author":[{"embeddable":true,"href":"https:\/\/www.bathori.hu\/blog\/wp-json\/wp\/v2\/users\/1"}],"replies":[{"embeddable":true,"href":"https:\/\/www.bathori.hu\/blog\/wp-json\/wp\/v2\/comments?post=1641"}],"version-history":[{"count":2,"href":"https:\/\/www.bathori.hu\/blog\/wp-json\/wp\/v2\/posts\/1641\/revisions"}],"predecessor-version":[{"id":1643,"href":"https:\/\/www.bathori.hu\/blog\/wp-json\/wp\/v2\/posts\/1641\/revisions\/1643"}],"wp:attachment":[{"href":"https:\/\/www.bathori.hu\/blog\/wp-json\/wp\/v2\/media?parent=1641"}],"wp:term":[{"taxonomy":"category","embeddable":true,"href":"https:\/\/www.bathori.hu\/blog\/wp-json\/wp\/v2\/categories?post=1641"},{"taxonomy":"post_tag","embeddable":true,"href":"https:\/\/www.bathori.hu\/blog\/wp-json\/wp\/v2\/tags?post=1641"}],"curies":[{"name":"wp","href":"https:\/\/api.w.org\/{rel}","templated":true}]}}