{"id":1383,"date":"2026-01-24T07:00:00","date_gmt":"2026-01-24T05:00:00","guid":{"rendered":"https:\/\/www.bathori.hu\/blog\/?p=1383"},"modified":"2026-01-24T07:48:06","modified_gmt":"2026-01-24T05:48:06","slug":"vezetoi-targyaloasztal-funkciok","status":"publish","type":"post","link":"https:\/\/www.bathori.hu\/blog\/vezetoi-targyaloasztal-funkciok\/","title":{"rendered":"D\u00f6nt\u00e9sek, egyeztet\u00e9sek, bemutat\u00f3k \u2013 nem ugyanaz a b\u00fator kell"},"content":{"rendered":"\n<p>A vezet\u0151i irod\u00e1ban zajl\u00f3 d\u00f6nt\u00e9sek, egyeztet\u00e9sek \u00e9s bemutat\u00f3k <strong>nem azonos t\u00e9rhaszn\u00e1latot ig\u00e9nyelnek<\/strong>. M\u00e9gis gyakori hiba, hogy egyetlen t\u00e1rgyal\u00f3asztalt pr\u00f3b\u00e1lnak minden helyzetre alkalmasnak tekinteni \u2013 holott a k\u00fcl\u00f6nb\u00f6z\u0151 vezet\u0151i szitu\u00e1ci\u00f3k <strong>elt\u00e9r\u0151 b\u00fatoroz\u00e1si logik\u00e1t<\/strong> k\u00f6vetelnek. Egy gyors d\u00f6nt\u00e9shez m\u00e1sfajta asztal m\u0171k\u00f6dik j\u00f3l, mint egy bels\u0151 egyeztet\u00e9shez vagy egy \u00fcgyf\u00e9lnek tartott bemutat\u00f3hoz.<\/p>\n\n\n\n<p>A <strong>vezet\u0151i t\u00e1rgyal\u00f3asztal funkci\u00f3k<\/strong> ez\u00e9rt nem puszt\u00e1n m\u00e9ret vagy a design k\u00e9rd\u00e9sei. Az asztal form\u00e1ja, elhelyez\u00e9se \u00e9s ar\u00e1nya k\u00f6zvetlen\u00fcl hat a kommunik\u00e1ci\u00f3 dinamik\u00e1j\u00e1ra, a hierarchi\u00e1ra \u00e9s arra is, hogy egy adott helyzet ink\u00e1bb egy\u00fcttm\u0171k\u00f6d\u00e9st vagy kontrollt sugall-e. Ami egy sz\u0171k k\u00f6r\u0171 strat\u00e9giai egyeztet\u00e9sn\u00e9l t\u00e1mogatja a f\u00f3kuszt, az egy prezent\u00e1ci\u00f3 sor\u00e1n ak\u00e1r kifejezetten zavar\u00f3v\u00e1 v\u00e1lhat.<\/p>\n\n\n\n<p>Ebben a cikkben azt j\u00e1rjuk k\u00f6r\u00fcl, <strong>mi\u00e9rt nem m\u0171k\u00f6dik ugyanaz a b\u00fator minden vezet\u0151i helyzetben<\/strong>, \u00e9s hogyan \u00e9rdemes a d\u00f6nt\u00e9sek, egyeztet\u00e9sek \u00e9s bemutat\u00f3k elt\u00e9r\u0151 ig\u00e9nyeihez igaz\u00edtani a vezet\u0151i t\u00e1rgyal\u00f3asztal kialak\u00edt\u00e1s\u00e1t \u2013 k\u00fcl\u00f6n\u00f6sen akkor, ha mindez <strong>a vezet\u0151i irod\u00e1n bel\u00fcl<\/strong> t\u00f6rt\u00e9nik, nem egy k\u00fcl\u00f6n t\u00e1rgyal\u00f3ban.<\/p>\n\n\n\n<h2 class=\"wp-block-heading\"><strong>1. D\u00f6nt\u00e9si helyzetek a vezet\u0151i irod\u00e1ban \u2013 amikor az asztal ir\u00e1ny\u00edtja a folyamatot<\/strong><\/h2>\n\n\n\n<p>A vezet\u0151i d\u00f6nt\u00e9sek ritk\u00e1n zajlanak \u201esteril\u201d k\u00f6rnyezetben. Sokkal ink\u00e1bb <strong>gyors, t\u00f6m\u00f6r, gyakran id\u0151nyom\u00e1s alatti helyzetek<\/strong>, ahol az inform\u00e1ci\u00f3k sz\u0171r\u00e9se \u00e9s a f\u00f3kusz fenntart\u00e1sa a legfontosabb. Ilyenkor a t\u00e1rgyal\u00f3asztal szerepe nem az, hogy reprezent\u00e1ljon, hanem hogy <strong>t\u00e1mogassa a gondolkod\u00e1st \u00e9s a d\u00f6nt\u00e9shozatalt<\/strong>.<\/p>\n\n\n\n<p>Egy d\u00f6nt\u00e9si helyzetben a t\u00fal nagy vagy t\u00fal form\u00e1lis asztal k\u00f6nnyen kontraprodukt\u00edvv\u00e1 v\u00e1lhat. Ha az asztal m\u00e9rete vagy form\u00e1ja t\u00falzott \u201ecerem\u00f3ni\u00e1t\u201d sugall, az lass\u00edtja a folyamatot, n\u00f6veli a t\u00e1vols\u00e1got a r\u00e9sztvev\u0151k k\u00f6z\u00f6tt, \u00e9s sokszor eltolja a hangs\u00falyt a l\u00e9nyegtelen r\u00e9szletek ir\u00e1ny\u00e1ba. A vezet\u0151 ilyenkor nem partnerekkel \u00fcl le, hanem \u201et\u00e1rgyal\u201d, ami egy d\u00f6nt\u00e9si szitu\u00e1ci\u00f3ban gyakran felesleges.<\/p>\n\n\n\n<p>A j\u00f3l m\u0171k\u00f6d\u0151 vezet\u0151i d\u00f6nt\u00e9si asztal <strong>kompakt, ar\u00e1nyos \u00e9s tudatosan elhelyezett<\/strong>. Nem uralja a teret, de vil\u00e1gosan kijel\u00f6li a szerepeket. Az asztaln\u00e1l \u00fcl\u0151k k\u00f6z\u00f6tti t\u00e1vols\u00e1g \u00e9pp akkora, hogy a kommunik\u00e1ci\u00f3 k\u00f6zvetlen maradjon, ugyanakkor megmaradjon a vezet\u0151i poz\u00edci\u00f3 term\u00e9szetes s\u00falya is.<\/p>\n\n\n\n<p>Fontos szempont az is, hogy a d\u00f6nt\u00e9sek gyakran <strong>nem el\u0151re tervezett id\u0151pontban<\/strong> sz\u00fcletnek. Egy gyors egyeztet\u00e9s, egy v\u00e1ratlan k\u00e9rd\u00e9s vagy egy azonnali j\u00f3v\u00e1hagy\u00e1s ig\u00e9nye megk\u00f6veteli, hogy a t\u00e1rgyal\u00f3asztal mindig \u201ek\u00e9szen \u00e1lljon\u201d. Ez azt jelenti, hogy nem lehet t\u00falzs\u00fafolt, nem ig\u00e9nyel \u00e1trendez\u00e9st, \u00e9s nem vonja el a figyelmet felesleges elemekkel.<\/p>\n\n\n\n<p>A vezet\u0151i irod\u00e1ban elhelyezett t\u00e1rgyal\u00f3asztal teh\u00e1t d\u00f6nt\u00e9si helyzetben <strong>eszk\u00f6z<\/strong>, nem d\u00edszlet. Seg\u00edti a f\u00f3kuszt, gyors\u00edtja a kommunik\u00e1ci\u00f3t, \u00e9s t\u00e1mogatja azt az \u00fczenetet, hogy itt nem hosszadalmas egyeztet\u00e9s, hanem hat\u00e9kony d\u00f6nt\u00e9shozatal zajlik. A megfelel\u0151 asztalv\u00e1laszt\u00e1s ebben az esetben k\u00f6zvetlen\u00fcl hat a vezet\u0151 munkast\u00edlus\u00e1ra \u00e9s a szervezet reakci\u00f3idej\u00e9re is.<\/p>\n\n\n\n<h2 class=\"wp-block-heading\"><strong>2. Egyeztet\u00e9sek \u00e9s bels\u0151 megbesz\u00e9l\u00e9sek \u2013 amikor a p\u00e1rbesz\u00e9d a l\u00e9nyeg<\/strong><\/h2>\n\n\n\n<p>Az egyeztet\u00e9s nem d\u00f6nt\u00e9s, \u00e9s nem is bemutat\u00f3. A vezet\u0151i irod\u00e1ban zajl\u00f3 bels\u0151 megbesz\u00e9l\u00e9sek c\u00e9lja legt\u00f6bbsz\u00f6r az, hogy <strong>inform\u00e1ci\u00f3k \u00f6ssze\u00e9rjenek<\/strong>, \u00e1ll\u00e1spontok tiszt\u00e1z\u00f3djanak, vagy egy d\u00f6nt\u00e9s el\u0151k\u00e9sz\u00edt\u00e9se megt\u00f6rt\u00e9njen. Ezekben a helyzetekben a t\u00e1rgyal\u00f3asztal feladata m\u00e1r eg\u00e9szen m\u00e1s, mint egy gyors vezet\u0151i d\u00f6nt\u00e9sn\u00e9l.<\/p>\n\n\n\n<p>Itt a legnagyobb hiba az, ha a b\u00fator <strong>hierarchi\u00e1t er\u0151s\u00edt ott, ahol egy\u00fcttm\u0171k\u00f6d\u00e9sre lenne sz\u00fcks\u00e9g<\/strong>. Egy t\u00fal nagy, t\u00fal merev elrendez\u00e9s\u0171 t\u00e1rgyal\u00f3asztal k\u00f6nnyen azt az \u00e9rzetet kelti, hogy a r\u00e9sztvev\u0151k \u201ebesz\u00e1molni\u201d \u00e9rkeztek, nem pedig gondolkodni. Ez visszafogja a p\u00e1rbesz\u00e9det, cs\u00f6kkenti a hozz\u00e1sz\u00f3l\u00e1si hajland\u00f3s\u00e1got, \u00e9s gyakran csak egyir\u00e1ny\u00fa kommunik\u00e1ci\u00f3t eredm\u00e9nyez.<\/p>\n\n\n\n<p>A j\u00f3l m\u0171k\u00f6d\u0151 vezet\u0151i egyeztet\u00e9sekhez olyan t\u00e1rgyal\u00f3asztal sz\u00fcks\u00e9ges, amely <strong>egyenrang\u00fabb viszonyt sugall<\/strong>, m\u00e9g akkor is, ha a vezet\u0151 szerepe egy\u00e9rtelm\u0171. Ez jellemz\u0151en kisebb vagy k\u00f6zepes m\u00e9ret\u0171 asztalt jelent, ahol a r\u00e9sztvev\u0151k k\u00f6nnyen szemkontaktust tartanak, \u00e9s nincs fizikai akad\u00e1ly a kommunik\u00e1ci\u00f3 \u00fatj\u00e1ban.<\/p>\n\n\n\n<p>Fontos szempont az asztal <strong>form\u00e1ja<\/strong> is. Az enyh\u00e9n lekerek\u00edtett, ov\u00e1lis vagy kisebb t\u00e9glalap form\u00e1k t\u00e1mogatj\u00e1k a term\u00e9szetes besz\u00e9lget\u00e9si dinamik\u00e1t. A t\u00fal hossz\u00fa, \u201efolyos\u00f3szer\u0171\u201d asztalok ezzel szemben sz\u00e9th\u00fazz\u00e1k a t\u00e1rsas\u00e1got, \u00e9s k\u00e9t-h\u00e1rom akt\u00edv szerepl\u0151re sz\u0171k\u00edtik a kommunik\u00e1ci\u00f3t.<\/p>\n\n\n\n<p>Az egyeztet\u00e9sek gyakran hosszabbak, ez\u00e9rt a komfort is szerepet kap. Nem csak a sz\u00e9kek, hanem az asztal magass\u00e1ga, l\u00e1bkialak\u00edt\u00e1sa \u00e9s a t\u00e9rar\u00e1nyok is befoly\u00e1solj\u00e1k, hogy a r\u00e9sztvev\u0151k mennyire tudnak tart\u00f3san koncentr\u00e1lni. Egy rosszul megv\u00e1lasztott t\u00e1rgyal\u00f3asztaln\u00e1l az egyeztet\u00e9s hamar elf\u00e1rad, nem tartja meg a figyelmet, \u00e9s v\u00e9g\u00fcl kev\u00e9sb\u00e9 hat\u00e9kony eredm\u00e9nnyel z\u00e1rul.<\/p>\n\n\n\n<p>A vezet\u0151i irod\u00e1ban zajl\u00f3 egyeztet\u00e9sek eset\u00e9ben teh\u00e1t a t\u00e1rgyal\u00f3asztal <strong>nem st\u00e1tuszszimb\u00f3lum<\/strong>, hanem kommunik\u00e1ci\u00f3s eszk\u00f6z. A c\u00e9l az, hogy a t\u00e9r \u00e9s a b\u00fator t\u00e1mogassa a ny\u00edlt p\u00e1rbesz\u00e9det, gyors\u00edtsa az inform\u00e1ci\u00f3\u00e1raml\u00e1st, \u00e9s seg\u00edtse a k\u00f6z\u00f6s gondolkod\u00e1st \u2013 m\u00e9g akkor is, ha a v\u00e9gs\u0151 d\u00f6nt\u00e9s a vezet\u0151 kez\u00e9ben marad.<\/p>\n\n\n\n<h2 class=\"wp-block-heading\"><strong>3. Bemutat\u00f3k \u00e9s prezent\u00e1ci\u00f3k \u2013 amikor a t\u00e9r is \u201eel\u0151ad\u201d<\/strong><\/h2>\n\n\n\n<p>A bemutat\u00f3 teljesen m\u00e1s helyzet, mint az egyeztet\u00e9s vagy a d\u00f6nt\u00e9shozatal. Itt a f\u00f3kusz <strong>nem a k\u00f6lcs\u00f6n\u00f6s p\u00e1rbesz\u00e9den<\/strong>, hanem az <strong>inform\u00e1ci\u00f3 \u00e1tad\u00e1s\u00e1n, meggy\u0151z\u00e9sen \u00e9s \u00e9rtelmez\u00e9sen<\/strong> van. A vezet\u0151i irod\u00e1ban zajl\u00f3 prezent\u00e1ci\u00f3k \u2013 legyen sz\u00f3 bels\u0151 csapatnak sz\u00f3l\u00f3 koncepci\u00f3bemutat\u00f3r\u00f3l vagy k\u00fcls\u0151 partnernek tartott prezent\u00e1ci\u00f3r\u00f3l \u2013 k\u00fcl\u00f6n\u00f6sen \u00e9rz\u00e9kenyek a t\u00e9r \u00e9s a b\u00fator min\u0151s\u00e9g\u00e9re.<\/p>\n\n\n\n<p>Az egyik leggyakoribb hiba, hogy ugyanazt a t\u00e1rgyal\u00f3asztalt pr\u00f3b\u00e1lj\u00e1k haszn\u00e1lni prezent\u00e1ci\u00f3ra, amely egyeztet\u00e9sre vagy d\u00f6nt\u00e9sre lett optimaliz\u00e1lva. Ilyenkor az asztal <strong>nem seg\u00edti, hanem akad\u00e1lyozza<\/strong> az el\u0151ad\u00e1st: rossz l\u00e1t\u00f3sz\u00f6gek alakulnak ki, a r\u00e9sztvev\u0151k figyelme sz\u00e9tesik, a technikai eszk\u00f6z\u00f6k (monitor, laptop, vet\u00edt\u0151) nem term\u00e9szetes m\u00f3don illeszkednek a t\u00e9rbe.<\/p>\n\n\n\n<p>Egy bemutat\u00f3ra alkalmas vezet\u0151i t\u00e1rgyal\u00f3asztal els\u0151dleges feladata az, hogy <strong>ir\u00e1ny\u00edtsa a figyelmet<\/strong>. Ez nem felt\u00e9tlen\u00fcl jelent nagyobb asztalt, sokkal ink\u00e1bb tudatos elrendez\u00e9st. Fontos, hogy a prezent\u00e1l\u00f3 szem\u00e9ly poz\u00edci\u00f3ja egy\u00e9rtelm\u0171 legyen, a hallgat\u00f3s\u00e1g pedig k\u00e9nyelmesen, torzul\u00e1s n\u00e9lk\u00fcl l\u00e1ssa a bemutatott tartalmat.<\/p>\n\n\n\n<p>A prezent\u00e1ci\u00f3s helyzetekben az asztal form\u00e1ja \u00e9s elhelyez\u00e9se szoros kapcsolatban \u00e1ll a technik\u00e1val. Ha k\u00e9perny\u0151n t\u00f6rt\u00e9nik a bemutat\u00e1s, az asztalnak t\u00e1mogatnia kell a <strong>monitorral vagy kijelz\u0151vel val\u00f3 term\u00e9szetes egy\u00fctt\u00e9l\u00e9st<\/strong>: ne kelljen oldalra fordulni, ne legyenek takar\u00e1sban \u00fcl\u0151 r\u00e9sztvev\u0151k, \u00e9s ne t\u00f6rje meg a t\u00e9r vizu\u00e1lis egyens\u00faly\u00e1t a technika jelenl\u00e9te.<\/p>\n\n\n\n<p>Szint\u00e9n kulcsk\u00e9rd\u00e9s a k\u00e1belez\u00e9s \u00e9s az eszk\u00f6z\u00f6k kezel\u00e9se. Egy prezent\u00e1ci\u00f3 sor\u00e1n gyakran t\u00f6bb laptop, tablet vagy m\u00e1s digit\u00e1lis eszk\u00f6z ker\u00fcl az asztalra. Ha ezek k\u00e1belei l\u00e1that\u00f3ak, kusz\u00e1k vagy ideiglenes megold\u00e1sokkal vannak elvezetve, az <strong>rombolja a professzion\u00e1lis benyom\u00e1st<\/strong>, m\u00e9g akkor is, ha maga az el\u0151ad\u00e1s tartalmilag er\u0151s.<\/p>\n\n\n\n<p>A vezet\u0151i irod\u00e1ban zajl\u00f3 bemutat\u00f3k eset\u00e9ben a t\u00e1rgyal\u00f3asztal egyfajta <strong>sz\u00ednpad<\/strong> is. Nem a l\u00e1tv\u00e1nyoss\u00e1g miatt, hanem az\u00e9rt, mert a t\u00e9r \u00fczenetet k\u00f6zvet\u00edt a prezent\u00e1l\u00f3 felk\u00e9sz\u00fclts\u00e9g\u00e9r\u0151l, a szervezet m\u0171k\u00f6d\u00e9s\u00e9r\u0151l \u00e9s a d\u00f6nt\u00e9sek komolys\u00e1g\u00e1r\u00f3l. Egy j\u00f3l megv\u00e1lasztott asztal seg\u00edt f\u00f3kuszban tartani a figyelmet, struktur\u00e1lja az el\u0151ad\u00e1st, \u00e9s t\u00e1mogatja a meggy\u0151z\u00e9st.<\/p>\n\n\n\n<p>Fontos azt is felismerni, hogy nem minden bemutat\u00f3 ig\u00e9nyel ugyanakkora vagy ugyanolyan t\u00edpus\u00fa asztalt. Egy bels\u0151 strat\u00e9giai prezent\u00e1ci\u00f3 m\u00e1s t\u00e9rar\u00e1nyokat k\u00edv\u00e1n, mint egy k\u00fcls\u0151 partnernek sz\u00f3l\u00f3 bemutat\u00f3. A vezet\u0151i irod\u00e1ban ez\u00e9rt akkor m\u0171k\u00f6dik j\u00f3l a prezent\u00e1ci\u00f3s funkci\u00f3, ha a t\u00e1rgyal\u00f3asztal <strong>rugalmasan illeszkedik a k\u00fcl\u00f6nb\u00f6z\u0151 bemutat\u00e1si helyzetekhez<\/strong>, \u00e9s nem k\u00e9nyszer\u00edti a teret egyetlen haszn\u00e1lati m\u00f3dra.<\/p>\n\n\n\n<p>\u00d6sszess\u00e9g\u00e9ben a bemutat\u00f3kra haszn\u00e1lt vezet\u0151i t\u00e1rgyal\u00f3asztal nem puszt\u00e1n b\u00fator, hanem <strong>kommunik\u00e1ci\u00f3s eszk\u00f6z<\/strong>. Ha j\u00f3l van megv\u00e1lasztva, seg\u00edti az \u00fczenet \u00e1tad\u00e1s\u00e1t, er\u0151s\u00edti a hiteless\u00e9get, \u00e9s t\u00e1mogatja a d\u00f6nt\u00e9sek el\u0151k\u00e9sz\u00edt\u00e9s\u00e9t. Ha rosszul, akkor a prezent\u00e1ci\u00f3 m\u00e1r a t\u00e9r szintj\u00e9n vesz\u00edt az erej\u00e9b\u0151l \u2013 m\u00e9g miel\u0151tt az els\u0151 slide megjelenne.<\/p>\n\n\n\n<h2 class=\"wp-block-heading\"><strong>4. D\u00f6nt\u00e9shozatal \u2013 amikor a b\u00fator a hierarchi\u00e1t is kezeli<\/strong><\/h2>\n\n\n\n<p>A d\u00f6nt\u00e9shozatali helyzetek a vezet\u0151i irod\u00e1ban teljesen m\u00e1s t\u00e9rhaszn\u00e1lati logik\u00e1t ig\u00e9nyelnek, mint az egyeztet\u00e9sek vagy a bemutat\u00f3k. Itt nem az inform\u00e1ci\u00f3 \u00e1tad\u00e1sa vagy az egy\u00fctt gondolkod\u00e1s van a f\u00f3kuszban, hanem <strong>a felel\u0151ss\u00e9g, a s\u00faly \u00e9s a v\u00e9gs\u0151 ir\u00e1ny kijel\u00f6l\u00e9se<\/strong>. A t\u00e1rgyal\u00f3asztal szerepe ilyenkor sokkal ink\u00e1bb struktur\u00e1l\u00f3 \u00e9s poz\u00edcion\u00e1l\u00f3.<\/p>\n\n\n\n<p>Egy d\u00f6nt\u00e9si helyzetben az asztal elrendez\u00e9se \u00f6nmag\u00e1ban \u00fczenetet hordoz. Meghat\u00e1rozza, ki hol \u00fcl, kinek van k\u00f6zponti szerepe, \u00e9s hogyan oszlik meg a figyelem. A vezet\u0151i irod\u00e1ban zajl\u00f3 d\u00f6nt\u00e9sek eset\u00e9n az asztalnak seg\u00edtenie kell a <strong>hierarchia term\u00e9szetes megjelen\u00e9s\u00e9t<\/strong>, an\u00e9lk\u00fcl hogy merevv\u00e9 vagy t\u00falzottan form\u00e1liss\u00e1 tenn\u00e9 a teret.<\/p>\n\n\n\n<p>Az egyik tipikus hiba, hogy d\u00f6nt\u00e9shozatalra is ugyanazt az asztalt haszn\u00e1lj\u00e1k, amely inform\u00e1lis egyeztet\u00e9sekre lett tervezve. Ilyenkor a t\u00e9r \u201esz\u00e9tfolyik\u201d: nincs egy\u00e9rtelm\u0171 k\u00f6z\u00e9ppont, a r\u00e9sztvev\u0151k azonos s\u00fallyal \u00e9rz\u00e9kelik magukat, ami bizonyos helyzetekben hasznos lehet, de d\u00f6nt\u00e9sn\u00e9l kifejezetten h\u00e1tr\u00e1nyos. A d\u00f6nt\u00e9si folyamatnak sz\u00fcks\u00e9ge van <strong>f\u00f3kuszra \u00e9s ir\u00e1nyra<\/strong>.<\/p>\n\n\n\n<p>A vezet\u0151i t\u00e1rgyal\u00f3asztal d\u00f6nt\u00e9si helyzetben gyakran nagyobb, mark\u00e1nsabb megjelen\u00e9s\u0171, mint az egyeztet\u00e9sre haszn\u00e1lt megold\u00e1sok. Nem felt\u00e9tlen\u00fcl m\u00e9retben, sokkal ink\u00e1bb ar\u00e1nyban \u00e9s t\u00f6meg\u00e9rzetben. Az asztalnak \u201emeg kell tartania\u201d a teret, \u00e9s vizu\u00e1lisan is al\u00e1 kell t\u00e1masztania, hogy itt fontos k\u00e9rd\u00e9sek d\u0151lnek el.<\/p>\n\n\n\n<p>Fontos szempont az is, hogy a d\u00f6nt\u00e9shozatal sor\u00e1n gyakran <strong>kev\u00e9s, de koncentr\u00e1lt inform\u00e1ci\u00f3<\/strong> ker\u00fcl az asztalra: dokumentumok, jegyzetek, esetleg egy laptop vagy tablet. Az asztal fel\u00fclet\u00e9nek ilyenkor rendezettnek, \u00e1tl\u00e1that\u00f3nak kell maradnia. A t\u00fal sok technika, k\u00e1bel vagy vizu\u00e1lis zaj elvonja a figyelmet, \u00e9s gyeng\u00edti a d\u00f6nt\u00e9si f\u00f3kuszt.<\/p>\n\n\n\n<p>A d\u00f6nt\u00e9si helyzetekben a vezet\u0151 poz\u00edci\u00f3ja k\u00fcl\u00f6n\u00f6sen hangs\u00falyos. Az asztal kialak\u00edt\u00e1s\u00e1nak t\u00e1mogatnia kell azt, hogy a vezet\u0151 <strong>term\u00e9szetes ir\u00e1ny\u00edt\u00f3 szerepben<\/strong> legyen, an\u00e9lk\u00fcl hogy domin\u00e1nsnak vagy elnyom\u00f3nak t\u0171nne. Ez finom ar\u00e1nyokon m\u00falik: a vezet\u0151 \u00fcl\u0151hely\u00e9nek elhelyez\u00e9se, az asztal form\u00e1ja \u00e9s a t\u00e1vols\u00e1gok mind szerepet j\u00e1tszanak ebben.<\/p>\n\n\n\n<p>Egy j\u00f3l megv\u00e1lasztott vezet\u0151i t\u00e1rgyal\u00f3asztal d\u00f6nt\u00e9si helyzetben seg\u00edt abban is, hogy a megbesz\u00e9l\u00e9s <strong>ne cs\u00fasszon \u00e1t v\u00e9gtelen egyeztet\u00e9sbe<\/strong>. A t\u00e9r \u201ekomolys\u00e1ga\u201d \u00f6nmag\u00e1ban fegyelmez: r\u00f6videbbek a megsz\u00f3lal\u00e1sok, c\u00e9lrat\u00f6r\u0151bbek a mondatok, \u00e9s vil\u00e1gosabb\u00e1 v\u00e1lik, mikor kell lez\u00e1rni a t\u00e9m\u00e1t.<\/p>\n\n\n\n<p>\u00d6sszess\u00e9g\u00e9ben a d\u00f6nt\u00e9shozatalra alkalmas t\u00e1rgyal\u00f3asztal nem kompromisszumos megold\u00e1s. Nem egyeztet\u0151asztal \u00e9s nem prezent\u00e1ci\u00f3s fel\u00fclet, hanem <strong>d\u00f6nt\u00e9si eszk\u00f6z<\/strong>. Ha ezt a funkci\u00f3t figyelmen k\u00edv\u00fcl hagyj\u00e1k, a vezet\u0151i iroda ugyan sz\u00e9p maradhat, de a d\u00f6nt\u00e9sek min\u0151s\u00e9ge \u00e9s hat\u00e9konys\u00e1ga \u00e9szrev\u00e9tlen\u00fcl romlik.<\/p>\n\n\n\n<h2 class=\"wp-block-heading\"><strong>5. Bels\u0151 egyeztet\u00e9s vs. k\u00fcls\u0151 bemutat\u00f3 \u2013 elt\u00e9r\u0151 t\u00e9r, elt\u00e9r\u0151 b\u00fator<\/strong><\/h2>\n\n\n\n<p>A vezet\u0151i irod\u00e1ban zajl\u00f3 t\u00e1rgyal\u00e1sok egyik legfontosabb t\u00f6r\u00e9svonala az, hogy <strong>bels\u0151 vagy k\u00fcls\u0151 szerepl\u0151k vesznek r\u00e9szt<\/strong> benn\u00fck. Ez a k\u00fcl\u00f6nbs\u00e9g sokszor alul\u00e9rt\u00e9kelt, pedig alapjaiban hat\u00e1rozza meg, milyen t\u00e1rgyal\u00f3asztal m\u0171k\u00f6dik j\u00f3l \u2013 \u00e9s melyik nem.<\/p>\n\n\n\n<h3 class=\"wp-block-heading\"><strong>Bels\u0151 egyeztet\u00e9sek: hat\u00e9konys\u00e1g \u00e9s gyors d\u00f6nt\u00e9s<\/strong><\/h3>\n\n\n\n<p>A bels\u0151 megbesz\u00e9l\u00e9sek jellemz\u0151en gyorsabbak, kev\u00e9sb\u00e9 form\u00e1lisak, \u00e9s gyakran operat\u00edv vagy strat\u00e9giai k\u00e9rd\u00e9sek k\u00f6r\u00e9 szervez\u0151dnek. Itt a t\u00e1rgyal\u00f3asztal els\u0151dleges feladata nem a reprezent\u00e1ci\u00f3, hanem a <strong>folyamat t\u00e1mogat\u00e1sa<\/strong>.<\/p>\n\n\n\n<p>Ezekn\u00e9l az egyeztet\u00e9sekn\u00e9l j\u00f3l m\u0171k\u00f6dnek a:<\/p>\n\n\n\n<ul class=\"wp-block-list\">\n<li>kompaktabb m\u00e9ret\u0171,<\/li>\n\n\n\n<li>kev\u00e9sb\u00e9 hangs\u00falyos megjelen\u00e9s\u0171,<\/li>\n\n\n\n<li>rugalmasan haszn\u00e1lhat\u00f3 asztalok.<\/li>\n<\/ul>\n\n\n\n<p>A c\u00e9l az, hogy a r\u00e9sztvev\u0151k gyorsan le\u00fcljenek, \u00e1ttekints\u00e9k a t\u00e9m\u00e1t, \u00e9s d\u00f6nt\u00e9sre jussanak. A t\u00fal nagy, t\u00fal reprezentat\u00edv t\u00e1rgyal\u00f3asztal ilyenkor lass\u00edtja a folyamatot, \u00e9s feleslegesen \u201efel\u00f6lt\u00f6zteti\u201d a helyzetet.<\/p>\n\n\n\n<p>Fontos az is, hogy bels\u0151 egyeztet\u00e9sn\u00e9l gyakran <strong>v\u00e1ltakozik a r\u00e9sztvev\u0151k sz\u00e1ma<\/strong>. Egy j\u00f3l megv\u00e1lasztott vezet\u0151i t\u00e1rgyal\u00f3asztal k\u00e9pes kezelni azt is, ha egyszer k\u00e9t f\u0151 \u00fcl le, m\u00e1skor pedig n\u00e9gy-\u00f6t.<\/p>\n\n\n\n<h3 class=\"wp-block-heading\"><strong>K\u00fcls\u0151 bemutat\u00f3k: bizalom, benyom\u00e1s \u00e9s pozicion\u00e1l\u00e1s<\/strong><\/h3>\n\n\n\n<p>Teljesen m\u00e1s logika \u00e9rv\u00e9nyes\u00fcl, amikor \u00fcgyf\u00e9l, partner vagy k\u00fcls\u0151 d\u00f6nt\u00e9shoz\u00f3 \u00e9rkezik a vezet\u0151i irod\u00e1ba. Ilyenkor a t\u00e1rgyal\u00f3asztal m\u00e1r nemcsak funkcion\u00e1lis elem, hanem <strong>kommunik\u00e1ci\u00f3s eszk\u00f6z<\/strong>.<\/p>\n\n\n\n<p>A k\u00fcls\u0151 bemutat\u00f3k sor\u00e1n az asztal:<\/p>\n\n\n\n<ul class=\"wp-block-list\">\n<li>keretet ad a besz\u00e9lget\u00e9snek,<\/li>\n\n\n\n<li>pozicion\u00e1lja a vezet\u0151t \u00e9s a c\u00e9get,<\/li>\n\n\n\n<li>vizu\u00e1lisan is meger\u0151s\u00edti a professzion\u00e1lis m\u0171k\u00f6d\u00e9st.<\/li>\n<\/ul>\n\n\n\n<p>Ezekben a helyzetekben a t\u00fal kicsi vagy t\u00fal \u201eirodai\u201d asztal gyeng\u00edtheti az \u00f6sszk\u00e9pet. A k\u00fcls\u0151 f\u00e9l tudatosan vagy tudattalanul a t\u00e9rb\u0151l olvas: mennyire stabil a c\u00e9g, mennyire \u00e1tgondolt a m\u0171k\u00f6d\u00e9s, mennyire komolyan veszik az egy\u00fcttm\u0171k\u00f6d\u00e9st.<\/p>\n\n\n\n<h3 class=\"wp-block-heading\"><strong>Mi\u00e9rt nem j\u00f3 ugyanaz a b\u00fator mindkett\u0151re?<\/strong><\/h3>\n\n\n\n<p>Sok vezet\u0151 pr\u00f3b\u00e1l egyetlen t\u00e1rgyal\u00f3asztallal minden helyzetet lefedni. Ez \u00e9rthet\u0151, de hossz\u00fa t\u00e1von kompromisszumokhoz vezet. Ami j\u00f3 bels\u0151 egyeztet\u00e9sre, az gyakran kev\u00e9s egy k\u00fcls\u0151 bemutat\u00f3ra \u2013 \u00e9s ford\u00edtva.<\/p>\n\n\n\n<p>A legjobb megold\u00e1s nem felt\u00e9tlen\u00fcl k\u00e9t k\u00fcl\u00f6n asztal, hanem olyan vezet\u0151i t\u00e1rgyal\u00f3asztal, amely:<\/p>\n\n\n\n<ul class=\"wp-block-list\">\n<li>m\u00e9ret\u00e9ben \u00e9s form\u00e1j\u00e1ban k\u00e9pes mindk\u00e9t szerepre,<\/li>\n\n\n\n<li>de elrendez\u00e9s\u00e9ben \u00e9s haszn\u00e1lat\u00e1ban k\u00fcl\u00f6nbs\u00e9get tesz a helyzetek k\u00f6z\u00f6tt.<\/li>\n<\/ul>\n\n\n\n<p>Ez lehet p\u00e9ld\u00e1ul egy olyan asztal, amely bels\u0151 egyeztet\u00e9sn\u00e9l \u201ef\u00e9loldalasan\u201d m\u0171k\u00f6dik, k\u00fcls\u0151 t\u00e1rgyal\u00e1sn\u00e1l viszont teljes eg\u00e9sz\u00e9ben haszn\u00e1latba ker\u00fcl.<\/p>\n\n\n\n<h3 class=\"wp-block-heading\"><strong>Tudatos d\u00f6nt\u00e9s, nem v\u00e9letlen v\u00e1laszt\u00e1s<\/strong><\/h3>\n\n\n\n<p>A bels\u0151 \u00e9s k\u00fcls\u0151 t\u00e1rgyal\u00e1sok elt\u00e9r\u0151 ig\u00e9nyei j\u00f3l mutatj\u00e1k, hogy a vezet\u0151i t\u00e1rgyal\u00f3asztal kiv\u00e1laszt\u00e1sa nem \u00edzl\u00e9s k\u00e9rd\u00e9se, hanem <strong>\u00fczleti d\u00f6nt\u00e9s<\/strong>. Aki ezt felismeri, az nemcsak eszt\u00e9tikailag jobb irod\u00e1t kap, hanem hat\u00e9konyabb t\u00e1rgyal\u00e1sokat \u00e9s er\u0151sebb benyom\u00e1st is.<\/p>\n\n\n\n<h2 class=\"wp-block-heading\"><strong>6. L\u00e9tsz\u00e1m \u00e9s t\u00e9rm\u00e9ret \u2013 mikor v\u00e1lik sz\u0171kk\u00e9 vagy t\u00falz\u00f3v\u00e1 a vezet\u0151i t\u00e1rgyal\u00f3asztal?<\/strong><\/h2>\n\n\n\n<p>A vezet\u0151i irod\u00e1ban elhelyezett t\u00e1rgyal\u00f3asztal egyik leggyakoribb hib\u00e1ja, hogy <strong>nem a val\u00f3s haszn\u00e1lathoz<\/strong>, hanem egy elk\u00e9pzelt maximumhoz igazodik. A \u201ejobb, ha nagyobb\u201d gondolkod\u00e1s itt gyakran vissza\u00fct.<\/p>\n\n\n\n<h3 class=\"wp-block-heading\"><strong>A tipikus csapda: ritka cs\u00facsterhel\u00e9sre m\u00e9retezni<\/strong><\/h3>\n\n\n\n<p>Sok vezet\u0151 abb\u00f3l indul ki, hogy \u201en\u00e9ha\u201d el\u0151fordul:<\/p>\n\n\n\n<ul class=\"wp-block-list\">\n<li>6\u20138 f\u0151s megbesz\u00e9l\u00e9s,<\/li>\n\n\n\n<li>ritk\u00e1bb, de fontos prezent\u00e1ci\u00f3,<\/li>\n\n\n\n<li>k\u00fcls\u0151 deleg\u00e1ci\u00f3 l\u00e1togat\u00e1sa.<\/li>\n<\/ul>\n\n\n\n<p>Ez \u00f6nmag\u00e1ban \u00e9rthet\u0151, de ha a t\u00e1rgyal\u00f3asztal m\u00e9ret\u00e9t ezekhez a ritka helyzetekhez igaz\u00edtjuk, akkor a mindennapi haszn\u00e1lat sor\u00e1n az asztal:<\/p>\n\n\n\n<ul class=\"wp-block-list\">\n<li>t\u00fal nagynak hat,<\/li>\n\n\n\n<li>ar\u00e1nytalanul elfoglalja a teret,<\/li>\n\n\n\n<li>elv\u00e1lasztja egym\u00e1st\u00f3l a r\u00e9sztvev\u0151ket.<\/li>\n<\/ul>\n\n\n\n<p>A vezet\u0151i irod\u00e1ban ez k\u00fcl\u00f6n\u00f6sen probl\u00e9m\u00e1s, mert a t\u00e9rnek <strong>t\u00f6bb funkci\u00f3t kell egyszerre kiszolg\u00e1lnia<\/strong>.<\/p>\n\n\n\n<h3 class=\"wp-block-heading\"><strong>Mikor v\u00e1lik sz\u0171kk\u00e9 a t\u00e1rgyal\u00f3asztal?<\/strong><\/h3>\n\n\n\n<p>Ugyanilyen gyakori a m\u00e1sik v\u00e9glet is: amikor az asztal l\u00e1tsz\u00f3lag el\u00e9g, de haszn\u00e1lat k\u00f6zben der\u00fcl ki, hogy sz\u0171k\u00f6s.<\/p>\n\n\n\n<p>Ez jellemz\u0151en akkor t\u00f6rt\u00e9nik, ha:<\/p>\n\n\n\n<ul class=\"wp-block-list\">\n<li>a l\u00e9tsz\u00e1m gyakran 4\u20135 f\u0151,<\/li>\n\n\n\n<li>laptop, dokumentum, jegyzet is van az asztalon,<\/li>\n\n\n\n<li>a t\u00e1rgyal\u00e1sok nem csak r\u00f6vid egyeztet\u00e9sek.<\/li>\n<\/ul>\n\n\n\n<p>Ilyenkor a t\u00fal kicsi t\u00e1rgyal\u00f3asztal fesz\u00fclts\u00e9get teremt:<\/p>\n\n\n\n<ul class=\"wp-block-list\">\n<li>egym\u00e1s k\u00f6ny\u00f6kter\u00e9ben \u00fclnek,<\/li>\n\n\n\n<li>nincs \u201epriv\u00e1t z\u00f3na\u201d,<\/li>\n\n\n\n<li>a besz\u00e9lget\u00e9s k\u00e9nyelmetlenn\u00e9 v\u00e1lik.<\/li>\n<\/ul>\n\n\n\n<p>Ez nemcsak ergonomiai k\u00e9rd\u00e9s, hanem kommunik\u00e1ci\u00f3s is.<\/p>\n\n\n\n<h3 class=\"wp-block-heading\"><strong>A t\u00e9rm\u00e9ret \u00f6nmag\u00e1ban nem el\u00e9g d\u00f6nt\u00e9si szempont<\/strong><\/h3>\n\n\n\n<p>Gyakori hiba, hogy a d\u00f6nt\u00e9sn\u00e9l csak az iroda n\u00e9gyzetm\u00e9tere sz\u00e1m\u00edt. Pedig legal\u00e1bb ilyen fontos:<\/p>\n\n\n\n<ul class=\"wp-block-list\">\n<li>az iroda form\u00e1ja,<\/li>\n\n\n\n<li>az \u00edr\u00f3asztal \u00e9s a t\u00e1rgyal\u00f3asztal viszonya,<\/li>\n\n\n\n<li>a k\u00f6zleked\u00e9si \u00fatvonalak.<\/li>\n<\/ul>\n\n\n\n<p>Egy 25\u201330 m\u00b2-es vezet\u0151i iroda is lehet \u201ekicsi\u201d egy rosszul elhelyezett t\u00e1rgyal\u00f3asztallal, m\u00edg egy j\u00f3l tagolt t\u00e9rben egy nagyobb asztal is term\u00e9szetesnek hat.<\/p>\n\n\n\n<h3 class=\"wp-block-heading\"><strong>A m\u0171k\u00f6d\u0151 ar\u00e1ny: haszn\u00e1latvez\u00e9relt m\u00e9retez\u00e9s<\/strong><\/h3>\n\n\n\n<p>A j\u00f3l m\u0171k\u00f6d\u0151 vezet\u0151i t\u00e1rgyal\u00f3asztal m\u00e9rete mindig a <strong>leggyakoribb haszn\u00e1lati forgat\u00f3k\u00f6nyvb\u0151l<\/strong> indul ki, nem a kiv\u00e9telekb\u0151l.<\/p>\n\n\n\n<p>Ez azt jelenti, hogy:<\/p>\n\n\n\n<ul class=\"wp-block-list\">\n<li>a mindennapi l\u00e9tsz\u00e1m legyen k\u00e9nyelmes,<\/li>\n\n\n\n<li>a ritk\u00e1bb nagyobb megbesz\u00e9l\u00e9sek ne tegy\u00e9k t\u00f6nkre a teret,<\/li>\n\n\n\n<li>az asztal ne domin\u00e1lja, hanem t\u00e1mogassa az irod\u00e1t.<\/li>\n<\/ul>\n\n\n\n<p>Gyakran ez ink\u00e1bb <strong>okos kompromisszum<\/strong>, mint v\u00e9gletes megold\u00e1s: olyan m\u00e9ret \u00e9s forma, amely nem akar mindent egyszerre, de semmiben sem akad\u00e1lyoz.<\/p>\n\n\n\n<h3 class=\"wp-block-heading\"><strong>A j\u00f3 d\u00f6nt\u00e9s l\u00e1thatatlan marad<\/strong><\/h3>\n\n\n\n<p>\u00c9rdekes m\u00f3don a j\u00f3l megv\u00e1lasztott t\u00e1rgyal\u00f3asztal m\u00e9rete nem t\u0171nik fel. Nem \u201ekicsinek\u201d \u00e9s nem \u201enagynak\u201d \u00e9rz\u0151dik \u2013 egyszer\u0171en m\u0171k\u00f6dik. Ez az a pont, ahol a b\u00fator nem szerepl\u0151je, hanem <strong>h\u00e1tt\u00e9rfelt\u00e9tele<\/strong> a j\u00f3 vezet\u0151i d\u00f6nt\u00e9seknek.<\/p>\n\n\n\n<h2 class=\"wp-block-heading\"><strong>7. Rugalmass\u00e1g vagy \u00e1lland\u00f3s\u00e1g \u2013 mennyire \u201efix\u201d legyen a vezet\u0151i t\u00e1rgyal\u00f3asztal?<\/strong><\/h2>\n\n\n\n<p>A vezet\u0151i irod\u00e1ban elhelyezett t\u00e1rgyal\u00f3asztaln\u00e1l az egyik legkev\u00e9sb\u00e9 tudatos\u00edtott, m\u00e9gis kritikus k\u00e9rd\u00e9s az, hogy <strong>mennyire legyen v\u00e9gleges d\u00f6nt\u00e9s<\/strong>. Sok vezet\u0151 \u00f6szt\u00f6n\u00f6sen fix, massz\u00edv megold\u00e1sban gondolkodik, mik\u00f6zben a vezet\u0151i munka term\u00e9szete az elm\u00falt \u00e9vekben jelent\u0151sen \u00e1talakult.<\/p>\n\n\n\n<h3 class=\"wp-block-heading\"><strong>Mi\u00e9rt v\u00e1ltozik a vezet\u0151i t\u00e9r haszn\u00e1lata id\u0151vel?<\/strong><\/h3>\n\n\n\n<p>Egy vezet\u0151i iroda soha nem statikus. Akkor sem, ha a b\u00fatorok \u00e9vekig ugyanott \u00e1llnak.<\/p>\n\n\n\n<p>Id\u0151vel v\u00e1ltozik:<\/p>\n\n\n\n<ul class=\"wp-block-list\">\n<li>a csapat l\u00e9tsz\u00e1ma,<\/li>\n\n\n\n<li>a megbesz\u00e9l\u00e9sek jellege,<\/li>\n\n\n\n<li>a technol\u00f3giai h\u00e1tt\u00e9r (monitorok, vide\u00f3meetingek),<\/li>\n\n\n\n<li>a vezet\u0151 napi munkaritmusa.<\/li>\n<\/ul>\n\n\n\n<p>A t\u00e1rgyal\u00f3asztal ehhez k\u00e9pest gyakran \u201ebe van betonozva\u201d \u2013 fizikailag \u00e9s gondolkod\u00e1sban is.<\/p>\n\n\n\n<h3 class=\"wp-block-heading\"><strong>A t\u00fal merev megold\u00e1sok \u00e1ra<\/strong><\/h3>\n\n\n\n<p>Egy teljesen fix, nehezen mozgathat\u00f3 t\u00e1rgyal\u00f3asztal:<\/p>\n\n\n\n<ul class=\"wp-block-list\">\n<li>korl\u00e1tozza a t\u00e9r \u00fajraszervez\u00e9s\u00e9t,<\/li>\n\n\n\n<li>r\u00e1k\u00e9nyszer\u00edti a vezet\u0151t egy adott m\u0171k\u00f6d\u00e9si modellre,<\/li>\n\n\n\n<li>nehezen alkalmazkodik az \u00faj helyzetekhez.<\/li>\n<\/ul>\n\n\n\n<p>Ez k\u00fcl\u00f6n\u00f6sen akkor v\u00e1lik probl\u00e9m\u00e1v\u00e1, amikor:<\/p>\n\n\n\n<ul class=\"wp-block-list\">\n<li>a t\u00e1rgyal\u00e1sok ar\u00e1nya n\u0151 vagy cs\u00f6kken,<\/li>\n\n\n\n<li>a vezet\u0151 egyre t\u00f6bb online meetinget tart,<\/li>\n\n\n\n<li>a t\u00e9rnek egyszerre kell reprezent\u00e1lnia \u00e9s m\u0171k\u00f6dnie.<\/li>\n<\/ul>\n\n\n\n<p>Ilyenkor nem az asztal \u201erossz\u201d, hanem <strong>nem tud egy\u00fctt fejl\u0151dni a vezet\u00e9ssel<\/strong>.<\/p>\n\n\n\n<h3 class=\"wp-block-heading\"><strong>A t\u00falzott rugalmass\u00e1g sem mindig el\u0151ny<\/strong><\/h3>\n\n\n\n<p>A m\u00e1sik v\u00e9glet a t\u00falzott mobilit\u00e1s: k\u00f6nny\u0171, ideiglenes hat\u00e1s\u00fa t\u00e1rgyal\u00f3asztalok, amelyek:<\/p>\n\n\n\n<ul class=\"wp-block-list\">\n<li>elveszik a vezet\u0151i t\u00e9r s\u00faly\u00e1t,<\/li>\n\n\n\n<li>cs\u00f6kkentik a reprezent\u00e1ci\u00f3t,<\/li>\n\n\n\n<li>bizonytalans\u00e1got sugallnak.<\/li>\n<\/ul>\n\n\n\n<p>Egy vezet\u0151i irod\u00e1ban az asztal nem lehet \u201ealkalmi b\u00fator\u201d. A d\u00f6nt\u00e9sekhez stabilit\u00e1s\u00e9rzet is kell \u2013 m\u00e9g akkor is, ha a t\u00e9r r\u00e9szben \u00e1talak\u00edthat\u00f3.<\/p>\n\n\n\n<h3 class=\"wp-block-heading\"><strong>A m\u0171k\u00f6d\u0151 kompromisszum: struktur\u00e1lt rugalmass\u00e1g<\/strong><\/h3>\n\n\n\n<p>A legjobban m\u0171k\u00f6d\u0151 megold\u00e1sok nem v\u00e9gletesek. Olyan t\u00e1rgyal\u00f3asztalok ezek, amelyek:<\/p>\n\n\n\n<ul class=\"wp-block-list\">\n<li>alapvet\u0151en fix helyet kapnak,<\/li>\n\n\n\n<li>de a t\u00e9r eg\u00e9sz\u00e9vel egy\u00fctt \u00fajragondolhat\u00f3k,<\/li>\n\n\n\n<li>ar\u00e1nyaikban \u00e9s kapcsol\u00f3d\u00e1saikban alkalmazkodnak.<\/li>\n<\/ul>\n\n\n\n<p>Ez jelenthet p\u00e9ld\u00e1ul:<\/p>\n\n\n\n<ul class=\"wp-block-list\">\n<li>k\u00fcl\u00f6n\u00e1ll\u00f3, de az \u00edr\u00f3asztalhoz igaz\u00edtott t\u00e1rgyal\u00f3asztalt,<\/li>\n\n\n\n<li>olyan elhelyez\u00e9st, amely m\u00e1s funkci\u00f3kkal felcser\u00e9lhet\u0151,<\/li>\n\n\n\n<li>m\u00e9ret\u00e9ben nem v\u00e9gletes megold\u00e1st.<\/li>\n<\/ul>\n\n\n\n<p>A hangs\u00faly nem az \u00e1lland\u00f3 mozgat\u00e1son, hanem a <strong>j\u00f6v\u0151beli d\u00f6nt\u00e9si szabads\u00e1gon<\/strong> van.<\/p>\n\n\n\n<h3 class=\"wp-block-heading\"><strong>A j\u00f3 t\u00e1rgyal\u00f3asztal nem z\u00e1r le, hanem nyit<\/strong><\/h3>\n\n\n\n<p>Egy j\u00f3l megv\u00e1lasztott vezet\u0151i t\u00e1rgyal\u00f3asztal nem lez\u00e1r egy m\u0171k\u00f6d\u00e9si modellt, hanem teret hagy annak fejl\u0151d\u00e9s\u00e9re. Nem k\u00e9nyszer\u00edt, hanem t\u00e1mogat. Nem dikt\u00e1l, hanem kiszolg\u00e1l.<\/p>\n\n\n\n<p>Ez az a szint, ahol a b\u00fator m\u00e1r nem \u201emegold\u00e1s\u201d, hanem <strong>eszk\u00f6z a v\u00e1ltoz\u00e1shoz<\/strong>.<\/p>\n\n\n\n<h2 class=\"wp-block-heading\"><strong>VIII. A t\u00e1rgyal\u00f3asztal l\u00e9lektani hat\u00e1sa a vezet\u0151i kommunik\u00e1ci\u00f3ra<\/strong><\/h2>\n\n\n\n<p>A vezet\u0151i t\u00e1rgyal\u00f3asztal nem puszt\u00e1n egy funkcion\u00e1lis b\u00fator, hanem <strong>finom l\u00e9lektani jelz\u00e9sek hordoz\u00f3ja<\/strong>. Akkor is hat\u00e1ssal van a kommunik\u00e1ci\u00f3ra, amikor err\u0151l senki nem besz\u00e9l tudatosan. A forma, a m\u00e9ret, az elhelyez\u00e9s \u00e9s az \u00fcl\u00e9srend mind olyan t\u00e9nyez\u0151k, amelyek befoly\u00e1solj\u00e1k, hogyan alakul egy egyeztet\u00e9s hangulata, temp\u00f3ja \u00e9s kimenetele.<\/p>\n\n\n\n<h3 class=\"wp-block-heading\"><strong>T\u00e1vols\u00e1g \u00e9s k\u00f6zels\u00e9g \u2013 mit \u00fczen az asztal m\u00e9rete?<\/strong><\/h3>\n\n\n\n<p>Egy nagyobb t\u00e1rgyal\u00f3asztal <strong>biztons\u00e1gos t\u00e1vols\u00e1got<\/strong> teremt. Ez el\u0151ny lehet akkor, ha:<\/p>\n\n\n\n<ul class=\"wp-block-list\">\n<li>\u00e9rz\u00e9keny d\u00f6nt\u00e9sekr\u0151l van sz\u00f3,<\/li>\n\n\n\n<li>hierarchikus viszonyok m\u0171k\u00f6dnek,<\/li>\n\n\n\n<li>vagy k\u00fcls\u0151 partnerekkel zajlik az egyeztet\u00e9s.<\/li>\n<\/ul>\n\n\n\n<p>Ugyanakkor a t\u00fal nagy t\u00e1vols\u00e1g <strong>\u00e9rzelmi elszigetelts\u00e9get<\/strong> is okozhat. Ilyenkor nehezebb az egy\u00fctt gondolkod\u00e1s, a spont\u00e1n reakci\u00f3k \u00e9s a val\u00f3di p\u00e1rbesz\u00e9d. Ez\u00e9rt a vezet\u0151i irod\u00e1ban elhelyezett t\u00e1rgyal\u00f3asztalokn\u00e1l k\u00fcl\u00f6n\u00f6sen fontos, hogy a m\u00e9ret <strong>ne demonstr\u00e1ci\u00f3, hanem ar\u00e1nyos eszk\u00f6z legyen<\/strong>.<\/p>\n\n\n\n<h3 class=\"wp-block-heading\"><strong>Forma \u00e9s besz\u00e9lget\u00e9si dinamika<\/strong><\/h3>\n\n\n\n<p>Az asztal form\u00e1ja k\u00f6zvetlen\u00fcl hat a besz\u00e9lget\u00e9s szerkezet\u00e9re:<\/p>\n\n\n\n<ul class=\"wp-block-list\">\n<li><strong>hossz\u00fak\u00e1s asztal<\/strong>: ir\u00e1ny\u00edtott, vezet\u0151k\u00f6zpont\u00fa kommunik\u00e1ci\u00f3,<\/li>\n\n\n\n<li><strong>kerek vagy ov\u00e1lis asztal<\/strong>: egy\u00fcttm\u0171k\u00f6d\u0151bb, kiegyenl\u00edtettebb hangulat,<\/li>\n\n\n\n<li><strong>kompakt, n\u00e9gysz\u00f6gletes asztal<\/strong>: gyors d\u00f6nt\u00e9sek, f\u00f3kusz\u00e1lt egyeztet\u00e9sek.<\/li>\n<\/ul>\n\n\n\n<p>A vezet\u0151i irod\u00e1ban gyakran az a c\u00e9l, hogy <strong>ne legyen t\u00fal form\u00e1lis<\/strong>, m\u00e9gis megmaradjon a d\u00f6nt\u00e9shoz\u00f3i szerep s\u00falya. Itt a forma kiv\u00e1laszt\u00e1sa tudatos l\u00e9lektani d\u00f6nt\u00e9s.<\/p>\n\n\n\n<h3 class=\"wp-block-heading\"><strong>\u00dcl\u00e9srend \u00e9s szerepek<\/strong><\/h3>\n\n\n\n<p>Nem mindegy, ki hol \u00fcl. Egy vezet\u0151i t\u00e1rgyal\u00f3asztaln\u00e1l:<\/p>\n\n\n\n<ul class=\"wp-block-list\">\n<li>a vezet\u0151 helye kijel\u00f6li a f\u00f3kuszt,<\/li>\n\n\n\n<li>a szemben \u00fcl\u00e9s konfrontat\u00edvabb,<\/li>\n\n\n\n<li>az \u00e1tl\u00f3s vagy oldals\u00f3 elhelyez\u00e9s nyitottabb p\u00e1rbesz\u00e9det eredm\u00e9nyez.<\/li>\n<\/ul>\n\n\n\n<p>Ez k\u00fcl\u00f6n\u00f6sen fontos bels\u0151 egyeztet\u00e9sekn\u00e9l, ahol a c\u00e9l nem az al\u00e1-f\u00f6l\u00e9rendelts\u00e9g hangs\u00falyoz\u00e1sa, hanem a k\u00f6z\u00f6s gondolkod\u00e1s.<\/p>\n\n\n\n<h3 class=\"wp-block-heading\"><strong>Elhelyez\u00e9s a t\u00e9rben \u2013 mikor v\u00e1lik fesz\u00fcltt\u00e9 a helyzet?<\/strong><\/h3>\n\n\n\n<p>Ha a t\u00e1rgyal\u00f3asztal t\u00fal k\u00f6zel ker\u00fcl a vezet\u0151i \u00edr\u00f3asztalhoz, az <strong>\u00f6sszemossa a szerepeket<\/strong>: hol dolgozunk, hol t\u00e1rgyalunk? Ez l\u00e9lektani bizonytalans\u00e1got okozhat. A j\u00f3l m\u0171k\u00f6d\u0151 vezet\u0151i t\u00e9rben a t\u00e1rgyal\u00e1si z\u00f3na <strong>vizu\u00e1lisan \u00e9s funkcion\u00e1lisan is elk\u00fcl\u00f6n\u00fcl<\/strong>, m\u00e9g akkor is, ha egy helyis\u00e9gben tal\u00e1lhat\u00f3.<\/p>\n\n\n\n<h3 class=\"wp-block-heading\"><strong>\u00d6sszegz\u00e9s<\/strong><\/h3>\n\n\n\n<p>A vezet\u0151i t\u00e1rgyal\u00f3asztal l\u00e9lektani hat\u00e1sa nem l\u00e1tv\u00e1nyos, m\u00e9gis meghat\u00e1roz\u00f3. Aki ezt felismeri, nem csak szebb b\u00fatort v\u00e1laszt, hanem <strong>tudatosan alak\u00edtja a kommunik\u00e1ci\u00f3 min\u0151s\u00e9g\u00e9t<\/strong>. A j\u00f3l megv\u00e1lasztott t\u00e1rgyal\u00f3asztal csendben dolgozik a vezet\u0151 mellett \u2013 minden egyes megbesz\u00e9l\u00e9sen.<\/p>\n\n\n\n<p>A vezet\u0151i t\u00e1rgyal\u00f3asztal kiv\u00e1laszt\u00e1sa nem \u00f6nmag\u00e1ban \u00e9rtelmezhet\u0151 d\u00f6nt\u00e9s. A t\u00e1rgyal\u00e1si helyzetek t\u00edpusa, a r\u00e9sztvev\u0151k k\u00f6re \u00e9s a vezet\u0151i iroda eg\u00e9sz\u00e9nek m\u0171k\u00f6d\u00e9se egy\u00fctt hat\u00e1rozza meg, hogy milyen megold\u00e1s szolg\u00e1lja hossz\u00fa t\u00e1von a hat\u00e9kony egyeztet\u00e9seket.<\/p>\n\n\n\n<p>Ha szeretn\u00e9 rendszerben l\u00e1tni, hogyan kapcsol\u00f3dik mindez a d\u00f6nt\u00e9si helyzetekhez \u00e9s a t\u00e9rhaszn\u00e1lathoz, az al\u00e1bbi \u00e1tfog\u00f3 \u00fatmutat\u00f3 seg\u00edt<em>:<\/em> <a href=\"https:\/\/www.bathori.hu\/blog\/vezetoi-targyaloasztalok-es-targyaloterek\" data-type=\"link\" data-id=\"https:\/\/www.bathori.hu\/blog\/vezetoi-targyaloasztalok-es-targyaloterek\">Vezet\u0151i t\u00e1rgyal\u00f3asztalok \u00e9s kapcsolt t\u00e1rgyal\u00f3terek \u2013 d\u00f6nt\u00e9si helyzetek, t\u00e9rhaszn\u00e1lat \u00e9s reprezent\u00e1ci\u00f3<\/a><\/p>\n\n\n\n<h2 class=\"wp-block-heading\"><strong>Z\u00e1r\u00f3 gondolatok \u2013 amikor a t\u00e1rgyal\u00f3asztal nem b\u00fator, hanem eszk\u00f6z<\/strong><\/h2>\n\n\n\n<p>A vezet\u0151i irod\u00e1ban elhelyezett t\u00e1rgyal\u00f3asztal soha nem \u201eplusz elem\u201d. Nem kieg\u00e9sz\u00edt\u0151, nem dekor\u00e1ci\u00f3, \u00e9s nem st\u00e1tuszszimb\u00f3lum. <strong>M\u0171k\u00f6d\u00e9si d\u00f6nt\u00e9s<\/strong>, amely k\u00f6zvetlen\u00fcl hat a vezet\u0151 napi munk\u00e1j\u00e1ra, a d\u00f6nt\u00e9sek min\u0151s\u00e9g\u00e9re \u00e9s az egyeztet\u00e9sek eredm\u00e9nyess\u00e9g\u00e9re.<\/p>\n\n\n\n<p>A legfontosabb felismer\u00e9s, hogy <strong>nem minden helyzet ig\u00e9nyel ugyanazt a megold\u00e1st<\/strong>. M\u00e1s t\u00e9r \u00e9s b\u00fator m\u0171k\u00f6dik j\u00f3l:<\/p>\n\n\n\n<ul class=\"wp-block-list\">\n<li>gyors bels\u0151 egyeztet\u00e9shez,<\/li>\n\n\n\n<li>strat\u00e9giai d\u00f6nt\u00e9sekhez,<\/li>\n\n\n\n<li>k\u00fcls\u0151 partnerekkel val\u00f3 t\u00e1rgyal\u00e1shoz,<\/li>\n\n\n\n<li>vagy bemutat\u00f3khoz \u00e9s prezent\u00e1ci\u00f3khoz.<\/li>\n<\/ul>\n\n\n\n<p>A j\u00f3 vezet\u0151i t\u00e1rgyal\u00f3asztal nem uralja a teret, hanem <strong>illeszkedik a vezet\u0151 munkaritmus\u00e1hoz<\/strong>. Nem k\u00e9nyszer\u00edt egyetlen kommunik\u00e1ci\u00f3s form\u00e1ra, hanem lehet\u0151s\u00e9geket nyit: hol struktur\u00e1ltabb, hol k\u00f6zvetlenebb megbesz\u00e9l\u00e9sekre.<\/p>\n\n\n\n<p>Ugyanilyen fontos az is, hogy a t\u00e1rgyal\u00f3funkci\u00f3 <strong>\u00f6sszhangban legyen a teljes vezet\u0151i irodab\u00fator rendszerrel<\/strong>. Az \u00edr\u00f3asztal, a t\u00e1rol\u00f3k, az \u00fcl\u0151helyek \u00e9s a t\u00e1rgyal\u00f3asztal egy\u00fctt alkotnak m\u0171k\u00f6d\u0151 eg\u00e9szet. Ha ezek k\u00fcl\u00f6n-k\u00fcl\u00f6n j\u00f3l n\u00e9znek ki, de nem besz\u00e9lnek \u201eegy nyelvet\u201d, a t\u00e9r hossz\u00fa t\u00e1von nem lesz hat\u00e9kony.<\/p>\n\n\n\n<p>A vezet\u0151i t\u00e1rgyal\u00f3asztal akkor j\u00f3 v\u00e1laszt\u00e1s, ha:<\/p>\n\n\n\n<ul class=\"wp-block-list\">\n<li>nem n\u0151 ki p\u00e1r \u00e9v alatt,<\/li>\n\n\n\n<li>alkalmazkodik a v\u00e1ltoz\u00f3 egyeztet\u00e9si helyzetekhez,<\/li>\n\n\n\n<li>\u00e9s t\u00e1mogatja a vezet\u0151 d\u00f6nt\u00e9shoz\u00f3i szerep\u00e9t an\u00e9lk\u00fcl, hogy r\u00e1er\u0151ltetn\u00e9 mag\u00e1t a t\u00e9rre.<\/li>\n<\/ul>\n\n\n\n<p>V\u00e9gs\u0151 soron a vezet\u0151i t\u00e1rgyal\u00f3asztal nem a reprezent\u00e1ci\u00f3 cs\u00facspontja, hanem <strong>a m\u0171k\u00f6d\u00e9s egyik csendes motorja<\/strong>. Aki \u00edgy tekint r\u00e1, az nemcsak szebb irod\u00e1t alak\u00edt ki, hanem stabilabb, \u00e1tgondoltabb \u00e9s hossz\u00fa t\u00e1von is j\u00f3l m\u0171k\u00f6d\u0151 vezet\u0151i teret hoz l\u00e9tre.<\/p>\n\n\n\n<p><\/p>\n","protected":false},"excerpt":{"rendered":"<p>A vezet\u0151i irod\u00e1ban zajl\u00f3 d\u00f6nt\u00e9sek, egyeztet\u00e9sek \u00e9s bemutat\u00f3k nem azonos t\u00e9rhaszn\u00e1latot ig\u00e9nyelnek. M\u00e9gis gyakori hiba, hogy egyetlen t\u00e1rgyal\u00f3asztalt pr\u00f3b\u00e1lnak minden helyzetre alkalmasnak tekinteni \u2013 holott a k\u00fcl\u00f6nb\u00f6z\u0151 vezet\u0151i szitu\u00e1ci\u00f3k elt\u00e9r\u0151 b\u00fatoroz\u00e1si logik\u00e1t k\u00f6vetelnek. Egy gyors d\u00f6nt\u00e9shez m\u00e1sfajta asztal m\u0171k\u00f6dik j\u00f3l, mint egy bels\u0151 egyeztet\u00e9shez vagy egy \u00fcgyf\u00e9lnek tartott bemutat\u00f3hoz. A vezet\u0151i t\u00e1rgyal\u00f3asztal funkci\u00f3k ez\u00e9rt nem &#8230; <a title=\"D\u00f6nt\u00e9sek, egyeztet\u00e9sek, bemutat\u00f3k \u2013 nem ugyanaz a b\u00fator kell\" class=\"read-more\" href=\"https:\/\/www.bathori.hu\/blog\/vezetoi-targyaloasztal-funkciok\/\" aria-label=\"Read more about D\u00f6nt\u00e9sek, egyeztet\u00e9sek, bemutat\u00f3k \u2013 nem ugyanaz a b\u00fator kell\">Olvass tov\u00e1bb<\/a><\/p>\n","protected":false},"author":1,"featured_media":1389,"comment_status":"closed","ping_status":"closed","sticky":false,"template":"","format":"standard","meta":{"footnotes":""},"categories":[26],"tags":[],"class_list":["post-1383","post","type-post","status-publish","format-standard","has-post-thumbnail","hentry","category-vezetoi-targyaloasztal"],"_links":{"self":[{"href":"https:\/\/www.bathori.hu\/blog\/wp-json\/wp\/v2\/posts\/1383","targetHints":{"allow":["GET"]}}],"collection":[{"href":"https:\/\/www.bathori.hu\/blog\/wp-json\/wp\/v2\/posts"}],"about":[{"href":"https:\/\/www.bathori.hu\/blog\/wp-json\/wp\/v2\/types\/post"}],"author":[{"embeddable":true,"href":"https:\/\/www.bathori.hu\/blog\/wp-json\/wp\/v2\/users\/1"}],"replies":[{"embeddable":true,"href":"https:\/\/www.bathori.hu\/blog\/wp-json\/wp\/v2\/comments?post=1383"}],"version-history":[{"count":3,"href":"https:\/\/www.bathori.hu\/blog\/wp-json\/wp\/v2\/posts\/1383\/revisions"}],"predecessor-version":[{"id":1388,"href":"https:\/\/www.bathori.hu\/blog\/wp-json\/wp\/v2\/posts\/1383\/revisions\/1388"}],"wp:featuredmedia":[{"embeddable":true,"href":"https:\/\/www.bathori.hu\/blog\/wp-json\/wp\/v2\/media\/1389"}],"wp:attachment":[{"href":"https:\/\/www.bathori.hu\/blog\/wp-json\/wp\/v2\/media?parent=1383"}],"wp:term":[{"taxonomy":"category","embeddable":true,"href":"https:\/\/www.bathori.hu\/blog\/wp-json\/wp\/v2\/categories?post=1383"},{"taxonomy":"post_tag","embeddable":true,"href":"https:\/\/www.bathori.hu\/blog\/wp-json\/wp\/v2\/tags?post=1383"}],"curies":[{"name":"wp","href":"https:\/\/api.w.org\/{rel}","templated":true}]}}