{"id":1376,"date":"2026-01-24T07:00:00","date_gmt":"2026-01-24T05:00:00","guid":{"rendered":"https:\/\/www.bathori.hu\/blog\/?p=1376"},"modified":"2026-01-24T07:48:59","modified_gmt":"2026-01-24T05:48:59","slug":"tulajdonos-ugyvezeto-targyalasi-igenyei","status":"publish","type":"post","link":"https:\/\/www.bathori.hu\/blog\/tulajdonos-ugyvezeto-targyalasi-igenyei\/","title":{"rendered":"Tulajdonos-\u00fcgyvezet\u0151 vagy fels\u0151vezet\u0151 \u2013 elt\u00e9r\u0151 t\u00e1rgyal\u00e1si ig\u00e9nyek a vezet\u0151i irod\u00e1ban"},"content":{"rendered":"\n<p>Mik a tulajdonos \u00fcgyvezet\u0151 t\u00e1rgyal\u00e1si ig\u00e9nyei? A vezet\u0151i irod\u00e1ban elhelyezett t\u00e1rgyal\u00f3asztal funkci\u00f3ja <strong>nem poz\u00edci\u00f3hoz, hanem d\u00f6nt\u00e9si szerephez k\u00f6t\u0151dik<\/strong>. M\u00e1sk\u00e9pp haszn\u00e1lja egy <strong>tulajdonos-\u00fcgyvezet\u0151<\/strong>, \u00e9s m\u00e1st v\u00e1r el t\u0151le egy <strong>fels\u0151vezet\u0151<\/strong>, m\u00e9g akkor is, ha pap\u00edron hasonl\u00f3 hat\u00e1sk\u00f6rrel rendelkeznek. A k\u00fcl\u00f6nbs\u00e9g nem preszt\u00edzsben, hanem <strong>t\u00e1rgyal\u00e1si ritmusban, d\u00f6nt\u00e9si felel\u0151ss\u00e9gben \u00e9s t\u00e9rhaszn\u00e1latban<\/strong> jelenik meg.<\/p>\n\n\n\n<p>Sokan esnek abba a hib\u00e1ba, hogy a vezet\u0151i t\u00e1rgyal\u00f3asztalt egys\u00e9ges b\u00fatork\u00e9nt kezelik, mik\u00f6zben a val\u00f3s\u00e1gban ez az egyik leg\u00e9rz\u00e9kenyebb eleme a vezet\u0151i t\u00e9rnek. Egy rosszul megv\u00e1lasztott m\u00e9ret, forma vagy elhelyez\u00e9s <strong>lass\u00edthatja a d\u00f6nt\u00e9seket<\/strong>, f\u00e9lre\u00e9rthet\u0151 \u00fczenetet k\u00f6zvet\u00edthet a partnerek fel\u00e9, vagy feleslegesen foglalhat el \u00e9rt\u00e9kes teret a mindennapi munk\u00e1t\u00f3l.<\/p>\n\n\n\n<p>Ebben a cikkben azt vizsg\u00e1ljuk meg, <strong>miben t\u00e9rnek el a tulajdonos-\u00fcgyvezet\u0151k \u00e9s a fels\u0151vezet\u0151k t\u00e1rgyal\u00e1si ig\u00e9nyei a vezet\u0151i irod\u00e1n bel\u00fcl<\/strong>, \u00e9s hogyan \u00e9rdemes ehhez igaz\u00edtani a t\u00e1rgyal\u00f3asztal szerep\u00e9t. A f\u00f3kusz v\u00e9gig a <strong>vezet\u0151i irod\u00e1ban elhelyezett t\u00e1rgyal\u00f3megold\u00e1sokon<\/strong> marad \u2013 nem \u00e1ltal\u00e1nos t\u00e1rgyal\u00f3termekr\u0151l, hanem kifejezetten a vezet\u0151i t\u00e9r m\u0171k\u00f6d\u00e9s\u00e9r\u0151l besz\u00e9l\u00fcnk.<\/p>\n\n\n\n<h2 class=\"wp-block-heading\"><strong>1. Tulajdonos \u00fcgyvezet\u0151 t\u00e1rgyal\u00e1si ig\u00e9nyei \u2013 strat\u00e9giai d\u00f6nt\u00e9sek a vezet\u0151i irod\u00e1ban<\/strong><\/h2>\n\n\n\n<p>A <strong>tulajdonos-\u00fcgyvezet\u0151<\/strong> t\u00e1rgyal\u00e1sai jellemz\u0151en <strong>strat\u00e9giai s\u00faly\u00faak<\/strong>, ritk\u00e1bbak, de nagyobb hat\u00e1s\u00faak. Ezeken a megbesz\u00e9l\u00e9seken nem operat\u00edv k\u00e9rd\u00e9sek d\u0151lnek el, hanem hossz\u00fa t\u00e1v\u00fa ir\u00e1nyok: partners\u00e9gek, befektet\u00e9sek, c\u00e9gstrukt\u00fara-v\u00e1ltoz\u00e1sok vagy kulcsfontoss\u00e1g\u00fa szem\u00e9lyi d\u00f6nt\u00e9sek. Ennek megfelel\u0151en a vezet\u0151i irod\u00e1ban elhelyezett t\u00e1rgyal\u00f3asztal <strong>nem folyamatos haszn\u00e1latra<\/strong>, hanem c\u00e9lzott, kiemelt helyzetekre szolg\u00e1l.<\/p>\n\n\n\n<p>Ebben a szerepk\u00f6rben a t\u00e1rgyal\u00f3asztal gyakran <strong>nem v\u00e1lik a t\u00e9r domin\u00e1ns elem\u00e9v\u00e9<\/strong>. Sok tulajdonos-\u00fcgyvezet\u0151 eset\u00e9ben az \u00edr\u00f3asztal marad a k\u00f6zponti munkafel\u00fclet, m\u00edg a t\u00e1rgyal\u00f3asztal ink\u00e1bb egy elk\u00fcl\u00f6n\u00fcl\u0151, de vizu\u00e1lisan is hangs\u00falyos z\u00f3na. Ez lehet egy kisebb m\u00e9ret\u0171, eleg\u00e1ns asztal 2\u20134 f\u0151 r\u00e9sz\u00e9re, amely vil\u00e1gosan jelzi: itt nem napi operat\u00edv egyeztet\u00e9s, hanem <strong>kiemelt d\u00f6nt\u00e9si helyzet<\/strong> zajlik.<\/p>\n\n\n\n<p>A tulajdonos-\u00fcgyvezet\u0151i t\u00e1rgyal\u00e1sokn\u00e1l k\u00fcl\u00f6n\u00f6sen fontos a <strong>poz\u00edci\u00f3kommunik\u00e1ci\u00f3<\/strong>. Az asztal form\u00e1ja, anyaga \u00e9s elhelyez\u00e9se mind \u00fczenetet hordoz: stabilit\u00e1st, hossz\u00fa t\u00e1v\u00fa gondolkod\u00e1st, kontrollt. Gyakran el\u0151ny\u00f6s a t\u00f6m\u00f6r, letisztult megjelen\u00e9s, amely nem vonja el a figyelmet, m\u00e9gis egy\u00e9rtelm\u0171en elv\u00e1lasztja a t\u00e1rgyal\u00e1si helyzetet a mindennapi munkav\u00e9gz\u00e9st\u0151l.<\/p>\n\n\n\n<p>T\u00e9rhaszn\u00e1lati szempontb\u00f3l ezek a t\u00e1rgyal\u00e1sok <strong>nem ig\u00e9nyelnek nagy alapter\u00fcletet<\/strong>, viszont megk\u00f6vetelik a zavartalan k\u00f6rnyezetet. A t\u00fal nagy asztal vagy t\u00fal k\u00f6zponti elhelyez\u00e9s \u00e9ppen ez\u00e9rt h\u00e1tr\u00e1ny lehet: feleslegesen uralja a teret, mik\u00f6zben a haszn\u00e1lata ritka. A j\u00f3l megv\u00e1lasztott vezet\u0151i t\u00e1rgyal\u00f3asztal ebben az esetben <strong>h\u00e1tt\u00e9rben marad, am\u00edg sz\u00fcks\u00e9g nincs r\u00e1<\/strong>, de amikor igen, azonnal a d\u00f6nt\u00e9shozatal f\u00f3kusz\u00e1ba ker\u00fcl.<\/p>\n\n\n\n<h2 class=\"wp-block-heading\"><strong>2. Fels\u0151vezet\u0151i t\u00e1rgyal\u00e1sok \u2013 operat\u00edv egyeztet\u00e9sek \u00e9s napi d\u00f6nt\u00e9sek<\/strong><\/h2>\n\n\n\n<p>A <strong>fels\u0151vezet\u0151i<\/strong> t\u00e1rgyal\u00e1sok jellege alapvet\u0151en elt\u00e9r a tulajdonos-\u00fcgyvezet\u0151i egyeztet\u00e9sekt\u0151l. Itt a f\u00f3kusz nem a ritka, nagy \u00edv\u0171 strat\u00e9giai d\u00f6nt\u00e9seken van, hanem a <strong>folyamatos m\u0171k\u00f6d\u00e9sen<\/strong>: csapatir\u00e1ny\u00edt\u00e1s, projektek \u00e1ll\u00e1sa, teljes\u00edtm\u00e9ny\u00e9rt\u00e9kel\u00e9s, bels\u0151 koordin\u00e1ci\u00f3. Ennek megfelel\u0151en a vezet\u0151i irod\u00e1ban elhelyezett t\u00e1rgyal\u00f3asztal <strong>rendszeres haszn\u00e1latban van<\/strong>, gyakran napi szinten.<\/p>\n\n\n\n<p>Ebben a szerepk\u00f6rben a t\u00e1rgyal\u00f3asztal sokszor <strong>funkcion\u00e1lisan egyenrang\u00fa<\/strong> az \u00edr\u00f3asztallal, s\u0151t bizonyos vezet\u0151kn\u00e9l els\u0151dleges egyeztet\u00e9si fel\u00fclett\u00e9 v\u00e1lik. A fels\u0151vezet\u0151 jellemz\u0151en t\u00f6bb emberrel dolgozik egy\u00fctt p\u00e1rhuzamosan, ez\u00e9rt az asztal m\u00e9rete, form\u00e1ja \u00e9s el\u00e9rhet\u0151s\u00e9ge kritikus t\u00e9nyez\u0151. A t\u00fal kicsi vagy nehezen megk\u00f6zel\u00edthet\u0151 t\u00e1rgyal\u00f3asztal itt m\u00e1r akad\u00e1lyozza a hat\u00e9kony munk\u00e1t.<\/p>\n\n\n\n<p>A fels\u0151vezet\u0151i t\u00e1rgyal\u00e1sokn\u00e1l fontos szempont az <strong>ergon\u00f3mia \u00e9s a gyors \u00e1talak\u00edthat\u00f3s\u00e1g<\/strong>. Gyakoriak a r\u00f6vid, \u00e1ll\u00f3 vagy f\u00e9lig inform\u00e1lis megbesz\u00e9l\u00e9sek, ahol nem reprezent\u00e1ci\u00f3, hanem temp\u00f3 sz\u00e1m\u00edt. Ilyen helyzetekben el\u0151ny\u00f6s lehet egy kompaktabb, de j\u00f3l elhelyezett asztal, amely nem v\u00e1lasztja el t\u00falzottan a vezet\u0151t a csapatt\u00f3l, m\u00e9gis struktur\u00e1lja az egyeztet\u00e9st.<\/p>\n\n\n\n<p>Kommunik\u00e1ci\u00f3s szempontb\u00f3l a fels\u0151vezet\u0151i t\u00e1rgyal\u00f3asztal <strong>kev\u00e9sb\u00e9 hierarchikus \u00fczenetet hordoz<\/strong>. Nem a t\u00e1vols\u00e1g, hanem az egy\u00fcttm\u0171k\u00f6d\u00e9s hangs\u00falyos. Ez megjelenhet az asztal form\u00e1j\u00e1ban (kerekebb, lekerek\u00edtett sarkok), elhelyez\u00e9s\u00e9ben (k\u00f6zelebb az \u00edr\u00f3asztalhoz vagy az iroda k\u00f6zponti r\u00e9sz\u00e9hez), illetve a b\u00fatoroz\u00e1s eg\u00e9sz\u00e9ben is.<\/p>\n\n\n\n<p>\u00d6sszess\u00e9g\u00e9ben a fels\u0151vezet\u0151i t\u00e1rgyal\u00f3asztal akkor m\u0171k\u00f6dik j\u00f3l, ha <strong>a napi d\u00f6nt\u00e9shozatal ritmus\u00e1hoz igazodik<\/strong>, nem pedig \u00fcnnepi, ritk\u00e1n haszn\u00e1lt b\u00fatork\u00e9nt jelenik meg. A vezet\u0151i iroda ebben az esetben nem \u201efogad\u00f3terem\u201d, hanem akt\u00edv munkak\u00f6rnyezet, amelyben a t\u00e1rgyal\u00f3asztal a m\u0171k\u00f6d\u00e9s term\u00e9szetes r\u00e9sze.<\/p>\n\n\n\n<h2 class=\"wp-block-heading\"><strong>3. Az elt\u00e9r\u0151 szerepk\u00f6r\u00f6k hat\u00e1sa a t\u00e1rgyal\u00f3asztal m\u00e9ret\u00e9re, form\u00e1j\u00e1ra \u00e9s elhelyez\u00e9s\u00e9re<\/strong><\/h2>\n\n\n\n<p>A tulajdonos-\u00fcgyvezet\u0151 \u00e9s a fels\u0151vezet\u0151 k\u00f6z\u00f6tti k\u00fcl\u00f6nbs\u00e9g nemcsak a d\u00f6nt\u00e9sek jelleg\u00e9ben jelenik meg, hanem <strong>konkr\u00e9tan leford\u00edthat\u00f3 a t\u00e1rgyal\u00f3asztal fizikai param\u00e9tereire is<\/strong>. A vezet\u0151i irod\u00e1ban alkalmazott t\u00e1rgyal\u00f3asztal m\u00e9rete, form\u00e1ja \u00e9s poz\u00edci\u00f3ja val\u00f3j\u00e1ban egyfajta \u201et\u00e9rbeli lenyomata\u201d annak, hogyan sz\u00fcletnek a d\u00f6nt\u00e9sek.<\/p>\n\n\n\n<h3 class=\"wp-block-heading\"><strong>M\u00e9ret: reprezent\u00e1ci\u00f3 vs. m\u0171k\u00f6d\u00e9s<\/strong><\/h3>\n\n\n\n<p>Tulajdonos-\u00fcgyvezet\u0151i k\u00f6rnyezetben a t\u00e1rgyal\u00f3asztal gyakran <strong>t\u00falmutat a praktikus sz\u00fcks\u00e9gleten<\/strong>. Nem ritka a 6\u20138 f\u0151s kapacit\u00e1s akkor sem, ha a napi egyeztet\u00e9sek jellemz\u0151en 2\u20133 f\u0151sek. Ennek oka nem a t\u00falm\u00e9retez\u00e9s hib\u00e1ja, hanem az, hogy az asztalnak <strong>szimbolikus funkci\u00f3ja is van<\/strong>: t\u00e1rgyal\u00e1si s\u00falyt, stabilit\u00e1st \u00e9s hossz\u00fa t\u00e1v\u00fa gondolkod\u00e1st sugall.<\/p>\n\n\n\n<p>Ezzel szemben fels\u0151vezet\u0151i irod\u00e1ban a m\u00e9retet sokkal ink\u00e1bb a <strong>val\u00f3s haszn\u00e1lat<\/strong> hat\u00e1rozza meg. Itt egy 3\u20134 f\u0151s, kompakt t\u00e1rgyal\u00f3asztal gyakran ide\u00e1lisabb, mert nem foglal feleslegesen teret, m\u00e9gis lehet\u0151v\u00e9 teszi a gyors egyeztet\u00e9seket. A t\u00fal nagy asztal ebben a k\u00f6rnyezetben m\u00e1r ink\u00e1bb lass\u00edt, mint seg\u00edt.<\/p>\n\n\n\n<h3 class=\"wp-block-heading\"><strong>Forma: hierarchia vagy egy\u00fcttm\u0171k\u00f6d\u00e9s<\/strong><\/h3>\n\n\n\n<p>A forma szint\u00e9n er\u0151s \u00fczenetet hordoz. A tulajdonos-\u00fcgyvezet\u0151i t\u00e1rgyal\u00e1sokn\u00e1l gyakoriak a <strong>hossz\u00fak\u00e1s, t\u00e9glalap alak\u00fa asztalok<\/strong>, amelyek vil\u00e1gosan kijel\u00f6lik az \u00fcl\u00e9srendet \u00e9s a poz\u00edci\u00f3kat. Ez k\u00fcl\u00f6n\u00f6sen fontos k\u00fcls\u0151 partnerek, befektet\u0151k vagy nagyobb s\u00faly\u00fa \u00fczleti t\u00e1rgyal\u00e1sok eset\u00e9n.<\/p>\n\n\n\n<p>Fels\u0151vezet\u0151kn\u00e9l viszont sokszor el\u0151ny\u00f6sebb a <strong>kerekebb, lekerek\u00edtett vagy ov\u00e1lis forma<\/strong>, amely cs\u00f6kkenti a hierarchikus \u00e9rzetet \u00e9s t\u00e1mogatja a ny\u00edltabb kommunik\u00e1ci\u00f3t. Ezek az asztalok kev\u00e9sb\u00e9 \u201easztalf\u0151-orient\u00e1ltak\u201d, \u00edgy jobban illeszkednek a csapatmunk\u00e1hoz \u00e9s a k\u00f6z\u00f6s probl\u00e9mamegold\u00e1shoz.<\/p>\n\n\n\n<h3 class=\"wp-block-heading\"><strong>Elhelyez\u00e9s: k\u00f6zponti elem vagy kieg\u00e9sz\u00edt\u0151 funkci\u00f3<\/strong><\/h3>\n\n\n\n<p>A t\u00e1rgyal\u00f3asztal poz\u00edci\u00f3ja az irod\u00e1n bel\u00fcl szint\u00e9n szerepk\u00f6rf\u00fcgg\u0151. Tulajdonos-\u00fcgyvezet\u0151i irod\u00e1ban gyakran <strong>elk\u00fcl\u00f6n\u00edtett z\u00f3n\u00e1ban<\/strong> kap helyet: k\u00fcl\u00f6n t\u00e1rgyal\u00f3sarokban, pihen\u0151r\u00e9szhez k\u00f6zel vagy ak\u00e1r az iroda m\u00e1sik v\u00e9g\u00e9ben. Ez lehet\u0151v\u00e9 teszi, hogy a t\u00e1rgyal\u00e1s \u201ekil\u00e9pjen\u201d az \u00edr\u00f3asztal vil\u00e1g\u00e1b\u00f3l, \u00e9s \u00f6n\u00e1ll\u00f3 esem\u00e9nny\u00e9 v\u00e1ljon.<\/p>\n\n\n\n<p>Fels\u0151vezet\u0151i irod\u00e1ban ezzel szemben a t\u00e1rgyal\u00f3asztal sokszor <strong>az \u00edr\u00f3asztal k\u00f6zvetlen k\u00f6zel\u00e9ben<\/strong> helyezkedik el. Ennek oka, hogy a megbesz\u00e9l\u00e9sek gyakran szervesen kapcsol\u00f3dnak az aktu\u00e1lis munk\u00e1hoz, dokumentumokhoz, k\u00e9perny\u0151kh\u00f6z. Itt az elv\u00e1laszt\u00e1s helyett az \u00e1tj\u00e1rhat\u00f3s\u00e1g a c\u00e9l.<\/p>\n\n\n\n<h3 class=\"wp-block-heading\"><strong>A leggyakoribb hiba: egyetlen logika mindenkinek<\/strong><\/h3>\n\n\n\n<p>Az egyik leggyakoribb tervez\u00e9si hiba, amikor a vezet\u0151i t\u00e1rgyal\u00f3asztalt <strong>egyfajta sablon alapj\u00e1n<\/strong> v\u00e1lasztj\u00e1k ki, f\u00fcggetlen\u00fcl att\u00f3l, hogy tulajdonos-\u00fcgyvezet\u0151 vagy fels\u0151vezet\u0151 haszn\u00e1lja majd az irod\u00e1t. Ez gyakran oda vezet, hogy az asztal vagy alulhaszn\u00e1lt reprezent\u00e1ci\u00f3s elem marad, vagy t\u00fal nagy kompromisszumot jelent a napi m\u0171k\u00f6d\u00e9sben.<\/p>\n\n\n\n<p>A j\u00f3l m\u0171k\u00f6d\u0151 vezet\u0151i iroda ott kezd\u0151dik, hogy a t\u00e1rgyal\u00f3asztalt <strong>nem \u00f6nmag\u00e1ban<\/strong>, hanem a vezet\u0151 szerep\u00e9vel \u00e9s d\u00f6nt\u00e9si st\u00edlus\u00e1val \u00f6sszhangban \u00e9rtelmezz\u00fck.<\/p>\n\n\n\n<h2 class=\"wp-block-heading\"><strong>4. T\u00e1rgyal\u00e1si helyzetek a vezet\u0151i irod\u00e1ban \u2013 nem mindegy, mire k\u00e9sz\u00fcl a t\u00e9r<\/strong><\/h2>\n\n\n\n<p>A vezet\u0151i t\u00e1rgyal\u00f3asztal akkor m\u0171k\u00f6dik j\u00f3l, ha <strong>nem egyetlen idealiz\u00e1lt helyzetre van optimaliz\u00e1lva<\/strong>, hanem k\u00e9pes kiszolg\u00e1lni azokat a konkr\u00e9t t\u00e1rgyal\u00e1si szitu\u00e1ci\u00f3kat, amelyek a mindennapokban val\u00f3ban el\u0151fordulnak. Ezek a helyzetek jelent\u0151sen elt\u00e9rnek egym\u00e1st\u00f3l, \u00e9s m\u00e1s-m\u00e1s t\u00e9rhaszn\u00e1lati logik\u00e1t ig\u00e9nyelnek.<\/p>\n\n\n\n<h3 class=\"wp-block-heading\"><strong>1:1 egyeztet\u00e9sek \u2013 f\u00f3kusz \u00e9s intimit\u00e1s<\/strong><\/h3>\n\n\n\n<p>Az egyik leggyakoribb forma a <strong>k\u00e9tf\u0151s megbesz\u00e9l\u00e9s<\/strong>: vezet\u0151 \u00e9s kulcsember, vezet\u0151 \u00e9s tan\u00e1csad\u00f3, vezet\u0151 \u00e9s k\u00f6zvetlen munkat\u00e1rs. Ezekn\u00e9l a helyzetekn\u00e9l a t\u00fal nagy t\u00e1rgyal\u00f3asztal ink\u00e1bb akad\u00e1ly, mint el\u0151ny.<\/p>\n\n\n\n<p>Itt a c\u00e9l:<\/p>\n\n\n\n<ul class=\"wp-block-list\">\n<li>k\u00f6zvetlen kommunik\u00e1ci\u00f3,<\/li>\n\n\n\n<li>szemkontaktus,<\/li>\n\n\n\n<li>gyors d\u00f6nt\u00e9shozatal.<\/li>\n<\/ul>\n\n\n\n<p>Egy kisebb, kompakt t\u00e1rgyal\u00f3asztal vagy ak\u00e1r egy <strong>\u00edr\u00f3asztalt\u00f3l elk\u00fcl\u00f6n\u00edtett, de nem domin\u00e1ns m\u00e9ret\u0171<\/strong> megold\u00e1s sokkal hat\u00e9konyabb. Fontos, hogy a t\u00e9r ne keltsen hivatalos \u201emeghallgat\u00e1s\u201d \u00e9rzetet, hanem t\u00e1mogassa az \u0151szinte p\u00e1rbesz\u00e9det.<\/p>\n\n\n\n<h3 class=\"wp-block-heading\"><strong>Bels\u0151 strat\u00e9giai megbesz\u00e9l\u00e9sek \u2013 struktur\u00e1lt gondolkod\u00e1s<\/strong><\/h3>\n\n\n\n<p>Amikor a t\u00e1rgyal\u00e1s t\u00f6bb r\u00e9sztvev\u0151t \u00e9rint, de tov\u00e1bbra is <strong>bels\u0151 k\u00f6rben zajlik<\/strong>, a t\u00e1rgyal\u00f3asztal m\u00e1r m\u00e1s szerepet kap. Ezek a megbesz\u00e9l\u00e9sek jellemz\u0151en:<\/p>\n\n\n\n<ul class=\"wp-block-list\">\n<li>hosszabbak,<\/li>\n\n\n\n<li>dokumentum- \u00e9s prezent\u00e1ci\u00f3intenz\u00edvek,<\/li>\n\n\n\n<li>d\u00f6nt\u00e9s-el\u0151k\u00e9sz\u00edt\u0151 jelleg\u0171ek.<\/li>\n<\/ul>\n\n\n\n<p>Itt fontos a megfelel\u0151 m\u00e9ret \u00e9s a <strong>funkcion\u00e1lis elrendez\u00e9s<\/strong>: legyen hely laptopoknak, jegyzeteknek, ak\u00e1r kijelz\u0151nek vagy monitorhoz val\u00f3 r\u00e1l\u00e1t\u00e1snak. A t\u00fal kicsi asztal zs\u00fafolts\u00e1got okoz, a t\u00fal nagy viszont felesleges t\u00e1vols\u00e1got teremt a r\u00e9sztvev\u0151k k\u00f6z\u00f6tt.<\/p>\n\n\n\n<p>A j\u00f3l megv\u00e1lasztott vezet\u0151i t\u00e1rgyal\u00f3asztal ebben az esetben <strong>struktur\u00e1lja a gondolkod\u00e1st<\/strong>: seg\u00edt abban, hogy mindenki \u201ebelef\u00e9rjen\u201d a d\u00f6nt\u00e9si t\u00e9rbe.<\/p>\n\n\n\n<h3 class=\"wp-block-heading\"><strong>K\u00fcls\u0151 partnerrel vagy \u00fcgyf\u00e9llel zajl\u00f3 t\u00e1rgyal\u00e1sok \u2013 reprezent\u00e1ci\u00f3 \u00e9s kontroll<\/strong><\/h3>\n\n\n\n<p>A legnagyobb k\u00fcl\u00f6nbs\u00e9g akkor jelenik meg, amikor a vezet\u0151i irod\u00e1ban <strong>k\u00fcls\u0151 f\u00e9l<\/strong> is megjelenik. Ilyenkor a t\u00e1rgyal\u00f3asztal m\u00e1r nemcsak funkcion\u00e1lis elem, hanem <strong>kommunik\u00e1ci\u00f3s eszk\u00f6z<\/strong> is.<\/p>\n\n\n\n<p>Ezekn\u00e9l a helyzetekn\u00e9l:<\/p>\n\n\n\n<ul class=\"wp-block-list\">\n<li>sz\u00e1m\u00edt az els\u0151 benyom\u00e1s,<\/li>\n\n\n\n<li>fontos a t\u00e9r ar\u00e1nyoss\u00e1ga,<\/li>\n\n\n\n<li>megjelenik a poz\u00edci\u00f3k finom jelz\u00e9se.<\/li>\n<\/ul>\n\n\n\n<p>A t\u00e1rgyal\u00f3asztal m\u00e9rete, form\u00e1ja \u00e9s elhelyez\u00e9se mind \u00fczenetet hordoz: stabilit\u00e1st, nyitotts\u00e1got vagy \u00e9ppen hat\u00e1rozotts\u00e1got. Nem v\u00e9letlen, hogy sok tulajdonos-\u00fcgyvezet\u0151 tudatosan v\u00e1laszt olyan megold\u00e1st, amely kiss\u00e9 \u201et\u00falmutat\u201d a napi haszn\u00e1laton, mert ezek a t\u00e1rgyal\u00e1sok ritk\u00e1bbak, de nagyobb s\u00faly\u00faak.<\/p>\n\n\n\n<h3 class=\"wp-block-heading\"><strong>Vegyes haszn\u00e1lat \u2013 amikor minden egyszerre t\u00f6rt\u00e9nik<\/strong><\/h3>\n\n\n\n<p>Sok vezet\u0151i irod\u00e1ban a t\u00e1rgyal\u00f3asztal <strong>nem egyetlen t\u00edpus\u00fa helyzetre<\/strong> szolg\u00e1l, hanem vegyesen: reggel gyors egyeztet\u00e9s, d\u00e9lben bels\u0151 megbesz\u00e9l\u00e9s, d\u00e9lut\u00e1n k\u00fcls\u0151 partner. Ez az egyik legnehezebb tervez\u00e9si helyzet.<\/p>\n\n\n\n<p>Ilyenkor k\u00fcl\u00f6n\u00f6sen fontos:<\/p>\n\n\n\n<ul class=\"wp-block-list\">\n<li>a rugalmas m\u00e9retv\u00e1laszt\u00e1s,<\/li>\n\n\n\n<li>az asztal \u00e9s az \u00edr\u00f3asztal k\u00f6z\u00f6tti kapcsolat,<\/li>\n\n\n\n<li>a t\u00e9r gyors \u00e1trendezhet\u0151s\u00e9ge (sz\u00e9kek, hozz\u00e1f\u00e9r\u00e9s, technika).<\/li>\n<\/ul>\n\n\n\n<p>A kompromisszum nem azt jelenti, hogy mindenben k\u00f6z\u00e9putat v\u00e1lasztunk, hanem azt, hogy <strong>a leggyakoribb haszn\u00e1latra optimaliz\u00e1lunk<\/strong>, mik\u00f6zben a ritk\u00e1bb, de fontos helyzeteket is kezelhet\u0151v\u00e9 tessz\u00fck.<\/p>\n\n\n\n<h3 class=\"wp-block-heading\"><strong>Mi\u00e9rt hib\u00e1s az \u201eegy t\u00e1rgyal\u00f3asztal mindenre\u201d gondolkod\u00e1s?<\/strong><\/h3>\n\n\n\n<p>Az egyik legnagyobb t\u00e9ved\u00e9s, amikor a vezet\u0151i t\u00e1rgyal\u00f3asztalt <strong>absztrakt funkci\u00f3k\u00e9nt<\/strong> kezelik, nem pedig konkr\u00e9t haszn\u00e1lati mint\u00e1k alapj\u00e1n. A j\u00f3 d\u00f6nt\u00e9s ott kezd\u0151dik, hogy v\u00e9giggondoljuk:<\/p>\n\n\n\n<ul class=\"wp-block-list\">\n<li>kikkel t\u00e1rgyal a vezet\u0151 leggyakrabban,<\/li>\n\n\n\n<li>milyen hossz\u00faak ezek az egyeztet\u00e9sek,<\/li>\n\n\n\n<li>milyen d\u00f6nt\u00e9sek sz\u00fcletnek itt.<\/li>\n<\/ul>\n\n\n\n<p>A t\u00e9rnek nem sz\u00e9pnek kell lennie \u00f6nmag\u00e1ban, hanem <strong>seg\u00edtenie kell a megfelel\u0151 d\u00f6nt\u00e9sek megsz\u00fclet\u00e9s\u00e9t<\/strong> \u2013 minden t\u00e1rgyal\u00e1si helyzetben.<\/p>\n\n\n\n<h2 class=\"wp-block-heading\"><strong>5. \u00cdr\u00f3asztal \u00e9s t\u00e1rgyal\u00f3asztal kapcsolata a vezet\u0151i irod\u00e1ban<\/strong><\/h2>\n\n\n\n<p>A vezet\u0151i iroda egyik leg\u00e9rz\u00e9kenyebb k\u00e9rd\u00e9se az, hogy <strong>hogyan viszonyul egym\u00e1shoz az \u00edr\u00f3asztal \u00e9s a t\u00e1rgyal\u00f3asztal<\/strong>. Ez nem puszt\u00e1n elrendez\u00e9si probl\u00e9ma, hanem <strong>szerep- \u00e9s hat\u00e1sk\u00e9rd\u00e9s<\/strong> is: mit mutat a t\u00e9r a vezet\u0151 munkam\u00f3dszer\u00e9r\u0151l, d\u00f6nt\u00e9si st\u00edlus\u00e1r\u00f3l \u00e9s priorit\u00e1sair\u00f3l.<\/p>\n\n\n\n<h3 class=\"wp-block-heading\"><strong>Egy t\u00e9rben, de k\u00fcl\u00f6n funkci\u00f3val \u2013 a leggyakoribb modell<\/strong><\/h3>\n\n\n\n<p>Sok vezet\u0151i irod\u00e1ban az \u00edr\u00f3asztal \u00e9s a t\u00e1rgyal\u00f3asztal <strong>ugyanabban a t\u00e9rben kap helyet<\/strong>, m\u00e9gis vil\u00e1gosan elk\u00fcl\u00f6n\u00fcl\u0151 szereppel. Ez a megold\u00e1s akkor m\u0171k\u00f6dik j\u00f3l, ha a vezet\u0151:<\/p>\n\n\n\n<ul class=\"wp-block-list\">\n<li>sokat dolgozik egyed\u00fcl,<\/li>\n\n\n\n<li>rendszeresen tart r\u00f6vid egyeztet\u00e9seket,<\/li>\n\n\n\n<li>ritk\u00e1bban fogad nagyobb l\u00e9tsz\u00e1m\u00fa t\u00e1rgyal\u00f3partnereket.<\/li>\n<\/ul>\n\n\n\n<p>Ilyenkor az \u00edr\u00f3asztal marad a napi munka k\u00f6zpontja, m\u00edg a t\u00e1rgyal\u00f3asztal egy <strong>m\u00e1sodlagos d\u00f6nt\u00e9si z\u00f3nak\u00e9nt<\/strong> funkcion\u00e1l. Fontos, hogy a k\u00e9t elem ne versenyezzen egym\u00e1ssal vizu\u00e1lisan vagy m\u00e9retben, mert az k\u00f6nnyen kaotikus \u00e9rzetet kelt.<\/p>\n\n\n\n<p>A j\u00f3 ar\u00e1ny: az \u00edr\u00f3asztal domin\u00e1ns, a t\u00e1rgyal\u00f3asztal t\u00e1mogat\u00f3 szerep\u0171.<\/p>\n\n\n\n<h3 class=\"wp-block-heading\"><strong>Elk\u00fcl\u00f6n\u00edtett, de \u00e1tl\u00e1that\u00f3 elrendez\u00e9s \u2013 kontroll\u00e1lt t\u00e1vols\u00e1g<\/strong><\/h3>\n\n\n\n<p>Nagyobb vezet\u0151i irod\u00e1kban gyakori, hogy a t\u00e1rgyal\u00f3asztal <strong>fizikailag elk\u00fcl\u00f6n\u00fcl<\/strong> az \u00edr\u00f3asztalt\u00f3l: m\u00e1sik falszakaszhoz ker\u00fcl, esetleg parav\u00e1nnal, sz\u0151nyeggel vagy vil\u00e1g\u00edt\u00e1ssal v\u00e1lik k\u00fcl\u00f6n z\u00f3n\u00e1v\u00e1.<\/p>\n\n\n\n<p>Ez a megold\u00e1s:<\/p>\n\n\n\n<ul class=\"wp-block-list\">\n<li>cs\u00f6kkenti a ment\u00e1lis \u00e1tkapcsol\u00e1s terh\u00e9t,<\/li>\n\n\n\n<li>tiszt\u00e1bb szerephat\u00e1rokat teremt,<\/li>\n\n\n\n<li>seg\u00edt a vezet\u0151nek \u201ekil\u00e9pni\u201d a napi operat\u00edv munk\u00e1b\u00f3l a t\u00e1rgyal\u00e1sok idej\u00e9re.<\/li>\n<\/ul>\n\n\n\n<p>K\u00fcl\u00f6n\u00f6sen el\u0151ny\u00f6s akkor, ha a vezet\u0151 gyakran v\u00e1lt az egy\u00e9ni munkav\u00e9gz\u00e9s \u00e9s a d\u00f6nt\u00e9s-el\u0151k\u00e9sz\u00edt\u0151 megbesz\u00e9l\u00e9sek k\u00f6z\u00f6tt.<\/p>\n\n\n\n<h3 class=\"wp-block-heading\"><strong>Amikor a t\u00e1rgyal\u00f3asztal t\u00fal k\u00f6zel ker\u00fcl az \u00edr\u00f3asztalhoz<\/strong><\/h3>\n\n\n\n<p>Gyakori hiba, hogy a t\u00e1rgyal\u00f3asztalt <strong>t\u00fal k\u00f6zel helyezik<\/strong> az \u00edr\u00f3asztalhoz, mintha az csak egy kieg\u00e9sz\u00edt\u0151 lenne. Ez t\u00f6bb probl\u00e9m\u00e1t is okozhat:<\/p>\n\n\n\n<ul class=\"wp-block-list\">\n<li>a t\u00e1rgyal\u00e1sok \u201ebelefolynak\u201d a napi munk\u00e1ba,<\/li>\n\n\n\n<li>a vezet\u0151 folyamatosan operat\u00edv m\u00f3dban marad,<\/li>\n\n\n\n<li>a vend\u00e9gek sz\u00e1m\u00e1ra zavar\u00f3 lehet a t\u00fal szem\u00e9lyes k\u00f6zels\u00e9g.<\/li>\n<\/ul>\n\n\n\n<p>A vezet\u0151i t\u00e1rgyal\u00f3asztalnak mindig kell egy minim\u00e1lis <strong>l\u00e9lektani t\u00e1vols\u00e1g<\/strong>, m\u00e9g akkor is, ha fizikailag egy t\u00e9rben van az \u00edr\u00f3asztallal.<\/p>\n\n\n\n<h3 class=\"wp-block-heading\"><strong>Amikor a t\u00e1rgyal\u00f3asztal veszi \u00e1t a f\u0151szerepet<\/strong><\/h3>\n\n\n\n<p>Bizonyos vezet\u0151i szerepk\u00f6r\u00f6kben \u2013 p\u00e9ld\u00e1ul tulajdonos-\u00fcgyvezet\u0151kn\u00e9l vagy strat\u00e9giai f\u00f3kusz\u00fa fels\u0151vezet\u0151kn\u00e9l \u2013 el\u0151fordul, hogy a t\u00e1rgyal\u00f3asztal v\u00e1lik a t\u00e9r k\u00f6zponti elem\u00e9v\u00e9, \u00e9s az \u00edr\u00f3asztal h\u00e1tt\u00e9rbe szorul.<\/p>\n\n\n\n<p>Ez akkor indokolt, ha:<\/p>\n\n\n\n<ul class=\"wp-block-list\">\n<li>a vezet\u0151 munk\u00e1ja nagyr\u00e9szt egyeztet\u00e9sekb\u0151l \u00e1ll,<\/li>\n\n\n\n<li>kev\u00e9s az operat\u00edv adminisztr\u00e1ci\u00f3,<\/li>\n\n\n\n<li>a d\u00f6nt\u00e9sek t\u00f6bbs\u00e9ge szem\u00e9lyes megbesz\u00e9l\u00e9seken sz\u00fcletik.<\/li>\n<\/ul>\n\n\n\n<p>Ebben az esetben az \u00edr\u00f3asztal ink\u00e1bb technikai eszk\u00f6z, m\u00edg a t\u00e1rgyal\u00f3asztal a val\u00f3di d\u00f6nt\u00e9si t\u00e9r.<\/p>\n\n\n\n<h3 class=\"wp-block-heading\"><strong>Mi alapj\u00e1n d\u00f6nts\u00f6n a vezet\u0151 az elrendez\u00e9sr\u0151l?<\/strong><\/h3>\n\n\n\n<p>A legfontosabb k\u00e9rd\u00e9sek, amelyeket \u00e9rdemes feltenni:<\/p>\n\n\n\n<ul class=\"wp-block-list\">\n<li>Hol sz\u00fcletnek a legfontosabb d\u00f6nt\u00e9sek?<\/li>\n\n\n\n<li>A vezet\u0151 ink\u00e1bb gondolkodik egyed\u00fcl, vagy besz\u00e9lget\u00e9sek sor\u00e1n?<\/li>\n\n\n\n<li>Milyen gyakran fogad k\u00fcls\u0151 partnereket a saj\u00e1t irod\u00e1j\u00e1ban?<\/li>\n<\/ul>\n\n\n\n<p>A j\u00f3 elrendez\u00e9s nem univerz\u00e1lis recept, hanem <strong>a vezet\u0151 munkam\u00f3dszer\u00e9nek t\u00e9rbeli lek\u00e9pez\u00e9se<\/strong>. Ha az \u00edr\u00f3asztal \u00e9s a t\u00e1rgyal\u00f3asztal kapcsolata ezt t\u00e1mogatja, a vezet\u0151i iroda nemcsak sz\u00e9p, hanem val\u00f3ban hat\u00e9kony lesz.<\/p>\n\n\n\n<h2 class=\"wp-block-heading\"><strong>6. M\u00e9retv\u00e1laszt\u00e1s \u00e9s f\u00e9r\u0151helyek \u2013 mikor t\u00fal kicsi, mikor t\u00fal nagy a vezet\u0151i t\u00e1rgyal\u00f3asztal?<\/strong><\/h2>\n\n\n\n<p>A vezet\u0151i irod\u00e1ban elhelyezett t\u00e1rgyal\u00f3asztal m\u00e9rete az egyik leggyakrabban <strong>alul- vagy t\u00falbecs\u00fclt d\u00f6nt\u00e9si t\u00e9nyez\u0151<\/strong>. Sok vezet\u0151 vagy \u00f6szt\u00f6n\u00f6sen t\u00fal kicsi asztalt v\u00e1laszt, \u201e\u00fagyis csak p\u00e1r ember \u00fcl le\u201d, vagy t\u00fal nagyot, mert \u201elegyen tekint\u00e9lye\u201d. Mindk\u00e9t v\u00e9glet m\u0171k\u00f6d\u00e9si probl\u00e9m\u00e1khoz vezethet.<\/p>\n\n\n\n<h3 class=\"wp-block-heading\"><strong>A t\u00fal kicsi t\u00e1rgyal\u00f3asztal rejtett kock\u00e1zatai<\/strong><\/h3>\n\n\n\n<p>Egy 2\u20133 f\u0151sre m\u00e9retezett t\u00e1rgyal\u00f3asztal els\u0151re praktikusnak t\u0171nhet, de hosszabb t\u00e1von gyakran korl\u00e1toz\u00f3v\u00e1 v\u00e1lik. Tipikus probl\u00e9m\u00e1k:<\/p>\n\n\n\n<ul class=\"wp-block-list\">\n<li>nincs hely jegyzetel\u00e9sre, laptopra, dokumentumokra,<\/li>\n\n\n\n<li>sz\u0171k\u00f6s testtart\u00e1s alakul ki, ami fesz\u00fclts\u00e9get okoz,<\/li>\n\n\n\n<li>egy plusz r\u00e9sztvev\u0151 m\u00e1r \u201ebe\u00e9kel\u0151dik\u201d a t\u00e9rbe.<\/li>\n<\/ul>\n\n\n\n<p>A vezet\u0151i t\u00e1rgyal\u00e1sok sokszor <strong>nem tervezetten n\u0151nek l\u00e9tsz\u00e1mban<\/strong>: becsatlakozik egy koll\u00e9ga, egy tan\u00e1csad\u00f3, vagy egy k\u00fcls\u0151 partner. Ha az asztal ezt nem tudja kezelni, a t\u00e9r azonnal k\u00e9nyelmetlenn\u00e9 v\u00e1lik.<\/p>\n\n\n\n<h3 class=\"wp-block-heading\"><strong>A t\u00fal nagy t\u00e1rgyal\u00f3asztal hat\u00e1sa a kommunik\u00e1ci\u00f3ra<\/strong><\/h3>\n\n\n\n<p>A m\u00e1sik v\u00e9glet a t\u00falm\u00e9retezett t\u00e1rgyal\u00f3asztal, amely els\u0151re impoz\u00e1ns, de nem mindig hat\u00e9kony. Gyakori k\u00f6vetkezm\u00e9nyei:<\/p>\n\n\n\n<ul class=\"wp-block-list\">\n<li>t\u00fal nagy t\u00e1vols\u00e1g alakul ki a r\u00e9sztvev\u0151k k\u00f6z\u00f6tt,<\/li>\n\n\n\n<li>az egyeztet\u00e9s form\u00e1liss\u00e1, merevv\u00e9 v\u00e1lik,<\/li>\n\n\n\n<li>az 1:1 vagy 1:2 besz\u00e9lget\u00e9sek elvesztik intimit\u00e1sukat.<\/li>\n<\/ul>\n\n\n\n<p>K\u00fcl\u00f6n\u00f6sen vezet\u0151i irod\u00e1ban fontos, hogy a t\u00e1rgyal\u00e1sok <strong>nem t\u00e1rgyal\u00f3termi hangulat\u00faak<\/strong>, hanem k\u00f6zvetlenek, gyorsak \u00e9s f\u00f3kusz\u00e1ltak legyenek. Egy t\u00fal nagy asztal ezt k\u00f6nnyen lerombolja.<\/p>\n\n\n\n<h3 class=\"wp-block-heading\"><strong>Optim\u00e1lis f\u00e9r\u0151helyek vezet\u0151i irod\u00e1ban<\/strong><\/h3>\n\n\n\n<p>A gyakorlatban a vezet\u0151i irod\u00e1ba sz\u00e1nt t\u00e1rgyal\u00f3asztalok t\u00f6bbs\u00e9ge:<\/p>\n\n\n\n<ul class=\"wp-block-list\">\n<li><strong>3\u20134 f\u0151re<\/strong> ide\u00e1lis kis- \u00e9s k\u00f6zepes irod\u00e1kban,<\/li>\n\n\n\n<li><strong>4\u20136 f\u0151re<\/strong> nagyobb vezet\u0151i terekben,<\/li>\n\n\n\n<li>6 f\u0151 felett m\u00e1r ink\u00e1bb k\u00fcl\u00f6n t\u00e1rgyal\u00f3terem javasolt.<\/li>\n<\/ul>\n\n\n\n<p>Ez nem csak fizikai m\u00e9ret k\u00e9rd\u00e9se, hanem funkci\u00f3\u00e9 is. A vezet\u0151i iroda nem konferenciaterem \u2013 itt a d\u00f6nt\u00e9s, nem a prezent\u00e1ci\u00f3 van a k\u00f6z\u00e9ppontban.<\/p>\n\n\n\n<h3 class=\"wp-block-heading\"><strong>A t\u00e9rar\u00e1nyok szerepe a m\u00e9retv\u00e1laszt\u00e1sn\u00e1l<\/strong><\/h3>\n\n\n\n<p>A t\u00e1rgyal\u00f3asztal m\u00e9ret\u00e9t mindig a teljes irodat\u00e9rhez kell viszony\u00edtani. Alapszab\u00e1ly:<\/p>\n\n\n\n<ul class=\"wp-block-list\">\n<li>az asztal k\u00f6r\u00fcl minden ir\u00e1nyban legyen elegend\u0151 mozg\u00e1st\u00e9r,<\/li>\n\n\n\n<li>a sz\u00e9kek kih\u00fazva se akad\u00e1lyozz\u00e1k a k\u00f6zleked\u00e9st,<\/li>\n\n\n\n<li>az \u00edr\u00f3asztal \u00e9s a t\u00e1rgyal\u00f3asztal k\u00f6z\u00f6tt maradjon vizu\u00e1lis \u201el\u00e9legzet\u201d.<\/li>\n<\/ul>\n\n\n\n<p>Ha a t\u00e1rgyal\u00f3asztal \u201er\u00e1\u00fcl\u201d a t\u00e9rre, az iroda zs\u00fafoltt\u00e1 v\u00e1lik, m\u00e9g akkor is, ha pap\u00edron elf\u00e9r minden b\u00fator.<\/p>\n\n\n\n<h3 class=\"wp-block-heading\"><strong>J\u00f6v\u0151beli ig\u00e9nyek figyelembev\u00e9tele<\/strong><\/h3>\n\n\n\n<p>A m\u00e9retv\u00e1laszt\u00e1sn\u00e1l \u00e9rdemes el\u0151re gondolkodni:<\/p>\n\n\n\n<ul class=\"wp-block-list\">\n<li>n\u0151het-e a csapat l\u00e9tsz\u00e1ma,<\/li>\n\n\n\n<li>v\u00e1ltozhat-e a vezet\u0151 szerepk\u00f6re,<\/li>\n\n\n\n<li>gyakoribb\u00e1 v\u00e1lhatnak-e a szem\u00e9lyes egyeztet\u00e9sek.<\/li>\n<\/ul>\n\n\n\n<p>Egy j\u00f3l megv\u00e1lasztott vezet\u0151i t\u00e1rgyal\u00f3asztal <strong>nem csak a jelenlegi ig\u00e9nyeket szolg\u00e1lja ki<\/strong>, hanem rugalmas marad 3\u20135 \u00e9ves t\u00e1vlatban is.<\/p>\n\n\n\n<h2 class=\"wp-block-heading\"><strong>7. T\u00e1rgyal\u00e1si dinamika \u00e9s t\u00e9rhaszn\u00e1lat a vezet\u0151i irod\u00e1ban<\/strong><\/h2>\n\n\n\n<p>A vezet\u0151i irod\u00e1ban elhelyezett t\u00e1rgyal\u00f3asztal nem puszt\u00e1n funkcion\u00e1lis b\u00fatordarab, hanem <strong>akt\u00edvan form\u00e1lja a t\u00e1rgyal\u00e1sok lefoly\u00e1s\u00e1t<\/strong>. Az, hogy ki hol \u00fcl, milyen t\u00e1vols\u00e1gban, milyen asztalt\u00edpusn\u00e1l, sokszor tudattalanul is meghat\u00e1rozza az er\u0151viszonyokat, a kommunik\u00e1ci\u00f3 st\u00edlus\u00e1t \u00e9s a d\u00f6nt\u00e9sek temp\u00f3j\u00e1t.<\/p>\n\n\n\n<h3 class=\"wp-block-heading\"><strong>Ki hol \u00fcl \u2013 \u00e9s mi\u00e9rt nem mindegy?<\/strong><\/h3>\n\n\n\n<p>Egy vezet\u0151i t\u00e1rgyal\u00f3asztaln\u00e1l alapvet\u0151en h\u00e1rom gyakori \u00fcl\u00e9srend jelenik meg:<\/p>\n\n\n\n<ul class=\"wp-block-list\">\n<li><strong>asztalf\u0151n \u00fcl\u0151 vezet\u0151<\/strong>, klasszikus hierarchikus helyzetben<\/li>\n\n\n\n<li><strong>oldalir\u00e1ny\u00fa, mell\u00e9rendelt \u00fcl\u00e9s<\/strong>, ink\u00e1bb egyeztet\u0151, partners\u00e9gi hangulattal<\/li>\n\n\n\n<li><strong>szemben \u00fcl\u00e9s<\/strong>, ami sokszor vit\u00e1s vagy t\u00e1rgyal\u00e1sos helyzetekre jellemz\u0151<\/li>\n<\/ul>\n\n\n\n<p>A vezet\u0151i irod\u00e1ban elhelyezett t\u00e1rgyal\u00f3asztalokn\u00e1l jellemz\u0151en <strong>nem az asztalf\u0151 dominanci\u00e1ja a c\u00e9l<\/strong>, hanem az ir\u00e1ny\u00edtott, de egy\u00fcttm\u0171k\u00f6d\u0151 d\u00f6nt\u00e9shozatal. Ez\u00e9rt itt gyakran jobban m\u0171k\u00f6dnek a <strong>kisebb, lekerek\u00edtett vagy ov\u00e1lis form\u00e1k<\/strong>, amelyek cs\u00f6kkentik a konfrontat\u00edv \u00e9rzetet.<\/p>\n\n\n\n<h3 class=\"wp-block-heading\"><strong>Mikor m\u0171k\u00f6dik az asztalf\u0151, \u00e9s mikor nem?<\/strong><\/h3>\n\n\n\n<p>Az asztalf\u0151 poz\u00edci\u00f3ja akkor el\u0151ny\u00f6s, ha:<\/p>\n\n\n\n<ul class=\"wp-block-list\">\n<li>form\u00e1lis d\u00f6nt\u00e9s sz\u00fcletik,<\/li>\n\n\n\n<li>szervezeti ir\u00e1ny kijel\u00f6l\u00e9se t\u00f6rt\u00e9nik,<\/li>\n\n\n\n<li>t\u00f6bb r\u00e9sztvev\u0151s bels\u0151 megbesz\u00e9l\u00e9s zajlik.<\/li>\n<\/ul>\n\n\n\n<p>Ugyanakkor <strong>k\u00fcls\u0151 partnerrel, \u00fcgyf\u00e9llel vagy strat\u00e9giai egyeztet\u00e9sen<\/strong> az asztalf\u0151 t\u00falzott haszn\u00e1lata t\u00e1vols\u00e1got teremthet. Ilyenkor a vezet\u0151i irod\u00e1ban elhelyezett t\u00e1rgyal\u00f3asztal ink\u00e1bb <strong>egyenrang\u00fa p\u00e1rbesz\u00e9det szolg\u00e1l\u00f3 elrendez\u00e9st<\/strong> k\u00edv\u00e1n.<\/p>\n\n\n\n<h3 class=\"wp-block-heading\"><strong>T\u00e9rk\u00f6z, t\u00e1vols\u00e1g, komfort<\/strong><\/h3>\n\n\n\n<p>A t\u00e1rgyal\u00f3asztal m\u00e9rete \u00e9s az \u00fcl\u0151helyek k\u00f6z\u00f6tti t\u00e1vols\u00e1g k\u00f6zvetlen\u00fcl hat:<\/p>\n\n\n\n<ul class=\"wp-block-list\">\n<li>a besz\u00e9lget\u00e9s intimit\u00e1s\u00e1ra,<\/li>\n\n\n\n<li>a figyelem f\u00f3kusz\u00e1ra,<\/li>\n\n\n\n<li>a t\u00e1rgyal\u00e1s temp\u00f3j\u00e1ra.<\/li>\n<\/ul>\n\n\n\n<p>Egy t\u00fal nagy asztal:<\/p>\n\n\n\n<ul class=\"wp-block-list\">\n<li>lelass\u00edthatja az egyeztet\u00e9st,<\/li>\n\n\n\n<li>\u201et\u00e1rgyal\u00f3termi\u201d hangulatot hoz be a vezet\u0151i irod\u00e1ba.<\/li>\n<\/ul>\n\n\n\n<p>Egy t\u00fal kicsi asztal viszont:<\/p>\n\n\n\n<ul class=\"wp-block-list\">\n<li>k\u00e9nyelmetlen lehet hosszabb megbesz\u00e9l\u00e9seken,<\/li>\n\n\n\n<li>nem hagy teret jegyzetel\u00e9sre, laptophaszn\u00e1latra.<\/li>\n<\/ul>\n\n\n\n<p>A j\u00f3l megv\u00e1lasztott vezet\u0151i t\u00e1rgyal\u00f3asztal <strong>l\u00e1thatatlanul ir\u00e1ny\u00edtja a kommunik\u00e1ci\u00f3t<\/strong>, an\u00e9lk\u00fcl hogy a r\u00e9sztvev\u0151k ezt tudatos\u00edtan\u00e1k.<\/p>\n\n\n\n<h3 class=\"wp-block-heading\"><strong>\u00cdr\u00f3asztal + t\u00e1rgyal\u00f3asztal: mikor m\u0171k\u00f6dik egy\u00fctt?<\/strong><\/h3>\n\n\n\n<p>Sok vezet\u0151i irod\u00e1ban a t\u00e1rgyal\u00f3asztal <strong>nem elk\u00fcl\u00f6n\u00fclten<\/strong>, hanem az \u00edr\u00f3asztallal egy t\u00e9rben jelenik meg. Ilyenkor k\u00fcl\u00f6n\u00f6sen fontos a funkcion\u00e1lis elk\u00fcl\u00f6n\u00edt\u00e9s:<\/p>\n\n\n\n<ul class=\"wp-block-list\">\n<li>az \u00edr\u00f3asztal a d\u00f6nt\u00e9s el\u0151k\u00e9sz\u00edt\u00e9s\u00e9nek tere,<\/li>\n\n\n\n<li>a t\u00e1rgyal\u00f3asztal a d\u00f6nt\u00e9s megvitat\u00e1s\u00e1nak helye.<\/li>\n<\/ul>\n\n\n\n<p>Ha ez a k\u00e9t funkci\u00f3 \u00f6sszemos\u00f3dik, az:<\/p>\n\n\n\n<ul class=\"wp-block-list\">\n<li>zavart kelthet a szerepekben,<\/li>\n\n\n\n<li>cs\u00f6kkentheti a t\u00e1rgyal\u00e1sok hat\u00e9konys\u00e1g\u00e1t.<\/li>\n<\/ul>\n\n\n\n<p>A j\u00f3 megold\u00e1s az, amikor a t\u00e1rgyal\u00f3asztal <strong>l\u00e1that\u00f3an elk\u00fcl\u00f6n\u00fcl<\/strong>, m\u00e9gis a vezet\u0151i iroda term\u00e9szetes r\u00e9sze marad.<\/p>\n\n\n\n<h3 class=\"wp-block-heading\"><strong>A t\u00e1rgyal\u00f3asztal mint \u201ehangulatv\u00e1lt\u00f3 eszk\u00f6z\u201d<\/strong><\/h3>\n\n\n\n<p>Egy j\u00f3l elhelyezett t\u00e1rgyal\u00f3asztal lehet\u0151s\u00e9get ad arra, hogy a vezet\u0151:<\/p>\n\n\n\n<ul class=\"wp-block-list\">\n<li>kil\u00e9pjen az \u00edr\u00f3asztal m\u00f6g\u00f6tti szerepb\u0151l,<\/li>\n\n\n\n<li>m\u00e1s kommunik\u00e1ci\u00f3s st\u00edlust vegyen fel,<\/li>\n\n\n\n<li>tudatosan v\u00e1ltson d\u00f6nt\u00e9si \u00fczemm\u00f3dot.<\/li>\n<\/ul>\n\n\n\n<p>Ez k\u00fcl\u00f6n\u00f6sen fontos olyan vezet\u0151kn\u00e9l, akik napi szinten v\u00e1ltanak:<\/p>\n\n\n\n<ul class=\"wp-block-list\">\n<li>operat\u00edv,<\/li>\n\n\n\n<li>strat\u00e9giai,<\/li>\n\n\n\n<li>partneri t\u00e1rgyal\u00e1si helyzetek k\u00f6z\u00f6tt.<\/li>\n<\/ul>\n\n\n\n<p>Ebben az \u00e9rtelemben a vezet\u0151i t\u00e1rgyal\u00f3asztal <strong>nem csup\u00e1n b\u00fator<\/strong>, hanem a vezet\u0151i munka egyik finomhangol\u00f3 eszk\u00f6ze.<\/p>\n\n\n\n<h2 class=\"wp-block-heading\"><strong>Z\u00e1r\u00f3 gondolat \u2013 nem poz\u00edci\u00f3, hanem m\u0171k\u00f6d\u00e9s k\u00e9rd\u00e9se<\/strong><\/h2>\n\n\n\n<p>Ha szeretn\u00e9 \u00e1tl\u00e1tni, <strong>mikor \u00e9s milyen helyzetekben indokolt t\u00e1rgyal\u00f3asztalt elhelyezni a vezet\u0151i irod\u00e1ban<\/strong>, \u00e9rdemes a t\u00e9m\u00e1t rendszer szinten is v\u00e9giggondolni. Ebben seg\u00edt a <strong>\u201e<\/strong><a href=\"https:\/\/www.bathori.hu\/blog\/vezetoi-targyaloasztalok-es-targyaloterek\" data-type=\"link\" data-id=\"https:\/\/www.bathori.hu\/blog\/\">Vezet\u0151i t\u00e1rgyal\u00f3asztalok \u00e9s t\u00e1rgyal\u00f3terek \u2013 d\u00f6nt\u00e9si helyzetek, t\u00e9rhaszn\u00e1lat \u00e9s reprezent\u00e1ci\u00f3 a vezet\u0151i irod\u00e1ban<\/a><strong>\u201d<\/strong> c\u00edm\u0171 \u00f6sszefoglal\u00f3 cikk\u00fcnk, amely a k\u00fcl\u00f6nb\u00f6z\u0151 vezet\u0151i m\u0171k\u00f6d\u00e9sekhez illeszked\u0151 megold\u00e1sokat mutatja be.<\/p>\n\n\n\n<p>A vezet\u0151i irod\u00e1ban elhelyezett t\u00e1rgyal\u00f3asztal nem st\u00e1tuszszimb\u00f3lum, \u00e9s nem is k\u00f6telez\u0151 elem. Sokkal ink\u00e1bb <strong>v\u00e1lasz egy konkr\u00e9t vezet\u0151i m\u0171k\u00f6d\u00e9sre<\/strong>. Arra, hogy a d\u00f6nt\u00e9sek hol sz\u00fcletnek meg, milyen temp\u00f3ban, milyen kapcsolati dinamik\u00e1ban, \u00e9s mennyire tudatos t\u00e9rhaszn\u00e1lat mellett.<\/p>\n\n\n\n<p>Tulajdonos-\u00fcgyvezet\u0151k\u00e9nt, fels\u0151vezet\u0151k\u00e9nt vagy menedzsmenttagk\u00e9nt <strong>m\u00e1s-m\u00e1s t\u00e1rgyal\u00e1si helyzetekben<\/strong> tal\u00e1ljuk magunkat nap mint nap. Van, amikor az \u00edr\u00f3asztal m\u00f6g\u00f6tti poz\u00edci\u00f3 ad biztons\u00e1got, ir\u00e1nyt \u00e9s f\u00f3kuszt. M\u00e1skor viszont \u00e9pp az seg\u00edti a j\u00f3 d\u00f6nt\u00e9st, ha kil\u00e9p\u00fcnk ebb\u0151l a szerepb\u0151l, \u00e9s egy k\u00fcl\u00f6n t\u00e1rgyal\u00f3asztaln\u00e1l \u00fcl\u00fcnk le egyeztetni.<\/p>\n\n\n\n<p>A k\u00e9rd\u00e9s teh\u00e1t nem az, hogy <em>kell-e<\/em> t\u00e1rgyal\u00f3asztal a vezet\u0151i irod\u00e1ba.<\/p>\n\n\n\n<p>Hanem az, hogy <strong>milyen d\u00f6nt\u00e9si helyzetekben dolgozik<\/strong>, kikkel t\u00e1rgyal rendszeresen, \u00e9s milyen t\u00e9r t\u00e1mogatja legjobban ezt a m\u0171k\u00f6d\u00e9st.<\/p>\n\n\n\n<p>Ha a vezet\u0151i t\u00e1rgyal\u00f3asztal:<\/p>\n\n\n\n<ul class=\"wp-block-list\">\n<li>seg\u00edti a gyorsabb, tiszt\u00e1bb egyeztet\u00e9seket,<\/li>\n\n\n\n<li>lev\u00e1lasztja a strat\u00e9giai besz\u00e9lget\u00e9seket az operat\u00edv munk\u00e1r\u00f3l,<\/li>\n\n\n\n<li>\u00e9s nem nyomja el, hanem kieg\u00e9sz\u00edti az \u00edr\u00f3asztal funkci\u00f3j\u00e1t,<\/li>\n<\/ul>\n\n\n\n<p>akkor nem kompromisszum, hanem <strong>tudatos vezet\u0151i eszk\u00f6z<\/strong>.<\/p>\n\n\n\n<p>Ha viszont csak helyet foglal, \u00f6sszemossa a szerepeket, vagy nincs m\u00f6g\u00f6tte val\u00f3s haszn\u00e1lat, akkor jobb elengedni \u2013 \u00e9s m\u00e1s megold\u00e1st v\u00e1lasztani.<\/p>\n\n\n\n<p>A j\u00f3l kialak\u00edtott vezet\u0151i iroda nem att\u00f3l lesz \u201ekomplett\u201d, hogy minden benne van, hanem att\u00f3l, hogy <strong>pont azok az elemek vannak benne, amelyek a vezet\u0151i d\u00f6nt\u00e9shozatalt szolg\u00e1lj\u00e1k<\/strong>.<\/p>\n\n\n\n<p>Ebben a rendszerben a t\u00e1rgyal\u00f3asztal nem c\u00e9l, hanem k\u00f6vetkezm\u00e9ny.<\/p>\n\n\n\n<p><\/p>\n","protected":false},"excerpt":{"rendered":"<p>Mik a tulajdonos \u00fcgyvezet\u0151 t\u00e1rgyal\u00e1si ig\u00e9nyei? A vezet\u0151i irod\u00e1ban elhelyezett t\u00e1rgyal\u00f3asztal funkci\u00f3ja nem poz\u00edci\u00f3hoz, hanem d\u00f6nt\u00e9si szerephez k\u00f6t\u0151dik. M\u00e1sk\u00e9pp haszn\u00e1lja egy tulajdonos-\u00fcgyvezet\u0151, \u00e9s m\u00e1st v\u00e1r el t\u0151le egy fels\u0151vezet\u0151, m\u00e9g akkor is, ha pap\u00edron hasonl\u00f3 hat\u00e1sk\u00f6rrel rendelkeznek. A k\u00fcl\u00f6nbs\u00e9g nem preszt\u00edzsben, hanem t\u00e1rgyal\u00e1si ritmusban, d\u00f6nt\u00e9si felel\u0151ss\u00e9gben \u00e9s t\u00e9rhaszn\u00e1latban jelenik meg. Sokan esnek abba a hib\u00e1ba, &#8230; <a title=\"Tulajdonos-\u00fcgyvezet\u0151 vagy fels\u0151vezet\u0151 \u2013 elt\u00e9r\u0151 t\u00e1rgyal\u00e1si ig\u00e9nyek a vezet\u0151i irod\u00e1ban\" class=\"read-more\" href=\"https:\/\/www.bathori.hu\/blog\/tulajdonos-ugyvezeto-targyalasi-igenyei\/\" aria-label=\"Read more about Tulajdonos-\u00fcgyvezet\u0151 vagy fels\u0151vezet\u0151 \u2013 elt\u00e9r\u0151 t\u00e1rgyal\u00e1si ig\u00e9nyek a vezet\u0151i irod\u00e1ban\">Olvass tov\u00e1bb<\/a><\/p>\n","protected":false},"author":1,"featured_media":1381,"comment_status":"closed","ping_status":"closed","sticky":false,"template":"","format":"standard","meta":{"footnotes":""},"categories":[26],"tags":[],"class_list":["post-1376","post","type-post","status-publish","format-standard","has-post-thumbnail","hentry","category-vezetoi-targyaloasztal"],"_links":{"self":[{"href":"https:\/\/www.bathori.hu\/blog\/wp-json\/wp\/v2\/posts\/1376","targetHints":{"allow":["GET"]}}],"collection":[{"href":"https:\/\/www.bathori.hu\/blog\/wp-json\/wp\/v2\/posts"}],"about":[{"href":"https:\/\/www.bathori.hu\/blog\/wp-json\/wp\/v2\/types\/post"}],"author":[{"embeddable":true,"href":"https:\/\/www.bathori.hu\/blog\/wp-json\/wp\/v2\/users\/1"}],"replies":[{"embeddable":true,"href":"https:\/\/www.bathori.hu\/blog\/wp-json\/wp\/v2\/comments?post=1376"}],"version-history":[{"count":3,"href":"https:\/\/www.bathori.hu\/blog\/wp-json\/wp\/v2\/posts\/1376\/revisions"}],"predecessor-version":[{"id":1380,"href":"https:\/\/www.bathori.hu\/blog\/wp-json\/wp\/v2\/posts\/1376\/revisions\/1380"}],"wp:featuredmedia":[{"embeddable":true,"href":"https:\/\/www.bathori.hu\/blog\/wp-json\/wp\/v2\/media\/1381"}],"wp:attachment":[{"href":"https:\/\/www.bathori.hu\/blog\/wp-json\/wp\/v2\/media?parent=1376"}],"wp:term":[{"taxonomy":"category","embeddable":true,"href":"https:\/\/www.bathori.hu\/blog\/wp-json\/wp\/v2\/categories?post=1376"},{"taxonomy":"post_tag","embeddable":true,"href":"https:\/\/www.bathori.hu\/blog\/wp-json\/wp\/v2\/tags?post=1376"}],"curies":[{"name":"wp","href":"https:\/\/api.w.org\/{rel}","templated":true}]}}