{"id":1356,"date":"2026-01-23T10:00:00","date_gmt":"2026-01-23T08:00:00","guid":{"rendered":"https:\/\/www.bathori.hu\/blog\/?p=1356"},"modified":"2026-01-14T17:11:52","modified_gmt":"2026-01-14T15:11:52","slug":"vezetoi-targyaloasztal-vagy-kulon-targyalo","status":"publish","type":"post","link":"https:\/\/www.bathori.hu\/blog\/vezetoi-targyaloasztal-vagy-kulon-targyalo\/","title":{"rendered":"Vezet\u0151i t\u00e1rgyal\u00f3asztal vagy k\u00fcl\u00f6n t\u00e1rgyal\u00f3? \u2013 Mikor melyik m\u0171k\u00f6dik a vezet\u0151i irod\u00e1ban?"},"content":{"rendered":"\n<p>A vezet\u0151i iroda egyik leggyakoribb, m\u00e9gis alul\u00e9rt\u00e9kelt k\u00e9rd\u00e9se, hogy Vezet\u0151i t\u00e1rgyal\u00f3asztal vagy k\u00fcl\u00f6n t\u00e1rgyal\u00f3? Els\u0151 r\u00e1n\u00e9z\u00e9sre ez berendez\u00e9si d\u00f6nt\u00e9snek t\u0171nhet, val\u00f3j\u00e1ban azonban <strong>m\u0171k\u00f6d\u00e9si \u00e9s d\u00f6nt\u00e9sszervez\u00e9si k\u00e9rd\u00e9sr\u0151l<\/strong> van sz\u00f3.<\/p>\n\n\n\n<p>Egy t\u00e1rgyal\u00f3asztal nem puszt\u00e1n b\u00fator. Meghat\u00e1rozza, <strong>hol \u00e9s hogyan sz\u00fcletnek d\u00f6nt\u00e9sek<\/strong>, mennyire folytonos a vezet\u0151 f\u00f3kusza, \u00e9s milyen ment\u00e1lis v\u00e1lt\u00e1sokkal j\u00e1r a napi munka. Ha minden egyeztet\u00e9s a vezet\u0151i irod\u00e1ban zajlik, az er\u0151s\u00edtheti a kontrollt \u00e9s gyors\u00edthatja a d\u00f6nt\u00e9seket \u2013 ugyanakkor k\u00f6nnyen sz\u00e9t is t\u00f6rdelheti a koncentr\u00e1lt munk\u00e1t. Ha viszont minden megbesz\u00e9l\u00e9s k\u00fcl\u00f6n t\u00e1rgyal\u00f3ba ker\u00fcl, az tiszt\u00e1bb strukt\u00far\u00e1t adhat, de id\u0151- \u00e9s energiar\u00e1ford\u00edt\u00e1ssal j\u00e1r.<\/p>\n\n\n\n<p>A k\u00e9rd\u00e9s teh\u00e1t nem az, hogy <strong>\u201ekell-e t\u00e1rgyal\u00f3asztal\u201d<\/strong>, hanem az, hogy <strong>milyen t\u00edpus\u00fa egyeztet\u00e9sek jellemzik a vezet\u0151 mindennapjait<\/strong>, kik vesznek r\u00e9szt benn\u00fck, \u00e9s milyen d\u00f6nt\u00e9si helyzetek ism\u00e9tl\u0151dnek rendszeresen. Egy j\u00f3l megv\u00e1lasztott t\u00e9rhaszn\u00e1lati logika cs\u00f6kkenti a ment\u00e1lis terhel\u00e9st, m\u00edg egy rosszul kialak\u00edtott berendez\u00e9s l\u00e1thatatlanul rontja a hat\u00e9konys\u00e1got.<\/p>\n\n\n\n<p>Ebben a cikkben azt vizsg\u00e1ljuk meg, <strong>mikor m\u0171k\u00f6dik j\u00f3l a vezet\u0151i t\u00e1rgyal\u00f3asztal a vezet\u0151i irod\u00e1ban<\/strong>, \u00e9s mikor indokolt ink\u00e1bb k\u00fcl\u00f6n t\u00e1rgyal\u00f3t haszn\u00e1lni \u2013 kiz\u00e1r\u00f3lag a vezet\u0151i t\u00e9r szemsz\u00f6g\u00e9b\u0151l.<\/p>\n\n\n\n<h2 class=\"wp-block-heading\"><strong>1. A vezet\u0151i iroda mint d\u00f6nt\u00e9si t\u00e9r \u2013 nem minden megbesz\u00e9l\u00e9s egyforma<\/strong><\/h2>\n\n\n\n<p>A vezet\u0151i irod\u00e1ban zajl\u00f3 egyeztet\u00e9sek <strong>nem homog\u00e9n helyzetek<\/strong>. M\u00e1s t\u00e9rig\u00e9nye van egy gyors, inform\u00e1lis 1:1 megbesz\u00e9l\u00e9snek, mint egy struktur\u00e1lt strat\u00e9giai egyeztet\u00e9snek vagy egy k\u00fcls\u0151 partnerrel folytatott t\u00e1rgyal\u00e1snak. \u00c9ppen ez\u00e9rt a t\u00e1rgyal\u00f3asztal k\u00e9rd\u00e9s\u00e9t nem lehet \u00e1ltal\u00e1nos szab\u00e1lyk\u00e9nt kezelni.<\/p>\n\n\n\n<p>Sok vezet\u0151i irod\u00e1ban a megbesz\u00e9l\u00e9sek t\u00f6bbs\u00e9ge <strong>r\u00f6vid, operat\u00edv jelleg\u0171<\/strong>: gyors visszajelz\u00e9sek, st\u00e1tuszfriss\u00edt\u00e9sek, d\u00f6nt\u00e9s-el\u0151k\u00e9sz\u00edt\u0151 besz\u00e9lget\u00e9sek. Ezekben az esetekben a t\u00e1rgyal\u00f3asztal gyakran t\u00falform\u00e1lja a helyzetet. A fizikai elv\u00e1laszt\u00e1s \u2013 fel\u00e1ll\u00e1s az \u00edr\u00f3asztalt\u00f3l, \u00e1t\u00fcl\u00e9s egy m\u00e1sik fel\u00fclethez \u2013 ment\u00e1lis v\u00e1lt\u00e1st k\u00e9nyszer\u00edt ki, amely nem mindig indokolt.<\/p>\n\n\n\n<p>Ezzel szemben azokban a vezet\u0151i szerepekben, ahol <strong>rendszeresek a hosszabb, f\u00f3kusz\u00e1lt megbesz\u00e9l\u00e9sek<\/strong>, a t\u00e1rgyal\u00f3asztal stabil d\u00f6nt\u00e9si fel\u00fcletet ad. Seg\u00edt elk\u00fcl\u00f6n\u00edteni a \u201egondolkod\u00f3\u201d \u00e9s a \u201ekommunik\u00e1l\u00f3\u201d \u00fczemm\u00f3dot, ami hossz\u00fa t\u00e1von cs\u00f6kkenti a kognit\u00edv terhel\u00e9st. Ilyenkor a vezet\u0151 nem ugyanazon a fel\u00fcleten dolgozik, ahol t\u00e1rgyal, \u00edgy a d\u00f6nt\u00e9si helyzetek struktur\u00e1ltabb\u00e1 v\u00e1lnak.<\/p>\n\n\n\n<p>Fontos felismerni, hogy a vezet\u0151i iroda <strong>nem egyszerre mindenre val\u00f3 t\u00e9r<\/strong>. Ha a b\u00fatoroz\u00e1s ezt m\u00e9gis megpr\u00f3b\u00e1lja kik\u00e9nyszer\u00edteni, az gyakran kompromisszumokhoz vezet: t\u00falzs\u00fafolt elrendez\u00e9shez, alulhaszn\u00e1lt t\u00e1rgyal\u00f3asztalhoz vagy \u00e9pp folyamatos megszak\u00edt\u00e1sokhoz.<\/p>\n\n\n\n<p>A t\u00e1rgyal\u00f3asztal akkor m\u0171k\u00f6dik j\u00f3l a vezet\u0151i irod\u00e1ban, ha <strong>egy\u00e9rtelm\u0171 funkci\u00f3t kap<\/strong>, \u00e9s nem puszt\u00e1n \u201ej\u00f3l j\u00f6n, ha kell\u201d alapon ker\u00fcl be a t\u00e9rbe. Ennek eld\u00f6nt\u00e9s\u00e9hez el\u0151sz\u00f6r azt kell tiszt\u00e1zni, <strong>milyen t\u00edpus\u00fa d\u00f6nt\u00e9sek \u00e9s egyeztet\u00e9sek ism\u00e9tl\u0151dnek a leggyakrabban<\/strong>.<\/p>\n\n\n\n<h2 class=\"wp-block-heading\"><strong>2. Mikor indokolt a vezet\u0151i irod\u00e1n bel\u00fcli t\u00e1rgyal\u00f3asztal?<\/strong><\/h2>\n\n\n\n<p>A vezet\u0151i irod\u00e1n bel\u00fcli t\u00e1rgyal\u00f3asztal akkor indokolt, ha a megbesz\u00e9l\u00e9sek <strong>rendszeresen a vezet\u0151 szem\u00e9ly\u00e9hez k\u00f6t\u0151dnek<\/strong>, \u00e9s nem egy k\u00fcl\u00f6n\u00e1ll\u00f3 csapat- vagy projektt\u00e9r logik\u00e1ja szerint zajlanak. Ilyen esetekben a d\u00f6nt\u00e9si folyamat nem deleg\u00e1lhat\u00f3, a helysz\u00edn pedig a vezet\u0151 saj\u00e1t munkater\u00e9nek term\u00e9szetes kiterjeszt\u00e9se.<\/p>\n\n\n\n<p>Tipikus p\u00e9lda erre, amikor a vezet\u0151 <strong>strat\u00e9giai vagy bizalmi egyeztet\u00e9seket<\/strong> folytat: fels\u0151vezet\u0151i 1:1 besz\u00e9lget\u00e9sek, \u00e9rz\u00e9keny HR-k\u00e9rd\u00e9sek, tulajdonosi vagy igazgat\u00f3s\u00e1gi megbesz\u00e9l\u00e9sek. Ezekn\u00e9l a helyzetekn\u00e9l a k\u00fcl\u00f6n t\u00e1rgyal\u00f3 haszn\u00e1lata gyakran t\u00fal \u201eform\u00e1lis\u201d vagy \u00e9pp t\u00fal nyilv\u00e1nos lenne, m\u00edg a vezet\u0151i iroda kontroll\u00e1lt, diszkr\u00e9t k\u00f6rnyezetet biztos\u00edt.<\/p>\n\n\n\n<p>Szint\u00e9n indokolt a t\u00e1rgyal\u00f3asztal a vezet\u0151i irod\u00e1ban akkor, ha a vezet\u0151 <strong>gyakran fogad k\u00fcls\u0151 partnereket<\/strong>, de nem klasszikus t\u00e1rgyal\u00e1si strukt\u00far\u00e1ban. \u00dcgyfelek, tan\u00e1csad\u00f3k, strat\u00e9giai besz\u00e1ll\u00edt\u00f3k eset\u00e9ben sokszor el\u0151ny\u00f6sebb egy kisebb l\u00e9pt\u00e9k\u0171, szem\u00e9lyesebb t\u00e9r, amely nem egy \u201ev\u00e1llalati t\u00e1rgyal\u00f3\u201d hangulat\u00e1t kelti, m\u00e9gis elk\u00fcl\u00f6n\u00fcl az \u00edr\u00f3asztalt\u00f3l.<\/p>\n\n\n\n<p>Fontos szempont a <strong>d\u00f6nt\u00e9si ritmus<\/strong> is. Ha a vezet\u0151 napirendj\u00e9ben a megbesz\u00e9l\u00e9sek egym\u00e1st k\u00f6vetik, \u00e9s nincs id\u0151 folyamatos helysz\u00ednv\u00e1lt\u00e1sra, a bels\u0151 t\u00e1rgyal\u00f3asztal logisztikailag is hat\u00e9konyabb megold\u00e1s. Ilyenkor a t\u00e9r nem lass\u00edtja, hanem t\u00e1mogatja a munkafolyamatot.<\/p>\n\n\n\n<p>A t\u00e1rgyal\u00f3asztal ugyanakkor nem indokolt puszt\u00e1n az\u00e9rt, mert \u201eegy vezet\u0151i irod\u00e1ba illik\u201d. Ha a megbesz\u00e9l\u00e9sek ritk\u00e1k, eseti jelleg\u0171ek, vagy t\u00f6bbnyire csoportos form\u00e1ban zajlanak, akkor egy k\u00fcl\u00f6n t\u00e1rgyal\u00f3 vagy egy m\u00e1s funkci\u00f3j\u00fa k\u00f6z\u00f6s t\u00e9r hossz\u00fa t\u00e1von jobban m\u0171k\u00f6dik.<\/p>\n\n\n\n<p>A kulcsk\u00e9rd\u00e9s teh\u00e1t nem az, hogy <strong>lehet-e<\/strong> t\u00e1rgyal\u00f3asztal a vezet\u0151i irod\u00e1ban, hanem az, hogy a vezet\u0151 napi m\u0171k\u00f6d\u00e9se <strong>ig\u00e9nyli-e annak \u00e1lland\u00f3 jelenl\u00e9t\u00e9t<\/strong>.<\/p>\n\n\n\n<h2 class=\"wp-block-heading\"><strong>3. Mikor m\u0171k\u00f6dik jobban a k\u00fcl\u00f6n t\u00e1rgyal\u00f3 a vezet\u0151i iroda helyett?<\/strong><\/h2>\n\n\n\n<p>Vannak helyzetek, amikor a vezet\u0151i irod\u00e1n bel\u00fcli t\u00e1rgyal\u00f3asztal <strong>nem er\u0151s\u00edti<\/strong>, hanem ink\u00e1bb <strong>gyeng\u00edti a m\u0171k\u00f6d\u00e9st<\/strong>. Ilyenkor a k\u00fcl\u00f6n t\u00e1rgyal\u00f3 nem luxus vagy t\u00falz\u00e1s, hanem funkcion\u00e1lisan indokolt d\u00f6nt\u00e9s.<\/p>\n\n\n\n<p>A leggyakoribb ilyen eset, amikor a megbesz\u00e9l\u00e9sek <strong>l\u00e9tsz\u00e1ma vagy dinamik\u00e1ja<\/strong> meghaladja a vezet\u0151i iroda term\u00e9szetes kapacit\u00e1s\u00e1t. Ha rendszeresek a 6\u20138 f\u0151s egyeztet\u00e9sek, workshop jelleg\u0171 megbesz\u00e9l\u00e9sek, prezent\u00e1ci\u00f3k vagy hibrid meetingek, akkor ezek m\u00e1r nem illeszkednek j\u00f3l egy vezet\u0151i munkat\u00e9r intimit\u00e1s\u00e1hoz.<\/p>\n\n\n\n<p>Szint\u00e9n k\u00fcl\u00f6n t\u00e1rgyal\u00f3t indokol, ha a vezet\u0151 <strong>nem minden megbesz\u00e9l\u00e9s akt\u00edv k\u00f6zponti szerepl\u0151je<\/strong>. Amennyiben a t\u00e1rgyal\u00e1sok egy r\u00e9sze deleg\u00e1lhat\u00f3, csapatok k\u00f6z\u00f6tt zajlik, vagy a vezet\u0151 csak id\u0151szakosan kapcsol\u00f3dik be, akkor a vezet\u0151i irod\u00e1ba integr\u00e1lt t\u00e1rgyal\u00f3asztal felesleges t\u00e9rfoglal\u00e1ss\u00e1 v\u00e1lik.<\/p>\n\n\n\n<p>A reprezent\u00e1ci\u00f3s szempont is d\u00f6nt\u0151 lehet. K\u00fcls\u0151 \u00fcgyfelek, nagyobb partnerek, hivatalos t\u00e1rgyal\u00e1sok eset\u00e9n sokszor el\u0151ny\u00f6sebb egy <strong>semleges, v\u00e1llalati t\u00e1rgyal\u00f3t\u00e9r<\/strong>, amely nem keveredik a vezet\u0151 szem\u00e9lyes munkater\u00e9vel. Ilyenkor a k\u00fcl\u00f6n t\u00e1rgyal\u00f3 nem cs\u00f6kkenti a preszt\u00edzst, hanem \u00e9ppen struktur\u00e1lja azt.<\/p>\n\n\n\n<p>Fontos meg\u00e9rteni, hogy a k\u00fcl\u00f6n t\u00e1rgyal\u00f3 <strong>nem a vezet\u0151i irod\u00e1val szemben<\/strong>, hanem annak kieg\u00e9sz\u00edt\u00e9sek\u00e9nt m\u0171k\u00f6dik j\u00f3l. Ha a vezet\u0151i iroda els\u0151dlegesen d\u00f6nt\u00e9si, f\u00f3kusz- \u00e9s ir\u00e1ny\u00edt\u00e1si t\u00e9r, akkor a t\u00e1rgyal\u00f3 funkci\u00f3j\u00e1nak r\u00e9szbeni kiszervez\u00e9se hossz\u00fa t\u00e1von tiszt\u00e1bb t\u00e9rhaszn\u00e1latot eredm\u00e9nyez.<\/p>\n\n\n\n<p>\u00d6sszefoglalva: a k\u00fcl\u00f6n t\u00e1rgyal\u00f3 akkor m\u0171k\u00f6dik jobban, ha a megbesz\u00e9l\u00e9sek <strong>gyakoriak, nagyobb l\u00e9pt\u00e9k\u0171ek, v\u00e1ltozatos szerepl\u0151kkel zajlanak<\/strong>, \u00e9s nem kiz\u00e1r\u00f3lag a vezet\u0151 szem\u00e9ly\u00e9hez k\u00f6t\u0151dnek.<\/p>\n\n\n\n<h2 class=\"wp-block-heading\"><strong>4. Vezet\u0151i t\u00e1rgyal\u00f3asztal vagy k\u00fcl\u00f6n t\u00e1rgyal\u00f3 \u2013 d\u00f6nt\u00e9si szempontok vezet\u0151i irod\u00e1ban<\/strong><\/h2>\n\n\n\n<p>A <strong>vezet\u0151i t\u00e1rgyal\u00f3asztal vagy k\u00fcl\u00f6n t\u00e1rgyal\u00f3<\/strong> k\u00e9rd\u00e9se nem \u00edzl\u00e9sbeli, hanem <strong>m\u0171k\u00f6d\u00e9si d\u00f6nt\u00e9s<\/strong>. A k\u00e9t megold\u00e1s k\u00f6zti v\u00e1laszt\u00e1s akkor lesz helyes, ha tudatosan v\u00e9giggondolja, <strong>mire haszn\u00e1lja a teret a mindennapokban<\/strong>.<\/p>\n\n\n\n<p>Az els\u0151 d\u00f6nt\u00e9si szempont a <strong>megbesz\u00e9l\u00e9sek jellege<\/strong>. Ha az egyeztet\u00e9sek r\u00f6videk, d\u00f6nt\u00e9sorient\u00e1ltak, 1\u20133 f\u0151vel zajlanak, akkor a vezet\u0151i irod\u00e1ba integr\u00e1lt t\u00e1rgyal\u00f3asztal hat\u00e9kony. Ha viszont hosszabb, prezent\u00e1ci\u00f3val, jegyzetel\u00e9ssel, t\u00f6bb r\u00e9sztvev\u0151vel zajl\u00f3 meetingekr\u0151l van sz\u00f3, akkor a k\u00fcl\u00f6n t\u00e1rgyal\u00f3 funkcion\u00e1lisan el\u0151ny\u00f6sebb.<\/p>\n\n\n\n<p>M\u00e1sodik fontos t\u00e9nyez\u0151 a <strong>t\u00e9rhaszn\u00e1lat ritmusa<\/strong>. A vezet\u0151i iroda akkor m\u0171k\u00f6dik j\u00f3l, ha a vezet\u0151 zavartalanul tud benne dolgozni. Ha a t\u00e1rgyal\u00e1sok folyamatosan megszak\u00edtj\u00e1k ezt a ritmust, akkor a vezet\u0151i t\u00e1rgyal\u00f3asztal ink\u00e1bb akad\u00e1ly, mint seg\u00edts\u00e9g. Ilyen esetben a k\u00fcl\u00f6n t\u00e1rgyal\u00f3 leveszi a terhel\u00e9st a vezet\u0151i t\u00e9rr\u0151l.<\/p>\n\n\n\n<p>A <strong>preszt\u00edzs \u00e9s reprezent\u00e1ci\u00f3<\/strong> szint\u00e9n k\u00fcl\u00f6nbs\u00e9get jelent. A vezet\u0151i t\u00e1rgyal\u00f3asztal szem\u00e9lyesebb, k\u00f6zvetlenebb hangulatot teremt \u2013 ez ide\u00e1lis bels\u0151 egyeztet\u00e9sekhez, bizalmi besz\u00e9lget\u00e9sekhez. K\u00fcls\u0151 partnerek, hivatalos t\u00e1rgyal\u00e1sok eset\u00e9n azonban sokszor el\u0151ny\u00f6sebb egy semlegesebb, v\u00e1llalati t\u00e1rgyal\u00f3t\u00e9r.<\/p>\n\n\n\n<p>Nem elhanyagolhat\u00f3 a <strong>technol\u00f3giai ig\u00e9ny<\/strong> sem. Ha a megbesz\u00e9l\u00e9sek rendszeresen ig\u00e9nyelnek nagy kijelz\u0151t, vide\u00f3konferenci\u00e1t, prezent\u00e1ci\u00f3s eszk\u00f6z\u00f6ket, akkor ezek ergonomikus elhelyez\u00e9se gyakran k\u00f6nnyebb egy k\u00fcl\u00f6n t\u00e1rgyal\u00f3ban, mint egy vezet\u0151i irod\u00e1ba integr\u00e1lt asztaln\u00e1l.<\/p>\n\n\n\n<p>V\u00e9g\u00fcl d\u00f6nt\u00e9si szempont a <strong>j\u00f6v\u0151beni sk\u00e1l\u00e1zhat\u00f3s\u00e1g<\/strong>. Egy vezet\u0151i t\u00e1rgyal\u00f3asztal nehezen alak\u00edthat\u00f3 \u00e1t, m\u00edg a k\u00fcl\u00f6n t\u00e1rgyal\u00f3 rugalmasabban b\u0151v\u00edthet\u0151 vagy \u00e1talak\u00edthat\u00f3 a c\u00e9g n\u00f6veked\u00e9s\u00e9vel.<\/p>\n\n\n\n<p>A helyes d\u00f6nt\u00e9s nem kiz\u00e1r\u00f3lagos: sok j\u00f3l m\u0171k\u00f6d\u0151 vezet\u0151i iroda <strong>mindk\u00e9t megold\u00e1st kombin\u00e1lja<\/strong>, de elt\u00e9r\u0151 szerepk\u00f6rrel \u00e9s tudatos t\u00e9rhaszn\u00e1lattal.<\/p>\n\n\n\n<h2 class=\"wp-block-heading\"><strong>5. Tipikus hib\u00e1k vezet\u0151i t\u00e1rgyal\u00f3asztal kialak\u00edt\u00e1s\u00e1n\u00e1l<\/strong><\/h2>\n\n\n\n<p>A vezet\u0151i t\u00e1rgyal\u00f3asztal akkor v\u00e1lik probl\u00e9m\u00e1v\u00e1, amikor <strong>nem a val\u00f3s haszn\u00e1lati ig\u00e9nyek<\/strong>, hanem elk\u00e9pzelt szerepek vagy k\u00fcls\u0151 elv\u00e1r\u00e1sok ment\u00e9n ker\u00fcl kialak\u00edt\u00e1sra. Ezek a hib\u00e1k els\u0151re nem felt\u0171n\u0151k, de hossz\u00fa t\u00e1von rontj\u00e1k a t\u00e9r m\u0171k\u00f6d\u00e9s\u00e9t \u00e9s a vezet\u0151i hat\u00e9konys\u00e1got.<\/p>\n\n\n\n<p>Az egyik leggyakoribb hiba a <strong>t\u00falm\u00e9retezett t\u00e1rgyal\u00f3asztal<\/strong>. Sok vezet\u0151 automatikusan nagy asztalban gondolkodik, mik\u00f6zben a megbesz\u00e9l\u00e9sek t\u00f6bbs\u00e9ge 2\u20133 f\u0151vel zajlik. A t\u00fal nagy asztal feleslegesen elveszi a teret, megnehez\u00edti a mozg\u00e1st, \u00e9s ar\u00e1nytalann\u00e1 teszi az irod\u00e1t.<\/p>\n\n\n\n<p>Szint\u00e9n gyakori probl\u00e9ma a <strong>rossz elhelyez\u00e9s<\/strong>. Ha a t\u00e1rgyal\u00f3asztal t\u00fal k\u00f6zel ker\u00fcl a vezet\u0151i \u00edr\u00f3asztalhoz, megsz\u0171nik a ment\u00e1lis hat\u00e1r a munkav\u00e9gz\u00e9s \u00e9s a t\u00e1rgyal\u00e1s k\u00f6z\u00f6tt. Ez folyamatos megszak\u00edtotts\u00e1g-\u00e9rzetet okoz, \u00e9s hossz\u00fa t\u00e1von cs\u00f6kkenti a koncentr\u00e1ci\u00f3t.<\/p>\n\n\n\n<p>Hiba az is, amikor a vezet\u0151i t\u00e1rgyal\u00f3asztal <strong>nem rendelkezik \u00f6n\u00e1ll\u00f3 funkci\u00f3val<\/strong>, csak \u201eoda lett t\u00e9ve\u201d. Ha nincs vil\u00e1gos d\u00f6nt\u00e9si szerepe \u2013 p\u00e9ld\u00e1ul r\u00f6vid egyeztet\u00e9sek, bels\u0151 d\u00f6nt\u00e9sek, 1:1 megbesz\u00e9l\u00e9sek \u2013, akkor a t\u00e9r kihaszn\u00e1latlan marad.<\/p>\n\n\n\n<p>Sokan al\u00e1becs\u00fclik a <strong>technol\u00f3giai ig\u00e9nyeket<\/strong>. Egy vezet\u0151i irod\u00e1ban l\u00e9v\u0151 t\u00e1rgyal\u00f3asztaln\u00e1l gyakran sz\u00fcks\u00e9g van rejtett dugaljakra, k\u00e1belez\u00e9sre, kijelz\u0151re vagy vide\u00f3meeting-eszk\u00f6z\u00f6kre. Ezek ut\u00f3lagos p\u00f3tl\u00e1sa neh\u00e9zkes \u00e9s eszt\u00e9tikailag is probl\u00e9m\u00e1s lehet.<\/p>\n\n\n\n<p>V\u00e9g\u00fcl gyakori hiba a <strong>j\u00f6v\u0151 figyelmen k\u00edv\u00fcl hagy\u00e1sa<\/strong>. A vezet\u0151i t\u00e1rgyal\u00f3asztal sok esetben 5\u201310 \u00e9vre sz\u00f3l\u00f3 d\u00f6nt\u00e9s. Ha nem sz\u00e1mol a vezet\u0151 a c\u00e9g n\u00f6veked\u00e9s\u00e9vel, a csapat b\u0151v\u00fcl\u00e9s\u00e9vel vagy a munkam\u00f3dszerek v\u00e1ltoz\u00e1s\u00e1val, akkor az asztal hamar sz\u0171k keresztmetszett\u00e9 v\u00e1lik.<\/p>\n\n\n\n<p>A j\u00f3l m\u0171k\u00f6d\u0151 vezet\u0151i t\u00e1rgyal\u00f3asztal nem l\u00e1tv\u00e1nyelem, hanem <strong>prec\u00edzen defini\u00e1lt eszk\u00f6z<\/strong>, amely pontos szerepet t\u00f6lt be a vezet\u0151 mindennapi d\u00f6nt\u00e9shozatal\u00e1ban.<\/p>\n\n\n\n<h2 class=\"wp-block-heading\"><strong>6. Vezet\u0151i t\u00e1rgyal\u00f3asztal a vezet\u0151i irod\u00e1ban \u2013 d\u00f6nt\u00e9si logika egy helyen<\/strong><\/h2>\n\n\n\n<p>A <strong>vezet\u0151i t\u00e1rgyal\u00f3asztal a vezet\u0151i irod\u00e1ban<\/strong> akkor m\u0171k\u00f6dik igaz\u00e1n j\u00f3l, ha nem egy \u201ekisebb t\u00e1rgyal\u00f3teremk\u00e9nt\u201d kezelj\u00fck, hanem <strong>speci\u00e1lis d\u00f6nt\u00e9si z\u00f3nak\u00e9nt<\/strong>. Ez a k\u00fcl\u00f6nbs\u00e9g sokszor nem m\u00e9retben, hanem szeml\u00e9letben jelenik meg.<\/p>\n\n\n\n<p>Ebben a t\u00e9rben nem prezent\u00e1ci\u00f3k \u00e9s hossz\u00fa meetingek zajlanak, hanem:<\/p>\n\n\n\n<ul class=\"wp-block-list\">\n<li>gyors ir\u00e1nyv\u00e1lt\u00e1sok,<\/li>\n\n\n\n<li>szem\u00e9lyes egyeztet\u00e9sek,<\/li>\n\n\n\n<li>strat\u00e9giai tiszt\u00e1z\u00e1sok,<\/li>\n\n\n\n<li>\u00e9rz\u00e9keny d\u00f6nt\u00e9si helyzetek.<\/li>\n<\/ul>\n\n\n\n<p>\u00c9ppen ez\u00e9rt a vezet\u0151i irod\u00e1ban elhelyezett t\u00e1rgyal\u00f3asztal <strong>m\u00e1s szab\u00e1lyok szerint m\u0171k\u00f6dik<\/strong>, mint egy klasszikus t\u00e1rgyal\u00f3termi asztal.<\/p>\n\n\n\n<p>A d\u00f6nt\u00e9si logika h\u00e1rom alappill\u00e9re:<\/p>\n\n\n\n<p><strong>1. K\u00f6zel van, de nem zavar<\/strong><\/p>\n\n\n\n<p>A t\u00e1rgyal\u00f3asztalnak el\u00e9rhet\u0151nek kell lennie, de nem szabad r\u00e1telepednie a vezet\u0151i munkater\u00fcletre. Ide\u00e1lis esetben vizu\u00e1lisan elk\u00fcl\u00f6n\u00fcl, m\u00e9g akkor is, ha egy t\u00e9rben van az \u00edr\u00f3asztallal.<\/p>\n\n\n\n<p><strong>2. Korl\u00e1tozott l\u00e9tsz\u00e1mra optimaliz\u00e1lt<\/strong><\/p>\n\n\n\n<p>Ez nem 6\u201310 f\u0151s megbesz\u00e9l\u00e9sek helye. A legt\u00f6bb vezet\u0151i t\u00e1rgyal\u00f3asztal 2\u20134 f\u0151re ide\u00e1lis. Ez seg\u00edt meg\u0151rizni a besz\u00e9lget\u00e9sek f\u00f3kusz\u00e1t \u00e9s intimit\u00e1s\u00e1t.<\/p>\n\n\n\n<p><strong>3. Gyors d\u00f6nt\u00e9sekre hangolt<\/strong><\/p>\n\n\n\n<p>Nem kell minden technol\u00f3gia, ami egy nagy t\u00e1rgyal\u00f3ban. Viszont fontos a k\u00e9nyelmes \u00fcl\u00e9s, a j\u00f3 akusztika \u00e9s az, hogy a besz\u00e9lget\u00e9s ne \u201e\u00fcl\u00e9sbe fulladjon\u201d, hanem d\u00f6nt\u00e9sbe fusson ki.<\/p>\n\n\n\n<p>Ha ezek a szempontok teljes\u00fclnek, a vezet\u0151i t\u00e1rgyal\u00f3asztal <strong>nem konkur\u00e1l a k\u00fcl\u00f6n t\u00e1rgyal\u00f3val<\/strong>, hanem kieg\u00e9sz\u00edti azt. \u00cdgy a vezet\u0151 pontosan tudja, mikor melyik teret \u00e9rdemes haszn\u00e1lnia.<\/p>\n\n\n\n<p>Ez az a pont, ahol a vezet\u0151i t\u00e1rgyal\u00f3asztal m\u00e1r nem b\u00fator, hanem <strong>vezet\u0151i eszk\u00f6z<\/strong>.<\/p>\n\n\n\n<p>A vezet\u0151i t\u00e1rgyal\u00f3asztal szerepe nem \u00f6nmag\u00e1ban \u00e9rtelmezhet\u0151, hanem a d\u00f6nt\u00e9si helyzetek, a t\u00e9rhaszn\u00e1lat \u00e9s a reprezent\u00e1ci\u00f3 \u00f6sszef\u00fcgg\u00e9s\u00e9ben. Ha szeretn\u00e9 m\u00e9lyebben \u00e1tl\u00e1tni, hogyan v\u00e1lik a t\u00e1rgyal\u00f3asztal val\u00f3di d\u00f6nt\u00e9st\u00e1mogat\u00f3 eszk\u00f6zz\u00e9, \u00e9rdemes elolvasni a \u201e<a href=\"https:\/\/www.bathori.hu\/blog\/vezetoi-targyaloasztalok-es-targyaloterek\/\">Vezet\u0151i t\u00e1rgyal\u00f3asztalok \u00e9s t\u00e1rgyal\u00f3terek \u2013 d\u00f6nt\u00e9si helyzetek, t\u00e9rhaszn\u00e1lat \u00e9s reprezent\u00e1ci\u00f3 a vezet\u0151i irod\u00e1ban<\/a>\u201d c\u00edm\u0171 \u00e1tfog\u00f3 \u00fatmutat\u00f3t is.<\/p>\n\n\n\n<h2 class=\"wp-block-heading\"><strong>Z\u00e1r\u00f3 gondolat \u2013 nem \u201evagy\u2013vagy\u201d, hanem tudatos t\u00e9rhaszn\u00e1lat<\/strong><\/h2>\n\n\n\n<p>A vezet\u0151i t\u00e1rgyal\u00f3asztal \u00e9s a k\u00fcl\u00f6n t\u00e1rgyal\u00f3 nem egym\u00e1s alternat\u00edv\u00e1i, hanem <strong>k\u00fcl\u00f6nb\u00f6z\u0151 d\u00f6nt\u00e9si helyzetekre adott v\u00e1laszok<\/strong>. A k\u00e9rd\u00e9s nem az, hogy melyik \u201ejobb\u201d, hanem az, hogy <strong>mire van t\u00e9nylegesen sz\u00fcks\u00e9g a vezet\u0151i irod\u00e1ban<\/strong>.<\/p>\n\n\n\n<p>Ha a vezet\u0151 napi szinten hoz gyors, szem\u00e9lyes d\u00f6nt\u00e9seket, rendszeresen egyeztet kulcsemberekkel vagy partnerekkel, akkor a vezet\u0151i irod\u00e1ban elhelyezett t\u00e1rgyal\u00f3asztal val\u00f3di hat\u00e9konys\u00e1gn\u00f6vel\u0151 eszk\u00f6z lehet. Ha viszont a megbesz\u00e9l\u00e9sek jellemz\u0151en nagyobb l\u00e9tsz\u00e1m\u00faak, struktur\u00e1ltabbak vagy prezent\u00e1ci\u00f3k\u00f6zpont\u00faak, akkor a k\u00fcl\u00f6n t\u00e1rgyal\u00f3 tov\u00e1bbra is megker\u00fclhetetlen.<\/p>\n\n\n\n<p>A vezet\u0151i t\u00e1rgyal\u00f3asztal \u00e9s a hozz\u00e1 kapcsol\u00f3d\u00f3 t\u00e1rgyal\u00f3terek szerepe szorosan \u00f6sszef\u00fcgg a teljes vezet\u0151i irodab\u00fator rendszer kialak\u00edt\u00e1s\u00e1val. A d\u00f6nt\u00e9si helyzetek, t\u00e9rhaszn\u00e1lati logik\u00e1k \u00e9s reprezent\u00e1ci\u00f3s szempontok \u00f6sszef\u00fcgg\u00e9seit r\u00e9szletesen a \u201e<a href=\"https:\/\/www.bathori.hu\/blog\/vezetoi-irodabutor-valasztasi-utmutato\" data-type=\"link\" data-id=\"https:\/\/www.bathori.hu\/blog\/vezetoi-irodabutor-valasztasi-utmutato\">vezet\u0151i irodab\u00fator \u00e1tfog\u00f3 tervez\u00e9si szempontjai<\/a>\u201d c\u00edm\u0171 \u00fatmutat\u00f3ban bontjuk ki.<\/p>\n\n\n\n<p>A j\u00f3l m\u0171k\u00f6d\u0151 vezet\u0151i t\u00e9r nem kompromisszumokb\u00f3l \u00e9p\u00fcl, hanem <strong>funkci\u00f3k tudatos sz\u00e9tv\u00e1laszt\u00e1s\u00e1b\u00f3l<\/strong>. Amikor ez megt\u00f6rt\u00e9nik, a b\u00fatoroz\u00e1s nem korl\u00e1toz, hanem t\u00e1mogatja a d\u00f6nt\u00e9shozatalt \u2013 \u00e9s pontosan ez a vezet\u0151i t\u00e1rgyal\u00f3asztal val\u00f3di szerepe a vezet\u0151i irod\u00e1ban.<\/p>\n","protected":false},"excerpt":{"rendered":"<p>A vezet\u0151i iroda egyik leggyakoribb, m\u00e9gis alul\u00e9rt\u00e9kelt k\u00e9rd\u00e9se, hogy Vezet\u0151i t\u00e1rgyal\u00f3asztal vagy k\u00fcl\u00f6n t\u00e1rgyal\u00f3? Els\u0151 r\u00e1n\u00e9z\u00e9sre ez berendez\u00e9si d\u00f6nt\u00e9snek t\u0171nhet, val\u00f3j\u00e1ban azonban m\u0171k\u00f6d\u00e9si \u00e9s d\u00f6nt\u00e9sszervez\u00e9si k\u00e9rd\u00e9sr\u0151l van sz\u00f3. Egy t\u00e1rgyal\u00f3asztal nem puszt\u00e1n b\u00fator. Meghat\u00e1rozza, hol \u00e9s hogyan sz\u00fcletnek d\u00f6nt\u00e9sek, mennyire folytonos a vezet\u0151 f\u00f3kusza, \u00e9s milyen ment\u00e1lis v\u00e1lt\u00e1sokkal j\u00e1r a napi munka. Ha minden egyeztet\u00e9s &#8230; <a title=\"Vezet\u0151i t\u00e1rgyal\u00f3asztal vagy k\u00fcl\u00f6n t\u00e1rgyal\u00f3? \u2013 Mikor melyik m\u0171k\u00f6dik a vezet\u0151i irod\u00e1ban?\" class=\"read-more\" href=\"https:\/\/www.bathori.hu\/blog\/vezetoi-targyaloasztal-vagy-kulon-targyalo\/\" aria-label=\"Read more about Vezet\u0151i t\u00e1rgyal\u00f3asztal vagy k\u00fcl\u00f6n t\u00e1rgyal\u00f3? \u2013 Mikor melyik m\u0171k\u00f6dik a vezet\u0151i irod\u00e1ban?\">Olvass tov\u00e1bb<\/a><\/p>\n","protected":false},"author":1,"featured_media":1375,"comment_status":"closed","ping_status":"closed","sticky":false,"template":"","format":"standard","meta":{"footnotes":""},"categories":[26],"tags":[],"class_list":["post-1356","post","type-post","status-publish","format-standard","has-post-thumbnail","hentry","category-vezetoi-targyaloasztal"],"_links":{"self":[{"href":"https:\/\/www.bathori.hu\/blog\/wp-json\/wp\/v2\/posts\/1356","targetHints":{"allow":["GET"]}}],"collection":[{"href":"https:\/\/www.bathori.hu\/blog\/wp-json\/wp\/v2\/posts"}],"about":[{"href":"https:\/\/www.bathori.hu\/blog\/wp-json\/wp\/v2\/types\/post"}],"author":[{"embeddable":true,"href":"https:\/\/www.bathori.hu\/blog\/wp-json\/wp\/v2\/users\/1"}],"replies":[{"embeddable":true,"href":"https:\/\/www.bathori.hu\/blog\/wp-json\/wp\/v2\/comments?post=1356"}],"version-history":[{"count":8,"href":"https:\/\/www.bathori.hu\/blog\/wp-json\/wp\/v2\/posts\/1356\/revisions"}],"predecessor-version":[{"id":1374,"href":"https:\/\/www.bathori.hu\/blog\/wp-json\/wp\/v2\/posts\/1356\/revisions\/1374"}],"wp:featuredmedia":[{"embeddable":true,"href":"https:\/\/www.bathori.hu\/blog\/wp-json\/wp\/v2\/media\/1375"}],"wp:attachment":[{"href":"https:\/\/www.bathori.hu\/blog\/wp-json\/wp\/v2\/media?parent=1356"}],"wp:term":[{"taxonomy":"category","embeddable":true,"href":"https:\/\/www.bathori.hu\/blog\/wp-json\/wp\/v2\/categories?post=1356"},{"taxonomy":"post_tag","embeddable":true,"href":"https:\/\/www.bathori.hu\/blog\/wp-json\/wp\/v2\/tags?post=1356"}],"curies":[{"name":"wp","href":"https:\/\/api.w.org\/{rel}","templated":true}]}}