{"id":1350,"date":"2026-01-23T10:00:00","date_gmt":"2026-01-23T08:00:00","guid":{"rendered":"https:\/\/www.bathori.hu\/blog\/?p=1350"},"modified":"2026-01-14T15:14:33","modified_gmt":"2026-01-14T13:14:33","slug":"targyaloasztal-vezetoi-irodaban","status":"publish","type":"post","link":"https:\/\/www.bathori.hu\/blog\/targyaloasztal-vezetoi-irodaban\/","title":{"rendered":"Mikor van sz\u00fcks\u00e9g t\u00e1rgyal\u00f3asztalra a vezet\u0151i irod\u00e1ban?"},"content":{"rendered":"\n<p>A vezet\u0151i irod\u00e1k tervez\u00e9sekor sokszor automatikusan felmer\u00fcl a k\u00e9rd\u00e9s:<\/p>\n\n\n\n<p><strong>Mikor van sz\u00fcks\u00e9g t\u00e1rgyal\u00f3asztalra a vezet\u0151i irod\u00e1ban? Kell-e t\u00e1rgyal\u00f3asztal a vezet\u0151i irod\u00e1ba, vagy sem?<\/strong><\/p>\n\n\n\n<p>Sokan \u00f6szt\u00f6n\u00f6sen \u00fagy gondolj\u00e1k, hogy egy vezet\u0151i t\u00e9r \u201enem teljes\u201d t\u00e1rgyal\u00f3asztal n\u00e9lk\u00fcl. M\u00e1sok viszont \u00e9ppen ellenkez\u0151leg: felesleges helyfoglal\u00e1snak, t\u00falzott formalit\u00e1snak vagy rosszul haszn\u00e1lt n\u00e9gyzetm\u00e9ternek \u00e9rzik. A val\u00f3s\u00e1g azonban enn\u00e9l \u00e1rnyaltabb.<\/p>\n\n\n\n<p>A t\u00e1rgyal\u00f3asztal nem st\u00e1tuszszimb\u00f3lum, \u00e9s nem k\u00f6telez\u0151 eleme a vezet\u0151i irod\u00e1nak.<\/p>\n\n\n\n<p>A jelenl\u00e9te \u2013 vagy \u00e9ppen a hi\u00e1nya \u2013 <strong>m\u0171k\u00f6d\u00e9si d\u00f6nt\u00e9s<\/strong>, amely k\u00f6zvetlen\u00fcl hat a vezet\u0151 napi ritmus\u00e1ra, a d\u00f6nt\u00e9shozatal m\u00f3dj\u00e1ra \u00e9s a megbesz\u00e9l\u00e9sek min\u0151s\u00e9g\u00e9re.<\/p>\n\n\n\n<p>Nem mindegy p\u00e9ld\u00e1ul:<\/p>\n\n\n\n<ul class=\"wp-block-list\">\n<li>hogy a vezet\u0151 naponta h\u00e1ny egyeztet\u00e9st tart szem\u00e9lyesen,<\/li>\n\n\n\n<li>ezek ink\u00e1bb gyors, inform\u00e1lis besz\u00e9lget\u00e9sek vagy struktur\u00e1lt d\u00f6nt\u00e9si helyzetek,<\/li>\n\n\n\n<li>bels\u0151 munkat\u00e1rsakkal, k\u00fcls\u0151 partnerekkel vagy vegyesen zajlanak,<\/li>\n\n\n\n<li>\u00e9s hogy mindez k\u00fcl\u00f6n t\u00e1rgyal\u00f3ban t\u00f6rt\u00e9nik-e, vagy mag\u00e1ban a vezet\u0151i t\u00e9rben.<\/li>\n<\/ul>\n\n\n\n<p>Ez\u00e9rt a val\u00f3di k\u00e9rd\u00e9s nem az, <strong>hogy \u201esz\u00e9p-e\u201d egy t\u00e1rgyal\u00f3asztal a vezet\u0151i irod\u00e1ban<\/strong>, hanem az, hogy <strong>sz\u00fcks\u00e9g van-e r\u00e1 a vezet\u0151 m\u0171k\u00f6d\u00e9s\u00e9hez<\/strong>.<\/p>\n\n\n\n<p>Ebben a cikkben nem asztalt\u00edpusokat, m\u00e9reteket vagy trendeket mutatunk be.<\/p>\n\n\n\n<p>Egyetlen k\u00e9rd\u00e9sre keres\u00fcnk v\u00e1laszt:<\/p>\n\n\n\n<blockquote class=\"wp-block-quote is-layout-flow wp-block-quote-is-layout-flow\">\n<p><strong>Mikor indokolt val\u00f3ban t\u00e1rgyal\u00f3asztalt elhelyezni a vezet\u0151i irod\u00e1ban \u2013 \u00e9s mikor jobb tudatosan elhagyni?<\/strong><\/p>\n<\/blockquote>\n\n\n\n<p>A c\u00e9l, hogy a d\u00f6nt\u00e9s ne megszok\u00e1sb\u00f3l vagy elv\u00e1r\u00e1sok alapj\u00e1n sz\u00fclessen meg, hanem a vezet\u0151 t\u00e9nyleges munkam\u00f3dj\u00e1hoz igazodva.<\/p>\n\n\n\n<h2 class=\"wp-block-heading\"><strong>I. Mit jelez a t\u00e1rgyal\u00f3asztal jelenl\u00e9te a vezet\u0151i irod\u00e1ban?<\/strong><\/h2>\n\n\n\n<p>Egy t\u00e1rgyal\u00f3asztal a vezet\u0151i irod\u00e1ban mindig <strong>\u00fczenetet hordoz<\/strong> \u2013 akkor is, ha ezt nem tudatosan helyezt\u00e9k el. Nem puszt\u00e1n funkcion\u00e1lis b\u00fator, hanem a vezet\u0151i szerepfelfog\u00e1s \u00e9s d\u00f6nt\u00e9si st\u00edlus t\u00e9rbeli lek\u00e9pez\u00e9se.<\/p>\n\n\n\n<p>Egy k\u00fcl\u00f6n t\u00e1rgyal\u00f3asztal megl\u00e9te azt sugallja, hogy a vezet\u0151 <strong>sz\u00e1mol a rendszeres szem\u00e9lyes egyeztet\u00e9sekkel<\/strong>, \u00e9s ezeknek elk\u00fcl\u00f6n\u00edtett, struktur\u00e1lt teret ad. Ez jellemz\u0151en olyan vezet\u0151kn\u00e9l jelenik meg, akik:<\/p>\n\n\n\n<ul class=\"wp-block-list\">\n<li>gyakran tartanak megbesz\u00e9l\u00e9seket a saj\u00e1t irod\u00e1jukban,<\/li>\n\n\n\n<li>d\u00f6nt\u00e9seiket nem kiz\u00e1r\u00f3lag egyed\u00fcl hozz\u00e1k meg,<\/li>\n\n\n\n<li>\u00e9s fontosnak tartj\u00e1k a besz\u00e9lget\u00e9sek formaliz\u00e1lt kereteit.<\/li>\n<\/ul>\n\n\n\n<p>Ezzel szemben egy t\u00e1rgyal\u00f3asztal n\u00e9lk\u00fcli vezet\u0151i iroda m\u00e1sfajta m\u0171k\u00f6d\u00e9st jelez. Ilyenkor a f\u00f3kusz ink\u00e1bb az <strong>egy\u00e9ni munk\u00e1n<\/strong>, az elm\u00e9ly\u00fclt gondolkod\u00e1son \u00e9s a gyors, ad hoc egyeztet\u00e9seken van. Az ilyen t\u00e9r gyakran azt kommunik\u00e1lja, hogy:<\/p>\n\n\n\n<ul class=\"wp-block-list\">\n<li>a vezet\u0151 k\u00fcl\u00f6n t\u00e1rgyal\u00f3teret haszn\u00e1l a megbesz\u00e9l\u00e9sekhez, vagy<\/li>\n\n\n\n<li>az egyeztet\u00e9sek inform\u00e1lisabbak, r\u00f6videbbek,<\/li>\n\n\n\n<li>\u00e9s nem ig\u00e9nyelnek k\u00fcl\u00f6n b\u00fatorozott d\u00f6nt\u00e9si z\u00f3n\u00e1t.<\/li>\n<\/ul>\n\n\n\n<p>Fontos hangs\u00falyozni: <strong>nincs \u201ejobb\u201d vagy \u201erosszabb\u201d megold\u00e1s<\/strong>. A t\u00e1rgyal\u00f3asztal jelenl\u00e9te nem rangot, hanem m\u0171k\u00f6d\u00e9si modellt fejez ki. Ugyanaz a b\u00fator lehet hat\u00e9kony eszk\u00f6z egy vezet\u0151 sz\u00e1m\u00e1ra, \u00e9s teljesen felesleges egy m\u00e1sikn\u00e1l.<\/p>\n\n\n\n<p>A f\u00e9lre\u00e9rt\u00e9sek jellemz\u0151en akkor keletkeznek, amikor a t\u00e1rgyal\u00f3asztal <strong>elv\u00e1r\u00e1sb\u00f3l<\/strong> ker\u00fcl be a vezet\u0151i irod\u00e1ba:<\/p>\n\n\n\n<ul class=\"wp-block-list\">\n<li>mert \u201e\u00edgy szok\u00e1s\u201d,<\/li>\n\n\n\n<li>mert \u201eegy vezet\u0151i iroda \u00edgy n\u00e9z ki\u201d,<\/li>\n\n\n\n<li>vagy mert kor\u00e1bbi mint\u00e1k ezt dikt\u00e1lt\u00e1k.<\/li>\n<\/ul>\n\n\n\n<p>Ilyenkor a b\u00fator nem t\u00e1mogatja a d\u00f6nt\u00e9shozatalt, hanem ink\u00e1bb <strong>akad\u00e1lyozza a t\u00e9r term\u00e9szetes haszn\u00e1lat\u00e1t<\/strong>: elveszi a helyet, vizu\u00e1lisan t\u00falterheli az irod\u00e1t, \u00e9s olyan funkci\u00f3t k\u00e9pvisel, amelyre a vezet\u0151nek val\u00f3j\u00e1ban nincs sz\u00fcks\u00e9ge.<\/p>\n\n\n\n<p>A k\u00f6vetkez\u0151 szekci\u00f3ban ez\u00e9rt azt vizsg\u00e1ljuk meg, <strong>milyen konkr\u00e9t vezet\u0151i helyzetekben v\u00e1lik val\u00f3ban indokoltt\u00e1 egy t\u00e1rgyal\u00f3asztal a vezet\u0151i irod\u00e1ban<\/strong>, \u00e9s mikor nem.<\/p>\n\n\n\n<h2 class=\"wp-block-heading\"><strong>II. D\u00f6nt\u00e9si helyzetek, ahol val\u00f3ban sz\u00fcks\u00e9g van t\u00e1rgyal\u00f3asztalra<\/strong><\/h2>\n\n\n\n<p>Nem minden vezet\u0151i d\u00f6nt\u00e9si helyzet ig\u00e9nyel k\u00fcl\u00f6n t\u00e1rgyal\u00f3asztalt. A kulcsk\u00e9rd\u00e9s nem az, hogy <strong>van-e kivel egyeztetni<\/strong>, hanem az, hogy <strong>milyen t\u00edpus\u00fa d\u00f6nt\u00e9sek sz\u00fcletnek a vezet\u0151i irod\u00e1ban<\/strong>, \u00e9s ezek milyen t\u00e9rbeli keretet k\u00edv\u00e1nnak.<\/p>\n\n\n\n<p>T\u00e1rgyal\u00f3asztalra els\u0151sorban akkor van sz\u00fcks\u00e9g, amikor a d\u00f6nt\u00e9sek <strong>t\u00f6bbszerepl\u0151sek, struktur\u00e1ltak \u00e9s id\u0151ig\u00e9nyesek<\/strong>. Ilyen helyzet p\u00e9ld\u00e1ul, amikor a vezet\u0151 rendszeresen tart:<\/p>\n\n\n\n<ul class=\"wp-block-list\">\n<li>strat\u00e9giai egyeztet\u00e9seket k\u00f6zvetlen munkat\u00e1rsaival,<\/li>\n\n\n\n<li>p\u00e9nz\u00fcgyi, szervezeti vagy hum\u00e1n d\u00f6nt\u00e9seket el\u0151k\u00e9sz\u00edt\u0151 megbesz\u00e9l\u00e9seket,<\/li>\n\n\n\n<li>projektind\u00edt\u00f3 vagy projekt\u00e9rt\u00e9kel\u0151 meetingeket.<\/li>\n<\/ul>\n\n\n\n<p>Ezekben az esetekben az asztal nem puszt\u00e1n \u00fcl\u0151fel\u00fcletet biztos\u00edt, hanem <strong>keretet ad a gondolkod\u00e1snak<\/strong>. A t\u00e1rgyal\u00f3asztal k\u00f6r\u00fcli elrendez\u00e9s seg\u00edt:<\/p>\n\n\n\n<ul class=\"wp-block-list\">\n<li>f\u00f3kuszban tartani a besz\u00e9lget\u00e9st,<\/li>\n\n\n\n<li>egyenrang\u00fa poz\u00edci\u00f3t teremteni a r\u00e9sztvev\u0151k k\u00f6z\u00f6tt,<\/li>\n\n\n\n<li>\u00e9s elk\u00fcl\u00f6n\u00edteni a megbesz\u00e9l\u00e9st az egy\u00e9ni munkav\u00e9gz\u00e9st\u0151l.<\/li>\n<\/ul>\n\n\n\n<p>K\u00fcl\u00f6n\u00f6sen indokolt a t\u00e1rgyal\u00f3asztal akkor, ha a d\u00f6nt\u00e9sekhez <strong>fizikai anyagok<\/strong> is kapcsol\u00f3dnak: dokumentumok, tervek, jegyzetek, t\u00e1blag\u00e9pek vagy ak\u00e1r mintadarabok. Ezek elhelyez\u00e9se \u00edr\u00f3asztalon vagy kanap\u00e9 mellett gyakran k\u00e9nyelmetlen, m\u00edg egy dedik\u00e1lt t\u00e1rgyal\u00f3asztal term\u00e9szetes fel\u00fcletet biztos\u00edt.<\/p>\n\n\n\n<p>Ezzel szemben azokn\u00e1l a vezet\u0151kn\u00e9l, akik d\u00f6nt\u00e9seiket jellemz\u0151en:<\/p>\n\n\n\n<ul class=\"wp-block-list\">\n<li>egyed\u00fcl hozz\u00e1k meg,<\/li>\n\n\n\n<li>r\u00f6vid, \u00e1ll\u00f3 vagy inform\u00e1lis egyeztet\u00e9sek ut\u00e1n,<\/li>\n\n\n\n<li>vagy digit\u00e1lis csatorn\u00e1kon kereszt\u00fcl,<\/li>\n<\/ul>\n\n\n\n<p>a t\u00e1rgyal\u00f3asztal gyakran <strong>alulhaszn\u00e1lt elem<\/strong> marad. Ilyenkor a b\u00fator ink\u00e1bb vizu\u00e1lis terhel\u00e9st jelent, mint val\u00f3di funkci\u00f3t, \u00e9s elveszi a teret olyan megold\u00e1sok el\u0151l, amelyek jobban t\u00e1mogatn\u00e1k a napi m\u0171k\u00f6d\u00e9st.<\/p>\n\n\n\n<p>Fontos megk\u00fcl\u00f6nb\u00f6ztetni a <strong>rendszeres<\/strong> \u00e9s az <strong>alkalmi<\/strong> d\u00f6nt\u00e9si helyzeteket. Ha egy vezet\u0151 csak ritk\u00e1n fogad vend\u00e9geket vagy tart hosszabb megbesz\u00e9l\u00e9seket, akkor egy teljes \u00e9rt\u00e9k\u0171 t\u00e1rgyal\u00f3asztal helyett sokszor elegend\u0151:<\/p>\n\n\n\n<ul class=\"wp-block-list\">\n<li>egy kisebb egyeztet\u0151 sarok,<\/li>\n\n\n\n<li>egy kerek vagy ov\u00e1lis asztal 2\u20133 f\u0151re,<\/li>\n\n\n\n<li>vagy egy lounge jelleg\u0171 megold\u00e1s.<\/li>\n<\/ul>\n\n\n\n<p>A t\u00e1rgyal\u00f3asztal teh\u00e1t akkor m\u0171k\u00f6dik j\u00f3l, ha <strong>nem kiv\u00e9telre, hanem szab\u00e1lyra<\/strong> k\u00e9sz\u00fcl: amikor a vezet\u0151i iroda a d\u00f6nt\u00e9shozatal akt\u00edv sz\u00edntere, nem csup\u00e1n h\u00e1tt\u00e9rhelysz\u00edne.<\/p>\n\n\n\n<p>A k\u00f6vetkez\u0151 r\u00e9szben azt n\u00e9zz\u00fck meg, <strong>mikor v\u00e1lik feleslegess\u00e9 a t\u00e1rgyal\u00f3asztal<\/strong>, \u00e9s milyen alternat\u00edv megold\u00e1sok l\u00e9teznek helyette a vezet\u0151i irod\u00e1ban.<\/p>\n\n\n\n<h2 class=\"wp-block-heading\"><strong>III. Mikor van sz\u00fcks\u00e9g t\u00e1rgyal\u00f3asztalra a vezet\u0151i irod\u00e1ban?<\/strong><\/h2>\n\n\n\n<p>A <strong>t\u00e1rgyal\u00f3asztal a vezet\u0151i irod\u00e1ban<\/strong> nem st\u00e1tuszb\u00fator, hanem m\u0171k\u00f6d\u00e9si eszk\u00f6z. Akkor v\u00e1lik indokoltt\u00e1, amikor a vezet\u0151i munka nem kiz\u00e1r\u00f3lag egy\u00e9ni d\u00f6nt\u00e9shozatalb\u00f3l \u00e1ll, hanem <strong>rendszeres egyeztet\u00e9sekb\u0151l, k\u00f6z\u00f6s gondolkod\u00e1sb\u00f3l \u00e9s struktur\u00e1lt megbesz\u00e9l\u00e9sekb\u0151l<\/strong>.<\/p>\n\n\n\n<p>Az egyik legfontosabb jel, ami t\u00e1rgyal\u00f3asztal sz\u00fcks\u00e9gess\u00e9g\u00e9re utal, az az, ha a vezet\u0151 <strong>hetente t\u00f6bbsz\u00f6r<\/strong> \u00fcl le m\u00e1sokkal d\u00f6nt\u00e9seket el\u0151k\u00e9sz\u00edteni. Ezek nem gyors \u201ebeugr\u00f3\u201d besz\u00e9lget\u00e9sek, hanem olyan alkalmak, ahol:<\/p>\n\n\n\n<ul class=\"wp-block-list\">\n<li>t\u00f6bb szempont ker\u00fcl az asztalra,<\/li>\n\n\n\n<li>dokumentumokat, terveket, adatokat kell \u00e1ttekinteni,<\/li>\n\n\n\n<li>\u00e9s a besz\u00e9lget\u00e9s id\u0151ben is elny\u00falik.<\/li>\n<\/ul>\n\n\n\n<p>Ilyenkor az \u00edr\u00f3asztal m\u00e1r nem megfelel\u0151 t\u00e9r. Az \u00edr\u00f3asztal alapvet\u0151en <strong>hierarchikus b\u00fator<\/strong>: a vezet\u0151 \u201ebirtokolja\u201d, a m\u00e1sik f\u00e9l vend\u00e9g rajta. Egy t\u00e1rgyal\u00f3asztal ezzel szemben <strong>kiegyenl\u00edti a viszonyokat<\/strong>, ami bizonyos d\u00f6nt\u00e9si helyzetekben \u2013 k\u00fcl\u00f6n\u00f6sen strat\u00e9giai vagy \u00e9rz\u00e9keny t\u00e9m\u00e1kn\u00e1l \u2013 kifejezetten el\u0151ny.<\/p>\n\n\n\n<p>Szint\u00e9n indokolt a t\u00e1rgyal\u00f3asztal, ha a vezet\u0151:<\/p>\n\n\n\n<ul class=\"wp-block-list\">\n<li>rendszeresen fogad <strong>k\u00fcls\u0151 partnereket vagy \u00fcgyfeleket<\/strong>,<\/li>\n\n\n\n<li>bels\u0151 vezet\u0151i csapattal dolgozik egy\u00fctt,<\/li>\n\n\n\n<li>vagy t\u00f6bb ter\u00fclet munk\u00e1j\u00e1t hangolja \u00f6ssze.<\/li>\n<\/ul>\n\n\n\n<p>Ezekben az esetekben a t\u00e1rgyal\u00f3asztal nemcsak a besz\u00e9lget\u00e9st t\u00e1mogatja, hanem <strong>jelz\u00e9st is ad<\/strong>: a vezet\u0151i iroda nem elszigetelt d\u00f6nt\u00e9si pont, hanem a szervezet egyik koordin\u00e1ci\u00f3s k\u00f6zpontja.<\/p>\n\n\n\n<p>Fontos ugyanakkor felismerni azt is, amikor a t\u00e1rgyal\u00f3asztal <strong>t\u00falz\u00e1s<\/strong>. Ha a vezet\u0151i egyeztet\u00e9sek d\u00f6nt\u0151en:<\/p>\n\n\n\n<ul class=\"wp-block-list\">\n<li>digit\u00e1lis csatorn\u00e1kon zajlanak,<\/li>\n\n\n\n<li>r\u00f6videk \u00e9s inform\u00e1lisak,<\/li>\n\n\n\n<li>vagy ink\u00e1bb \u00e1ll\u00f3 megbesz\u00e9l\u00e9sek form\u00e1j\u00e1ban t\u00f6rt\u00e9nnek,<\/li>\n<\/ul>\n\n\n\n<p>akkor a t\u00e1rgyal\u00f3asztal sokszor csak \u201ekit\u00f6lt egy \u00fcres sarkot\u201d, val\u00f3di funkci\u00f3 n\u00e9lk\u00fcl. Ilyenkor a t\u00e9r jobban szolg\u00e1lhatja a munk\u00e1t egy <strong>egyeztet\u0151 sarokkal<\/strong>, kisebb asztallal vagy ak\u00e1r egy mobil megold\u00e1ssal.<\/p>\n\n\n\n<p>A d\u00f6nt\u0151 k\u00e9rd\u00e9s teh\u00e1t nem az, hogy \u201eszok\u00e1s-e\u201d t\u00e1rgyal\u00f3asztalt tenni a vezet\u0151i irod\u00e1ba, hanem az, hogy <strong>a vezet\u0151i munka jellege ezt val\u00f3ban megk\u00edv\u00e1nja-e<\/strong>.<\/p>\n\n\n\n<p>A k\u00f6vetkez\u0151 r\u00e9szben azt vizsg\u00e1ljuk meg, <strong>milyen m\u00e9ret\u0171 \u00e9s form\u00e1j\u00fa t\u00e1rgyal\u00f3asztal m\u0171k\u00f6dik j\u00f3l a vezet\u0151i irod\u00e1ban<\/strong>, \u00e9s mikor v\u00e1lik ar\u00e1nytalann\u00e1 a t\u00e9rhez vagy a haszn\u00e1lathoz k\u00e9pest.<\/p>\n\n\n\n<h2 class=\"wp-block-heading\"><strong>IV. Mekkora t\u00e1rgyal\u00f3asztal f\u00e9r el egy vezet\u0151i irod\u00e1ban?<\/strong><\/h2>\n\n\n\n<p>A vezet\u0151i irod\u00e1ban elhelyezett t\u00e1rgyal\u00f3asztal m\u00e9retez\u00e9se <strong>nem b\u00fatoroz\u00e1si k\u00e9rd\u00e9s<\/strong>, hanem t\u00e9rhaszn\u00e1lati d\u00f6nt\u00e9s. Egy rosszul megv\u00e1lasztott m\u00e9ret nemcsak k\u00e9nyelmetlen, hanem <strong>rontja az iroda ar\u00e1nyait \u00e9s a vezet\u0151i jelenl\u00e9t meg\u00edt\u00e9l\u00e9s\u00e9t<\/strong> is.<\/p>\n\n\n\n<p>Az els\u0151 \u00e9s legfontosabb szempont az, hogy a t\u00e1rgyal\u00f3asztal <strong>ne vegye \u00e1t a f\u0151szerepet<\/strong> az \u00edr\u00f3asztalt\u00f3l. A vezet\u0151i iroda k\u00f6zponti b\u00fatora tov\u00e1bbra is az \u00edr\u00f3asztal \u2013 a t\u00e1rgyal\u00f3asztal ennek al\u00e1rendelten, kieg\u00e9sz\u00edt\u0151 funkci\u00f3val jelenik meg. Ha a t\u00e1rgyal\u00f3asztal t\u00fal nagy, a t\u00e9r vizu\u00e1lisan \u201e\u00e1tbillen\u201d, \u00e9s a vezet\u0151i munka f\u00f3kusza elmos\u00f3dik.<\/p>\n\n\n\n<p>\u00c1ltal\u00e1nos ir\u00e1nyelv, hogy a t\u00e1rgyal\u00f3asztal k\u00f6r\u00fcl <strong>minimum 90\u2013100 cm szabad mozg\u00e1st\u00e9r<\/strong> maradjon minden oldalon. Ez nemcsak a k\u00e9nyelmes k\u00f6zleked\u00e9shez sz\u00fcks\u00e9ges, hanem ahhoz is, hogy a t\u00e9r ne hasson zs\u00fafoltnak vagy t\u00falzs\u00fafoltnak. Ha ez nem biztos\u00edthat\u00f3, az asztal m\u00e1r t\u00fal nagy az adott irod\u00e1ba.<\/p>\n\n\n\n<p>Kis \u00e9s k\u00f6zepes m\u00e9ret\u0171 vezet\u0151i irod\u00e1kban (20\u201330 m\u00b2 k\u00f6r\u00fcl) jellemz\u0151en a <strong>4\u20136 f\u0151s t\u00e1rgyal\u00f3asztalok<\/strong> m\u0171k\u00f6dnek j\u00f3l. Ezek el\u00e9g nagyok ahhoz, hogy val\u00f3di megbesz\u00e9l\u00e9sekhez alkalmasak legyenek, ugyanakkor nem uralj\u00e1k le a teret. Itt gyakran el\u0151ny\u00f6sebbek a <strong>kompaktabb, ov\u00e1lis vagy lekerek\u00edtett form\u00e1k<\/strong>, mert vizu\u00e1lisan k\u00f6nnyebbek \u00e9s jobban illeszkednek a vezet\u0151i iroda intimebb l\u00e9pt\u00e9k\u00e9hez.<\/p>\n\n\n\n<p>Nagyobb vezet\u0151i irod\u00e1k eset\u00e9n m\u00e1r megjelenhetnek a <strong>6\u20138 f\u0151s<\/strong> t\u00e1rgyal\u00f3asztalok is, de ezekn\u00e9l k\u00fcl\u00f6n\u00f6sen fontos a t\u00e9r tagol\u00e1sa. Ilyenkor a t\u00e1rgyal\u00f3asztal gyakran egy\u00e9rtelm\u0171en elk\u00fcl\u00f6n\u00fcl az \u00edr\u00f3asztalt\u00f3l \u2013 ak\u00e1r burkolattal, sz\u0151nyeggel, vil\u00e1g\u00edt\u00e1ssal \u2013, hogy ne egyetlen nagy \u201eb\u00fatormez\u0151v\u00e9\u201d v\u00e1ljon az iroda.<\/p>\n\n\n\n<p>Gyakori hiba, hogy a t\u00e1rgyal\u00f3asztalt <strong>a maxim\u00e1lis befogad\u00f3k\u00e9pess\u00e9g<\/strong> alapj\u00e1n v\u00e1lasztj\u00e1k ki, nem pedig a t\u00e9nyleges haszn\u00e1lat szerint. Ha a vezet\u0151 jellemz\u0151en 2\u20133 f\u0151vel egyeztet, egy t\u00falm\u00e9retezett asztal feleslegesen foglal helyet, \u00e9s a t\u00e9r kihaszn\u00e1latlannak hat. A ritka, nagyobb l\u00e9tsz\u00e1m\u00fa megbesz\u00e9l\u00e9sekre sokszor jobb megold\u00e1s egy k\u00fcl\u00f6n t\u00e1rgyal\u00f3 vagy egy mobil, ideiglenes elrendez\u00e9s.<\/p>\n\n\n\n<p>A j\u00f3l m\u00e9retezett t\u00e1rgyal\u00f3asztal <strong>nem felt\u0171n\u0151<\/strong>, hanem term\u00e9szetes r\u00e9sze a vezet\u0151i irod\u00e1nak. Nem versenyez az \u00edr\u00f3asztallal, nem sz\u0171k\u00edti be a teret, \u00e9s pontosan annyit tud, amennyire a vezet\u0151i munka val\u00f3ban ig\u00e9nyt tart.<\/p>\n\n\n\n<p>A k\u00f6vetkez\u0151 r\u00e9szben azt n\u00e9zz\u00fck meg, <strong>hol \u00e9rdemes elhelyezni a t\u00e1rgyal\u00f3asztalt a vezet\u0151i irod\u00e1n bel\u00fcl<\/strong>, \u00e9s hogyan befoly\u00e1solja ez a besz\u00e9lget\u00e9sek dinamik\u00e1j\u00e1t \u00e9s a t\u00e9r m\u0171k\u00f6d\u00e9s\u00e9t.<\/p>\n\n\n\n<h2 class=\"wp-block-heading\"><strong>V. Hol helyezkedjen el a t\u00e1rgyal\u00f3asztal a vezet\u0151i irod\u00e1ban?<\/strong><\/h2>\n\n\n\n<p>A t\u00e1rgyal\u00f3asztal elhelyez\u00e9se a vezet\u0151i irod\u00e1ban <strong>nem eszt\u00e9tikai k\u00e9rd\u00e9s<\/strong>, hanem viselked\u00e9si \u00e9s hat\u00e1smechanikai d\u00f6nt\u00e9s. Az, hogy a t\u00e9r mely pontj\u00e1ra ker\u00fcl, k\u00f6zvetlen\u00fcl befoly\u00e1solja a besz\u00e9lget\u00e9sek hangulat\u00e1t, a hierarchia \u00e9rz\u00e9kel\u00e9s\u00e9t \u00e9s azt is, mennyire marad meg a vezet\u0151 kontrollja a helyzet felett.<\/p>\n\n\n\n<p>Az egyik legfontosabb alapelv: a t\u00e1rgyal\u00f3asztal <strong>ne legyen az iroda k\u00f6zep\u00e9n<\/strong>. A k\u00f6z\u00e9pre helyezett t\u00e1rgyal\u00f3asztal akaratlanul is f\u0151szerepl\u0151v\u00e9 v\u00e1lik, \u00e9s h\u00e1tt\u00e9rbe szor\u00edtja a vezet\u0151 \u00edr\u00f3asztal\u00e1t. Ez k\u00fcl\u00f6n\u00f6sen akkor probl\u00e9ma, ha az iroda m\u00e9rete nem indokolja a k\u00f6zponti t\u00e1rgyal\u00f3funkci\u00f3t. Ilyenkor a t\u00e9r ink\u00e1bb egy kis t\u00e1rgyal\u00f3teremre hasonl\u00edt, mint val\u00f3di vezet\u0151i irod\u00e1ra.<\/p>\n\n\n\n<p>J\u00f3l m\u0171k\u00f6d\u0151 megold\u00e1s, ha a t\u00e1rgyal\u00f3asztal <strong>az \u00edr\u00f3asztal oldalir\u00e1ny\u00e1ban<\/strong>, enyh\u00e9n h\u00e1tr\u00e9bb vagy eltolva helyezkedik el. Ez vizu\u00e1lisan egy\u00e9rtelm\u0171v\u00e9 teszi a szerepeket: az \u00edr\u00f3asztal a d\u00f6nt\u00e9shozatal tere, a t\u00e1rgyal\u00f3asztal pedig az egyeztet\u00e9s\u00e9. A k\u00e9t funkci\u00f3 \u00edgy \u00f6sszekapcsol\u00f3dik, de nem keveredik.<\/p>\n\n\n\n<p>A fal menti elhelyez\u00e9s sok esetben praktikus, k\u00fcl\u00f6n\u00f6sen kisebb vezet\u0151i irod\u00e1kban. Ilyenkor a t\u00e1rgyal\u00f3asztal nem v\u00e1gja kett\u00e9 a teret, hanem \u201er\u00e1fekszik\u201d a t\u00e9r sz\u00e9l\u00e9re, meg\u0151rizve a szabad mozg\u00e1sfel\u00fcleteket. Fontos azonban, hogy ne legyen t\u00fals\u00e1gosan beszor\u00edtva: ha a t\u00e1rgyal\u00f3asztal m\u00f6g\u00f6tt nincs elegend\u0151 hely, az \u00fcl\u0151k kiszolg\u00e1ltatottnak \u00e9rezhetik magukat, ami nem minden t\u00e1rgyal\u00e1si helyzetben el\u0151ny.<\/p>\n\n\n\n<p>A term\u00e9szetes f\u00e9nyhez val\u00f3 viszony is kulcsfontoss\u00e1g\u00fa. A t\u00e1rgyal\u00f3asztal <strong>ne takarja el a f\u0151 f\u00e9nyforr\u00e1st<\/strong>, \u00e9s lehet\u0151s\u00e9g szerint ne legyen k\u00f6zvetlen ellenf\u00e9nyben. Egy rosszul megv\u00e1lasztott poz\u00edci\u00f3 vide\u00f3meetingekn\u00e9l k\u00fcl\u00f6n\u00f6sen probl\u00e9m\u00e1s lehet, mert \u00e1rny\u00e9kos arcokat \u00e9s zavar\u00f3 f\u00e9nyviszonyokat eredm\u00e9nyez.<\/p>\n\n\n\n<p>Nagyobb vezet\u0151i irod\u00e1kban gyakran j\u00f3l m\u0171k\u00f6dik az \u00fagynevezett <strong>z\u00f3n\u00e1zott elrendez\u00e9s<\/strong>, ahol az \u00edr\u00f3asztal, a t\u00e1rgyal\u00f3asztal \u00e9s esetleg egy pihen\u0151- vagy inform\u00e1lis egyeztet\u0151 r\u00e9sz vizu\u00e1lisan is elk\u00fcl\u00f6n\u00fcl. Ezt nem felt\u00e9tlen\u00fcl falakkal kell megoldani: sz\u0151nyeg, vil\u00e1g\u00edt\u00e1s, b\u00fatorir\u00e1ny vagy anyaghaszn\u00e1lat is el\u00e9g lehet ahhoz, hogy a t\u00e9r \u201eolvashat\u00f3v\u00e1\u201d v\u00e1ljon.<\/p>\n\n\n\n<p>A rossz elhelyez\u00e9s tipikus jele, ha a t\u00e1rgyal\u00f3asztal haszn\u00e1latakor a vezet\u0151nek <strong>\u00e1t kell rendeznie a teret<\/strong>, el kell pakolnia, vagy kompromisszumokat kell k\u00f6tnie a mozg\u00e1sban. Egy j\u00f3l pozicion\u00e1lt t\u00e1rgyal\u00f3asztal mindig k\u00e9szen \u00e1ll a haszn\u00e1latra, an\u00e9lk\u00fcl hogy zavarn\u00e1 a napi vezet\u0151i munk\u00e1t.<\/p>\n\n\n\n<p>A k\u00f6vetkez\u0151 r\u00e9szben azt vizsg\u00e1ljuk meg, <strong>milyen t\u00edpus\u00fa t\u00e1rgyal\u00e1si helyzetekre alkalmas egy vezet\u0151i irod\u00e1ban elhelyezett t\u00e1rgyal\u00f3asztal<\/strong>, \u00e9s mikor \u00e9rdemes m\u00e1s megold\u00e1sban gondolkodni.<\/p>\n\n\n\n<h2 class=\"wp-block-heading\"><strong>VI. Milyen t\u00e1rgyal\u00e1si helyzetekhez ide\u00e1lis a vezet\u0151i irod\u00e1ban l\u00e9v\u0151 t\u00e1rgyal\u00f3asztal?<\/strong><\/h2>\n\n\n\n<p>A vezet\u0151i irod\u00e1ban elhelyezett t\u00e1rgyal\u00f3asztal <strong>nem univerz\u00e1lis megold\u00e1s minden helyzetre<\/strong>. Akkor m\u0171k\u00f6dik j\u00f3l, ha pontosan tiszt\u00e1ban vagyunk azzal, milyen t\u00edpus\u00fa egyeztet\u00e9sek zajlanak itt rendszeresen, \u00e9s melyek azok, amelyekhez m\u00e1r m\u00e1s t\u00e9r vagy m\u00e1s b\u00fatoroz\u00e1s lenne indokolt.<\/p>\n\n\n\n<p>Az egyik leggyakoribb \u00e9s legjobban m\u0171k\u00f6d\u0151 szitu\u00e1ci\u00f3 az <strong>1:1 egyeztet\u00e9s<\/strong>. Legyen sz\u00f3 kulcsemberrel folytatott megbesz\u00e9l\u00e9sr\u0151l, vezet\u0151i visszajelz\u00e9sr\u0151l vagy strat\u00e9giai gondolkod\u00e1sr\u00f3l, a vezet\u0151i irod\u00e1ban elhelyezett kisebb t\u00e1rgyal\u00f3asztal ide\u00e1lis keretet ad. Ilyenkor a t\u00e9r intim marad, m\u00e9gis form\u00e1lisabb, mint egy \u00edr\u00f3asztal melletti besz\u00e9lget\u00e9s. A d\u00f6nt\u00e9sek s\u00falya \u00e9rezhet\u0151, de nincs \u201et\u00e1rgyal\u00f3termi nyom\u00e1s\u201d.<\/p>\n\n\n\n<p>Szint\u00e9n j\u00f3l m\u0171k\u00f6dik <strong>bels\u0151 strat\u00e9giai megbesz\u00e9l\u00e9sekhez<\/strong>, ahol 2\u20134 f\u0151 vesz r\u00e9szt. Ezek jellemz\u0151en nem prezent\u00e1ci\u00f3-k\u00f6zpont\u00fa tal\u00e1lkoz\u00f3k, hanem gondolkod\u00f3, tervez\u0151 besz\u00e9lget\u00e9sek. A vezet\u0151i iroda ilyen esetben biztons\u00e1gos, kontroll\u00e1lt k\u00f6rnyezetet ad, ahol az inform\u00e1ci\u00f3k nem \u201esziv\u00e1rognak\u201d, \u00e9s a f\u00f3kusz v\u00e9gig a d\u00f6nt\u00e9sen marad.<\/p>\n\n\n\n<p>Korl\u00e1tozottan alkalmas a vezet\u0151i iroda t\u00e1rgyal\u00f3asztala <strong>k\u00fcls\u0151 partnerrel vagy \u00fcgyf\u00e9llel t\u00f6rt\u00e9n\u0151 egyeztet\u00e9sre<\/strong>. Itt m\u00e1r sokkal nagyobb szerepe van az im\u00e1zsnak, a t\u00e9r reprezentat\u00edv jelleg\u00e9nek \u00e9s annak, hogy a partner mennyire \u00e9rzi mag\u00e1t \u201evend\u00e9gnek\u201d vagy \u201eegyenrang\u00fa f\u00e9lnek\u201d. Egy kisebb, j\u00f3l elhelyezett t\u00e1rgyal\u00f3asztal m\u0171k\u00f6dhet r\u00f6vid, bizalmi megbesz\u00e9l\u00e9sekhez, de hosszabb t\u00e1rgyal\u00e1sokn\u00e1l gyakran k\u00e9nyelmetlenn\u00e9 v\u00e1lik a helyzet.<\/p>\n\n\n\n<p>A vezet\u0151i irod\u00e1ban l\u00e9v\u0151 t\u00e1rgyal\u00f3asztal <strong>nem ide\u00e1lis csoportos, 5\u20136 f\u0151 feletti meetingekhez<\/strong>. Ilyenkor a t\u00e9r gyorsan sz\u0171k\u00f6ss\u00e9 v\u00e1lik, a mozg\u00e1s korl\u00e1tozott, \u00e9s a besz\u00e9lget\u00e9s dinamik\u00e1ja is romlik. Ezekhez a helyzetekhez k\u00fcl\u00f6n t\u00e1rgyal\u00f3terem vagy dedik\u00e1lt egyeztet\u0151 t\u00e9r sz\u00fcks\u00e9ges.<\/p>\n\n\n\n<p>Fontos k\u00fcl\u00f6nbs\u00e9get tenni a <strong>form\u00e1lis \u00e9s inform\u00e1lis t\u00e1rgyal\u00e1sok<\/strong> k\u00f6z\u00f6tt is. Az inform\u00e1lis egyeztet\u00e9sek \u2013 p\u00e9ld\u00e1ul gyors d\u00f6nt\u00e9s-el\u0151k\u00e9sz\u00edt\u0151 besz\u00e9lget\u00e9sek \u2013 sokszor jobban m\u0171k\u00f6dnek egy kisebb t\u00e1rgyal\u00f3asztaln\u00e1l vagy ak\u00e1r egy pihen\u0151 jelleg\u0171 \u00fcl\u0151r\u00e9szen. A form\u00e1lis d\u00f6nt\u00e9sek viszont struktur\u00e1ltabb k\u00f6rnyezetet ig\u00e9nyelnek, ahol a b\u00fatoroz\u00e1s is al\u00e1t\u00e1masztja a helyzet komolys\u00e1g\u00e1t.<\/p>\n\n\n\n<p>Jelz\u00e9s\u00e9rt\u00e9k\u0171 szempont az is, ha egy vezet\u0151 <strong>rendszeresen \u00e1thelyezi a megbesz\u00e9l\u00e9seket<\/strong> m\u00e1s t\u00e9rbe. Ez \u00e1ltal\u00e1ban azt mutatja, hogy a vezet\u0151i iroda t\u00e1rgyal\u00f3funkci\u00f3ja nincs j\u00f3l kialak\u00edtva, vagy nem illeszkedik a val\u00f3s haszn\u00e1lathoz.<\/p>\n\n\n\n<p>\u00d6sszefoglalva: a vezet\u0151i irod\u00e1ban elhelyezett t\u00e1rgyal\u00f3asztal akkor m\u0171k\u00f6dik j\u00f3l, ha <strong>d\u00f6nt\u00e9sk\u00f6zeli, kisebb l\u00e9tsz\u00e1m\u00fa, f\u00f3kusz\u00e1lt egyeztet\u00e9sek<\/strong> zajlanak k\u00f6r\u00fcl\u00f6tte. Minden m\u00e1s esetben \u00e9rdemes k\u00fcl\u00f6n t\u00e9rben gondolkodni \u2013 ezzel nem gyeng\u00edtj\u00fck, hanem \u00e9pp er\u0151s\u00edtj\u00fck a vezet\u0151i iroda szerep\u00e9t.<\/p>\n\n\n\n<h2 class=\"wp-block-heading\"><strong>VII. Mikor v\u00e1lik feleslegess\u00e9 a t\u00e1rgyal\u00f3asztal a vezet\u0151i irod\u00e1ban?<\/strong><\/h2>\n\n\n\n<p>B\u00e1r sok vezet\u0151i iroda kialak\u00edt\u00e1s\u00e1n\u00e1l alap\u00e9rtelmezett elemk\u00e9nt jelenik meg a t\u00e1rgyal\u00f3asztal, val\u00f3j\u00e1ban <strong>nem minden vezet\u0151i munkamodell ig\u00e9nyli<\/strong>. Bizonyos helyzetekben a t\u00e1rgyal\u00f3asztal nem hozz\u00e1adott \u00e9rt\u00e9k, hanem ink\u00e1bb t\u00e9r- \u00e9s funkci\u00f3veszt\u00e9st okoz.<\/p>\n\n\n\n<p>Az egyik leggyakoribb eset, amikor a t\u00e1rgyal\u00f3asztal feleslegess\u00e9 v\u00e1lik, az <strong>er\u0151sen f\u00f3kusz\u00e1lt, egy\u00e9ni vezet\u0151i munkast\u00edlus<\/strong>. Ha a vezet\u0151 napj\u00e1nak nagy r\u00e9sz\u00e9t strat\u00e9giai tervez\u00e9ssel, elemz\u00e9ssel, d\u00f6nt\u00e9s-el\u0151k\u00e9sz\u00edt\u00e9ssel t\u00f6lti, \u00e9s a szem\u00e9lyes egyeztet\u00e9sek ritk\u00e1k, akkor a t\u00e9r els\u0151dleges funkci\u00f3ja az \u00edr\u00f3asztal k\u00f6r\u00e9 szervez\u0151dik. Ilyenkor a t\u00e1rgyal\u00f3asztal csak ritk\u00e1n haszn\u00e1lt \u201em\u00e1sodlagos b\u00fator\u201d marad.<\/p>\n\n\n\n<p>Szint\u00e9n feleslegess\u00e9 v\u00e1lhat a t\u00e1rgyal\u00f3asztal, ha a szervezet <strong>k\u00fcl\u00f6n, dedik\u00e1lt t\u00e1rgyal\u00f3terekkel<\/strong> rendelkezik. Amennyiben minden \u00e9rdemi egyeztet\u00e9s eleve ezekben a terekben zajlik, a vezet\u0151i irod\u00e1ban l\u00e9v\u0151 t\u00e1rgyal\u00f3asztal funkci\u00f3 n\u00e9lk\u00fcl marad, \u00e9s gyakran lerak\u00f3fel\u00fclett\u00e9 alakul \u2013 ami hossz\u00fa t\u00e1von a t\u00e9r rendezetts\u00e9g\u00e9t \u00e9s preszt\u00edzs\u00e9t is rontja.<\/p>\n\n\n\n<p>Gyakori jelens\u00e9g a <strong>hibrid vagy online meetingek t\u00fals\u00falya<\/strong>. Ha a vezet\u0151 megbesz\u00e9l\u00e9seinek jelent\u0151s r\u00e9sze vide\u00f3h\u00edv\u00e1s form\u00e1j\u00e1ban t\u00f6rt\u00e9nik, a t\u00e1rgyal\u00f3asztal szerepe drasztikusan cs\u00f6kken. Ilyenkor sokkal fontosabb a monitorok elhelyez\u00e9se, a kamera poz\u00edci\u00f3ja \u00e9s az akusztikai k\u00f6rnyezet, mint egy t\u00f6bb szem\u00e9lyes \u00fcl\u0151fel\u00fclet biztos\u00edt\u00e1sa.<\/p>\n\n\n\n<p>T\u00e9rhaszn\u00e1lati szempontb\u00f3l is probl\u00e9m\u00e1s lehet a t\u00e1rgyal\u00f3asztal egy <strong>kisebb alapter\u00fclet\u0171 vezet\u0151i irod\u00e1ban<\/strong>. Ha az asztal miatt besz\u0171k\u00fcl a mozg\u00e1st\u00e9r, romlik a t\u00e9r ar\u00e1nya, vagy kompromisszumot kell k\u00f6tni az \u00edr\u00f3asztal m\u00e9ret\u00e9ben, akkor a t\u00e1rgyal\u00f3asztal jelenl\u00e9te m\u00e1r nem indokolt. Ilyen esetben egy kisebb egyeztet\u0151 sarok vagy mobil megold\u00e1s sokkal rugalmasabb v\u00e1laszt\u00e1s.<\/p>\n\n\n\n<p>El\u0151fordul az is, hogy a vezet\u0151i iroda <strong>nem tal\u00e1lkoz\u00e1si t\u00e9rk\u00e9nt<\/strong>, hanem ink\u00e1bb \u201ement\u00e1lis m\u0171helyk\u00e9nt\u201d m\u0171k\u00f6dik. Ezekben az irod\u00e1kban a nyugalom, az elvonul\u00e1s \u00e9s a koncentr\u00e1ci\u00f3 a legfontosabb. A t\u00e1rgyal\u00f3asztal ilyen k\u00f6rnyezetben idegen elem, amely folyamatosan a megszak\u00edt\u00e1s lehet\u0151s\u00e9g\u00e9t sugallja.<\/p>\n\n\n\n<p>Fontos felismerni, hogy a t\u00e1rgyal\u00f3asztal hi\u00e1nya <strong>nem a vezet\u0151i st\u00e1tusz gyeng\u00fcl\u00e9s\u00e9t jelenti<\/strong>. \u00c9pp ellenkez\u0151leg: azt mutatja, hogy a t\u00e9r pontosan a vezet\u0151 val\u00f3s munkam\u00f3dszer\u00e9hez lett igaz\u00edtva, nem pedig egy sablon alapj\u00e1n berendezve.<\/p>\n\n\n\n<p>\u00d6sszess\u00e9g\u00e9ben akkor v\u00e1lik feleslegess\u00e9 a t\u00e1rgyal\u00f3asztal a vezet\u0151i irod\u00e1ban, ha:<\/p>\n\n\n\n<ul class=\"wp-block-list\">\n<li>az egyeztet\u00e9sek ritk\u00e1k vagy m\u00e1s t\u00e9rben zajlanak,<\/li>\n\n\n\n<li>a munka jellege egy\u00e9ni f\u00f3kuszt ig\u00e9nyel,<\/li>\n\n\n\n<li>a t\u00e9rm\u00e9ret kompromisszumokra k\u00e9nyszer\u00edtene,<\/li>\n\n\n\n<li>vagy a meetingek d\u00f6nt\u0151en online form\u00e1ban t\u00f6rt\u00e9nnek.<\/li>\n<\/ul>\n\n\n\n<p>Ilyenkor a vezet\u0151i iroda <strong>tiszt\u00e1bb, hat\u00e9konyabb \u00e9s funkcion\u00e1lisan \u0151szint\u00e9bb<\/strong> lesz t\u00e1rgyal\u00f3asztal n\u00e9lk\u00fcl.<\/p>\n\n\n\n<h2 class=\"wp-block-heading\"><strong>Z\u00e1r\u00f3 r\u00e9sz \u2013 Mikor indokolt t\u00e1rgyal\u00f3asztal a vezet\u0151i irod\u00e1ban?<\/strong><\/h2>\n\n\n\n<p>A vezet\u0151i irod\u00e1ban elhelyezett t\u00e1rgyal\u00f3asztal nem st\u00e1tuszszimb\u00f3lum, hanem <strong>m\u0171k\u00f6d\u00e9si d\u00f6nt\u00e9s<\/strong>. Akkor v\u00e1lik val\u00f3di \u00e9rt\u00e9kk\u00e9, ha t\u00e9nylegesen t\u00e1mogatja a vezet\u0151 mindennapi munk\u00e1j\u00e1t: az egyeztet\u00e9seket, a d\u00f6nt\u00e9sel\u0151k\u00e9sz\u00edt\u00e9st \u00e9s a strat\u00e9giai gondolkod\u00e1st.<\/p>\n\n\n\n<p>Azokban a helyzetekben, ahol a vezet\u0151 rendszeresen tart <strong>1:1 megbesz\u00e9l\u00e9seket<\/strong>, bels\u0151 egyeztet\u00e9seket vagy k\u00fcls\u0151 partnerekkel tal\u00e1lkozik, egy k\u00fcl\u00f6n t\u00e1rgyal\u00f3fel\u00fclet cs\u00f6kkenti a ment\u00e1lis terhel\u00e9st, vil\u00e1gosabb szerephat\u00e1rokat teremt, \u00e9s hat\u00e9konyabb\u00e1 teszi a kommunik\u00e1ci\u00f3t. Ilyenkor az \u00edr\u00f3asztal \u00e9s a t\u00e1rgyal\u00f3asztal <strong>k\u00fcl\u00f6n funkci\u00f3t t\u00f6lt be<\/strong>, m\u00e9g akkor is, ha ugyanabban a t\u00e9rben helyezkednek el.<\/p>\n\n\n\n<p>Ugyanakkor nem minden vezet\u0151i irod\u00e1ban indokolt t\u00e1rgyal\u00f3asztalt elhelyezni. Ha a vezet\u0151 munk\u00e1ja d\u00f6nt\u0151en f\u00f3kusz\u00e1lt, egy\u00e9ni feladatokra \u00e9p\u00fcl, vagy a megbesz\u00e9l\u00e9sek jellemz\u0151en k\u00fcl\u00f6n t\u00e1rgyal\u00f3ban zajlanak, a t\u00falzs\u00fafolt t\u00e9r ink\u00e1bb h\u00e1tr\u00e1nyt jelent. Ilyenkor az \u00edr\u00f3asztal k\u00f6r\u00e9 szervezett, letisztult elrendez\u00e9s t\u00e1mogatja jobban a hat\u00e9kony munkav\u00e9gz\u00e9st.<\/p>\n\n\n\n<p>A kulcs teh\u00e1t nem az, hogy <em>\u201ekell-e t\u00e1rgyal\u00f3asztal\u201d<\/em>, hanem az, hogy <strong>hogyan dolgozik a vezet\u0151<\/strong>, \u00e9s milyen t\u00edpus\u00fa tal\u00e1lkoz\u00e1sok t\u00f6rt\u00e9nnek a t\u00e9rben. Ha a b\u00fatoroz\u00e1s ezt a m\u0171k\u00f6d\u00e9st k\u00f6veti, a vezet\u0151i iroda nemcsak reprezentat\u00edv lesz, hanem hossz\u00fa t\u00e1von is j\u00f3l haszn\u00e1lhat\u00f3, rugalmas \u00e9s d\u00f6nt\u00e9st\u00e1mogat\u00f3 k\u00f6rnyezett\u00e9 v\u00e1lik.<\/p>\n\n\n\n<p>A vezet\u0151i t\u00e1rgyal\u00f3asztal \u00e9s a hozz\u00e1 kapcsol\u00f3d\u00f3 t\u00e1rgyal\u00f3terek szerepe<br>szorosan \u00f6sszef\u00fcgg a teljes vezet\u0151i irodab\u00fator rendszer kialak\u00edt\u00e1s\u00e1val.<\/p>\n\n\n\n<p>A d\u00f6nt\u00e9si helyzetek, t\u00e9rhaszn\u00e1lati logik\u00e1k \u00e9s reprezent\u00e1ci\u00f3s szempontok<br>\u00f6sszef\u00fcgg\u00e9seit r\u00e9szletesen ebben az \u00e1tfog\u00f3 cikkben bontjuk ki:<br>\u201e<a href=\"https:\/\/www.bathori.hu\/blog\/vezetoi-targyaloasztalok-es-targyaloterek\/\" data-type=\"link\" data-id=\"https:\/\/www.bathori.hu\/blog\/vezetoi-targyaloasztalok-es-targyaloterek\/\">Vezet\u0151i t\u00e1rgyal\u00f3asztalok \u00e9s t\u00e1rgyal\u00f3terek \u2013 d\u00f6nt\u00e9si helyzetek, t\u00e9rhaszn\u00e1lat \u00e9s reprezent\u00e1ci\u00f3 a vezet\u0151i irod\u00e1ban<\/a>\u201d.<\/p>\n\n\n\n<p><\/p>\n","protected":false},"excerpt":{"rendered":"<p>A vezet\u0151i irod\u00e1k tervez\u00e9sekor sokszor automatikusan felmer\u00fcl a k\u00e9rd\u00e9s: Mikor van sz\u00fcks\u00e9g t\u00e1rgyal\u00f3asztalra a vezet\u0151i irod\u00e1ban? Kell-e t\u00e1rgyal\u00f3asztal a vezet\u0151i irod\u00e1ba, vagy sem? Sokan \u00f6szt\u00f6n\u00f6sen \u00fagy gondolj\u00e1k, hogy egy vezet\u0151i t\u00e9r \u201enem teljes\u201d t\u00e1rgyal\u00f3asztal n\u00e9lk\u00fcl. M\u00e1sok viszont \u00e9ppen ellenkez\u0151leg: felesleges helyfoglal\u00e1snak, t\u00falzott formalit\u00e1snak vagy rosszul haszn\u00e1lt n\u00e9gyzetm\u00e9ternek \u00e9rzik. A val\u00f3s\u00e1g azonban enn\u00e9l \u00e1rnyaltabb. A t\u00e1rgyal\u00f3asztal &#8230; <a title=\"Mikor van sz\u00fcks\u00e9g t\u00e1rgyal\u00f3asztalra a vezet\u0151i irod\u00e1ban?\" class=\"read-more\" href=\"https:\/\/www.bathori.hu\/blog\/targyaloasztal-vezetoi-irodaban\/\" aria-label=\"Read more about Mikor van sz\u00fcks\u00e9g t\u00e1rgyal\u00f3asztalra a vezet\u0151i irod\u00e1ban?\">Olvass tov\u00e1bb<\/a><\/p>\n","protected":false},"author":1,"featured_media":1353,"comment_status":"closed","ping_status":"closed","sticky":false,"template":"","format":"standard","meta":{"footnotes":""},"categories":[26],"tags":[],"class_list":["post-1350","post","type-post","status-publish","format-standard","has-post-thumbnail","hentry","category-vezetoi-targyaloasztal"],"_links":{"self":[{"href":"https:\/\/www.bathori.hu\/blog\/wp-json\/wp\/v2\/posts\/1350","targetHints":{"allow":["GET"]}}],"collection":[{"href":"https:\/\/www.bathori.hu\/blog\/wp-json\/wp\/v2\/posts"}],"about":[{"href":"https:\/\/www.bathori.hu\/blog\/wp-json\/wp\/v2\/types\/post"}],"author":[{"embeddable":true,"href":"https:\/\/www.bathori.hu\/blog\/wp-json\/wp\/v2\/users\/1"}],"replies":[{"embeddable":true,"href":"https:\/\/www.bathori.hu\/blog\/wp-json\/wp\/v2\/comments?post=1350"}],"version-history":[{"count":3,"href":"https:\/\/www.bathori.hu\/blog\/wp-json\/wp\/v2\/posts\/1350\/revisions"}],"predecessor-version":[{"id":1355,"href":"https:\/\/www.bathori.hu\/blog\/wp-json\/wp\/v2\/posts\/1350\/revisions\/1355"}],"wp:featuredmedia":[{"embeddable":true,"href":"https:\/\/www.bathori.hu\/blog\/wp-json\/wp\/v2\/media\/1353"}],"wp:attachment":[{"href":"https:\/\/www.bathori.hu\/blog\/wp-json\/wp\/v2\/media?parent=1350"}],"wp:term":[{"taxonomy":"category","embeddable":true,"href":"https:\/\/www.bathori.hu\/blog\/wp-json\/wp\/v2\/categories?post=1350"},{"taxonomy":"post_tag","embeddable":true,"href":"https:\/\/www.bathori.hu\/blog\/wp-json\/wp\/v2\/tags?post=1350"}],"curies":[{"name":"wp","href":"https:\/\/api.w.org\/{rel}","templated":true}]}}