{"id":1189,"date":"2026-01-22T08:00:00","date_gmt":"2026-01-22T06:00:00","guid":{"rendered":"https:\/\/www.bathori.hu\/blog\/?p=1189"},"modified":"2026-01-22T09:35:27","modified_gmt":"2026-01-22T07:35:27","slug":"modularis-vezetoi-iroasztal","status":"publish","type":"post","link":"https:\/\/www.bathori.hu\/blog\/modularis-vezetoi-iroasztal\/","title":{"rendered":"Modul\u00e1ris vezet\u0151i \u00edr\u00f3asztalok el\u0151nyei \u00e9s korl\u00e1tai \u2013 mikor j\u00f3 d\u00f6nt\u00e9s, \u00e9s mikor nem?"},"content":{"rendered":"\n<p><strong>A modul\u00e1ris vezet\u0151i \u00edr\u00f3asztal<\/strong> els\u0151re rugalmas, j\u00f6v\u0151biztos megold\u00e1snak t\u0171nik \u2013 hiszen b\u0151v\u00edthet\u0151, \u00e1talak\u00edthat\u00f3, \u00e9s l\u00e1tsz\u00f3lag egy\u00fctt v\u00e1ltozik a vezet\u0151i ig\u00e9nyekkel. Nem v\u00e9letlen, hogy egyre t\u00f6bben keresik ezt a t\u00edpust akkor, amikor az iroda szerepe \u00e1talakul, a technol\u00f3gia gyorsan fejl\u0151dik, \u00e9s a vezet\u0151i munkam\u00f3dszer sem \u00e1lland\u00f3.<\/p>\n\n\n\n<p>A k\u00e9rd\u00e9s azonban nem az, hogy a modularit\u00e1s \u201ej\u00f3 vagy rossz\u201d, hanem az, <strong>hogy vezet\u0151i k\u00f6rnyezetben mikor v\u00e1lik val\u00f3di el\u0151nny\u00e9, \u00e9s mikor kezd kompromisszumokat k\u00e9nyszer\u00edteni<\/strong>. Egy vezet\u0151i \u00edr\u00f3asztal nem csup\u00e1n munkafel\u00fclet: st\u00e1tuszt, d\u00f6nt\u00e9si s\u00falyt \u00e9s k\u00f6vetkezetess\u00e9get k\u00f6zvet\u00edt \u2013 ezek pedig k\u00f6nnyen s\u00e9r\u00fclhetnek, ha a modularit\u00e1s nincs tudatosan megtervezve.<\/p>\n\n\n\n<p>Ebben a cikkben azt vizsg\u00e1ljuk meg, <strong>milyen el\u0151ny\u00f6ket adhat egy modul\u00e1ris vezet\u0151i \u00edr\u00f3asztal<\/strong>, hol vannak a rejtett korl\u00e1tai, \u00e9s mikor \u00e9rdemes ink\u00e1bb egy el\u0151re \u00e1tgondolt, hossz\u00fa t\u00e1vra tervezett megold\u00e1sban gondolkodni. A c\u00e9l nem a trendek k\u00f6vet\u00e9se, hanem egy olyan d\u00f6nt\u00e9s, amely <strong>5\u201310 \u00e9v m\u00falva is v\u00e1llalhat\u00f3 marad vezet\u0151i szinten<\/strong>.<\/p>\n\n\n\n<h3 class=\"wp-block-heading\"><strong>1. Mit jelent val\u00f3j\u00e1ban a modul\u00e1ris vezet\u0151i \u00edr\u00f3asztal?<\/strong><\/h3>\n\n\n\n<p>A <strong>modul\u00e1ris vezet\u0151i \u00edr\u00f3asztal<\/strong> nem egy konkr\u00e9t form\u00e1t vagy st\u00edlust jelent, hanem egy <strong>tervez\u00e9si elvet<\/strong>. L\u00e9nyege, hogy az asztal t\u00f6bb, egym\u00e1ssal kombin\u00e1lhat\u00f3 elemb\u0151l \u00e1ll, amelyek id\u0151vel \u00e1trendezhet\u0151k, b\u0151v\u00edthet\u0151k vagy r\u00e9szben cser\u00e9lhet\u0151k \u2013 an\u00e9lk\u00fcl, hogy az eg\u00e9sz b\u00fatort le kellene v\u00e1ltani.<\/p>\n\n\n\n<p>Tipikus modul\u00e1ris elemek lehetnek:<\/p>\n\n\n\n<ul class=\"wp-block-list\">\n<li>k\u00fcl\u00f6n\u00e1ll\u00f3 vagy csatlakoztathat\u00f3 asztalsz\u00e1rnyak,<\/li>\n\n\n\n<li>oldalszekr\u00e9nyek, kont\u00e9nerek,<\/li>\n\n\n\n<li>technikai modulok (k\u00e1belcsatorna, rejtett dugalj, monitor\u00e1llv\u00e1ny),<\/li>\n\n\n\n<li>t\u00e1rgyal\u00f3- vagy kieg\u00e9sz\u00edt\u0151 fel\u00fcletek.<\/li>\n<\/ul>\n\n\n\n<p>Fontos k\u00fcl\u00f6nbs\u00e9g azonban, hogy <strong>nem minden \u201eb\u0151v\u00edthet\u0151\u201d asztal val\u00f3ban modul\u00e1ris vezet\u0151i szinten<\/strong>. Sok rendszer val\u00f3j\u00e1ban csak ut\u00f3lagos told\u00e1sokb\u00f3l \u00e1ll, amelyek:<\/p>\n\n\n\n<ul class=\"wp-block-list\">\n<li>megbontj\u00e1k az ar\u00e1nyokat,<\/li>\n\n\n\n<li>kompromisszumot hoznak a stabilit\u00e1sban,<\/li>\n\n\n\n<li>vagy vizu\u00e1lisan \u201e\u00f6sszerakottnak\u201d hatnak.<\/li>\n<\/ul>\n\n\n\n<p>Vezet\u0151i k\u00f6rnyezetben a modularit\u00e1s akkor m\u0171k\u00f6dik j\u00f3l, ha:<\/p>\n\n\n\n<ul class=\"wp-block-list\">\n<li>az elemek <strong>eredetileg is egy rendszer r\u00e9szek\u00e9nt<\/strong> lettek tervezve,<\/li>\n\n\n\n<li>az illeszt\u00e9sek rejtettek \u00e9s prec\u00edzek,<\/li>\n\n\n\n<li>az asztal <strong>b\u0151v\u00edt\u00e9s ut\u00e1n is egys\u00e9ges b\u00fatornak<\/strong> hat, nem pedig kieg\u00e9sz\u00edtett munkapadnak.<\/li>\n<\/ul>\n\n\n\n<p>Ez\u00e9rt az els\u0151 k\u00e9rd\u00e9s nem az, hogy \u201emodul\u00e1ris-e az asztal\u201d, hanem az, hogy <strong>a modularit\u00e1s a tervez\u00e9s r\u00e9sze volt-e, vagy csak k\u00e9s\u0151bbi k\u00e9nyszermegold\u00e1s<\/strong>.<\/p>\n\n\n\n<h3 class=\"wp-block-heading\"><strong>2. Mikor jelent val\u00f3di el\u0151nyt a modularit\u00e1s egy vezet\u0151i irod\u00e1ban?<\/strong><\/h3>\n\n\n\n<p>A modul\u00e1ris vezet\u0151i \u00edr\u00f3asztal akkor v\u00e1lik <strong>val\u00f3di el\u0151nny\u00e9<\/strong>, ha a vezet\u0151i szerep \u00e9s a munkak\u00f6rnyezet <strong>nem statikus<\/strong>, hanem id\u0151vel v\u00e1ltozik. Nem minden vezet\u0151nek van sz\u00fcks\u00e9ge r\u00e1, de bizonyos helyzetekben kifejezetten strat\u00e9giai d\u00f6nt\u00e9s lehet.<\/p>\n\n\n\n<p>Kifejezetten el\u0151ny\u00f6s modularit\u00e1s eset\u00e9n:<\/p>\n\n\n\n<ul class=\"wp-block-list\">\n<li><strong>N\u00f6vekv\u0151 szervezetn\u00e9l<\/strong> Amikor a vezet\u0151 feladatai b\u0151v\u00fclnek (t\u00f6bb egyeztet\u00e9s, t\u00f6bb technika, t\u00f6bb dokumentum), az asztal m\u00e9rete \u00e9s funkci\u00f3i is egy\u00fctt tudnak n\u0151ni a szereppel.<\/li>\n\n\n\n<li><strong>\u00c1talakul\u00f3 munkast\u00edlusn\u00e1l<\/strong> Ha a f\u00f3kusz id\u0151vel eltol\u00f3dik az operat\u00edv munk\u00e1r\u00f3l a t\u00e1rgyal\u00e1sok \u00e9s d\u00f6nt\u00e9shozatal ir\u00e1ny\u00e1ba, egy b\u0151v\u00edthet\u0151 vagy \u00e1trendezhet\u0151 asztal seg\u00edt lek\u00f6vetni ezt a v\u00e1lt\u00e1st.<\/li>\n\n\n\n<li><strong>T\u00e9rben korl\u00e1tozott irod\u00e1kn\u00e1l<\/strong> Olyan vezet\u0151i irod\u00e1kban, ahol az indul\u00f3 elrendez\u00e9s ideiglenes, a modul\u00e1ris rendszer lehet\u0151v\u00e9 teszi, hogy a b\u00fator k\u00e9s\u0151bb alkalmazkodjon az \u00faj t\u00e9rhez \u2013 ne ford\u00edtva.<\/li>\n\n\n\n<li><strong>Technol\u00f3gia-intenz\u00edv k\u00f6rnyezetben<\/strong> Ha a technikai ig\u00e9nyek (monitorok sz\u00e1ma, rejtett dugaljak, k\u00e1belkezel\u00e9s) folyamatosan v\u00e1ltoznak, a modul\u00e1ris rendszer hosszabb ideig marad korszer\u0171.<\/li>\n<\/ul>\n\n\n\n<p>Viszont fontos hangs\u00falyozni:<\/p>\n\n\n\n<p>a modularit\u00e1s <strong>nem gyorsabb, nem olcs\u00f3bb \u00e9s nem automatikusan jobb<\/strong> megold\u00e1s.<\/p>\n\n\n\n<p>Akkor m\u0171k\u00f6dik j\u00f3l, ha:<\/p>\n\n\n\n<ul class=\"wp-block-list\">\n<li>el\u0151re \u00e1tgondolt rendszer,<\/li>\n\n\n\n<li>nem bontja meg a vezet\u0151i ar\u00e1nyokat,<\/li>\n\n\n\n<li>\u00e9s nem k\u00e9nyszer\u00edti a vezet\u0151t arra, hogy \u201ealkalmazkodjon a b\u00fatorhoz\u201d.<\/li>\n<\/ul>\n\n\n\n<p>Ha ezek nem teljes\u00fclnek, a modul\u00e1ris \u00edr\u00f3asztal ink\u00e1bb kompromisszum lesz, nem el\u0151ny.<\/p>\n\n\n\n<h3 class=\"wp-block-heading\"><strong>3. A modularit\u00e1s korl\u00e1tai \u2013 amikor t\u00f6bb k\u00e1rt okoz, mint hasznot<\/strong><\/h3>\n\n\n\n<p>B\u00e1r a modul\u00e1ris vezet\u0151i \u00edr\u00f3asztalok sok helyzetben rugalmas megold\u00e1st k\u00edn\u00e1lnak, vannak <strong>egy\u00e9rtelm\u0171 korl\u00e1tai<\/strong>, amelyeket vezet\u0151i szinten nem lehet figyelmen k\u00edv\u00fcl hagyni. Ezek nem technikai hib\u00e1k, hanem <strong>koncepcion\u00e1lis kock\u00e1zatok<\/strong>.<\/p>\n\n\n\n<p>Tipikus probl\u00e9m\u00e1k, amelyekkel sz\u00e1molni kell:<\/p>\n\n\n\n<ul class=\"wp-block-list\">\n<li><strong>Vizualis sz\u00e9tt\u00f6redezetts\u00e9g<\/strong> Ha az elemek t\u00fal sok illeszt\u00e9si ponttal, told\u00e1ssal \u00e9s b\u0151v\u00edtm\u00e9nnyel jelennek meg, az \u00edr\u00f3asztal elvesz\u00edtheti az egys\u00e9ges, stabil vezet\u0151i karakter\u00e9t. Ez k\u00fcl\u00f6n\u00f6sen probl\u00e9m\u00e1s reprezentat\u00edv irod\u00e1ban.<\/li>\n\n\n\n<li><strong>Kompromisszumos ar\u00e1nyok<\/strong> Modul\u00e1ris rendszerekn\u00e9l gyakori, hogy az egyes elemek k\u00fcl\u00f6n-k\u00fcl\u00f6n j\u00f3l m\u0171k\u00f6dnek, egy\u00fctt viszont ar\u00e1nytalann\u00e1 v\u00e1lnak: t\u00fal hossz\u00fa asztallap, t\u00fal keskeny l\u00e1bt\u00e9r, vagy vizu\u00e1lisan \u201esz\u00e9tes\u0151\u201d forma.<\/li>\n\n\n\n<li><strong>Szerkezeti kompromisszumok<\/strong> Min\u00e9l t\u00f6bb csatlakoz\u00e1si pont van, ann\u00e1l nagyobb a terhel\u00e9s a k\u00f6t\u00e9seken. Nagym\u00e9ret\u0171 vezet\u0151i \u00edr\u00f3asztalokn\u00e1l ez hossz\u00fa t\u00e1von:\n<ul class=\"wp-block-list\">\n<li>mikromozg\u00e1sokat,<\/li>\n\n\n\n<li>illeszt\u00e9si h\u00e9zagokat,<\/li>\n\n\n\n<li>stabilit\u00e1s\u00e9rzet-cs\u00f6kken\u00e9st okozhat.<\/li>\n<\/ul>\n<\/li>\n\n\n\n<li><strong>D\u00f6nt\u00e9si bizonytalans\u00e1g<\/strong> Paradox m\u00f3don a t\u00fal nagy szabads\u00e1g sok vezet\u0151n\u00e9l halogat\u00e1shoz vezet: \u201eMost \u00edgy j\u00f3, majd k\u00e9s\u0151bb \u00e1talak\u00edtjuk\u201d \u2013 ami v\u00e9g\u00fcl sosem t\u00f6rt\u00e9nik meg, \u00e9s a t\u00e9r f\u00e9lk\u00e9sz marad.<\/li>\n\n\n\n<li><strong>Im\u00e1zs-kock\u00e1zat<\/strong> Egy modul\u00e1ris asztal k\u00f6nnyen kelthet ideigleness\u00e9g\u00e9rzetet, ha nincs megfelel\u0151en megtervezve. Ez tudat alatt azt \u00fczenheti: <em>\u201eez m\u00e9g nincs v\u00e9glegesen eld\u00f6ntve\u201d<\/em> \u2013 ami vezet\u0151i t\u00e9rben ritk\u00e1n k\u00edv\u00e1natos.<\/li>\n<\/ul>\n\n\n\n<p>\u00d6sszefoglalva:<\/p>\n\n\n\n<p>a modularit\u00e1s <strong>nem \u00f6nmag\u00e1ban j\u00f3 vagy rossz<\/strong>, hanem att\u00f3l f\u00fcgg, hogy a vezet\u0151i szerep stabilit\u00e1s\u00e1t vagy bizonytalans\u00e1g\u00e1t er\u0151s\u00edti-e.<\/p>\n\n\n\n<p>Ha a modularit\u00e1s:<\/p>\n\n\n\n<ul class=\"wp-block-list\">\n<li>struktur\u00e1lt,<\/li>\n\n\n\n<li>el\u0151re tervezett,<\/li>\n\n\n\n<li>\u00e9s vizu\u00e1lisan egys\u00e9ges,<\/li>\n<\/ul>\n\n\n\n<p>akkor eszk\u00f6z lehet.<\/p>\n\n\n\n<p>Ha viszont ad hoc \u00e9s t\u00falzottan nyitott, akkor ink\u00e1bb kock\u00e1zat.<\/p>\n\n\n\n<h3 class=\"wp-block-heading\"><strong>4. Mikor j\u00f3 d\u00f6nt\u00e9s a modul\u00e1ris vezet\u0151i \u00edr\u00f3asztal? \u2013 tipikus ide\u00e1lis forgat\u00f3k\u00f6nyvek<\/strong><\/h3>\n\n\n\n<p>A modul\u00e1ris vezet\u0151i \u00edr\u00f3asztal <strong>nem alap\u00e9rtelmezett v\u00e1laszt\u00e1s<\/strong>, hanem <strong>helyzetf\u00fcgg\u0151 strat\u00e9giai d\u00f6nt\u00e9s<\/strong>. Bizonyos \u00e9letciklusokban \u00e9s m\u0171k\u00f6d\u00e9si helyzetekben kifejezetten er\u0151s megold\u00e1s tud lenni \u2013 m\u00e1shol viszont felesleges kompromisszum.<\/p>\n\n\n\n<p>Az al\u00e1bbi esetekben <strong>kifejezetten indokolt<\/strong> a modularit\u00e1s:<\/p>\n\n\n\n<p><strong>1. N\u00f6veked\u00e9si vagy \u00e1talakul\u00e1si f\u00e1zisban l\u00e9v\u0151 c\u00e9gn\u00e9l<\/strong><\/p>\n\n\n\n<p>Ha a vezet\u0151i szerep, a csapatl\u00e9tsz\u00e1m vagy a d\u00f6nt\u00e9si folyamatok \u00e9pp v\u00e1ltoznak, a modul\u00e1ris rendszer:<\/p>\n\n\n\n<ul class=\"wp-block-list\">\n<li>lehet\u0151v\u00e9 teszi az \u00e1trendez\u00e9st,<\/li>\n\n\n\n<li>k\u00e9s\u0151bbi b\u0151v\u00edt\u00e9st,<\/li>\n\n\n\n<li>funkci\u00f3k fokozatos hozz\u00e1ad\u00e1s\u00e1t (an\u00e9lk\u00fcl, hogy teljesen \u00faj \u00edr\u00f3asztalt kellene cser\u00e9lni).<\/li>\n<\/ul>\n\n\n\n<p><strong>2. T\u00f6bbfunkci\u00f3s vezet\u0151i irod\u00e1ban<\/strong><\/p>\n\n\n\n<p>Olyan terekben, ahol:<\/p>\n\n\n\n<ul class=\"wp-block-list\">\n<li>munka,<\/li>\n\n\n\n<li>t\u00e1rgyal\u00e1s,<\/li>\n\n\n\n<li>prezent\u00e1ci\u00f3,<\/li>\n\n\n\n<li>vide\u00f3meeting is zajlik ugyanazon az asztalon, a modul\u00e1ris elemek seg\u00edthetnek a funkci\u00f3k <strong>fizikai elk\u00fcl\u00f6n\u00edt\u00e9s\u00e9ben<\/strong>.<\/li>\n<\/ul>\n\n\n\n<p><strong>3. Egyedi gy\u00e1rt\u00e1sn\u00e1l, el\u0151re defini\u00e1lt modularit\u00e1ssal<\/strong><\/p>\n\n\n\n<p>Fontos k\u00fcl\u00f6nbs\u00e9g:<\/p>\n\n\n\n<p>nem ut\u00f3lag \u201e\u00f6sszeleg\u00f3zott\u201d, hanem <strong>eleve modularit\u00e1sra tervezett<\/strong> vezet\u0151i \u00edr\u00f3asztalr\u00f3l van sz\u00f3.<\/p>\n\n\n\n<p>Ebben az esetben:<\/p>\n\n\n\n<ul class=\"wp-block-list\">\n<li>az ar\u00e1nyok kontroll\u00e1ltak,<\/li>\n\n\n\n<li>a szerkezet stabil,<\/li>\n\n\n\n<li>a vizu\u00e1lis egys\u00e9g megmarad.<\/li>\n<\/ul>\n\n\n\n<p><strong>4. Ideiglenes vagy projektirodai vezet\u0151i poz\u00edci\u00f3kn\u00e1l<\/strong><\/p>\n\n\n\n<p>Ha a vezet\u0151:<\/p>\n\n\n\n<ul class=\"wp-block-list\">\n<li>\u00e1tmeneti poz\u00edci\u00f3ban van,<\/li>\n\n\n\n<li>projektalapon dolgozik,<\/li>\n\n\n\n<li>vagy v\u00e1rhat\u00f3 az iroda \u00e1tk\u00f6lt\u00f6ztet\u00e9se, akkor a modul\u00e1ris rendszer cs\u00f6kkenti a k\u00e9s\u0151bbi vesztes\u00e9get.<\/li>\n<\/ul>\n\n\n\n<p><strong>5. Tudatos vezet\u0151i d\u00f6nt\u00e9sk\u00e9nt \u2013 nem k\u00e9nyszerb\u0151l<\/strong><\/p>\n\n\n\n<p>A legfontosabb:<\/p>\n\n\n\n<p>a modul\u00e1ris \u00edr\u00f3asztal <strong>akkor m\u0171k\u00f6dik j\u00f3l<\/strong>, ha a vezet\u0151 pontosan tudja:<\/p>\n\n\n\n<ul class=\"wp-block-list\">\n<li>mi\u00e9rt v\u00e1lasztja,<\/li>\n\n\n\n<li>meddig lesz \u00edgy,<\/li>\n\n\n\n<li>\u00e9s mi a v\u00e9gc\u00e9l.<\/li>\n<\/ul>\n\n\n\n<p>Ha a modularit\u00e1s c\u00e9lhoz k\u00f6t\u00f6tt, akkor \u00e9rt\u00e9ket teremt.<\/p>\n\n\n\n<p>Ha csak \u201ebiztons\u00e1gi j\u00e1t\u00e9k\u201d, akkor ink\u00e1bb gyeng\u00edti a t\u00e9r erej\u00e9t.<\/p>\n\n\n\n<p><strong>Kulcsgondolat:<\/strong><\/p>\n\n\n\n<p>A j\u00f3 modul\u00e1ris vezet\u0151i \u00edr\u00f3asztal nem kompromisszum, hanem <strong>el\u0151re megtervezett rugalmass\u00e1g<\/strong>.<\/p>\n\n\n\n<h3 class=\"wp-block-heading\"><strong>5. Mikor v\u00e1lik a modul\u00e1ris vezet\u0151i \u00edr\u00f3asztal h\u00e1tr\u00e1nny\u00e1?<\/strong><\/h3>\n\n\n\n<p>A modul\u00e1ris megold\u00e1sok legnagyobb kock\u00e1zata nem technikai, hanem <strong>vezet\u0151i \u00e9s t\u00e9rhaszn\u00e1lati<\/strong> probl\u00e9ma. Akkor v\u00e1lnak h\u00e1tr\u00e1nny\u00e1, amikor a rugalmass\u00e1g <strong>fel\u00fcl\u00edrja a stabilit\u00e1st \u00e9s a d\u00f6nt\u00e9si t\u00e9r erej\u00e9t<\/strong>.<\/p>\n\n\n\n<p>Az al\u00e1bbi helyzetekben a modul\u00e1ris vezet\u0151i \u00edr\u00f3asztal <strong>ink\u00e1bb gyeng\u00edti<\/strong>, mint er\u0151s\u00edti a teret:<\/p>\n\n\n\n<p><strong>1. Amikor a vezet\u0151i szerep m\u00e1r kiforrott<\/strong><\/p>\n\n\n\n<p>Ha a vezet\u0151:<\/p>\n\n\n\n<ul class=\"wp-block-list\">\n<li>stabil poz\u00edci\u00f3ban van,<\/li>\n\n\n\n<li>hossz\u00fa t\u00e1vra rendezkedik be,<\/li>\n\n\n\n<li>az irod\u00e1ja d\u00f6nt\u00e9si \u00e9s reprezent\u00e1ci\u00f3s k\u00f6zpont, akkor a modularit\u00e1s felesleges bizonytalans\u00e1got visz a t\u00e9rbe.<\/li>\n<\/ul>\n\n\n\n<p>Ilyenkor egy <strong>egyben gondolkodott, fix ar\u00e1ny\u00fa vezet\u0151i \u00edr\u00f3asztal<\/strong> sokkal er\u0151sebb \u00fczenetet hordoz.<\/p>\n\n\n\n<p><strong>2. Ha a modulok ar\u00e1nytalanok vagy ut\u00f3lagosak<\/strong><\/p>\n\n\n\n<p>Tipikus hiba, amikor:<\/p>\n\n\n\n<ul class=\"wp-block-list\">\n<li>k\u00fcl\u00f6nb\u00f6z\u0151 m\u00e9ret\u0171 elemek ker\u00fclnek egym\u00e1s mell\u00e9,<\/li>\n\n\n\n<li>a b\u0151v\u00edt\u00e9s \u201er\u00e1\u00e9p\u00edt\u00e9snek\u201d hat,<\/li>\n\n\n\n<li>az asztal elvesz\u00edti vizu\u00e1lis s\u00falypontj\u00e1t.<\/li>\n<\/ul>\n\n\n\n<p>Ez nemcsak eszt\u00e9tikai k\u00e9rd\u00e9s:<\/p>\n\n\n\n<p>az ar\u00e1nytalans\u00e1g <strong>rontja a f\u00f3kuszt \u00e9s a t\u00e9r\u00e9rzetet<\/strong> is.<\/p>\n\n\n\n<p><strong>3. Amikor a stabilit\u00e1s \u00e9rzete cs\u00f6kken<\/strong><\/p>\n\n\n\n<p>M\u00e9g ha m\u0171szakilag stabil is az asztal, a t\u00fal sok illeszt\u00e9s:<\/p>\n\n\n\n<ul class=\"wp-block-list\">\n<li>finom rezonanci\u00e1t,<\/li>\n\n\n\n<li>mozg\u00e1s\u00e9rzetet,<\/li>\n\n\n\n<li>vizu\u00e1lis \u201esz\u00e9tt\u00f6redezetts\u00e9get\u201d eredm\u00e9nyezhet.<\/li>\n<\/ul>\n\n\n\n<p>Egy vezet\u0151i \u00edr\u00f3asztaln\u00e1l m\u00e1r <strong>\u00e9rzet szintj\u00e9n is<\/strong> sz\u00e1m\u00edt a masszivit\u00e1s.<\/p>\n\n\n\n<p><strong>4. Ha a modularit\u00e1s d\u00f6nt\u00e9sker\u00fcl\u00e9ss\u00e9 v\u00e1lik<\/strong><\/p>\n\n\n\n<p>El\u0151fordul, hogy a modul\u00e1ris megold\u00e1s m\u00f6g\u00f6tt ez \u00e1ll:<\/p>\n\n\n\n<blockquote class=\"wp-block-quote is-layout-flow wp-block-quote-is-layout-flow\">\n<p>\u201eMajd k\u00e9s\u0151bb eld\u00f6ntj\u00fck.\u201d<\/p>\n<\/blockquote>\n\n\n\n<p>Ez vezet\u0151i k\u00f6rnyezetben vesz\u00e9lyes jelz\u00e9s:<\/p>\n\n\n\n<ul class=\"wp-block-list\">\n<li>kifel\u00e9 bizonytalans\u00e1got,<\/li>\n\n\n\n<li>befel\u00e9 halogat\u00e1st k\u00f6zvet\u00edt.<\/li>\n<\/ul>\n\n\n\n<p><strong>5. Amikor a t\u00e9r elvesz\u00edti karakter\u00e9t<\/strong><\/p>\n\n\n\n<p>A t\u00fal flexibilis megold\u00e1sok gyakran:<\/p>\n\n\n\n<ul class=\"wp-block-list\">\n<li>semlegesek,<\/li>\n\n\n\n<li>szem\u00e9lytelenek,<\/li>\n\n\n\n<li>\u201eb\u00e1rmilyen irod\u00e1ban elf\u00e9rn\u00e9nek\u201d.<\/li>\n<\/ul>\n\n\n\n<p>Egy vezet\u0151i t\u00e9rnek viszont <strong>identit\u00e1sa van<\/strong> \u2013 \u00e9s ezt a b\u00fator is k\u00f6zvet\u00edti.<\/p>\n\n\n\n<p><strong>\u00d6sszefoglal\u00f3 gondolat:<\/strong><\/p>\n\n\n\n<p>A modul\u00e1ris vezet\u0151i \u00edr\u00f3asztal akkor v\u00e1lik h\u00e1tr\u00e1nny\u00e1, amikor <strong>nem eszk\u00f6z, hanem p\u00f3tl\u00e9k<\/strong>.<\/p>\n\n\n\n<p>Ha a c\u00e9l m\u00e1r vil\u00e1gos, a fix rendszer szinte mindig er\u0151sebb d\u00f6nt\u00e9s.<\/p>\n\n\n\n<h3 class=\"wp-block-heading\"><strong>6. Mikor ide\u00e1lis v\u00e1laszt\u00e1s m\u00e9gis a modul\u00e1ris vezet\u0151i \u00edr\u00f3asztal? \u2013 gyors d\u00f6nt\u00e9si sz\u0171r\u0151<\/strong><\/h3>\n\n\n\n<p>Ahhoz, hogy a modul\u00e1ris vezet\u0151i \u00edr\u00f3asztal val\u00f3ban <strong>el\u0151ny<\/strong> legyen, nem el\u00e9g az, hogy \u201epraktikus\u201d. Az al\u00e1bbi szempontok egy\u00fctt\u00e1ll\u00e1sa eset\u00e9n viszont kifejezetten <strong>j\u00f3 d\u00f6nt\u00e9s<\/strong> lehet.<\/p>\n\n\n\n<p>Tekintsd ezt egy gyors, vezet\u0151i szint\u0171 d\u00f6nt\u00e9si sz\u0171r\u0151nek:<\/p>\n\n\n\n<p><strong>A modul\u00e1ris vezet\u0151i \u00edr\u00f3asztal akkor ide\u00e1lis, ha:<\/strong><\/p>\n\n\n\n<ul class=\"wp-block-list\">\n<li>a vezet\u0151i szerep <strong>m\u00e9g alakul<\/strong>, vagy r\u00f6vid\u2013k\u00f6z\u00e9pt\u00e1von v\u00e1ltozhat<\/li>\n\n\n\n<li>az iroda funkci\u00f3ja <strong>nem v\u00e9gleges<\/strong> (b\u0151v\u00fcl\u00e9s, \u00e1tszervez\u00e9s, k\u00f6lt\u00f6z\u00e9s v\u00e1rhat\u00f3)<\/li>\n\n\n\n<li>a t\u00e9r <strong>t\u00f6bbf\u00e9le haszn\u00e1latra<\/strong> k\u00e9sz\u00fcl (munka + megbesz\u00e9l\u00e9s + prezent\u00e1ci\u00f3)<\/li>\n\n\n\n<li>fontos a <strong>k\u00e9s\u0151bbi b\u0151v\u00edthet\u0151s\u00e9g<\/strong> (oldalelem, t\u00e1rgyal\u00f3r\u00e9sz, technikai modul)<\/li>\n\n\n\n<li>a modularit\u00e1s <strong>el\u0151re tervezett<\/strong>, nem ut\u00f3lag toldott<\/li>\n\n\n\n<li>az elemek <strong>egy rendszerb\u0151l<\/strong>, azonos ar\u00e1nylogik\u00e1val k\u00e9sz\u00fclnek<\/li>\n\n\n\n<li>a stabilit\u00e1s \u00e9s vizu\u00e1lis egys\u00e9g <strong>nem s\u00e9r\u00fcl<\/strong> a modulok sz\u00e1m\u00e1t\u00f3l<\/li>\n<\/ul>\n\n\n\n<p><strong>Nem ide\u00e1lis viszont, ha:<\/strong><\/p>\n\n\n\n<ul class=\"wp-block-list\">\n<li>a vezet\u0151 hossz\u00fa t\u00e1vra berendezkedett,<\/li>\n\n\n\n<li>az iroda reprezent\u00e1ci\u00f3s t\u00e9rk\u00e9nt is m\u0171k\u00f6dik,<\/li>\n\n\n\n<li>a d\u00f6nt\u00e9sek s\u00falya magas,<\/li>\n\n\n\n<li>a t\u00e9rnek karaktert kell hordoznia, nem csak funkci\u00f3t.<\/li>\n<\/ul>\n\n\n\n<p>\ud83d\udc49 <strong>Vezet\u0151i \u00f6sszegz\u00e9s:<\/strong><\/p>\n\n\n\n<p>A modul\u00e1ris vezet\u0151i \u00edr\u00f3asztal nem \u201ejobb\u201d vagy \u201erosszabb\u201d, hanem <strong>id\u0151z\u00edt\u00e9s k\u00e9rd\u00e9se<\/strong>.<\/p>\n\n\n\n<p>\u00c1tmeneti, fejl\u0151d\u0151, v\u00e1ltoz\u00f3 helyzetben kifejezetten er\u0151s eszk\u00f6z.<\/p>\n\n\n\n<p>Stabil, kiforrott vezet\u0151i szerepn\u00e9l viszont a fix, egyben gondolkodott megold\u00e1sok adj\u00e1k a legnagyobb hat\u00e1st.<\/p>\n\n\n\n<p>Ha ezt a szempontlist\u00e1t v\u00e9gigfuttatja, a d\u00f6nt\u00e9s \u00e1ltal\u00e1ban <strong>mag\u00e1t\u00f3l megsz\u00fcletik<\/strong> \u2013 kompromisszumok n\u00e9lk\u00fcl.<\/p>\n\n\n\n<h3 class=\"wp-block-heading\"><strong>7. \u00d6sszegz\u00e9s \u2013 mikor er\u0151ss\u00e9g, \u00e9s mikor korl\u00e1t a modularit\u00e1s vezet\u0151i k\u00f6rnyezetben<\/strong><\/h3>\n\n\n\n<p>A modul\u00e1ris vezet\u0151i \u00edr\u00f3asztal <strong>nem univerz\u00e1lis megold\u00e1s<\/strong>, hanem tudatos d\u00f6nt\u00e9si eszk\u00f6z. Akkor m\u0171k\u00f6dik j\u00f3l, ha a vezet\u0151i szerep, az iroda funkci\u00f3ja \u00e9s a v\u00e1llalat j\u00f6v\u0151je <strong>m\u00e9g mozg\u00e1sban van<\/strong>.<\/p>\n\n\n\n<p><strong>Er\u0151ss\u00e9g, ha:<\/strong><\/p>\n\n\n\n<ul class=\"wp-block-list\">\n<li>a szervezet n\u00f6veked\u00e9si vagy \u00e1talakul\u00e1si f\u00e1zisban van,<\/li>\n\n\n\n<li>az iroda funkci\u00f3ja v\u00e1ltozhat (l\u00e9tsz\u00e1m, t\u00e1rgyal\u00e1sok, technika),<\/li>\n\n\n\n<li>a vezet\u0151 munkast\u00edlusa m\u00e9g form\u00e1l\u00f3dik,<\/li>\n\n\n\n<li>fontos a b\u0151v\u00edthet\u0151s\u00e9g \u00e9s az alkalmazkod\u00e1s.<\/li>\n<\/ul>\n\n\n\n<p><strong>Korl\u00e1t, ha:<\/strong><\/p>\n\n\n\n<ul class=\"wp-block-list\">\n<li>a vezet\u0151i szerep m\u00e1r kiforrott \u00e9s stabil,<\/li>\n\n\n\n<li>az iroda reprezent\u00e1ci\u00f3s, \u201ed\u00f6nt\u00e9si t\u00e9r\u201d funkci\u00f3t t\u00f6lt be,<\/li>\n\n\n\n<li>az els\u0151 benyom\u00e1s \u00e9s a vizu\u00e1lis s\u00faly kulcst\u00e9nyez\u0151,<\/li>\n\n\n\n<li>hossz\u00fa t\u00e1vra, v\u00e1ltoztat\u00e1s n\u00e9lk\u00fcl tervezel.<\/li>\n<\/ul>\n\n\n\n<p><strong>V\u00e9gs\u0151 tanuls\u00e1g:<\/strong><\/p>\n\n\n\n<p>A modularit\u00e1s nem c\u00e9l, hanem <strong>eszk\u00f6z<\/strong>.<\/p>\n\n\n\n<p>Ha a k\u00f6rnyezeted m\u00e9g v\u00e1ltozik, a modul\u00e1ris vezet\u0151i \u00edr\u00f3asztal rugalmass\u00e1got ad.<\/p>\n\n\n\n<p>Ha m\u00e1r tudod, ki vagy vezet\u0151k\u00e9nt \u00e9s mit kell k\u00e9pviselnie az irod\u00e1dnak, akkor a tudatosan megtervezett, egys\u00e9ges megold\u00e1sok adj\u00e1k a val\u00f3di stabilit\u00e1st.<\/p>\n\n\n\n<p>Ez a k\u00fcl\u00f6nbs\u00e9g az \u201ealkalmazkod\u00f3 b\u00fator\u201d \u00e9s a <strong>vezet\u0151i d\u00f6nt\u00e9st t\u00e1mogat\u00f3 infrastrukt\u00fara<\/strong> k\u00f6z\u00f6tt.<\/p>\n\n\n\n<blockquote class=\"wp-block-quote is-layout-flow wp-block-quote-is-layout-flow\">\n<p>Ha szeretn\u00e9 a modul\u00e1ris megold\u00e1sokat <strong>teljes d\u00f6nt\u00e9si kontextusban<\/strong> \u00e9rtelmezni \u2013 m\u00e9retez\u00e9s, elrendez\u00e9s, szerepk\u00f6r \u00e9s hossz\u00fa t\u00e1v\u00fa szempontok ment\u00e9n \u2013, \u00e9rdemes elolvasnia a <strong>\u201e<\/strong><a href=\"https:\/\/www.bathori.hu\/blog\/vezetoi-iroasztal\" data-type=\"link\" data-id=\"https:\/\/www.bathori.hu\/blog\/vezetoi-iroasztal\">Vezet\u0151i \u00edr\u00f3asztal v\u00e1laszt\u00e1sa: m\u00e9retek, elrendez\u00e9s, szerep \u00e9s hossz\u00fa t\u00e1v\u00fa d\u00f6nt\u00e9si szempontok<\/a><strong>\u201d<\/strong> \u00fatmutat\u00f3t is.<\/p>\n<\/blockquote>\n\n\n\n<p><\/p>\n","protected":false},"excerpt":{"rendered":"<p>A modul\u00e1ris vezet\u0151i \u00edr\u00f3asztal els\u0151re rugalmas, j\u00f6v\u0151biztos megold\u00e1snak t\u0171nik \u2013 hiszen b\u0151v\u00edthet\u0151, \u00e1talak\u00edthat\u00f3, \u00e9s l\u00e1tsz\u00f3lag egy\u00fctt v\u00e1ltozik a vezet\u0151i ig\u00e9nyekkel. Nem v\u00e9letlen, hogy egyre t\u00f6bben keresik ezt a t\u00edpust akkor, amikor az iroda szerepe \u00e1talakul, a technol\u00f3gia gyorsan fejl\u0151dik, \u00e9s a vezet\u0151i munkam\u00f3dszer sem \u00e1lland\u00f3. A k\u00e9rd\u00e9s azonban nem az, hogy a modularit\u00e1s \u201ej\u00f3 vagy &#8230; <a title=\"Modul\u00e1ris vezet\u0151i \u00edr\u00f3asztalok el\u0151nyei \u00e9s korl\u00e1tai \u2013 mikor j\u00f3 d\u00f6nt\u00e9s, \u00e9s mikor nem?\" class=\"read-more\" href=\"https:\/\/www.bathori.hu\/blog\/modularis-vezetoi-iroasztal\/\" aria-label=\"Read more about Modul\u00e1ris vezet\u0151i \u00edr\u00f3asztalok el\u0151nyei \u00e9s korl\u00e1tai \u2013 mikor j\u00f3 d\u00f6nt\u00e9s, \u00e9s mikor nem?\">Olvass tov\u00e1bb<\/a><\/p>\n","protected":false},"author":1,"featured_media":1193,"comment_status":"closed","ping_status":"closed","sticky":false,"template":"","format":"standard","meta":{"footnotes":""},"categories":[25],"tags":[],"class_list":["post-1189","post","type-post","status-publish","format-standard","has-post-thumbnail","hentry","category-vezetoi-iroasztal"],"_links":{"self":[{"href":"https:\/\/www.bathori.hu\/blog\/wp-json\/wp\/v2\/posts\/1189","targetHints":{"allow":["GET"]}}],"collection":[{"href":"https:\/\/www.bathori.hu\/blog\/wp-json\/wp\/v2\/posts"}],"about":[{"href":"https:\/\/www.bathori.hu\/blog\/wp-json\/wp\/v2\/types\/post"}],"author":[{"embeddable":true,"href":"https:\/\/www.bathori.hu\/blog\/wp-json\/wp\/v2\/users\/1"}],"replies":[{"embeddable":true,"href":"https:\/\/www.bathori.hu\/blog\/wp-json\/wp\/v2\/comments?post=1189"}],"version-history":[{"count":3,"href":"https:\/\/www.bathori.hu\/blog\/wp-json\/wp\/v2\/posts\/1189\/revisions"}],"predecessor-version":[{"id":1192,"href":"https:\/\/www.bathori.hu\/blog\/wp-json\/wp\/v2\/posts\/1189\/revisions\/1192"}],"wp:featuredmedia":[{"embeddable":true,"href":"https:\/\/www.bathori.hu\/blog\/wp-json\/wp\/v2\/media\/1193"}],"wp:attachment":[{"href":"https:\/\/www.bathori.hu\/blog\/wp-json\/wp\/v2\/media?parent=1189"}],"wp:term":[{"taxonomy":"category","embeddable":true,"href":"https:\/\/www.bathori.hu\/blog\/wp-json\/wp\/v2\/categories?post=1189"},{"taxonomy":"post_tag","embeddable":true,"href":"https:\/\/www.bathori.hu\/blog\/wp-json\/wp\/v2\/tags?post=1189"}],"curies":[{"name":"wp","href":"https:\/\/api.w.org\/{rel}","templated":true}]}}