{"id":1186,"date":"2026-01-21T08:00:00","date_gmt":"2026-01-21T06:00:00","guid":{"rendered":"https:\/\/www.bathori.hu\/blog\/?p=1186"},"modified":"2026-01-21T09:59:05","modified_gmt":"2026-01-21T07:59:05","slug":"jovoallo-vezetoi-iroasztal","status":"publish","type":"post","link":"https:\/\/www.bathori.hu\/blog\/jovoallo-vezetoi-iroasztal\/","title":{"rendered":"Hogyan v\u00e1lasszon j\u00f6v\u0151\u00e1ll\u00f3 vezet\u0151i \u00edr\u00f3asztalt? \u2013 d\u00f6nt\u00e9sek, amelyek \u00e9vek m\u00falva is m\u0171k\u00f6dnek"},"content":{"rendered":"\n<p>A <strong>j\u00f6v\u0151\u00e1ll\u00f3 vezet\u0151i \u00edr\u00f3asztal<\/strong> nem att\u00f3l lesz \u201emodern\u201d, hogy ma j\u00f3l n\u00e9z ki, hanem att\u00f3l, hogy <strong>\u00e9vek m\u00falva is t\u00e1mogatja azt a d\u00f6nt\u00e9si szintet, ahol a vezet\u0151 dolgozik<\/strong>. Egy vezet\u0151i \u00edr\u00f3asztal ritk\u00e1n cser\u00e9l\u0151dik \u2013 jellemz\u0151en 5\u201310 \u00e9vre v\u00e1lasztj\u00e1k \u2013, mik\u00f6zben ezalatt <strong>megv\u00e1ltozik a munkast\u00edlus, a technol\u00f3gia, az ergon\u00f3miai ig\u00e9ny \u00e9s gyakran maga a vezet\u0151i szerep is<\/strong>.<\/p>\n\n\n\n<p>\u00c9ppen ez\u00e9rt a k\u00e9rd\u00e9s nem az, hogy <em>milyen asztal tetszik most<\/em>, hanem az, hogy <strong>melyik vezet\u0151i \u00edr\u00f3asztal marad m\u0171k\u00f6d\u0151k\u00e9pes akkor is, amikor a k\u00f6rnyezet m\u00e1r megv\u00e1ltozott<\/strong>. A j\u00f6v\u0151\u00e1ll\u00f3s\u00e1g nem trendk\u00f6vet\u00e9st jelent, hanem tudatos d\u00f6nt\u00e9st: olyan m\u00e9retez\u00e9st, elrendez\u00e9st, technikai felk\u00e9sz\u00edt\u00e9st \u00e9s ergonomikus mozg\u00e1steret, amely <strong>nem korl\u00e1tozza a vezet\u0151t, hanem egy\u00fctt fejl\u0151dik vele<\/strong>.<\/p>\n\n\n\n<p>Ebben a cikkben v\u00e9gigvessz\u00fck, <strong>hogyan v\u00e1lasszon j\u00f6v\u0151\u00e1ll\u00f3 vezet\u0151i \u00edr\u00f3asztalt<\/strong> \u00fagy, hogy az ne csak ma legyen megfelel\u0151, hanem hossz\u00fa t\u00e1von is t\u00e1mogassa a f\u00f3kusz\u00e1lt munk\u00e1t, a t\u00e1rgyal\u00e1sokat, az online jelenl\u00e9tet \u00e9s a vezet\u0151i d\u00f6nt\u00e9shozatalt \u2013 kompromisszumok n\u00e9lk\u00fcl.<\/p>\n\n\n\n<h3 class=\"wp-block-heading\"><strong>1. A j\u00f6v\u0151\u00e1ll\u00f3s\u00e1g nem designk\u00e9rd\u00e9s, hanem d\u00f6nt\u00e9si rendszer<\/strong><\/h3>\n\n\n\n<p>A j\u00f6v\u0151\u00e1ll\u00f3 vezet\u0151i \u00edr\u00f3asztal kiv\u00e1laszt\u00e1sakor az egyik leggyakoribb hiba, hogy a d\u00f6nt\u00e9s <strong>eszt\u00e9tikai szinten sz\u00fcletik meg<\/strong>. Forma, sz\u00edn, anyag \u2013 ezek fontosak, de <strong>\u00f6nmagukban nem tesznek egy \u00edr\u00f3asztalt id\u0151t\u00e1ll\u00f3v\u00e1<\/strong>. A j\u00f6v\u0151\u00e1ll\u00f3s\u00e1g val\u00f3j\u00e1ban egy <strong>rendszerszint\u0171 d\u00f6nt\u00e9s<\/strong>, amely t\u00f6bb, egym\u00e1ssal \u00f6sszef\u00fcgg\u0151 t\u00e9nyez\u0151n m\u00falik.<\/p>\n\n\n\n<p>Egy vezet\u0151i \u00edr\u00f3asztal akkor j\u00f6v\u0151\u00e1ll\u00f3, ha:<\/p>\n\n\n\n<ul class=\"wp-block-list\">\n<li>nem egy adott munkam\u00f3dszerhez k\u00f6t\u0151dik,<\/li>\n\n\n\n<li>nem z\u00e1rja be a vezet\u0151t egy fix haszn\u00e1lati logik\u00e1ba,<\/li>\n\n\n\n<li>\u00e9s k\u00e9pes alkalmazkodni a szerep, a technol\u00f3gia \u00e9s a t\u00e9r v\u00e1ltoz\u00e1saihoz.<\/li>\n<\/ul>\n\n\n\n<p>Ez azt jelenti, hogy m\u00e1r a v\u00e1laszt\u00e1s pillanat\u00e1ban <strong>nem csak a jelenlegi ig\u00e9nyeket kell figyelembe venni<\/strong>, hanem azt is, hogyan v\u00e1ltozhat:<\/p>\n\n\n\n<ul class=\"wp-block-list\">\n<li>a vezet\u0151 napi munkamegoszt\u00e1sa (f\u00f3kuszmunka \u2194 t\u00e1rgyal\u00e1s),<\/li>\n\n\n\n<li>az online \u00e9s offline meetingek ar\u00e1nya,<\/li>\n\n\n\n<li>a haszn\u00e1lt eszk\u00f6z\u00f6k sz\u00e1ma \u00e9s t\u00edpusa,<\/li>\n\n\n\n<li>a vezet\u0151i jelenl\u00e9t reprezent\u00e1ci\u00f3s szerepe.<\/li>\n<\/ul>\n\n\n\n<p>A j\u00f6v\u0151\u00e1ll\u00f3s\u00e1g teh\u00e1t nem egy extra funkci\u00f3, hanem <strong>d\u00f6nt\u00e9si szeml\u00e9let<\/strong>. Olyan \u00edr\u00f3asztalr\u00f3l van sz\u00f3, amely:<\/p>\n\n\n\n<ul class=\"wp-block-list\">\n<li>m\u00e9ret\u00e9ben nem sz\u0171k\u00edti le a mozg\u00e1steret,<\/li>\n\n\n\n<li>elrendez\u00e9s\u00e9ben nem k\u00e9nyszer\u00edt egyetlen munkast\u00edlusra,<\/li>\n\n\n\n<li>szerkezet\u00e9ben elb\u00edrja a k\u00e9s\u0151bbi \u00e1talak\u00edt\u00e1sokat,<\/li>\n\n\n\n<li>technikailag felk\u00e9sz\u00edtett a v\u00e1ltoz\u00e1sra, m\u00e9g akkor is, ha ma nem haszn\u00e1lj\u00e1k ki teljesen.<\/li>\n<\/ul>\n\n\n\n<p>M\u00e1sk\u00e9pp fogalmazva:<\/p>\n\n\n\n<p><strong>a j\u00f6v\u0151\u00e1ll\u00f3 vezet\u0151i \u00edr\u00f3asztal nem reag\u00e1l a v\u00e1ltoz\u00e1sra, hanem el\u0151re sz\u00e1mol vele<\/strong>. Ez k\u00fcl\u00f6nb\u00f6zteti meg azokat a megold\u00e1sokat, amelyek 2\u20133 \u00e9v ut\u00e1n \u201esz\u0171knek\u201d vagy k\u00e9nyelmetlennek \u00e9rz\u0151dnek, azokt\u00f3l, amelyek hossz\u00fa t\u00e1von is term\u00e9szetes r\u00e9szei maradnak a vezet\u0151i munk\u00e1nak.<\/p>\n\n\n\n<h3 class=\"wp-block-heading\"><strong>2. M\u00e9ret \u00e9s ar\u00e1ny: a leggyakoribb j\u00f6v\u0151\u00e1ll\u00f3s\u00e1gi buktat\u00f3<\/strong><\/h3>\n\n\n\n<p>A j\u00f6v\u0151\u00e1ll\u00f3s\u00e1g leggyakrabban <strong>nem anyagon vagy designon<\/strong>, hanem <strong>rosszul megv\u00e1lasztott m\u00e9reten<\/strong> bukik el. Sok vezet\u0151i \u00edr\u00f3asztal az\u00e9rt v\u00e1lik p\u00e1r \u00e9v ut\u00e1n k\u00e9nyelmetlenn\u00e9, mert a v\u00e1laszt\u00e1s pillanat\u00e1ban \u201e\u00e9ppen el\u00e9gnek\u201d t\u0171nt \u2013 de <strong>nem hagyott mozg\u00e1steret a v\u00e1ltoz\u00e1sra<\/strong>.<\/p>\n\n\n\n<h4 class=\"wp-block-heading\"><strong>Mi\u00e9rt kritikus a m\u00e9ret hossz\u00fa t\u00e1von?<\/strong><\/h4>\n\n\n\n<p>A vezet\u0151i szerep id\u0151vel szinte mindig \u00e1talakul:<\/p>\n\n\n\n<ul class=\"wp-block-list\">\n<li>n\u0151 a megbesz\u00e9l\u00e9sek sz\u00e1ma,<\/li>\n\n\n\n<li>t\u00f6bb eszk\u00f6z ker\u00fcl az asztalra (monitor, kamera, mikrofon, dokkol\u00f3),<\/li>\n\n\n\n<li>megjelenik a hibrid munkav\u00e9gz\u00e9s,<\/li>\n\n\n\n<li>n\u0151 a reprezent\u00e1ci\u00f3s ig\u00e9ny.<\/li>\n<\/ul>\n\n\n\n<p>Ha az \u00edr\u00f3asztal m\u00e9rete ehhez nincs tartal\u00e9kokkal tervezve, akkor:<\/p>\n\n\n\n<ul class=\"wp-block-list\">\n<li>zs\u00fafoltt\u00e1 v\u00e1lik,<\/li>\n\n\n\n<li>ideiglenes megold\u00e1sok jelennek meg (k\u00fcl\u00f6n asztalka, told\u00e1s),<\/li>\n\n\n\n<li>romlik az ergon\u00f3mia \u00e9s a vizu\u00e1lis rendezetts\u00e9g.<\/li>\n<\/ul>\n\n\n\n<h4 class=\"wp-block-heading\"><strong>\u201ePont el\u00e9g\u201d vs. \u201eel\u0151rel\u00e1t\u00f3\u201d m\u00e9retez\u00e9s<\/strong><\/h4>\n\n\n\n<p><strong>Nem j\u00f6v\u0151\u00e1ll\u00f3 d\u00f6nt\u00e9s<\/strong>, ha az \u00edr\u00f3asztal:<\/p>\n\n\n\n<ul class=\"wp-block-list\">\n<li>csak egy monitorra van m\u00e9retezve,<\/li>\n\n\n\n<li>nem hagy helyet vend\u00e9goldali \u00fcl\u00e9sre,<\/li>\n\n\n\n<li>a k\u00e1belez\u00e9st csak jelenlegi eszk\u00f6z\u00f6kre optimaliz\u00e1lja,<\/li>\n\n\n\n<li>sz\u0171ken illeszkedik a t\u00e9rbe, b\u0151v\u00edt\u00e9si lehet\u0151s\u00e9g n\u00e9lk\u00fcl.<\/li>\n<\/ul>\n\n\n\n<p><strong>J\u00f6v\u0151\u00e1ll\u00f3 megk\u00f6zel\u00edt\u00e9s<\/strong>, ha:<\/p>\n\n\n\n<ul class=\"wp-block-list\">\n<li>az asztal m\u00e9rete legal\u00e1bb egy funkci\u00f3v\u00e1lt\u00e1st elb\u00edr (f\u00f3kusz \u2192 meeting),<\/li>\n\n\n\n<li>az ar\u00e1nyai lehet\u0151v\u00e9 teszik a t\u00e9r \u00fajraszervez\u00e9s\u00e9t,<\/li>\n\n\n\n<li>van tartal\u00e9k a technikai b\u0151v\u00edt\u00e9shez,<\/li>\n\n\n\n<li>nem \u201ekin\u00f6vi\u201d a vezet\u0151 az \u00edr\u00f3asztalt 2\u20133 \u00e9ven bel\u00fcl.<\/li>\n<\/ul>\n\n\n\n<h4 class=\"wp-block-heading\"><strong>Ar\u00e1nyok, nem csak centim\u00e9terek<\/strong><\/h4>\n\n\n\n<p>Fontos meg\u00e9rteni: nem \u00f6nmag\u00e1ban a centim\u00e9ter sz\u00e1m\u00edt, hanem az <strong>asztal\u2013t\u00e9r\u2013vezet\u0151 ar\u00e1ny<\/strong>. Egy j\u00f6v\u0151\u00e1ll\u00f3 vezet\u0151i \u00edr\u00f3asztal:<\/p>\n\n\n\n<ul class=\"wp-block-list\">\n<li>nem domin\u00e1lja t\u00fal a teret,<\/li>\n\n\n\n<li>de nem is olvad bele elvesz\u00edtve a szerep\u00e9t,<\/li>\n\n\n\n<li>ar\u00e1nyaiban illeszkedik a vezet\u0151i jelenl\u00e9thez.<\/li>\n<\/ul>\n\n\n\n<p>Ez\u00e9rt fordul el\u0151 gyakran, hogy egy technikailag j\u00f3 min\u0151s\u00e9g\u0171 \u00edr\u00f3asztal m\u00e9gis \u201ekicsinek\u201d \u00e9rz\u0151dik p\u00e1r \u00e9v ut\u00e1n \u2013 <strong>nem az anyaga, hanem az ar\u00e1nya miatt<\/strong>.<\/p>\n\n\n\n<h4 class=\"wp-block-heading\"><strong>R\u00f6viden \u00f6sszefoglalva<\/strong><\/h4>\n\n\n\n<p>Ha j\u00f6v\u0151\u00e1ll\u00f3 vezet\u0151i \u00edr\u00f3asztalt v\u00e1laszt:<\/p>\n\n\n\n<ul class=\"wp-block-list\">\n<li>ne a jelenlegi minimumra m\u00e9retezzen,<\/li>\n\n\n\n<li>sz\u00e1moljon legal\u00e1bb egy szerep- \u00e9s haszn\u00e1lati v\u00e1lt\u00e1ssal,<\/li>\n\n\n\n<li>gondolkodjon ar\u00e1nyokban, nem csak m\u00e9retekben,<\/li>\n\n\n\n<li>hagyjon tudatos tartal\u00e9kot.<\/li>\n<\/ul>\n\n\n\n<p>A k\u00f6vetkez\u0151 pontban azt n\u00e9zz\u00fck meg, hogyan befoly\u00e1solja a <strong>szerkezet \u00e9s a modularit\u00e1s<\/strong> azt, hogy egy \u00edr\u00f3asztal val\u00f3ban egy\u00fctt tud-e v\u00e1ltozni a vezet\u0151vel \u00e9s a c\u00e9ggel.<\/p>\n\n\n\n<h3 class=\"wp-block-heading\"><strong>3. Szerkezet \u00e9s modularit\u00e1s: egy\u00fctt tud-e v\u00e1ltozni az \u00edr\u00f3asztal a c\u00e9ggel?<\/strong><\/h3>\n\n\n\n<p>A j\u00f6v\u0151\u00e1ll\u00f3 vezet\u0151i \u00edr\u00f3asztal egyik legfontosabb \u2013 \u00e9s legink\u00e1bb alul\u00e9rt\u00e9kelt \u2013 eleme a <strong>szerkezeti fel\u00e9p\u00edt\u00e9s<\/strong>. Nem az sz\u00e1m\u00edt els\u0151dlegesen, hogy ma mit tud, hanem az, hogy <strong>mit enged meg holnap<\/strong>.<\/p>\n\n\n\n<h4 class=\"wp-block-heading\"><strong>Mi\u00e9rt kritikus a szerkezet?<\/strong><\/h4>\n\n\n\n<p>A vezet\u0151i k\u00f6rnyezet ritk\u00e1n marad v\u00e1ltozatlan:<\/p>\n\n\n\n<ul class=\"wp-block-list\">\n<li>\u00faj technol\u00f3gia jelenik meg,<\/li>\n\n\n\n<li>megv\u00e1ltozik a munkaritmus (t\u00f6bb online meeting, kevesebb pap\u00edr),<\/li>\n\n\n\n<li>\u00e1talakul az iroda elrendez\u00e9se,<\/li>\n\n\n\n<li>n\u0151 vagy \u00e9pp cs\u00f6kken a t\u00e9r.<\/li>\n<\/ul>\n\n\n\n<p>Ha az \u00edr\u00f3asztal szerkezete <strong>merev \u00e9s z\u00e1rt<\/strong>, akkor ezek a v\u00e1ltoz\u00e1sok:<\/p>\n\n\n\n<ul class=\"wp-block-list\">\n<li>kompromisszumokkal j\u00e1rnak,<\/li>\n\n\n\n<li>ideiglenes megold\u00e1sokat sz\u00fclnek,<\/li>\n\n\n\n<li>vagy teljes cser\u00e9t k\u00e9nyszer\u00edtenek ki.<\/li>\n<\/ul>\n\n\n\n<h4 class=\"wp-block-heading\"><strong>Mit jelent a val\u00f3di modularit\u00e1s?<\/strong><\/h4>\n\n\n\n<p>A modularit\u00e1s nem azt jelenti, hogy \u201esz\u00e9t lehet csavarozni\u201d, hanem azt, hogy az asztal:<\/p>\n\n\n\n<ul class=\"wp-block-list\">\n<li><strong>b\u0151v\u00edthet\u0151<\/strong> (oldalszekr\u00e9ny, told\u00e1s, meeting-sz\u00e1r),<\/li>\n\n\n\n<li><strong>\u00e1talak\u00edthat\u00f3<\/strong> (egyenes \u2192 L-alak, f\u00f3kusz \u2192 t\u00e1rgyal\u00e1s),<\/li>\n\n\n\n<li><strong>technol\u00f3gi\u00e1val friss\u00edthet\u0151<\/strong> (k\u00e1belvezet\u00e9s, rejtett dugalj, monitorr\u00f6gz\u00edt\u00e9s),<\/li>\n\n\n\n<li><strong>\u00fajraszervezhet\u0151<\/strong> an\u00e9lk\u00fcl, hogy az alapstrukt\u00fara s\u00e9r\u00fclne.<\/li>\n<\/ul>\n\n\n\n<p>Egy j\u00f3l megtervezett vezet\u0151i \u00edr\u00f3asztal szerkezete <strong>nem korl\u00e1toz<\/strong>, hanem keretet ad a fejl\u0151d\u00e9shez.<\/p>\n\n\n\n<h4 class=\"wp-block-heading\"><strong>Tipikus nem j\u00f6v\u0151\u00e1ll\u00f3 megold\u00e1sok<\/strong><\/h4>\n\n\n\n<p>Azok az \u00edr\u00f3asztalok buknak meg leggyakrabban hossz\u00fa t\u00e1von, amelyekn\u00e9l:<\/p>\n\n\n\n<ul class=\"wp-block-list\">\n<li>a l\u00e1bszerkezet nem enged b\u0151v\u00edt\u00e9st,<\/li>\n\n\n\n<li>a k\u00e1belvezet\u00e9s csak ut\u00f3lag \u201er\u00e1akaszthat\u00f3\u201d,<\/li>\n\n\n\n<li>az oldalszekr\u00e9ny nem integr\u00e1lhat\u00f3,<\/li>\n\n\n\n<li>minden elem fix m\u00e9retre \u00e9s poz\u00edci\u00f3ra van optimaliz\u00e1lva.<\/li>\n<\/ul>\n\n\n\n<p>Ilyenkor a v\u00e1ltoz\u00e1s \u00e1ra mindig magasabb: <strong>\u00faj b\u00fator, \u00faj d\u00f6nt\u00e9s, \u00faj k\u00f6lts\u00e9g<\/strong>.<\/p>\n\n\n\n<h4 class=\"wp-block-heading\"><strong>J\u00f6v\u0151\u00e1ll\u00f3 szerkezeti gondolkod\u00e1s<\/strong><\/h4>\n\n\n\n<p>Egy val\u00f3ban el\u0151rel\u00e1t\u00f3 vezet\u0151i \u00edr\u00f3asztaln\u00e1l:<\/p>\n\n\n\n<ul class=\"wp-block-list\">\n<li>a teherhord\u00f3 elemek eleve t\u00fal vannak m\u00e9retezve,<\/li>\n\n\n\n<li>a csatlakoz\u00e1si pontok el\u0151 vannak k\u00e9sz\u00edtve,<\/li>\n\n\n\n<li>az asztal \u201etudja\u201d, hogy k\u00e9s\u0151bb t\u00f6bbet kell majd tudnia,<\/li>\n\n\n\n<li>a szerkezet nem egyetlen haszn\u00e1latra van kital\u00e1lva.<\/li>\n<\/ul>\n\n\n\n<p>Ez az a pont, ahol a vezet\u0151i \u00edr\u00f3asztal <strong>nem b\u00fatork\u00e9nt<\/strong>, hanem <strong>infrastrukt\u00farak\u00e9nt<\/strong> kezd m\u0171k\u00f6dni.<\/p>\n\n\n\n<p>A k\u00f6vetkez\u0151 r\u00e9szben azt vizsg\u00e1ljuk meg, hogy az <strong>anyagv\u00e1laszt\u00e1s \u00e9s a fel\u00fcletkezel\u00e9s<\/strong> hogyan befoly\u00e1solja a hossz\u00fa t\u00e1v\u00fa haszn\u00e1lhat\u00f3s\u00e1got \u00e9s az eszt\u00e9tikai \u00f6reged\u00e9st.<\/p>\n\n\n\n<h3 class=\"wp-block-heading\"><strong>4. Anyaghaszn\u00e1lat \u00e9s fel\u00fcletkezel\u00e9s: hogyan \u00f6regszik m\u00e9lt\u00f3s\u00e1ggal az \u00edr\u00f3asztal?<\/strong><\/h3>\n\n\n\n<p>Egy j\u00f6v\u0151\u00e1ll\u00f3 vezet\u0151i \u00edr\u00f3asztaln\u00e1l nem az a k\u00e9rd\u00e9s, hogy <strong>sz\u00e9p-e az els\u0151 napon<\/strong>, hanem az, hogy <strong>hogyan n\u00e9z ki 5\u201310 \u00e9v m\u00falva<\/strong>. Az anyagv\u00e1laszt\u00e1s \u00e9s a fel\u00fcletkezel\u00e9s d\u00f6nt\u0151en meghat\u00e1rozza, hogy az asztal id\u0151vel patin\u00e1t kap \u2013 vagy egyszer\u0171en elhaszn\u00e1ltnak hat.<\/p>\n\n\n\n<h4 class=\"wp-block-heading\"><strong>A vezet\u0151i haszn\u00e1lat speci\u00e1lis terhel\u00e9se<\/strong><\/h4>\n\n\n\n<p>A vezet\u0151i \u00edr\u00f3asztal m\u00e1sk\u00e9pp \u00f6regszik, mint egy \u00e1tlagos munkaasztal:<\/p>\n\n\n\n<ul class=\"wp-block-list\">\n<li>napi t\u00f6bb \u00f3r\u00e1s intenz\u00edv haszn\u00e1lat,<\/li>\n\n\n\n<li>gyakori k\u00e9z- \u00e9s al\u00e1t\u00e1maszt\u00e1si pontok,<\/li>\n\n\n\n<li>technikai eszk\u00f6z\u00f6k h\u0151- \u00e9s s\u00falyterhel\u00e9se,<\/li>\n\n\n\n<li>t\u00e1rgyal\u00e1sok sor\u00e1n fokozott ig\u00e9nybev\u00e9tel.<\/li>\n<\/ul>\n\n\n\n<p>Ez\u00e9rt a \u201elakoss\u00e1gi\u201d vagy l\u00e1tv\u00e1nyalap\u00fa anyagok gyakran gyorsan kif\u00e1radnak ebben a k\u00f6rnyezetben.<\/p>\n\n\n\n<h4 class=\"wp-block-heading\"><strong>Mit\u0151l j\u00f6v\u0151\u00e1ll\u00f3 egy fel\u00fclet?<\/strong><\/h4>\n\n\n\n<p>A hossz\u00fa t\u00e1von j\u00f3l m\u0171k\u00f6d\u0151 vezet\u0151i \u00edr\u00f3asztalokn\u00e1l az al\u00e1bbi szempontok kritikusak:<\/p>\n\n\n\n<ul class=\"wp-block-list\">\n<li><strong>kop\u00e1s\u00e1ll\u00f3s\u00e1g<\/strong> (nem f\u00e9nyesedik ki foltokban),<\/li>\n\n\n\n<li><strong>jav\u00edthat\u00f3s\u00e1g<\/strong> (lok\u00e1lisan kezelhet\u0151 s\u00e9r\u00fcl\u00e9sek),<\/li>\n\n\n\n<li><strong>id\u0151t\u00e1ll\u00f3 megjelen\u00e9s<\/strong> (nem trendf\u00fcgg\u0151 mint\u00e1zat),<\/li>\n\n\n\n<li><strong>sz\u00ednstabilit\u00e1s<\/strong> (UV- \u00e9s f\u00e9ny\u00e1ll\u00f3s\u00e1g).<\/li>\n<\/ul>\n\n\n\n<p>A t\u00fal karakteres, divatos fel\u00fcletek gyakran 2\u20133 \u00e9v alatt \u201ekorszer\u0171tlennek\u201d hatnak, m\u00edg a letisztult, struktur\u00e1lt anyagok sokkal tov\u00e1bb v\u00e1llalhat\u00f3k.<\/p>\n\n\n\n<h4 class=\"wp-block-heading\"><strong>Lamin\u00e1lt, furn\u00e9rozott vagy t\u00f6m\u00f6rfa?<\/strong><\/h4>\n\n\n\n<p>J\u00f6v\u0151\u00e1ll\u00f3s\u00e1gi szempontb\u00f3l nem a preszt\u00edzs sz\u00e1m\u00edt, hanem a <strong>haszn\u00e1lati logika<\/strong>:<\/p>\n\n\n\n<ul class=\"wp-block-list\">\n<li><strong>pr\u00e9mium lamin\u00e1lt<\/strong>: rendk\u00edv\u00fcl ellen\u00e1ll\u00f3, homog\u00e9n \u00f6reged\u00e9s, minim\u00e1lis karbantart\u00e1s,<\/li>\n\n\n\n<li><strong>furn\u00e9rozott fel\u00fclet<\/strong>: eszt\u00e9tikus, de \u00e9rz\u00e9kenyebb, nagyobb odafigyel\u00e9st ig\u00e9nyel,<\/li>\n\n\n\n<li><strong>t\u00f6m\u00f6rfa<\/strong>: karakteres, de v\u00e1ltoz\u00f3 k\u00f6rnyezetben kisz\u00e1m\u00edthatatlanabb mozg\u00e1sokkal.<\/li>\n<\/ul>\n\n\n\n<p>A modern vezet\u0151i irod\u00e1kban ez\u00e9rt egyre gyakrabban v\u00e1lasztanak <strong>\u00fczemi min\u0151s\u00e9g\u0171 lamin\u00e1lt fel\u00fcleteket<\/strong>, mert ezek biztos\u00edtj\u00e1k a legstabilabb hossz\u00fa t\u00e1v\u00fa megjelen\u00e9st.<\/p>\n\n\n\n<h4 class=\"wp-block-heading\"><strong>A fel\u00fclet mint \u00fczenet<\/strong><\/h4>\n\n\n\n<p>Fontos szempont az is, hogy az asztal <strong>mit kommunik\u00e1l \u00e9vekkel k\u00e9s\u0151bb<\/strong>:<\/p>\n\n\n\n<ul class=\"wp-block-list\">\n<li>egy megkopott, foltos fel\u00fclet tudattalanul is gyeng\u00edti a vezet\u0151i jelenl\u00e9tet,<\/li>\n\n\n\n<li>egy egys\u00e9gesen \u00f6reged\u0151, j\u00f3 \u00e1llapot\u00fa asztal viszont stabilit\u00e1st \u00e9s k\u00f6vetkezetess\u00e9get sugall.<\/li>\n<\/ul>\n\n\n\n<p>A j\u00f6v\u0151\u00e1ll\u00f3 anyaghaszn\u00e1lat ez\u00e9rt nem eszt\u00e9tikai luxus, hanem <strong>vezet\u0151i hiteless\u00e9gi t\u00e9nyez\u0151<\/strong>.<\/p>\n\n\n\n<p>A k\u00f6vetkez\u0151 r\u00e9szben azt n\u00e9zz\u00fck meg, hogyan hat a <strong>technol\u00f3giai integr\u00e1lhat\u00f3s\u00e1g<\/strong> arra, hogy egy vezet\u0151i \u00edr\u00f3asztal val\u00f3ban felk\u00e9sz\u00fclt legyen a k\u00f6vetkez\u0151 5\u201310 \u00e9v v\u00e1ltoz\u00e1saira.<\/p>\n\n\n\n<h3 class=\"wp-block-heading\"><strong>5. Technol\u00f3giai felk\u00e9sz\u00edthet\u0151s\u00e9g: nem az sz\u00e1m\u00edt, mi van benne ma, hanem hogy mi f\u00e9r bele holnap<\/strong><\/h3>\n\n\n\n<p>Egy <strong>j\u00f6v\u0151\u00e1ll\u00f3 vezet\u0151i \u00edr\u00f3asztal<\/strong> egyik legfontosabb ism\u00e9rve, hogy <strong>nem z\u00e1rja le el\u0151re a technol\u00f3giai lehet\u0151s\u00e9geket<\/strong>. A technika gyorsabban v\u00e1ltozik, mint a b\u00fatorok \u2013 ez\u00e9rt az asztalnak nem egy konkr\u00e9t megold\u00e1sra, hanem <strong>v\u00e1ltoz\u00e1sra<\/strong> kell felk\u00e9sz\u00fclnie.<\/p>\n\n\n\n<h4 class=\"wp-block-heading\"><strong>Tipikus hiba: \u201ema el\u00e9g lesz\u201d<\/strong><\/h4>\n\n\n\n<p>Sok \u00edr\u00f3asztal az\u00e9rt v\u00e1lik id\u0151 el\u0151tt elavultt\u00e1, mert:<\/p>\n\n\n\n<ul class=\"wp-block-list\">\n<li>a k\u00e1belez\u00e9s csak egy adott eszk\u00f6zre van m\u00e9retezve,<\/li>\n\n\n\n<li>a csatlakoz\u00f3k nem cser\u00e9lhet\u0151k,<\/li>\n\n\n\n<li>nincs hely \u00faj eszk\u00f6z\u00f6knek (dock, kamera, mikrofon, extra monitor),<\/li>\n\n\n\n<li>az \u00e1talak\u00edt\u00e1s bont\u00e1ssal j\u00e1rna.<\/li>\n<\/ul>\n\n\n\n<p>Ez nem technol\u00f3giai, hanem <strong>tervez\u00e9si hiba<\/strong>.<\/p>\n\n\n\n<h4 class=\"wp-block-heading\"><strong>Mit jelent val\u00f3j\u00e1ban a technol\u00f3giai j\u00f6v\u0151\u00e1ll\u00f3s\u00e1g?<\/strong><\/h4>\n\n\n\n<p>Nem azt, hogy \u201eminden benne van\u201d, hanem azt, hogy:<\/p>\n\n\n\n<ul class=\"wp-block-list\">\n<li><strong>b\u0151v\u00edthet\u0151<\/strong> a k\u00e1bel- \u00e9s csatlakoz\u00f3rendszer,<\/li>\n\n\n\n<li><strong>\u00e1talak\u00edthat\u00f3<\/strong> a bont\u00e1s n\u00e9lk\u00fcl,<\/li>\n\n\n\n<li><strong>rejtve tarthat\u00f3<\/strong> a technika akkor is, ha t\u00f6bb lesz bel\u0151le,<\/li>\n\n\n\n<li><strong>nem korl\u00e1tozza<\/strong> a munkast\u00edlus v\u00e1ltoz\u00e1s\u00e1t.<\/li>\n<\/ul>\n\n\n\n<p>Egy j\u00f3l tervezett vezet\u0151i \u00edr\u00f3asztaln\u00e1l a technol\u00f3gia <strong>infrastrukt\u00fara<\/strong>, nem l\u00e1tv\u00e1nyelem.<\/p>\n\n\n\n<h4 class=\"wp-block-heading\"><strong>Mire \u00e9rdemes el\u0151re gondolni?<\/strong><\/h4>\n\n\n\n<p>A gyakorlat azt mutatja, hogy 5\u201310 \u00e9ves t\u00e1von szinte biztosan megjelenik:<\/p>\n\n\n\n<ul class=\"wp-block-list\">\n<li>t\u00f6bb monitor vagy m\u00e1s elrendez\u00e9s,<\/li>\n\n\n\n<li>\u00faj t\u00edpus\u00fa csatlakoz\u00e1s (pl. USB-C \u2192 Thunderbolt v\u00e1lt\u00e1s),<\/li>\n\n\n\n<li>\u00e1lland\u00f3 vide\u00f3meeting-eszk\u00f6z\u00f6k,<\/li>\n\n\n\n<li>nagyobb teljes\u00edtm\u00e9ny\u0171 laptopok, dokkol\u00f3k.<\/li>\n<\/ul>\n\n\n\n<p>Ha ezeknek <strong>nincs el\u0151k\u00e9sz\u00edtett hely\u00fck<\/strong>, az asztal funkcion\u00e1lisan elavul \u2013 m\u00e9g akkor is, ha szerkezetileg hib\u00e1tlan.<\/p>\n\n\n\n<h4 class=\"wp-block-heading\"><strong>A j\u00f3 d\u00f6nt\u00e9s ism\u00e9rve<\/strong><\/h4>\n\n\n\n<p>Egy j\u00f6v\u0151\u00e1ll\u00f3 vezet\u0151i \u00edr\u00f3asztal:<\/p>\n\n\n\n<ul class=\"wp-block-list\">\n<li>nem mondja meg, <strong>hogyan dolgozzon a vezet\u0151<\/strong>,<\/li>\n\n\n\n<li>hanem <strong>alkalmazkodik hozz\u00e1<\/strong> az \u00e9vek sor\u00e1n.<\/li>\n<\/ul>\n\n\n\n<p>Ez a k\u00fcl\u00f6nbs\u00e9g egy \u201ej\u00f3 b\u00fator\u201d \u00e9s egy <strong>hossz\u00fa t\u00e1v\u00fa vezet\u0151i eszk\u00f6z<\/strong> k\u00f6z\u00f6tt.<\/p>\n\n\n\n<h3 class=\"wp-block-heading\"><strong>6. Hossz\u00fa t\u00e1v\u00fa d\u00f6nt\u00e9si logika: mikor val\u00f3ban \u201ej\u00f6v\u0151\u00e1ll\u00f3\u201d egy vezet\u0151i \u00edr\u00f3asztal?<\/strong><\/h3>\n\n\n\n<p>A <strong>j\u00f6v\u0151\u00e1ll\u00f3s\u00e1g<\/strong> nem egy extra funkci\u00f3, hanem <strong>d\u00f6nt\u00e9si szeml\u00e9let<\/strong>. Nem att\u00f3l lesz egy vezet\u0151i \u00edr\u00f3asztal id\u0151t\u00e1ll\u00f3, hogy ma minden trendet kipip\u00e1l, hanem att\u00f3l, hogy <strong>nem z\u00e1rja be a j\u00f6v\u0151beli d\u00f6nt\u00e9seket<\/strong>.<\/p>\n\n\n\n<h4 class=\"wp-block-heading\"><strong>A j\u00f6v\u0151\u00e1ll\u00f3 gondolkod\u00e1s l\u00e9nyege<\/strong><\/h4>\n\n\n\n<p>Egy j\u00f3l megv\u00e1lasztott vezet\u0151i \u00edr\u00f3asztal eset\u00e9ben:<\/p>\n\n\n\n<ul class=\"wp-block-list\">\n<li>a <strong>szerkezet<\/strong> er\u0151sebb, mint az aktu\u00e1lis ig\u00e9ny,<\/li>\n\n\n\n<li>az <strong>elrendez\u00e9s<\/strong> t\u00f6bbf\u00e9le munkast\u00edlust is kiszolg\u00e1l,<\/li>\n\n\n\n<li>a <strong>technikai infrastrukt\u00fara<\/strong> b\u0151v\u00edthet\u0151,<\/li>\n\n\n\n<li>az <strong>eszt\u00e9tika<\/strong> nem trendf\u00fcgg\u0151, hanem id\u0151t\u00e1ll\u00f3.<\/li>\n<\/ul>\n\n\n\n<p>Ez azt jelenti, hogy az asztal nem \u201ek\u00e9sz \u00e1llapot\u201d, hanem <strong>fejleszthet\u0151 alap<\/strong>.<\/p>\n\n\n\n<h4 class=\"wp-block-heading\"><strong>Mikor nem j\u00f6v\u0151\u00e1ll\u00f3 egy d\u00f6nt\u00e9s?<\/strong><\/h4>\n\n\n\n<p>Figyelmeztet\u0151 jelek:<\/p>\n\n\n\n<ul class=\"wp-block-list\">\n<li>ha az asztal csak egy konkr\u00e9t elrendez\u00e9sben m\u0171k\u00f6dik j\u00f3l,<\/li>\n\n\n\n<li>ha minden m\u00f3dos\u00edt\u00e1s bont\u00e1ssal j\u00e1rna,<\/li>\n\n\n\n<li>ha a technika l\u00e1that\u00f3 kompromisszumokra k\u00e9nyszer\u00edt,<\/li>\n\n\n\n<li>ha az \u00edr\u00f3asztal \u201ekin\u0151het\u0151\u201d 2\u20133 \u00e9ven bel\u00fcl.<\/li>\n<\/ul>\n\n\n\n<p>Ilyenkor nem az anyaghaszn\u00e1lat a gond, hanem az, hogy <strong>a d\u00f6nt\u00e9s t\u00fal r\u00f6vid id\u0151t\u00e1vra sz\u00f3lt<\/strong>.<\/p>\n\n\n\n<h4 class=\"wp-block-heading\"><strong>Mit \u00e9rdemes k\u00e9rd\u00e9sk\u00e9nt feltenni v\u00e1s\u00e1rl\u00e1s el\u0151tt?<\/strong><\/h4>\n\n\n\n<p>Ezek a k\u00e9rd\u00e9sek seg\u00edtenek eld\u00f6nteni, val\u00f3ban j\u00f6v\u0151\u00e1ll\u00f3-e az adott megold\u00e1s:<\/p>\n\n\n\n<ul class=\"wp-block-list\">\n<li>Ugyanez az \u00edr\u00f3asztal m\u0171k\u00f6dni fog-e m\u00e1s munkast\u00edlus mellett?<\/li>\n\n\n\n<li>K\u00f6nnyen \u00e1talak\u00edthat\u00f3-e a technikai k\u00f6rnyezet?<\/li>\n\n\n\n<li>Megmarad-e a t\u00e9rar\u00e1ny \u00e9s a preszt\u00edzs 5\u201310 \u00e9v m\u00falva is?<\/li>\n\n\n\n<li>Lehet-e b\u0151v\u00edteni an\u00e9lk\u00fcl, hogy az eg\u00e9sz b\u00fator \u00e9rtelm\u00e9t vesz\u00edten\u00e9?<\/li>\n<\/ul>\n\n\n\n<p>Ha ezekre <strong>igen<\/strong> a v\u00e1lasz, az \u00edr\u00f3asztal m\u00e1r nem puszt\u00e1n b\u00fator, hanem <strong>vezet\u0151i infrastrukt\u00fara<\/strong>.<\/p>\n\n\n\n<h4 class=\"wp-block-heading\"><strong>R\u00f6vid \u00f6sszegz\u00e9s<\/strong><\/h4>\n\n\n\n<p>A j\u00f6v\u0151\u00e1ll\u00f3 vezet\u0151i \u00edr\u00f3asztal:<\/p>\n\n\n\n<ul class=\"wp-block-list\">\n<li>nem trendeket k\u00f6vet,<\/li>\n\n\n\n<li>nem pillanatnyi ig\u00e9nyekre reag\u00e1l,<\/li>\n\n\n\n<li>hanem <strong>id\u0151t\u00e1ll\u00f3 keretet ad a vezet\u0151i munk\u00e1hoz<\/strong>.<\/li>\n<\/ul>\n\n\n\n<p>Ez\u00e9rt a legjobb d\u00f6nt\u00e9sek nem felt\u00e9tlen\u00fcl a legl\u00e1tv\u00e1nyosabbak \u2013 hanem azok, amelyek <strong>\u00e9vek m\u00falva is csendben j\u00f3l m\u0171k\u00f6dnek<\/strong>.<\/p>\n\n\n\n<h3 class=\"wp-block-heading\"><strong>7. Gyors d\u00f6nt\u00e9si checklist \u2013 val\u00f3ban j\u00f6v\u0151\u00e1ll\u00f3-e a v\u00e1lasztott vezet\u0151i \u00edr\u00f3asztal?<\/strong><\/h3>\n\n\n\n<p>Az al\u00e1bbi checklist seg\u00edt <strong>\u00f6sszefoglalni \u00e9s valid\u00e1lni<\/strong> a d\u00f6nt\u00e9st. Ha a legt\u00f6bb k\u00e9rd\u00e9sre igen a v\u00e1lasz, akkor nemcsak j\u00f3 \u00edr\u00f3asztalt v\u00e1laszt, hanem <strong>hossz\u00fa t\u00e1von is stabil vezet\u0151i megold\u00e1st<\/strong>.<\/p>\n\n\n\n<p><strong>Szerkezeti \u00e9s kialak\u00edt\u00e1si szempontok<\/strong><\/p>\n\n\n\n<ul class=\"wp-block-list\">\n<li>\u2610 Az \u00edr\u00f3asztal szerkezete t\u00fal van m\u00e9retezve a jelenlegi haszn\u00e1lathoz k\u00e9pest<\/li>\n\n\n\n<li>\u2610 Nem egyetlen elrendez\u00e9sre \u201ek\u00e9nyszer\u00edt\u201d, hanem t\u00f6bb munkast\u00edlust is kiszolg\u00e1l<\/li>\n\n\n\n<li>\u2610 A l\u00e1bszerkezet, oldalszekr\u00e9ny vagy tart\u00f3elem k\u00e9s\u0151bb is kompatibilis marad<\/li>\n<\/ul>\n\n\n\n<p><strong>Technol\u00f3giai j\u00f6v\u0151\u00e1ll\u00f3s\u00e1g<\/strong><\/p>\n\n\n\n<ul class=\"wp-block-list\">\n<li>\u2610 A k\u00e1belez\u00e9s b\u0151v\u00edthet\u0151, \u00e1talak\u00edthat\u00f3 bont\u00e1s n\u00e9lk\u00fcl<\/li>\n\n\n\n<li>\u2610 Van hely rejtett dugaljak, \u00faj csatlakoz\u00f3k, tov\u00e1bbi eszk\u00f6z\u00f6k integr\u00e1l\u00e1s\u00e1ra<\/li>\n\n\n\n<li>\u2610 A technika elrejthet\u0151 marad akkor is, ha n\u0151 az eszk\u00f6zsz\u00e1m<\/li>\n<\/ul>\n\n\n\n<p><strong>Ergon\u00f3mia \u00e9s haszn\u00e1lhat\u00f3s\u00e1g<\/strong><\/p>\n\n\n\n<ul class=\"wp-block-list\">\n<li>\u2610 Az \u00edr\u00f3asztal m\u00e9rete \u00e9s magass\u00e1ga hossz\u00fa t\u00e1von is komfortos<\/li>\n\n\n\n<li>\u2610 \u00d6sszhangban van a vezet\u0151i sz\u00e9kkel \u00e9s a munkapoz\u00edci\u00f3val<\/li>\n\n\n\n<li>\u2610 Nem k\u00e9nyszer\u00edt rossz testtart\u00e1sra vagy kompromisszumokra<\/li>\n<\/ul>\n\n\n\n<p><strong>Preszt\u00edzs \u00e9s id\u0151t\u00e1ll\u00f3s\u00e1g<\/strong><\/p>\n\n\n\n<ul class=\"wp-block-list\">\n<li>\u2610 Az anyaghaszn\u00e1lat nem trendf\u00fcgg\u0151, 5\u201310 \u00e9v m\u00falva is v\u00e1llalhat\u00f3<\/li>\n\n\n\n<li>\u2610 A forma nem \u201edivatos\u201d, hanem tudatosan visszafogott<\/li>\n\n\n\n<li>\u2610 A megjelen\u00e9s alkalmazkodik a vezet\u0151 szerep\u00e9nek v\u00e1ltoz\u00e1s\u00e1hoz<\/li>\n<\/ul>\n\n\n\n<p><strong>Ha ezek k\u00f6z\u00fcl legal\u00e1bb 80%-ra igen a v\u00e1lasz<\/strong>, akkor az \u00edr\u00f3asztal val\u00f3ban <strong>j\u00f6v\u0151\u00e1ll\u00f3 d\u00f6nt\u00e9s<\/strong>, nem csak egy aktu\u00e1lisan j\u00f3 v\u00e1laszt\u00e1s.<\/p>\n\n\n\n<h3 class=\"wp-block-heading\"><strong>Z\u00e1r\u00f3 \u00f6sszegz\u00e9s: a j\u00f6v\u0151\u00e1ll\u00f3 vezet\u0151i \u00edr\u00f3asztal nem trend, hanem szeml\u00e9let<\/strong><\/h3>\n\n\n\n<p>A j\u00f6v\u0151\u00e1ll\u00f3 vezet\u0151i \u00edr\u00f3asztal kiv\u00e1laszt\u00e1sa nem egyetlen funkci\u00f3r\u00f3l, anyagr\u00f3l vagy form\u00e1r\u00f3l sz\u00f3l. Sokkal ink\u00e1bb <strong>el\u0151rel\u00e1t\u00f3 gondolkod\u00e1st<\/strong> ig\u00e9nyel: azt, hogy a b\u00fator ne csak a jelenlegi munkav\u00e9gz\u00e9st szolg\u00e1lja ki, hanem alkalmazkodni tudjon a vezet\u0151 szerep\u00e9nek, munkast\u00edlus\u00e1nak \u00e9s a technol\u00f3giai k\u00f6rnyezetnek a v\u00e1ltoz\u00e1saihoz is.<\/p>\n\n\n\n<p>Egy j\u00f3l megv\u00e1lasztott vezet\u0151i \u00edr\u00f3asztal:<\/p>\n\n\n\n<ul class=\"wp-block-list\">\n<li>nem szor\u00edtja keretek k\u00f6z\u00e9 a j\u00f6v\u0151beni d\u00f6nt\u00e9seket,<\/li>\n\n\n\n<li>nem v\u00e1lik elavultt\u00e1 n\u00e9h\u00e1ny \u00e9v alatt,<\/li>\n\n\n\n<li>\u00e9s nem ig\u00e9nyel kompromisszumokat akkor sem, amikor a szervezet fejl\u0151dik vagy \u00e1talakul.<\/li>\n<\/ul>\n\n\n\n<p>A val\u00f3di j\u00f6v\u0151\u00e1ll\u00f3s\u00e1g ott kezd\u0151dik, ahol a <strong>szerkezet, az ergon\u00f3mia, a technol\u00f3giai integr\u00e1ci\u00f3 \u00e9s a megjelen\u00e9s<\/strong> egys\u00e9ges rendszert alkot. Ilyenkor az \u00edr\u00f3asztal nem egyszer\u0171 b\u00fatordarab, hanem <strong>stabil munkak\u00f6rnyezet<\/strong>, amely hossz\u00fa t\u00e1von is t\u00e1mogatja a f\u00f3kusz\u00e1lt gondolkod\u00e1st, a hat\u00e9kony d\u00f6nt\u00e9shozatalt \u00e9s a vezet\u0151i jelenl\u00e9tet.<\/p>\n\n\n\n<p>Ha ezek a szempontok tudatosan jelen vannak a v\u00e1laszt\u00e1sn\u00e1l, akkor az \u00edr\u00f3asztal nemcsak \u201ema j\u00f3\u201d, hanem <strong>\u00e9vek m\u00falva is mag\u00e1t\u00f3l \u00e9rtet\u0151d\u0151en m\u0171k\u00f6dik<\/strong> \u2013 k\u00fcl\u00f6n\u00f6sebb \u00e1talak\u00edt\u00e1s vagy cser\u00e9k n\u00e9lk\u00fcl.<\/p>\n\n\n\n<blockquote class=\"wp-block-quote is-layout-flow wp-block-quote-is-layout-flow\">\n<p>Ha a j\u00f6v\u0151\u00e1ll\u00f3s\u00e1g szempontjait a <strong>vezet\u0151i szerep, a t\u00e9rhaszn\u00e1lat \u00e9s a hossz\u00fa t\u00e1v\u00fa d\u00f6nt\u00e9sek<\/strong> oldal\u00e1r\u00f3l is szeretn\u00e9 \u00e1tl\u00e1tni, \u00e9rdemes elolvasni a \u201e<a href=\"https:\/\/www.bathori.hu\/blog\/vezetoi-iroasztal\" data-type=\"link\" data-id=\"https:\/\/www.bathori.hu\/blog\/vezetoi-iroasztal\">Vezet\u0151i \u00edr\u00f3asztal v\u00e1laszt\u00e1sa: m\u00e9retek, elrendez\u00e9s, szerep \u00e9s hossz\u00fa t\u00e1v\u00fa d\u00f6nt\u00e9si szempontok<\/a>\u201d c\u00edm\u0171 \u00f6sszefoglal\u00f3 \u00fatmutat\u00f3t.<\/p>\n<\/blockquote>\n\n\n\n<p><\/p>\n","protected":false},"excerpt":{"rendered":"<p>A j\u00f6v\u0151\u00e1ll\u00f3 vezet\u0151i \u00edr\u00f3asztal nem att\u00f3l lesz \u201emodern\u201d, hogy ma j\u00f3l n\u00e9z ki, hanem att\u00f3l, hogy \u00e9vek m\u00falva is t\u00e1mogatja azt a d\u00f6nt\u00e9si szintet, ahol a vezet\u0151 dolgozik. Egy vezet\u0151i \u00edr\u00f3asztal ritk\u00e1n cser\u00e9l\u0151dik \u2013 jellemz\u0151en 5\u201310 \u00e9vre v\u00e1lasztj\u00e1k \u2013, mik\u00f6zben ezalatt megv\u00e1ltozik a munkast\u00edlus, a technol\u00f3gia, az ergon\u00f3miai ig\u00e9ny \u00e9s gyakran maga a vezet\u0151i szerep &#8230; <a title=\"Hogyan v\u00e1lasszon j\u00f6v\u0151\u00e1ll\u00f3 vezet\u0151i \u00edr\u00f3asztalt? \u2013 d\u00f6nt\u00e9sek, amelyek \u00e9vek m\u00falva is m\u0171k\u00f6dnek\" class=\"read-more\" href=\"https:\/\/www.bathori.hu\/blog\/jovoallo-vezetoi-iroasztal\/\" aria-label=\"Read more about Hogyan v\u00e1lasszon j\u00f6v\u0151\u00e1ll\u00f3 vezet\u0151i \u00edr\u00f3asztalt? \u2013 d\u00f6nt\u00e9sek, amelyek \u00e9vek m\u00falva is m\u0171k\u00f6dnek\">Olvass tov\u00e1bb<\/a><\/p>\n","protected":false},"author":1,"featured_media":1196,"comment_status":"closed","ping_status":"closed","sticky":false,"template":"","format":"standard","meta":{"footnotes":""},"categories":[25],"tags":[],"class_list":["post-1186","post","type-post","status-publish","format-standard","has-post-thumbnail","hentry","category-vezetoi-iroasztal"],"_links":{"self":[{"href":"https:\/\/www.bathori.hu\/blog\/wp-json\/wp\/v2\/posts\/1186","targetHints":{"allow":["GET"]}}],"collection":[{"href":"https:\/\/www.bathori.hu\/blog\/wp-json\/wp\/v2\/posts"}],"about":[{"href":"https:\/\/www.bathori.hu\/blog\/wp-json\/wp\/v2\/types\/post"}],"author":[{"embeddable":true,"href":"https:\/\/www.bathori.hu\/blog\/wp-json\/wp\/v2\/users\/1"}],"replies":[{"embeddable":true,"href":"https:\/\/www.bathori.hu\/blog\/wp-json\/wp\/v2\/comments?post=1186"}],"version-history":[{"count":2,"href":"https:\/\/www.bathori.hu\/blog\/wp-json\/wp\/v2\/posts\/1186\/revisions"}],"predecessor-version":[{"id":1188,"href":"https:\/\/www.bathori.hu\/blog\/wp-json\/wp\/v2\/posts\/1186\/revisions\/1188"}],"wp:featuredmedia":[{"embeddable":true,"href":"https:\/\/www.bathori.hu\/blog\/wp-json\/wp\/v2\/media\/1196"}],"wp:attachment":[{"href":"https:\/\/www.bathori.hu\/blog\/wp-json\/wp\/v2\/media?parent=1186"}],"wp:term":[{"taxonomy":"category","embeddable":true,"href":"https:\/\/www.bathori.hu\/blog\/wp-json\/wp\/v2\/categories?post=1186"},{"taxonomy":"post_tag","embeddable":true,"href":"https:\/\/www.bathori.hu\/blog\/wp-json\/wp\/v2\/tags?post=1186"}],"curies":[{"name":"wp","href":"https:\/\/api.w.org\/{rel}","templated":true}]}}