{"id":1179,"date":"2026-01-22T08:00:00","date_gmt":"2026-01-22T06:00:00","guid":{"rendered":"https:\/\/www.bathori.hu\/blog\/?p=1179"},"modified":"2026-01-22T09:35:16","modified_gmt":"2026-01-22T07:35:16","slug":"mikor-kell-cserelni-a-vezetoi-iroasztalt","status":"publish","type":"post","link":"https:\/\/www.bathori.hu\/blog\/mikor-kell-cserelni-a-vezetoi-iroasztalt\/","title":{"rendered":"Meddig j\u00f3 egy vezet\u0151i \u00edr\u00f3asztal \u2013 mikor j\u00f6n el a csere ideje?"},"content":{"rendered":"\n<p><strong>Mikor kell cser\u00e9lni a vezet\u0151i \u00edr\u00f3asztalt?<\/strong><\/p>\n\n\n\n<p>Ez a k\u00e9rd\u00e9s jellemz\u0151en nem akkor mer\u00fcl fel, amikor az asztal m\u00e1r l\u00e1that\u00f3an elhaszn\u00e1l\u00f3dott, hanem akkor, amikor a vezet\u0151 egyre gyakrabban \u00e9rzi: <em>valami nem m\u0171k\u00f6dik k\u00e9nyelmesen k\u00f6r\u00fcl\u00f6tte<\/em>.<\/p>\n\n\n\n<p>A vezet\u0151i \u00edr\u00f3asztal \u00e9lettartama nem kiz\u00e1r\u00f3lag anyag- vagy min\u0151s\u00e9gf\u00fcgg\u0151. Sokkal ink\u00e1bb att\u00f3l f\u00fcgg, <strong>mennyire tud l\u00e9p\u00e9st tartani a vezet\u0151 szerep\u00e9vel, munkast\u00edlus\u00e1val \u00e9s a technol\u00f3giai k\u00f6rnyezettel<\/strong>. Egy asztal lehet eszt\u00e9tikailag kifog\u00e1stalan, m\u00e9gis elavult abb\u00f3l a szempontb\u00f3l, ahogyan ma d\u00f6nt\u00e9sek sz\u00fcletnek, t\u00e1rgyal\u00e1sok zajlanak vagy digit\u00e1lis eszk\u00f6z\u00f6k ker\u00fclnek haszn\u00e1latba.<\/p>\n\n\n\n<p>Ebben a cikkben azt j\u00e1rjuk k\u00f6r\u00fcl, <strong>mikor v\u00e1lik indokoltt\u00e1 a vezet\u0151i \u00edr\u00f3asztal cser\u00e9je<\/strong>, milyen jelekre \u00e9rdemes figyelni, \u00e9s mikor elegend\u0151 m\u00e9g egy \u00e1tgondolt \u00e1talak\u00edt\u00e1s \u2014 hogy a csere val\u00f3ban tudatos d\u00f6nt\u00e9s legyen, ne k\u00e9nyszer\u0171 reakci\u00f3.<\/p>\n\n\n\n<h2 class=\"wp-block-heading\"><strong>1. Nem az id\u0151 d\u00f6nti el, hanem a funkci\u00f3: mikor \u201e\u00f6regszik el\u201d \u00e9s mikor kell cser\u00e9lni a vezet\u0151i \u00edr\u00f3asztalt<\/strong><\/h2>\n\n\n\n<p>Sokan automatikusan az \u00e9veket n\u00e9zik: <em>5 \u00e9ves? 10 \u00e9ves? 15 \u00e9ves?<\/em><\/p>\n\n\n\n<p>Pedig a vezet\u0151i \u00edr\u00f3asztal eset\u00e9ben <strong>nem az eltelt id\u0151 a d\u00f6nt\u0151 t\u00e9nyez\u0151<\/strong>, hanem az, hogy az asztal mennyire k\u00e9pes kiszolg\u00e1lni a jelenlegi vezet\u0151i m\u0171k\u00f6d\u00e9st.<\/p>\n\n\n\n<p>Egy j\u00f3 min\u0151s\u00e9g\u0171 vezet\u0151i \u00edr\u00f3asztal fizikailag ak\u00e1r 10\u201315 \u00e9vig is haszn\u00e1lhat\u00f3 maradhat. Ugyanakkor <strong>funkcion\u00e1lisan m\u00e1r j\u00f3val kor\u00e1bban \u201eelavulhat\u201d<\/strong>, ha a vezet\u0151 szerepe, munkaritmusa vagy technol\u00f3giai k\u00f6rnyezete megv\u00e1ltozik.<\/p>\n\n\n\n<p>Tipikus jelek, amikor az \u00edr\u00f3asztal m\u00e1r nem m\u0171k\u00f6dik j\u00f3l:<\/p>\n\n\n\n<ul class=\"wp-block-list\">\n<li>a vezet\u0151 egyre t\u00f6bb technikai eszk\u00f6zt haszn\u00e1l, de az asztal nem erre k\u00e9sz\u00fclt,<\/li>\n\n\n\n<li>a k\u00e1belek, t\u00f6lt\u0151k, monitorok \u201er\u00e1\u00e9p\u00fclnek\u201d a munkafel\u00fcletre,<\/li>\n\n\n\n<li>a t\u00e1rgyal\u00e1sokhoz nincs megfelel\u0151 t\u00e9r vagy \u00fcl\u00e9srend,<\/li>\n\n\n\n<li>a vezet\u0151 gyakran v\u00e1lt munkapoz\u00edci\u00f3t, de az asztal statikus marad,<\/li>\n\n\n\n<li>az asztal ar\u00e1nyai nem t\u00fckr\u00f6zik a vezet\u0151 jelenlegi poz\u00edci\u00f3j\u00e1t.<\/li>\n<\/ul>\n\n\n\n<p>Fontos k\u00fcl\u00f6nbs\u00e9gt\u00e9tel:<\/p>\n\n\n\n<p><strong>egy vezet\u0151i \u00edr\u00f3asztal nem akkor \u00f6regszik el, amikor kopott lesz, hanem amikor korl\u00e1tozni kezdi a d\u00f6nt\u00e9shozatalt<\/strong>.<\/p>\n\n\n\n<p>Sok esetben nem az asztal min\u0151s\u00e9ge a probl\u00e9ma, hanem az, hogy:<\/p>\n\n\n\n<ul class=\"wp-block-list\">\n<li>m\u00e1s t\u00edpus\u00fa d\u00f6nt\u00e9sek sz\u00fcletnek rajta,<\/li>\n\n\n\n<li>m\u00e1s emberek \u00fclnek k\u00f6r\u00e9,<\/li>\n\n\n\n<li>m\u00e1s eszk\u00f6z\u00f6k ker\u00fclnek r\u00e1,<\/li>\n\n\n\n<li>m\u00e1s temp\u00f3ban zajlik a munka.<\/li>\n<\/ul>\n\n\n\n<p>Ilyenkor az asztal m\u00e9g \u201esz\u00e9p\u201d, m\u00e9g \u201emassz\u00edv\u201d, m\u00e9g \u201ej\u00f3 \u00e1llapot\u00fa\u201d \u2014 <strong>csak m\u00e1r nem t\u00e1mogatja optim\u00e1lisan a vezet\u0151i m\u0171k\u00f6d\u00e9st<\/strong>.<\/p>\n\n\n\n<p>Ez az a pont, ahol a csere k\u00e9rd\u00e9se egy\u00e1ltal\u00e1n felmer\u00fclhet. Nem az\u00e9rt, mert musz\u00e1j, hanem mert <strong>a vezet\u0151i munka min\u0151s\u00e9ge v\u00e1ltozott meg<\/strong>.<\/p>\n\n\n\n<h2 class=\"wp-block-heading\"><strong>2. Figyelmeztet\u0151 jelek: amikor az \u00edr\u00f3asztal m\u00e1r akad\u00e1lyozza a vezet\u0151i munk\u00e1t<\/strong><\/h2>\n\n\n\n<p>A vezet\u0151i \u00edr\u00f3asztal cser\u00e9je ritk\u00e1n egyik napr\u00f3l a m\u00e1sikra v\u00e1lik sz\u00fcks\u00e9gess\u00e9. Sokkal gyakoribb, hogy <strong>apr\u00f3, de visszat\u00e9r\u0151 probl\u00e9m\u00e1k<\/strong> jelennek meg, amelyek k\u00fcl\u00f6n-k\u00fcl\u00f6n m\u00e9g elviselhet\u0151k, egy\u00fctt viszont m\u00e1r \u00e9rezhet\u0151en rontj\u00e1k a hat\u00e9konys\u00e1got.<\/p>\n\n\n\n<p>Ezek a jelek \u00e1ltal\u00e1ban nem l\u00e1tv\u00e1nyosak, ink\u00e1bb \u201ezavar\u00f3ak\u201d.<\/p>\n\n\n\n<h3 class=\"wp-block-heading\"><strong>Ergonomiai probl\u00e9m\u00e1k, amelyek \u00e1lland\u00f3sulnak<\/strong><\/h3>\n\n\n\n<p>Ha a vezet\u0151 rendszeresen:<\/p>\n\n\n\n<ul class=\"wp-block-list\">\n<li>v\u00e1ll- vagy nyakfesz\u00fcl\u00e9st \u00e9rez munka k\u00f6zben,<\/li>\n\n\n\n<li>el\u0151rehajol a monitorhoz,<\/li>\n\n\n\n<li>nem tud k\u00e9nyelmes kart\u00e1maszt kialak\u00edtani,<\/li>\n\n\n\n<li>gyakran v\u00e1ltoztat \u00fcl\u0151poz\u00edci\u00f3t, de egyik sem ide\u00e1lis,<\/li>\n<\/ul>\n\n\n\n<p>akkor az asztal m\u00e9rete, magass\u00e1ga vagy m\u00e9lys\u00e9ge m\u00e1r nem felel meg a napi haszn\u00e1latnak.<\/p>\n\n\n\n<p>Ilyenkor gyakran <strong>nem a sz\u00e9k a hib\u00e1s<\/strong>, hanem az asztal\u2013sz\u00e9k\u2013monitor h\u00e1rmas ar\u00e1nya bomlott meg.<\/p>\n\n\n\n<h3 class=\"wp-block-heading\"><strong>Technol\u00f3giai \u201er\u00e1\u00e9p\u00fcl\u00e9s\u201d az asztalra<\/strong><\/h3>\n\n\n\n<p>Tipikus jel, amikor az asztalon megjelenik:<\/p>\n\n\n\n<ul class=\"wp-block-list\">\n<li>t\u00f6bb hosszabb\u00edt\u00f3,<\/li>\n\n\n\n<li>ideiglenes eloszt\u00f3k,<\/li>\n\n\n\n<li>l\u00e1that\u00f3 k\u00e1belk\u00f6tegek,<\/li>\n\n\n\n<li>k\u00fcls\u0151 dokkol\u00f3k \u00e9s t\u00f6lt\u0151k, amelyeknek nincs kijel\u00f6lt hely\u00fck.<\/li>\n<\/ul>\n\n\n\n<p>Ez azt mutatja, hogy az asztal <strong>nem a jelenlegi technol\u00f3giai ig\u00e9nyekre k\u00e9sz\u00fclt<\/strong>.<\/p>\n\n\n\n<p>A vezet\u0151 ugyan megoldja a helyzetet, de ez folyamatos kompromisszumot jelent, \u00e9s vizu\u00e1lisan is rontja a f\u00f3kuszt.<\/p>\n\n\n\n<h3 class=\"wp-block-heading\"><strong>T\u00e1rgyal\u00e1si helyzetekben jelentkez\u0151 fesz\u00fclts\u00e9g<\/strong><\/h3>\n\n\n\n<p>Amikor egy vezet\u0151i \u00edr\u00f3asztal m\u00e1r nem m\u0171k\u00f6dik j\u00f3l t\u00e1rgyal\u00e1sokn\u00e1l, az k\u00fcl\u00f6n\u00f6sen besz\u00e9des:<\/p>\n\n\n\n<ul class=\"wp-block-list\">\n<li>nincs el\u00e9g hely k\u00e9t-h\u00e1rom vend\u00e9g sz\u00e1m\u00e1ra,<\/li>\n\n\n\n<li>a vend\u00e9gek \u201eszorongva\u201d \u00fclnek,<\/li>\n\n\n\n<li>a monitor vagy eszk\u00f6z\u00f6k elvonj\u00e1k a figyelmet,<\/li>\n\n\n\n<li>a t\u00e9r nem engedi meg a term\u00e9szetes szemkontaktust.<\/li>\n<\/ul>\n\n\n\n<p>Ilyenkor az asztal <strong>nem seg\u00edti, hanem torz\u00edtja a kommunik\u00e1ci\u00f3t<\/strong>. Ez nem komfortk\u00e9rd\u00e9s, hanem \u00fczleti hat\u00e1s\u00fa probl\u00e9ma.<\/p>\n\n\n\n<h3 class=\"wp-block-heading\"><strong>Az asztal \u201ekin\u0151ve\u201d a vezet\u0151i szerephez k\u00e9pest<\/strong><\/h3>\n\n\n\n<p>Gyakori, hogy az asztal m\u00e9g a kor\u00e1bbi poz\u00edci\u00f3hoz illeszkedik:<\/p>\n\n\n\n<ul class=\"wp-block-list\">\n<li>kisebb l\u00e9tsz\u00e1m\u00fa csapat idej\u00e9b\u0151l maradt,<\/li>\n\n\n\n<li>kevesebb d\u00f6nt\u00e9si felel\u0151ss\u00e9ghez k\u00e9sz\u00fclt,<\/li>\n\n\n\n<li>m\u00e1s t\u00edpus\u00fa munkaritmusra volt optimaliz\u00e1lva.<\/li>\n<\/ul>\n\n\n\n<p>Ha a vezet\u0151 szerepe id\u0151k\u00f6zben kib\u0151v\u00fclt, de az asztal maradt ugyanaz, akkor <strong>a t\u00e9r lemarad a szerep m\u00f6g\u00f6tt<\/strong>. Ez hossz\u00fa t\u00e1von disszonanci\u00e1t okoz \u2014 nem felt\u00e9tlen\u00fcl kifel\u00e9, hanem a vezet\u0151 saj\u00e1t munk\u00e1j\u00e1ban.<\/p>\n\n\n\n<h2 class=\"wp-block-heading\"><strong>3. Mikor NEM indokolt m\u00e9g a vezet\u0151i \u00edr\u00f3asztal cser\u00e9je?<\/strong><\/h2>\n\n\n\n<p>Fontos tiszt\u00e1zni: <strong>nem minden k\u00e9nyelmetlens\u00e9g jelent automatikusan csereig\u00e9nyt<\/strong>. Sok vezet\u0151 t\u00fal kor\u00e1n gondolkodik \u00faj \u00edr\u00f3asztalban, mik\u00f6zben a probl\u00e9ma val\u00f3j\u00e1ban m\u00e1shol van \u2013 vagy \u00e1tmeneti jelleg\u0171.<\/p>\n\n\n\n<p>Ez a szakasz seg\u00edt elker\u00fclni a felesleges d\u00f6nt\u00e9seket.<\/p>\n\n\n\n<h3 class=\"wp-block-heading\"><strong>Ha a probl\u00e9ma nem struktur\u00e1lis, hanem be\u00e1ll\u00edt\u00e1si k\u00e9rd\u00e9s<\/strong><\/h3>\n\n\n\n<p>Gyakori eset, hogy az asztal alapvet\u0151en megfelel\u0151, de:<\/p>\n\n\n\n<ul class=\"wp-block-list\">\n<li>a monitor rossz magass\u00e1gban van,<\/li>\n\n\n\n<li>a sz\u00e9k nincs j\u00f3l be\u00e1ll\u00edtva,<\/li>\n\n\n\n<li>a k\u00e1belek ut\u00f3lag, rendezetlen\u00fcl ker\u00fcltek fel,<\/li>\n\n\n\n<li>az asztal alatti t\u00e9r nincs kihaszn\u00e1lva (pl. nincs k\u00e1belt\u00e1lca).<\/li>\n<\/ul>\n\n\n\n<p>Ezekben az esetekben <strong>nem az asztal \u201erossz\u201d<\/strong>, hanem a k\u00f6rnyezete nincs optimaliz\u00e1lva. Egy \u00e1tgondolt ergonomiai \u00e9s technikai finomhangol\u00e1s sokszor elegend\u0151 ahhoz, hogy az asztal m\u00e9g \u00e9vekig j\u00f3l szolg\u00e1ljon.<\/p>\n\n\n\n<h3 class=\"wp-block-heading\"><strong>Ha a vezet\u0151i munkam\u00f3d ideiglenesen v\u00e1ltozott meg<\/strong><\/h3>\n\n\n\n<p>El\u0151fordul, hogy egy id\u0151szakban:<\/p>\n\n\n\n<ul class=\"wp-block-list\">\n<li>t\u00f6bb az online meeting,<\/li>\n\n\n\n<li>\u00e1tmenetileg megn\u0151 az adminisztrat\u00edv terhel\u00e9s,<\/li>\n\n\n\n<li>projektcs\u00facs miatt zs\u00fafoltabb a munkak\u00f6rnyezet.<\/li>\n<\/ul>\n\n\n\n<p>Ilyenkor k\u00f6nny\u0171 azt \u00e9rezni, hogy \u201ekin\u0151tt\u00fck\u201d az asztalt, mik\u00f6zben a terhel\u00e9s <strong>nem tart\u00f3s<\/strong>, csak ciklikus.<\/p>\n\n\n\n<p>Ebben a helyzetben \u00e9rdemes kiv\u00e1rni, miel\u0151tt hossz\u00fa t\u00e1v\u00fa d\u00f6nt\u00e9st hoz.<\/p>\n\n\n\n<h3 class=\"wp-block-heading\"><strong>Ha a funkci\u00f3k m\u00e9g j\u00f3l elk\u00fcl\u00f6n\u00edthet\u0151k a t\u00e9rben<\/strong><\/h3>\n\n\n\n<p>Am\u00edg:<\/p>\n\n\n\n<ul class=\"wp-block-list\">\n<li>a f\u00f3kuszmunka zavartalanul v\u00e9gezhet\u0151,<\/li>\n\n\n\n<li>a t\u00e1rgyal\u00e1sok nem v\u00e1lnak k\u00e9nyelmetlenn\u00e9,<\/li>\n\n\n\n<li>a technika nem uralja le vizu\u00e1lisan a teret,<\/li>\n\n\n\n<li>a vezet\u0151 nem \u00e9rzi folyamatos kompromisszumnak a munkav\u00e9gz\u00e9st,<\/li>\n<\/ul>\n\n\n\n<p>addig az \u00edr\u00f3asztal <strong>funkcion\u00e1lisan m\u00e9g ell\u00e1tja a szerep\u00e9t<\/strong>, m\u00e9g akkor is, ha nem t\u00f6k\u00e9letes.<\/p>\n\n\n\n<h3 class=\"wp-block-heading\"><strong>Ha a csere oka ink\u00e1bb eszt\u00e9tikai, mint m\u0171k\u00f6d\u00e9si<\/strong><\/h3>\n\n\n\n<p>\u00d6nmag\u00e1ban az, hogy:<\/p>\n\n\n\n<ul class=\"wp-block-list\">\n<li>\u201emeguntuk\u201d a fel\u00fcletet,<\/li>\n\n\n\n<li>v\u00e1ltozott a trend,<\/li>\n\n\n\n<li>\u00faj irodak\u00e9pek j\u00f6ttek szembe,<\/li>\n<\/ul>\n\n\n\n<p>nem felt\u00e9tlen\u00fcl indokol cser\u00e9t. A vezet\u0151i \u00edr\u00f3asztal els\u0151dlegesen <strong>m\u0171k\u00f6d\u00e9si eszk\u00f6z<\/strong>, \u00e9s csak m\u00e1sodsorban designobjektum.<\/p>\n\n\n\n<p>Ha a d\u00f6nt\u00e9s m\u00f6g\u00f6tt nincs val\u00f3di funkcion\u00e1lis ok, \u00e9rdemes m\u00e9g v\u00e1rni.<\/p>\n\n\n\n<h2 class=\"wp-block-heading\"><strong>3. Mikor NEM indokolt m\u00e9g a vezet\u0151i \u00edr\u00f3asztal cser\u00e9je?<\/strong><\/h2>\n\n\n\n<p>Fontos tiszt\u00e1zni: <strong>nem minden k\u00e9nyelmetlens\u00e9g jelent automatikusan csereig\u00e9nyt<\/strong>. Sok vezet\u0151 t\u00fal kor\u00e1n gondolkodik \u00faj \u00edr\u00f3asztalban, mik\u00f6zben a probl\u00e9ma val\u00f3j\u00e1ban m\u00e1shol van \u2013 vagy \u00e1tmeneti jelleg\u0171.<\/p>\n\n\n\n<p>Ez a szakasz seg\u00edt elker\u00fclni a felesleges d\u00f6nt\u00e9seket.<\/p>\n\n\n\n<h3 class=\"wp-block-heading\"><strong>Ha a probl\u00e9ma nem struktur\u00e1lis, hanem be\u00e1ll\u00edt\u00e1si k\u00e9rd\u00e9s<\/strong><\/h3>\n\n\n\n<p>Gyakori eset, hogy az asztal alapvet\u0151en megfelel\u0151, de:<\/p>\n\n\n\n<ul class=\"wp-block-list\">\n<li>a monitor rossz magass\u00e1gban van,<\/li>\n\n\n\n<li>a sz\u00e9k nincs j\u00f3l be\u00e1ll\u00edtva,<\/li>\n\n\n\n<li>a k\u00e1belek ut\u00f3lag, rendezetlen\u00fcl ker\u00fcltek fel,<\/li>\n\n\n\n<li>az asztal alatti t\u00e9r nincs kihaszn\u00e1lva (pl. nincs k\u00e1belt\u00e1lca).<\/li>\n<\/ul>\n\n\n\n<p>Ezekben az esetekben <strong>nem az asztal \u201erossz\u201d<\/strong>, hanem a k\u00f6rnyezete nincs optimaliz\u00e1lva. Egy \u00e1tgondolt ergonomiai \u00e9s technikai finomhangol\u00e1s sokszor elegend\u0151 ahhoz, hogy az asztal m\u00e9g \u00e9vekig j\u00f3l szolg\u00e1ljon.<\/p>\n\n\n\n<h3 class=\"wp-block-heading\"><strong>Ha a vezet\u0151i munkam\u00f3d ideiglenesen v\u00e1ltozott meg<\/strong><\/h3>\n\n\n\n<p>El\u0151fordul, hogy egy id\u0151szakban:<\/p>\n\n\n\n<ul class=\"wp-block-list\">\n<li>t\u00f6bb az online meeting,<\/li>\n\n\n\n<li>\u00e1tmenetileg megn\u0151 az adminisztrat\u00edv terhel\u00e9s,<\/li>\n\n\n\n<li>projektcs\u00facs miatt zs\u00fafoltabb a munkak\u00f6rnyezet.<\/li>\n<\/ul>\n\n\n\n<p>Ilyenkor k\u00f6nny\u0171 azt \u00e9rezni, hogy \u201ekin\u0151tt\u00fck\u201d az asztalt, mik\u00f6zben a terhel\u00e9s <strong>nem tart\u00f3s<\/strong>, csak ciklikus.<\/p>\n\n\n\n<p>Ebben a helyzetben \u00e9rdemes kiv\u00e1rni, miel\u0151tt hossz\u00fa t\u00e1v\u00fa d\u00f6nt\u00e9st hoz.<\/p>\n\n\n\n<h3 class=\"wp-block-heading\"><strong>Ha a funkci\u00f3k m\u00e9g j\u00f3l elk\u00fcl\u00f6n\u00edthet\u0151k a t\u00e9rben<\/strong><\/h3>\n\n\n\n<p>Am\u00edg:<\/p>\n\n\n\n<ul class=\"wp-block-list\">\n<li>a f\u00f3kuszmunka zavartalanul v\u00e9gezhet\u0151,<\/li>\n\n\n\n<li>a t\u00e1rgyal\u00e1sok nem v\u00e1lnak k\u00e9nyelmetlenn\u00e9,<\/li>\n\n\n\n<li>a technika nem uralja le vizu\u00e1lisan a teret,<\/li>\n\n\n\n<li>a vezet\u0151 nem \u00e9rzi folyamatos kompromisszumnak a munkav\u00e9gz\u00e9st,<\/li>\n<\/ul>\n\n\n\n<p>addig az \u00edr\u00f3asztal <strong>funkcion\u00e1lisan m\u00e9g ell\u00e1tja a szerep\u00e9t<\/strong>, m\u00e9g akkor is, ha nem t\u00f6k\u00e9letes.<\/p>\n\n\n\n<h3 class=\"wp-block-heading\"><strong>Ha a csere oka ink\u00e1bb eszt\u00e9tikai, mint m\u0171k\u00f6d\u00e9si<\/strong><\/h3>\n\n\n\n<p>\u00d6nmag\u00e1ban az, hogy:<\/p>\n\n\n\n<ul class=\"wp-block-list\">\n<li>\u201emeguntuk\u201d a fel\u00fcletet,<\/li>\n\n\n\n<li>v\u00e1ltozott a trend,<\/li>\n\n\n\n<li>\u00faj irodak\u00e9pek j\u00f6ttek szembe,<\/li>\n<\/ul>\n\n\n\n<p>nem felt\u00e9tlen\u00fcl indokol cser\u00e9t. A vezet\u0151i \u00edr\u00f3asztal els\u0151dlegesen <strong>m\u0171k\u00f6d\u00e9si eszk\u00f6z<\/strong>, \u00e9s csak m\u00e1sodsorban designobjektum.<\/p>\n\n\n\n<p>Ha a d\u00f6nt\u00e9s m\u00f6g\u00f6tt nincs val\u00f3di funkcion\u00e1lis ok, \u00e9rdemes m\u00e9g v\u00e1rni.<\/p>\n\n\n\n<h2 class=\"wp-block-heading\"><strong>3. Mikor NEM indokolt m\u00e9g a vezet\u0151i \u00edr\u00f3asztal cser\u00e9je?<\/strong><\/h2>\n\n\n\n<p>Fontos tiszt\u00e1zni: <strong>nem minden k\u00e9nyelmetlens\u00e9g jelent automatikusan csereig\u00e9nyt<\/strong>. Sok vezet\u0151 t\u00fal kor\u00e1n gondolkodik \u00faj \u00edr\u00f3asztalban, mik\u00f6zben a probl\u00e9ma val\u00f3j\u00e1ban m\u00e1shol van \u2013 vagy \u00e1tmeneti jelleg\u0171.<\/p>\n\n\n\n<p>Ez a szakasz seg\u00edt elker\u00fclni a felesleges d\u00f6nt\u00e9seket.<\/p>\n\n\n\n<h3 class=\"wp-block-heading\"><strong>Ha a probl\u00e9ma nem struktur\u00e1lis, hanem be\u00e1ll\u00edt\u00e1si k\u00e9rd\u00e9s<\/strong><\/h3>\n\n\n\n<p>Gyakori eset, hogy az asztal alapvet\u0151en megfelel\u0151, de:<\/p>\n\n\n\n<ul class=\"wp-block-list\">\n<li>a monitor rossz magass\u00e1gban van,<\/li>\n\n\n\n<li>a sz\u00e9k nincs j\u00f3l be\u00e1ll\u00edtva,<\/li>\n\n\n\n<li>a k\u00e1belek ut\u00f3lag, rendezetlen\u00fcl ker\u00fcltek fel,<\/li>\n\n\n\n<li>az asztal alatti t\u00e9r nincs kihaszn\u00e1lva (pl. nincs k\u00e1belt\u00e1lca).<\/li>\n<\/ul>\n\n\n\n<p>Ezekben az esetekben <strong>nem az asztal \u201erossz\u201d<\/strong>, hanem a k\u00f6rnyezete nincs optimaliz\u00e1lva. Egy \u00e1tgondolt ergonomiai \u00e9s technikai finomhangol\u00e1s sokszor elegend\u0151 ahhoz, hogy az asztal m\u00e9g \u00e9vekig j\u00f3l szolg\u00e1ljon.<\/p>\n\n\n\n<h3 class=\"wp-block-heading\"><strong>Ha a vezet\u0151i munkam\u00f3d ideiglenesen v\u00e1ltozott meg<\/strong><\/h3>\n\n\n\n<p>El\u0151fordul, hogy egy id\u0151szakban:<\/p>\n\n\n\n<ul class=\"wp-block-list\">\n<li>t\u00f6bb az online meeting,<\/li>\n\n\n\n<li>\u00e1tmenetileg megn\u0151 az adminisztrat\u00edv terhel\u00e9s,<\/li>\n\n\n\n<li>projektcs\u00facs miatt zs\u00fafoltabb a munkak\u00f6rnyezet.<\/li>\n<\/ul>\n\n\n\n<p>Ilyenkor k\u00f6nny\u0171 azt \u00e9rezni, hogy \u201ekin\u0151tt\u00fck\u201d az asztalt, mik\u00f6zben a terhel\u00e9s <strong>nem tart\u00f3s<\/strong>, csak ciklikus.<\/p>\n\n\n\n<p>Ebben a helyzetben \u00e9rdemes kiv\u00e1rni, miel\u0151tt hossz\u00fa t\u00e1v\u00fa d\u00f6nt\u00e9st hoz.<\/p>\n\n\n\n<h3 class=\"wp-block-heading\"><strong>Ha a funkci\u00f3k m\u00e9g j\u00f3l elk\u00fcl\u00f6n\u00edthet\u0151k a t\u00e9rben<\/strong><\/h3>\n\n\n\n<p>Am\u00edg:<\/p>\n\n\n\n<ul class=\"wp-block-list\">\n<li>a f\u00f3kuszmunka zavartalanul v\u00e9gezhet\u0151,<\/li>\n\n\n\n<li>a t\u00e1rgyal\u00e1sok nem v\u00e1lnak k\u00e9nyelmetlenn\u00e9,<\/li>\n\n\n\n<li>a technika nem uralja le vizu\u00e1lisan a teret,<\/li>\n\n\n\n<li>a vezet\u0151 nem \u00e9rzi folyamatos kompromisszumnak a munkav\u00e9gz\u00e9st,<\/li>\n<\/ul>\n\n\n\n<p>addig az \u00edr\u00f3asztal <strong>funkcion\u00e1lisan m\u00e9g ell\u00e1tja a szerep\u00e9t<\/strong>, m\u00e9g akkor is, ha nem t\u00f6k\u00e9letes.<\/p>\n\n\n\n<h3 class=\"wp-block-heading\"><strong>Ha a csere oka ink\u00e1bb eszt\u00e9tikai, mint m\u0171k\u00f6d\u00e9si<\/strong><\/h3>\n\n\n\n<p>\u00d6nmag\u00e1ban az, hogy:<\/p>\n\n\n\n<ul class=\"wp-block-list\">\n<li>\u201emeguntuk\u201d a fel\u00fcletet,<\/li>\n\n\n\n<li>v\u00e1ltozott a trend,<\/li>\n\n\n\n<li>\u00faj irodak\u00e9pek j\u00f6ttek szembe,<\/li>\n<\/ul>\n\n\n\n<p>nem felt\u00e9tlen\u00fcl indokol cser\u00e9t. A vezet\u0151i \u00edr\u00f3asztal els\u0151dlegesen <strong>m\u0171k\u00f6d\u00e9si eszk\u00f6z<\/strong>, \u00e9s csak m\u00e1sodsorban designobjektum.<\/p>\n\n\n\n<p>Ha a d\u00f6nt\u00e9s m\u00f6g\u00f6tt nincs val\u00f3di funkcion\u00e1lis ok, \u00e9rdemes m\u00e9g v\u00e1rni.<\/p>\n\n\n\n<h2 class=\"wp-block-heading\"><strong>\u00d6sszegz\u00e9s: a vezet\u0151i \u00edr\u00f3asztal \u00e9lettartama nem \u00e9vsz\u00e1m, hanem d\u00f6nt\u00e9si szint k\u00e9rd\u00e9se<\/strong><\/h2>\n\n\n\n<p>A vezet\u0151i \u00edr\u00f3asztal nem akkor \u201ej\u00e1r le\u201d, amikor elt\u00f6rik, hanem akkor, amikor <strong>m\u00e1r nem t\u00e1mogatja azt a vezet\u0151i szerepet<\/strong>, amelyben ma dolgozik.<\/p>\n\n\n\n<p>5\u201310 \u00e9v alatt nemcsak az anyagok \u00f6regszenek:<\/p>\n\n\n\n<ul class=\"wp-block-list\">\n<li>megv\u00e1ltozik a munkast\u00edlus,<\/li>\n\n\n\n<li>\u00e1talakul a d\u00f6nt\u00e9shozatal m\u00f3dja,<\/li>\n\n\n\n<li>n\u0151 a technikai ig\u00e9ny,<\/li>\n\n\n\n<li>\u00e9s gyakran a vezet\u0151 szerepe is magasabb szintre l\u00e9p.<\/li>\n<\/ul>\n\n\n\n<p>Egy \u00edr\u00f3asztal akkor v\u00e1lik cser\u00e9re \u00e9rett\u00e9, amikor:<\/p>\n\n\n\n<ul class=\"wp-block-list\">\n<li>sz\u0171k keretek k\u00f6z\u00e9 szor\u00edtja a munk\u00e1t,<\/li>\n\n\n\n<li>kompromisszumokra k\u00e9nyszer\u00edt ergon\u00f3mi\u00e1ban vagy elrendez\u00e9sben,<\/li>\n\n\n\n<li>nem illeszkedik a napi terhel\u00e9shez \u00e9s d\u00f6nt\u00e9si helyzetekhez,<\/li>\n\n\n\n<li>vagy m\u00e1r nem azt az \u00fczenetet k\u00f6zvet\u00edti, amit a vezet\u0151i jelenl\u00e9t megk\u00edv\u00e1n.<\/li>\n<\/ul>\n\n\n\n<p>A j\u00f3 d\u00f6nt\u00e9s nem kapkod\u00e1sb\u00f3l sz\u00fcletik, hanem felismer\u00e9sb\u0151l:<\/p>\n\n\n\n<blockquote class=\"wp-block-quote is-layout-flow wp-block-quote-is-layout-flow\">\n<p><strong>amikor az \u00edr\u00f3asztal m\u00e1r nem seg\u00edt, hanem alkalmazkod\u00e1st v\u00e1r el a vezet\u0151t\u0151l.<\/strong><\/p>\n<\/blockquote>\n\n\n\n<p>Ha a csere tudatosan, el\u0151re megtervezve t\u00f6rt\u00e9nik, akkor nem k\u00f6lts\u00e9g, hanem <strong>hossz\u00fa t\u00e1v\u00fa befektet\u00e9s<\/strong> lesz \u2013 a hat\u00e9konyabb munk\u00e1ba, tiszt\u00e1bb d\u00f6nt\u00e9sekbe \u00e9s egy stabilabb vezet\u0151i m\u0171k\u00f6d\u00e9sbe.<\/p>\n\n\n\n<p>Egy j\u00f3l megv\u00e1lasztott vezet\u0151i \u00edr\u00f3asztal nem felt\u0171nik, hanem <strong>\u00e9szrev\u00e9tlen\u00fcl dolgozik \u00d6n helyett<\/strong> \u2013 \u00e9vekig.<\/p>\n\n\n\n<blockquote class=\"wp-block-quote is-layout-flow wp-block-quote-is-layout-flow\">\n<p>Ha a vezet\u0151i \u00edr\u00f3asztalt nem \u00f6nmag\u00e1ban, hanem hossz\u00fa t\u00e1v\u00fa m\u0171k\u00f6d\u00e9si d\u00f6nt\u00e9sk\u00e9nt szeretn\u00e9 kezelni, \u00e9rdemes elolvasni a <strong>\u201e<\/strong><a href=\"https:\/\/www.bathori.hu\/blog\/vezetoi-iroasztal\" data-type=\"link\" data-id=\"https:\/\/www.bathori.hu\/blog\/vezetoi-iroasztal\">Vezet\u0151i \u00edr\u00f3asztal v\u00e1laszt\u00e1sa: m\u00e9retek, elrendez\u00e9s, szerep \u00e9s hossz\u00fa t\u00e1v\u00fa d\u00f6nt\u00e9si szempontok<\/a><strong>\u201d<\/strong> c\u00edm\u0171 \u00fatmutat\u00f3t.<\/p>\n<\/blockquote>\n","protected":false},"excerpt":{"rendered":"<p>Mikor kell cser\u00e9lni a vezet\u0151i \u00edr\u00f3asztalt? Ez a k\u00e9rd\u00e9s jellemz\u0151en nem akkor mer\u00fcl fel, amikor az asztal m\u00e1r l\u00e1that\u00f3an elhaszn\u00e1l\u00f3dott, hanem akkor, amikor a vezet\u0151 egyre gyakrabban \u00e9rzi: valami nem m\u0171k\u00f6dik k\u00e9nyelmesen k\u00f6r\u00fcl\u00f6tte. A vezet\u0151i \u00edr\u00f3asztal \u00e9lettartama nem kiz\u00e1r\u00f3lag anyag- vagy min\u0151s\u00e9gf\u00fcgg\u0151. Sokkal ink\u00e1bb att\u00f3l f\u00fcgg, mennyire tud l\u00e9p\u00e9st tartani a vezet\u0151 szerep\u00e9vel, munkast\u00edlus\u00e1val \u00e9s &#8230; <a title=\"Meddig j\u00f3 egy vezet\u0151i \u00edr\u00f3asztal \u2013 mikor j\u00f6n el a csere ideje?\" class=\"read-more\" href=\"https:\/\/www.bathori.hu\/blog\/mikor-kell-cserelni-a-vezetoi-iroasztalt\/\" aria-label=\"Read more about Meddig j\u00f3 egy vezet\u0151i \u00edr\u00f3asztal \u2013 mikor j\u00f6n el a csere ideje?\">Olvass tov\u00e1bb<\/a><\/p>\n","protected":false},"author":1,"featured_media":1579,"comment_status":"closed","ping_status":"closed","sticky":false,"template":"","format":"standard","meta":{"footnotes":""},"categories":[25],"tags":[],"class_list":["post-1179","post","type-post","status-publish","format-standard","has-post-thumbnail","hentry","category-vezetoi-iroasztal"],"_links":{"self":[{"href":"https:\/\/www.bathori.hu\/blog\/wp-json\/wp\/v2\/posts\/1179","targetHints":{"allow":["GET"]}}],"collection":[{"href":"https:\/\/www.bathori.hu\/blog\/wp-json\/wp\/v2\/posts"}],"about":[{"href":"https:\/\/www.bathori.hu\/blog\/wp-json\/wp\/v2\/types\/post"}],"author":[{"embeddable":true,"href":"https:\/\/www.bathori.hu\/blog\/wp-json\/wp\/v2\/users\/1"}],"replies":[{"embeddable":true,"href":"https:\/\/www.bathori.hu\/blog\/wp-json\/wp\/v2\/comments?post=1179"}],"version-history":[{"count":6,"href":"https:\/\/www.bathori.hu\/blog\/wp-json\/wp\/v2\/posts\/1179\/revisions"}],"predecessor-version":[{"id":1185,"href":"https:\/\/www.bathori.hu\/blog\/wp-json\/wp\/v2\/posts\/1179\/revisions\/1185"}],"wp:featuredmedia":[{"embeddable":true,"href":"https:\/\/www.bathori.hu\/blog\/wp-json\/wp\/v2\/media\/1579"}],"wp:attachment":[{"href":"https:\/\/www.bathori.hu\/blog\/wp-json\/wp\/v2\/media?parent=1179"}],"wp:term":[{"taxonomy":"category","embeddable":true,"href":"https:\/\/www.bathori.hu\/blog\/wp-json\/wp\/v2\/categories?post=1179"},{"taxonomy":"post_tag","embeddable":true,"href":"https:\/\/www.bathori.hu\/blog\/wp-json\/wp\/v2\/tags?post=1179"}],"curies":[{"name":"wp","href":"https:\/\/api.w.org\/{rel}","templated":true}]}}