{"id":1167,"date":"2026-01-20T07:30:00","date_gmt":"2026-01-20T05:30:00","guid":{"rendered":"https:\/\/www.bathori.hu\/blog\/?p=1167"},"modified":"2026-01-20T08:45:57","modified_gmt":"2026-01-20T06:45:57","slug":"videomeeting-barat-vezetoi-iroasztal","status":"publish","type":"post","link":"https:\/\/www.bathori.hu\/blog\/videomeeting-barat-vezetoi-iroasztal\/","title":{"rendered":"Vide\u00f3meeting-bar\u00e1t vezet\u0151i \u00edr\u00f3asztal kialak\u00edt\u00e1sa \u2013 ergon\u00f3mia, kamera\u00e1ll\u00e1s \u00e9s professzion\u00e1lis megjelen\u00e9s"},"content":{"rendered":"\n<p>A <strong>vide\u00f3meeting-bar\u00e1t vezet\u0151i \u00edr\u00f3asztal<\/strong> ma m\u00e1r nem extra k\u00e9nyelmi elem, hanem a vezet\u0151i munka term\u00e9szetes r\u00e9sze. A d\u00f6nt\u00e9sek jelent\u0151s r\u00e9sze k\u00e9perny\u0151n kereszt\u00fcl sz\u00fcletik: online egyeztet\u00e9seken, vide\u00f3h\u00edv\u00e1sokon, hibrid t\u00e1rgyal\u00e1sokon. Ilyenkor a vezet\u0151 nemcsak besz\u00e9l, hanem <strong>megjelenik<\/strong> \u2013 \u00e9s ebben az \u00edr\u00f3asztal legal\u00e1bb akkora szerepet j\u00e1tszik, mint az \u00f6lt\u00f6zet vagy a kommunik\u00e1ci\u00f3 st\u00edlusa.<\/p>\n\n\n\n<p>Sokan m\u00e9g mindig \u00fagy tekintenek a vide\u00f3meetingre, mint egy technikai helyzetre: kamera bekapcsol, mikrofon m\u0171k\u00f6dik, \u00e9s k\u00e9sz. A val\u00f3s\u00e1gban azonban a kamera <strong>folyamatosan k\u00f6zvet\u00edt<\/strong>: testtart\u00e1st, t\u00e9rar\u00e1nyokat, rendezetts\u00e9get, d\u00f6nt\u00e9si kult\u00far\u00e1t. Egy rosszul megv\u00e1lasztott \u00edr\u00f3asztal, rossz kamera\u00e1ll\u00e1s vagy rendezetlen munkafel\u00fclet azonnal lerombolja azt a professzion\u00e1lis k\u00e9pet, amelyet a vezet\u0151 a t\u00e9rben egy\u00e9bk\u00e9nt gondosan fel\u00e9p\u00edt.<\/p>\n\n\n\n<p>A vide\u00f3meeting-bar\u00e1t vezet\u0151i \u00edr\u00f3asztal kialak\u00edt\u00e1sa ez\u00e9rt nem k\u00fcl\u00f6n technikai projekt, hanem <strong>tudatos t\u00e9rszervez\u00e9si \u00e9s im\u00e1zs-d\u00f6nt\u00e9s<\/strong>. \u00d6ssze kell hangolni az ergon\u00f3mi\u00e1t, a monitor \u00e9s kamera elhelyez\u00e9s\u00e9t, a k\u00e1belez\u00e9st, a f\u00e9nyeket \u00e9s az asztal vizu\u00e1lis ar\u00e1nyait. Ha ezek k\u00fcl\u00f6n-k\u00fcl\u00f6n j\u00f3l m\u0171k\u00f6dnek, de egy\u00fctt nem, a v\u00e9geredm\u00e9ny m\u00e9gis kompromisszumos lesz.<\/p>\n\n\n\n<p>Ebben a cikkben megmutatjuk,<\/p>\n\n\n\n<ul class=\"wp-block-list\">\n<li>milyen szempontok tesznek egy vezet\u0151i \u00edr\u00f3asztalt val\u00f3ban vide\u00f3meeting-bar\u00e1tt\u00e1,<\/li>\n\n\n\n<li>hogyan hat a kamera\u00e1ll\u00e1s \u00e9s az asztalm\u00e9ret a vezet\u0151i megjelen\u00e9sre,<\/li>\n\n\n\n<li>\u00e9s mire \u00e9rdemes m\u00e1r a tervez\u00e9si f\u00e1zisban figyelni, hogy a technika <strong>ne l\u00e1tsz\u00f3djon, hanem m\u0171k\u00f6dj\u00f6n<\/strong> \u2013 akkor is, amikor dolgozik, \u00e9s akkor is, amikor t\u00e1rgyal.<\/li>\n<\/ul>\n\n\n\n<p>A c\u00e9l nem az, hogy a vezet\u0151 \u201ej\u00f3l n\u00e9zzen ki a kamer\u00e1ban\u201d, hanem az, hogy a t\u00e9r <strong>k\u00f6vetkezetesen vezet\u0151i maradjon<\/strong> \u2013 online \u00e9s offline egyar\u00e1nt.<\/p>\n\n\n\n<h2 class=\"wp-block-heading\"><strong>1. Mi\u00e9rt k\u00fcl\u00f6n kateg\u00f3ria a vide\u00f3meeting-bar\u00e1t vezet\u0151i \u00edr\u00f3asztal?<\/strong><\/h2>\n\n\n\n<p>A vide\u00f3meeting-bar\u00e1t vezet\u0151i \u00edr\u00f3asztal nem egyszer\u0171en egy \u201e\u00edr\u00f3asztal, ami m\u00f6g\u00fcl lehet vide\u00f3zni\u201d. A k\u00fcl\u00f6nbs\u00e9g ott kezd\u0151dik, hogy m\u00edg a hagyom\u00e1nyos vezet\u0151i \u00edr\u00f3asztal els\u0151sorban <strong>bels\u0151 munk\u00e1ra \u00e9s szem\u00e9lyes t\u00e1rgyal\u00e1sokra<\/strong> k\u00e9sz\u00fcl, addig a vide\u00f3meeting sor\u00e1n az \u00edr\u00f3asztal <strong>k\u00f6zvet\u00edt\u0151 fel\u00fclett\u00e9<\/strong> v\u00e1lik a k\u00fclvil\u00e1g fel\u00e9.<\/p>\n\n\n\n<p>A kamera nemcsak az arcot mutatja, hanem:<\/p>\n\n\n\n<ul class=\"wp-block-list\">\n<li>az asztal m\u00e9ret\u00e9t \u00e9s ar\u00e1nyait,<\/li>\n\n\n\n<li>a vezet\u0151 testtart\u00e1s\u00e1t,<\/li>\n\n\n\n<li>a munkafel\u00fclet rendezetts\u00e9g\u00e9t,<\/li>\n\n\n\n<li>a h\u00e1tt\u00e9r \u00e9s az el\u0151t\u00e9r kapcsolat\u00e1t,<\/li>\n\n\n\n<li>\u00e9s k\u00f6zvetve a d\u00f6nt\u00e9shozatali kult\u00far\u00e1t is.<\/li>\n<\/ul>\n\n\n\n<p>Ez azt jelenti, hogy az \u00edr\u00f3asztal <strong>nem statikus b\u00fator<\/strong>, hanem akt\u00edv r\u00e9sze a kommunik\u00e1ci\u00f3nak.<\/p>\n\n\n\n<h3 class=\"wp-block-heading\"><strong>A klasszikus vezet\u0151i \u00edr\u00f3asztal logik\u00e1ja<\/strong><\/h3>\n\n\n\n<p>A hagyom\u00e1nyos vezet\u0151i \u00edr\u00f3asztalok tervez\u00e9sekor jellemz\u0151en ezek a szempontok domin\u00e1lnak:<\/p>\n\n\n\n<ul class=\"wp-block-list\">\n<li>tekint\u00e9lyt sug\u00e1rz\u00f3 m\u00e9ret,<\/li>\n\n\n\n<li>massz\u00edv megjelen\u00e9s,<\/li>\n\n\n\n<li>t\u00e1rol\u00e1si kapacit\u00e1s,<\/li>\n\n\n\n<li>szem\u00e9lyes t\u00e1rgyal\u00e1sokhoz megfelel\u0151 t\u00e1vols\u00e1g.<\/li>\n<\/ul>\n\n\n\n<p>Ezek a szempontok \u00f6nmagukban nem rosszak, viszont <strong>nem vide\u00f3kamer\u00e1ra optimaliz\u00e1ltak<\/strong>. Egy t\u00fal m\u00e9ly asztal p\u00e9ld\u00e1ul t\u00e1vol tolja a vezet\u0151t a kamer\u00e1t\u00f3l, egy t\u00fal magas el\u0151lap pedig \u201eelv\u00e1gja\u201d a testet, \u00e9s kedvez\u0151tlen perspekt\u00edv\u00e1t ad.<\/p>\n\n\n\n<h3 class=\"wp-block-heading\"><strong>Mit\u0151l lesz m\u00e1s a vide\u00f3meeting-bar\u00e1t kialak\u00edt\u00e1s?<\/strong><\/h3>\n\n\n\n<p>A vide\u00f3meeting-bar\u00e1t vezet\u0151i \u00edr\u00f3asztal tervez\u00e9sekor \u00faj k\u00e9rd\u00e9sek jelennek meg:<\/p>\n\n\n\n<ul class=\"wp-block-list\">\n<li>Hol helyezkedik el a kamera az asztalhoz k\u00e9pest?<\/li>\n\n\n\n<li>Mekkora az optim\u00e1lis t\u00e1vols\u00e1g a vezet\u0151 \u00e9s az asztal sz\u00e9le k\u00f6z\u00f6tt?<\/li>\n\n\n\n<li>L\u00e1tszik-e a k\u00e1belez\u00e9s, a technika, a napi haszn\u00e1lat nyoma?<\/li>\n\n\n\n<li>Hogyan hat az asztal vastags\u00e1ga \u00e9s sz\u00edne a k\u00e9perny\u0151n?<\/li>\n\n\n\n<li>Az asztal \u201elez\u00e1rja\u201d vagy \u201emegnyitja\u201d a k\u00e9pet?<\/li>\n<\/ul>\n\n\n\n<p>Ezek nem eszt\u00e9tikai finoms\u00e1gok, hanem <strong>\u00e9szlel\u00e9si t\u00e9nyez\u0151k<\/strong>, amelyek befoly\u00e1solj\u00e1k, hogyan \u00e9rtelmezik a vezet\u0151 jelenl\u00e9t\u00e9t egy online t\u00e9rben.<\/p>\n\n\n\n<h3 class=\"wp-block-heading\"><strong>Online t\u00e9r = folyamatos reprezent\u00e1ci\u00f3<\/strong><\/h3>\n\n\n\n<p>Fontos felismer\u00e9s, hogy a vide\u00f3meeting nem egyszeri esem\u00e9ny. Sok vezet\u0151n\u00e9l:<\/p>\n\n\n\n<ul class=\"wp-block-list\">\n<li>napi t\u00f6bb online egyeztet\u00e9s zajlik,<\/li>\n\n\n\n<li>k\u00fcl\u00f6nb\u00f6z\u0151 partnerekkel, elt\u00e9r\u0151 kontextusokban,<\/li>\n\n\n\n<li>gyakran azonos t\u00e9rb\u0151l.<\/li>\n<\/ul>\n\n\n\n<p>Ez azt jelenti, hogy az \u00edr\u00f3asztal \u00e9s k\u00f6rnyezete <strong>ism\u00e9tl\u0151d\u0151en jelenik meg<\/strong>. Ha a kialak\u00edt\u00e1s nem tudatos, az apr\u00f3 probl\u00e9m\u00e1k \u2013 rossz sz\u00f6g, rendezetlens\u00e9g, ar\u00e1nytalans\u00e1g \u2013 id\u0151vel feler\u0151s\u00f6dnek.<\/p>\n\n\n\n<p>Egy j\u00f3l megtervezett vide\u00f3meeting-bar\u00e1t vezet\u0151i \u00edr\u00f3asztal ezzel szemben:<\/p>\n\n\n\n<ul class=\"wp-block-list\">\n<li>stabil k\u00e9pet ad,<\/li>\n\n\n\n<li>cs\u00f6kkenti a vizu\u00e1lis zajt,<\/li>\n\n\n\n<li>\u00e9s k\u00f6vetkezetes, professzion\u00e1lis benyom\u00e1st kelt minden alkalommal.<\/li>\n<\/ul>\n\n\n\n<h3 class=\"wp-block-heading\"><strong>Nem technikai k\u00e9rd\u00e9s, hanem t\u00e9rhaszn\u00e1lati d\u00f6nt\u00e9s<\/strong><\/h3>\n\n\n\n<p>Gyakori hiba, hogy a vide\u00f3meeting-probl\u00e9m\u00e1kat technikai oldalr\u00f3l pr\u00f3b\u00e1lj\u00e1k megoldani:<\/p>\n\n\n\n<ul class=\"wp-block-list\">\n<li>jobb kamera,<\/li>\n\n\n\n<li>jobb mikrofon,<\/li>\n\n\n\n<li>extra vil\u00e1g\u00edt\u00e1s.<\/li>\n<\/ul>\n\n\n\n<p>Ezek \u00f6nmagukban nem p\u00f3tolj\u00e1k azt, ha az \u00edr\u00f3asztal <strong>nem erre a funkci\u00f3ra lett kialak\u00edtva<\/strong>. A technika csak r\u00e1\u00e9p\u00fcl a t\u00e9rre \u2013 ha a t\u00e9r rossz, a technika sem fog j\u00f3l m\u0171k\u00f6dni.<\/p>\n\n\n\n<p>Ez\u00e9rt kezelj\u00fck a vide\u00f3meeting-bar\u00e1t vezet\u0151i \u00edr\u00f3asztalt <strong>k\u00fcl\u00f6n kateg\u00f3riak\u00e9nt<\/strong>: mert m\u00e1s logika szerint m\u0171k\u00f6dik, mint egy hagyom\u00e1nyos vezet\u0151i b\u00fator.<\/p>\n\n\n\n<h2 class=\"wp-block-heading\"><strong>2. Kamera, monitor \u00e9s \u00edr\u00f3asztal viszonya \u2013 ahol az im\u00e1zs eld\u0151l<\/strong><\/h2>\n\n\n\n<p>A vide\u00f3meetingek sor\u00e1n a vezet\u0151i jelenl\u00e9t meg\u00edt\u00e9l\u00e9se sokkal kev\u00e9sb\u00e9 a kimondott szavakon, mint ink\u00e1bb a <strong>k\u00e9pen l\u00e1that\u00f3 ar\u00e1nyokon<\/strong> m\u00falik. Ebben a h\u00e1rom elem \u2013 kamera, monitor \u00e9s \u00edr\u00f3asztal \u2013 kapcsolata kulcsszerepet j\u00e1tszik.<\/p>\n\n\n\n<p>Ha ezek nincsenek \u00f6sszehangolva, az eredm\u00e9ny:<\/p>\n\n\n\n<ul class=\"wp-block-list\">\n<li>term\u00e9szetellenes testtart\u00e1s,<\/li>\n\n\n\n<li>torz perspekt\u00edva,<\/li>\n\n\n\n<li>bizonytalan vagy z\u00e1rk\u00f3zott megjelen\u00e9s.<\/li>\n<\/ul>\n\n\n\n<h3 class=\"wp-block-heading\"><strong>A kamera magass\u00e1ga nem technikai, hanem b\u00fatoroz\u00e1si k\u00e9rd\u00e9s<\/strong><\/h3>\n\n\n\n<p>Az egyik leggyakoribb probl\u00e9ma, hogy a kamera:<\/p>\n\n\n\n<ul class=\"wp-block-list\">\n<li>t\u00fal alacsonyan van \u2192 \u201efeln\u00e9z\u0151s\u201d sz\u00f6g,<\/li>\n\n\n\n<li>t\u00fal magasan van \u2192 \u201elen\u00e9z\u0151s\u201d, t\u00e1vols\u00e1gtart\u00f3 hat\u00e1s,<\/li>\n\n\n\n<li>oldalra ker\u00fcl \u2192 elcs\u00faszott tekintet.<\/li>\n<\/ul>\n\n\n\n<p>Ezeknek az oka sokszor nem a kamera, hanem az <strong>\u00edr\u00f3asztal \u00e9s a monitor magass\u00e1ga<\/strong>. Ha az asztal t\u00fal magas vagy t\u00fal m\u00e9ly, a monitor poz\u00edci\u00f3ja k\u00e9nyszerhelyzetbe ker\u00fcl, \u00e9s ezzel egy\u00fctt a kamera is.<\/p>\n\n\n\n<p>Egy vide\u00f3meeting-bar\u00e1t vezet\u0151i \u00edr\u00f3asztaln\u00e1l az ide\u00e1lis helyzet az, amikor:<\/p>\n\n\n\n<ul class=\"wp-block-list\">\n<li>a monitor fels\u0151 harmada nagyj\u00e1b\u00f3l szemmagass\u00e1gban van,<\/li>\n\n\n\n<li>a kamera a monitor s\u00edkj\u00e1hoz k\u00f6zel ker\u00fcl,<\/li>\n\n\n\n<li>a vezet\u0151 term\u00e9szetes testtart\u00e1sban \u00fclhet.<\/li>\n<\/ul>\n\n\n\n<h3 class=\"wp-block-heading\"><strong>Az \u00edr\u00f3asztal m\u00e9lys\u00e9ge \u00e9s a kamera t\u00e1vols\u00e1ga<\/strong><\/h3>\n\n\n\n<p>Sok klasszikus vezet\u0151i \u00edr\u00f3asztal m\u00e9ly munkafel\u00fcletet kap, ami szem\u00e9lyes t\u00e1rgyal\u00e1sokn\u00e1l el\u0151ny, vide\u00f3meetingn\u00e9l viszont h\u00e1tr\u00e1ny lehet.<\/p>\n\n\n\n<p>Ha az asztal t\u00fal m\u00e9ly:<\/p>\n\n\n\n<ul class=\"wp-block-list\">\n<li>a vezet\u0151 h\u00e1tr\u00e9bb k\u00e9nyszer\u00fcl \u00fclni,<\/li>\n\n\n\n<li>a kamera t\u00e1volabb ker\u00fcl,<\/li>\n\n\n\n<li>az arc kisebbnek, a fels\u0151test ar\u00e1nytalannak l\u00e1tszik.<\/li>\n<\/ul>\n\n\n\n<p>Ez k\u00fcl\u00f6n\u00f6sen probl\u00e9m\u00e1s akkor, ha a meetingek sor\u00e1n d\u00f6nt\u00e9shoz\u00f3i, vezet\u0151i szerepben kell megjelenni. A t\u00fal nagy t\u00e1vols\u00e1g vizu\u00e1lisan <strong>gyeng\u00edti a jelenl\u00e9tet<\/strong>, m\u00e9g akkor is, ha a tartalom er\u0151s.<\/p>\n\n\n\n<p>A j\u00f3l kialak\u00edtott vezet\u0151i \u00edr\u00f3asztaln\u00e1l a m\u00e9lys\u00e9g \u00fagy van megv\u00e1lasztva, hogy:<\/p>\n\n\n\n<ul class=\"wp-block-list\">\n<li>maradjon elegend\u0151 munkafel\u00fclet,<\/li>\n\n\n\n<li>de a kamera ne \u201etol\u00f3djon el\u201d a vezet\u0151t\u0151l,<\/li>\n\n\n\n<li>a k\u00e9p ar\u00e1nyos \u00e9s stabil maradjon.<\/li>\n<\/ul>\n\n\n\n<h3 class=\"wp-block-heading\"><strong>Monitor elhelyez\u00e9s: egy vagy t\u00f6bb kijelz\u0151?<\/strong><\/h3>\n\n\n\n<p>A vezet\u0151k jelent\u0151s r\u00e9sze t\u00f6bb monitort haszn\u00e1l, ami funkcion\u00e1lisan indokolt, de vide\u00f3meeting szempontb\u00f3l kih\u00edv\u00e1sokat okozhat.<\/p>\n\n\n\n<p>Tipikus probl\u00e9m\u00e1k:<\/p>\n\n\n\n<ul class=\"wp-block-list\">\n<li>a f\u0151 monitor nem k\u00f6z\u00e9pen van,<\/li>\n\n\n\n<li>a kamera az egyik oldals\u00f3 kijelz\u0151 f\u00f6l\u00e9 ker\u00fcl,<\/li>\n\n\n\n<li>a tekintet folyamatosan elcs\u00faszik.<\/li>\n<\/ul>\n\n\n\n<p>Ez\u00e9rt a vide\u00f3meeting-bar\u00e1t kialak\u00edt\u00e1sn\u00e1l \u00e9rdemes:<\/p>\n\n\n\n<ul class=\"wp-block-list\">\n<li>egy els\u0151dleges, k\u00f6zponti monitort kijel\u00f6lni,<\/li>\n\n\n\n<li>a kamer\u00e1t ehhez igaz\u00edtani,<\/li>\n\n\n\n<li>a m\u00e1sodlagos kijelz\u0151ket enyh\u00e9n oldalra helyezni.<\/li>\n<\/ul>\n\n\n\n<p>Az \u00edr\u00f3asztal kialak\u00edt\u00e1sa itt is sz\u00e1m\u00edt: ha nincs el\u00e9g hely a monitorok term\u00e9szetes elrendez\u00e9s\u00e9re, a technika kompromisszumokra k\u00e9nyszer\u00edti a vezet\u0151t.<\/p>\n\n\n\n<h3 class=\"wp-block-heading\"><strong>Az \u00edr\u00f3asztal el\u0151lapja \u00e9s a test ar\u00e1nyai<\/strong><\/h3>\n\n\n\n<p>Kev\u00e9s sz\u00f3 esik r\u00f3la, de a kamera szempontj\u00e1b\u00f3l az \u00edr\u00f3asztal <strong>el\u0151lapj\u00e1nak magass\u00e1ga \u00e9s kialak\u00edt\u00e1sa<\/strong> is meghat\u00e1roz\u00f3.<\/p>\n\n\n\n<p>Egy t\u00fal magas vagy z\u00e1rt el\u0151lap:<\/p>\n\n\n\n<ul class=\"wp-block-list\">\n<li>\u201eelv\u00e1gja\u201d a fels\u0151testet,<\/li>\n\n\n\n<li>statikuss\u00e1 teszi a k\u00e9pet,<\/li>\n\n\n\n<li>merev, z\u00e1rk\u00f3zott benyom\u00e1st kelt.<\/li>\n<\/ul>\n\n\n\n<p>Egy j\u00f3l ar\u00e1nyolt vezet\u0151i \u00edr\u00f3asztal ezzel szemben:<\/p>\n\n\n\n<ul class=\"wp-block-list\">\n<li>engedi \u00e9rv\u00e9nyes\u00fclni a testtart\u00e1st,<\/li>\n\n\n\n<li>term\u00e9szetesebb k\u00e9pet ad,<\/li>\n\n\n\n<li>\u00e9s seg\u00edti a nyitottabb kommunik\u00e1ci\u00f3t.<\/li>\n<\/ul>\n\n\n\n<h3 class=\"wp-block-heading\"><strong>\u00d6sszef\u00fcgg\u0151 rendszerben kell gondolkodni<\/strong><\/h3>\n\n\n\n<p>A kamera, a monitor \u00e9s az \u00edr\u00f3asztal <strong>nem k\u00fcl\u00f6n\u00e1ll\u00f3 elemek<\/strong>, hanem egy vizu\u00e1lis rendszer r\u00e9szei. Ha b\u00e1rmelyik elem nincs a hely\u00e9n, az eg\u00e9sz k\u00e9p megbillen.<\/p>\n\n\n\n<p>Ez\u00e9rt a vide\u00f3meeting-bar\u00e1t vezet\u0151i \u00edr\u00f3asztal kialak\u00edt\u00e1s\u00e1n\u00e1l nem az a k\u00e9rd\u00e9s, hogy \u201ehov\u00e1 tegy\u00fck a kamer\u00e1t\u201d, hanem az, hogy <strong>hogyan igaz\u00edtsuk az asztalt \u00e9s a technik\u00e1t egym\u00e1shoz<\/strong>, hogy a vezet\u0151 minden helyzetben stabil, hiteles \u00e9s professzion\u00e1lis k\u00e9pet mutasson.<\/p>\n\n\n\n<h2 class=\"wp-block-heading\"><strong>3. K\u00e1belek, eszk\u00f6z\u00f6k, vizu\u00e1lis zaj \u2013 amit a kamera mindent el\u00e1rul<\/strong><\/h2>\n\n\n\n<p>A vide\u00f3meetingek egyik legnagyobb rejtett ellens\u00e9ge nem a kamera min\u0151s\u00e9ge, hanem a <strong>vizu\u00e1lis rendetlens\u00e9g<\/strong>. Ami \u00e9l\u0151ben alig felt\u0171n\u0151, az kamer\u00e1n kereszt\u00fcl azonnal domin\u00e1nss\u00e1 v\u00e1lik: kil\u00f3g\u00f3 k\u00e1belek, adapterek, el\u0151l hagyott eszk\u00f6z\u00f6k, rendezetlen asztalfel\u00fclet.<\/p>\n\n\n\n<p>Egy vezet\u0151i \u00edr\u00f3asztal vide\u00f3meeting-bar\u00e1t kialak\u00edt\u00e1s\u00e1n\u00e1l ez\u00e9rt a technika <strong>l\u00e1that\u00f3s\u00e1g\u00e1nak kontrollja<\/strong> legal\u00e1bb olyan fontos, mint az ergon\u00f3mia.<\/p>\n\n\n\n<h3 class=\"wp-block-heading\"><strong>A kamera nem szelekt\u00e1l \u2013 mindent megmutat<\/strong><\/h3>\n\n\n\n<p>A kamera l\u00e1t\u00f3mezeje k\u00f6ny\u00f6rtelen. Nem tesz k\u00fcl\u00f6nbs\u00e9get:<\/p>\n\n\n\n<ul class=\"wp-block-list\">\n<li>fontos \u00e9s l\u00e9nyegtelen t\u00e1rgy k\u00f6z\u00f6tt,<\/li>\n\n\n\n<li>ideiglenes \u00e9s \u00e1lland\u00f3 megold\u00e1s k\u00f6z\u00f6tt,<\/li>\n\n\n\n<li>funkcion\u00e1lis \u00e9s \u201ecsak ott maradt\u201d elem k\u00f6z\u00f6tt.<\/li>\n<\/ul>\n\n\n\n<p>Ami az asztalon van, az:<\/p>\n\n\n\n<ul class=\"wp-block-list\">\n<li>\u00fczenetet hordoz,<\/li>\n\n\n\n<li>befoly\u00e1solja a meg\u00edt\u00e9l\u00e9st,<\/li>\n\n\n\n<li>\u00e9s k\u00f6zvetlen\u00fcl hat a vezet\u0151i im\u00e1zsra.<\/li>\n<\/ul>\n\n\n\n<p>Ez\u00e9rt a vide\u00f3meetingekre optimaliz\u00e1lt vezet\u0151i \u00edr\u00f3asztaln\u00e1l alapelv, hogy <strong>csak az maradjon l\u00e1that\u00f3, aminek szerepe van a kommunik\u00e1ci\u00f3ban<\/strong>.<\/p>\n\n\n\n<h3 class=\"wp-block-heading\"><strong>K\u00e1belelvezet\u00e9s: nem technikai extra, hanem vizu\u00e1lis alap<\/strong><\/h3>\n\n\n\n<p>A legt\u00f6bb vezet\u0151i asztaln\u00e1l a k\u00e1belek kezel\u00e9se ut\u00f3lagos kompromisszum. Vide\u00f3meeting k\u00f6zben ez k\u00fcl\u00f6n\u00f6sen probl\u00e9m\u00e1s, mert:<\/p>\n\n\n\n<ul class=\"wp-block-list\">\n<li>a lel\u00f3g\u00f3 k\u00e1belek \u201ezajos\u201d k\u00e9pet adnak,<\/li>\n\n\n\n<li>az asztal alatti rendezetlens\u00e9g is \u00e9rz\u00e9kelhet\u0151,<\/li>\n\n\n\n<li>a mozg\u00e1s k\u00f6zben kil\u00f3g\u00f3 vezet\u00e9kek elvonj\u00e1k a figyelmet.<\/li>\n<\/ul>\n\n\n\n<p>Egy vide\u00f3meeting-bar\u00e1t vezet\u0151i \u00edr\u00f3asztaln\u00e1l ez\u00e9rt a k\u00e1belelvezet\u00e9s:<\/p>\n\n\n\n<ul class=\"wp-block-list\">\n<li>el\u0151re tervezett,<\/li>\n\n\n\n<li>rejtett,<\/li>\n\n\n\n<li>\u00e9s a napi haszn\u00e1lat sor\u00e1n is rendezett marad.<\/li>\n<\/ul>\n\n\n\n<p>Ilyenkor az asztal alatt fut\u00f3 <strong>v\u00edzszintes k\u00e1belt\u00e1lca<\/strong>, a f\u00fcgg\u0151leges <strong>k\u00e1belgerinc<\/strong>, vagy az egyszer\u0171, de hat\u00e9kony <strong>k\u00e1belcsipeszek<\/strong> nem k\u00e9nyelmi extr\u00e1k, hanem a vizu\u00e1lis min\u0151s\u00e9g alapjai.<\/p>\n\n\n\n<h3 class=\"wp-block-heading\"><strong>Rejtett dugaljak \u00e9s csatlakoz\u00f3k szerepe<\/strong><\/h3>\n\n\n\n<p>A vide\u00f3meetingek sor\u00e1n gyakran el\u0151ker\u00fcl:<\/p>\n\n\n\n<ul class=\"wp-block-list\">\n<li>laptop,<\/li>\n\n\n\n<li>tablet,<\/li>\n\n\n\n<li>telefon,<\/li>\n\n\n\n<li>headset,<\/li>\n\n\n\n<li>k\u00fcls\u0151 kamera vagy mikrofon.<\/li>\n<\/ul>\n\n\n\n<p>Ha ezek csatlakoztat\u00e1sa l\u00e1that\u00f3 m\u00f3don t\u00f6rt\u00e9nik, az asztal percek alatt \u201etechnikai munka\u00e1llom\u00e1ss\u00e1\u201d v\u00e1lik, ami gyeng\u00edti a vezet\u0151i t\u00e9r jelleg\u00e9t.<\/p>\n\n\n\n<p>Ez\u00e9rt fontos, hogy a vezet\u0151i \u00edr\u00f3asztalon:<\/p>\n\n\n\n<ul class=\"wp-block-list\">\n<li>a csatlakoz\u00e1si pontok rejtve legyenek,<\/li>\n\n\n\n<li>fed\u00e9llel z\u00e1rhat\u00f3k legyenek,<\/li>\n\n\n\n<li>\u00e9s haszn\u00e1lat ut\u00e1n azonnal elt\u0171njenek a szem el\u0151l.<\/li>\n<\/ul>\n\n\n\n<p>Egy j\u00f3l kialak\u00edtott rejtett dugalj lehet\u0151v\u00e9 teszi, hogy a technika <strong>jelen legyen, de ne l\u00e1tsz\u00f3djon<\/strong> \u2013 ez az egyik legnagyobb k\u00fcl\u00f6nbs\u00e9g egy \u00e1tlagos \u00e9s egy val\u00f3ban vezet\u0151i szint\u0171 megold\u00e1s k\u00f6z\u00f6tt.<\/p>\n\n\n\n<h3 class=\"wp-block-heading\"><strong>Eszk\u00f6z\u00f6k elhelyez\u00e9se: mi marad az asztalon?<\/strong><\/h3>\n\n\n\n<p>Vide\u00f3meeting k\u00f6zben az asztalon hagyott t\u00e1rgyak akaratlanul is \u00e9rtelmez\u00e9sre ker\u00fclnek. Egy zs\u00fafolt asztal:<\/p>\n\n\n\n<ul class=\"wp-block-list\">\n<li>kapkod\u00e1st,<\/li>\n\n\n\n<li>t\u00falterhelts\u00e9get,<\/li>\n\n\n\n<li>rendezetlens\u00e9get sugallhat.<\/li>\n<\/ul>\n\n\n\n<p>Egy letisztult fel\u00fclet ezzel szemben:<\/p>\n\n\n\n<ul class=\"wp-block-list\">\n<li>f\u00f3kuszt,<\/li>\n\n\n\n<li>kontrollt,<\/li>\n\n\n\n<li>tudatos m\u0171k\u00f6d\u00e9st jelez.<\/li>\n<\/ul>\n\n\n\n<p>Ez\u00e9rt a vide\u00f3meeting-bar\u00e1t vezet\u0151i \u00edr\u00f3asztaln\u00e1l \u00e9rdemes:<\/p>\n\n\n\n<ul class=\"wp-block-list\">\n<li>k\u00fcl\u00f6n z\u00f3n\u00e1t kialak\u00edtani a technik\u00e1nak,<\/li>\n\n\n\n<li>a ritk\u00e1n haszn\u00e1lt eszk\u00f6z\u00f6ket fi\u00f3kba vagy szekr\u00e9nybe rejteni,<\/li>\n\n\n\n<li>\u00e9s az asztallapon csak a meetinghez sz\u00fcks\u00e9ges elemeket hagyni.<\/li>\n<\/ul>\n\n\n\n<h3 class=\"wp-block-heading\"><strong>A vizu\u00e1lis rend hat\u00e1sa a kommunik\u00e1ci\u00f3ra<\/strong><\/h3>\n\n\n\n<p>Nem v\u00e9letlen, hogy a rendezett, letisztult k\u00f6rnyezetben zajl\u00f3 vide\u00f3meetingek sor\u00e1n:<\/p>\n\n\n\n<ul class=\"wp-block-list\">\n<li>kevesebb a zavar\u00f3 t\u00e9nyez\u0151,<\/li>\n\n\n\n<li>k\u00f6nnyebb fenntartani a figyelmet,<\/li>\n\n\n\n<li>\u00e9s stabilabb a vezet\u0151i jelenl\u00e9t.<\/li>\n<\/ul>\n\n\n\n<p>A technika elrejt\u00e9se nem eszt\u00e9tikai luxus, hanem <strong>kommunik\u00e1ci\u00f3s el\u0151ny<\/strong>. A kamera el\u0151tt ugyanis nem csak besz\u00e9l\u00fcnk \u2013 folyamatosan \u00fczen\u00fcnk is.<\/p>\n\n\n\n<h2 class=\"wp-block-heading\"><strong>4. F\u00e9ny, h\u00e1tt\u00e9r \u00e9s asztalfel\u00fclet \u2013 a vezet\u0151i k\u00e9p tudatos keretez\u00e9se<\/strong><\/h2>\n\n\n\n<p>A vide\u00f3meetingek sor\u00e1n nem csak az sz\u00e1m\u00edt, <em>mit<\/em> mond a vezet\u0151, hanem az is, <strong>hogyan van \u201ekeretezve\u201d a k\u00e9pen<\/strong>. Ebben a keretben az \u00edr\u00f3asztal, a m\u00f6g\u00f6tte l\u00e9v\u0151 t\u00e9r \u00e9s a f\u00e9nyviszonyok egy\u00fctt dolgoznak \u2013 vagy \u00e9ppen egym\u00e1s ellen.<\/p>\n\n\n\n<p>Egy vezet\u0151i \u00edr\u00f3asztal akkor t\u00e1mogatja igaz\u00e1n a vide\u00f3meetingeket, ha nem k\u00fcl\u00f6n elemk\u00e9nt, hanem a teljes vizu\u00e1lis k\u00f6rnyezet r\u00e9szek\u00e9nt van megtervezve.<\/p>\n\n\n\n<h3 class=\"wp-block-heading\"><strong>Az asztalfel\u00fclet mint vizu\u00e1lis el\u0151t\u00e9r<\/strong><\/h3>\n\n\n\n<p>A kamera \u00e1ltal\u00e1ban az asztalfel\u00fclet fels\u0151 r\u00e9sz\u00e9t is mutatja, ez\u00e9rt annak:<\/p>\n\n\n\n<ul class=\"wp-block-list\">\n<li>sz\u00edne,<\/li>\n\n\n\n<li>anyaga,<\/li>\n\n\n\n<li>\u00e9s rendezetts\u00e9ge<\/li>\n<\/ul>\n\n\n\n<p>k\u00f6zvetlen\u00fcl hat a k\u00e9pre.<\/p>\n\n\n\n<p><strong>Vil\u00e1gosabb fel\u00fcletek<\/strong> t\u00f6bb f\u00e9nyt vernek vissza, ami:<\/p>\n\n\n\n<ul class=\"wp-block-list\">\n<li>\u00e9l\u00e9nkebb k\u00e9pet ad,<\/li>\n\n\n\n<li>cs\u00f6kkenti az \u00e1rny\u00e9kokat az arcon,<\/li>\n\n\n\n<li>\u00e9s bar\u00e1ts\u00e1gosabb \u00f6sszhat\u00e1st kelt.<\/li>\n<\/ul>\n\n\n\n<p><strong>S\u00f6t\u00e9tebb fel\u00fcletek<\/strong> eleg\u00e1nsabbak, de:<\/p>\n\n\n\n<ul class=\"wp-block-list\">\n<li>t\u00f6bb f\u00e9nyt \u201eelnyelnek\u201d,<\/li>\n\n\n\n<li>er\u0151sebb megvil\u00e1g\u00edt\u00e1st ig\u00e9nyelnek,<\/li>\n\n\n\n<li>\u00e9s rossz f\u00e9nyviszonyokn\u00e1l komorabb k\u00e9pet adhatnak.<\/li>\n<\/ul>\n\n\n\n<p>Vide\u00f3meeting-bar\u00e1t kialak\u00edt\u00e1sn\u00e1l ez\u00e9rt fontos, hogy az asztal sz\u00edne \u00e9s a f\u00e9nyforr\u00e1sok egym\u00e1ssal \u00f6sszhangban legyenek.<\/p>\n\n\n\n<h3 class=\"wp-block-heading\"><strong>F\u00e9nyir\u00e1ny: honnan \u00e9rkezik a vil\u00e1g\u00edt\u00e1s?<\/strong><\/h3>\n\n\n\n<p>A vezet\u0151i \u00edr\u00f3asztal elhelyez\u00e9se meghat\u00e1rozza, honnan kap f\u00e9nyt az arc:<\/p>\n\n\n\n<ul class=\"wp-block-list\">\n<li>oldalr\u00f3l,<\/li>\n\n\n\n<li>szemb\u0151l,<\/li>\n\n\n\n<li>vagy h\u00e1tulr\u00f3l.<\/li>\n<\/ul>\n\n\n\n<p>Vide\u00f3meetingekhez az ide\u00e1lis megold\u00e1s:<\/p>\n\n\n\n<ul class=\"wp-block-list\">\n<li><strong>szemb\u0151l vagy enyh\u00e9n oldalr\u00f3l \u00e9rkez\u0151 term\u00e9szetes f\u00e9ny<\/strong>,<\/li>\n\n\n\n<li>kieg\u00e9sz\u00edtve egy diszkr\u00e9t mesters\u00e9ges f\u00e9nyforr\u00e1ssal.<\/li>\n<\/ul>\n\n\n\n<p>Ha az \u00edr\u00f3asztal:<\/p>\n\n\n\n<ul class=\"wp-block-list\">\n<li>h\u00e1ttal \u00e1ll az ablaknak, az arc s\u00f6t\u00e9tbe ker\u00fcl,<\/li>\n\n\n\n<li>oldalf\u00e9ny n\u00e9lk\u00fcl, akkor er\u0151s \u00e1rny\u00e9kok jelennek meg,<\/li>\n\n\n\n<li>rosszul elhelyezett l\u00e1mp\u00e1val pedig torz lesz a k\u00e9p.<\/li>\n<\/ul>\n\n\n\n<p>Ez\u00e9rt a vide\u00f3meetingekre optimaliz\u00e1lt vezet\u0151i \u00edr\u00f3asztal <strong>nem csak b\u00fator<\/strong>, hanem f\u00e9nytechnikai d\u00f6nt\u00e9s is.<\/p>\n\n\n\n<h3 class=\"wp-block-heading\"><strong>H\u00e1tt\u00e9r \u00e9s asztal kapcsolata<\/strong><\/h3>\n\n\n\n<p>A kamera nem csak az asztalt mutatja, hanem azt is, ami m\u00f6g\u00f6tte van. A h\u00e1tt\u00e9r \u00e9s az \u00edr\u00f3asztal egy\u00fcttese:<\/p>\n\n\n\n<ul class=\"wp-block-list\">\n<li>stabilit\u00e1st,<\/li>\n\n\n\n<li>rendezetts\u00e9get,<\/li>\n\n\n\n<li>vagy \u00e9ppen zs\u00fafolts\u00e1got sugall.<\/li>\n<\/ul>\n\n\n\n<p>Egy j\u00f3l kialak\u00edtott vezet\u0151i t\u00e9rben:<\/p>\n\n\n\n<ul class=\"wp-block-list\">\n<li>az asztal nem takarja a h\u00e1tteret,<\/li>\n\n\n\n<li>a h\u00e1tt\u00e9r nem vonja el a figyelmet,<\/li>\n\n\n\n<li>\u00e9s a kett\u0151 vizu\u00e1lisan kiegyens\u00falyozza egym\u00e1st.<\/li>\n<\/ul>\n\n\n\n<p>Ez k\u00fcl\u00f6n\u00f6sen fontos akkor, ha a h\u00e1tt\u00e9rben:<\/p>\n\n\n\n<ul class=\"wp-block-list\">\n<li>k\u00f6nyvespolc,<\/li>\n\n\n\n<li>szekr\u00e9ny,<\/li>\n\n\n\n<li>vagy dekor\u00e1ci\u00f3s elem jelenik meg.<\/li>\n<\/ul>\n\n\n\n<p>A c\u00e9l nem a \u201ed\u00edszlet\u201d, hanem egy <strong>hiteles, nyugodt vizu\u00e1lis k\u00f6rnyezet<\/strong>, amely nem versenyez a mondanival\u00f3val.<\/p>\n\n\n\n<h3 class=\"wp-block-heading\"><strong>Kamera\u00e1ll\u00e1s \u00e9s asztal magass\u00e1ga<\/strong><\/h3>\n\n\n\n<p>A vezet\u0151i \u00edr\u00f3asztal magass\u00e1ga \u00e9s a kamera poz\u00edci\u00f3ja egy\u00fctt hat\u00e1rozza meg:<\/p>\n\n\n\n<ul class=\"wp-block-list\">\n<li>a tekintet ir\u00e1ny\u00e1t,<\/li>\n\n\n\n<li>a testtart\u00e1s l\u00e1that\u00f3s\u00e1g\u00e1t,<\/li>\n\n\n\n<li>\u00e9s a jelenl\u00e9t erej\u00e9t.<\/li>\n<\/ul>\n\n\n\n<p>Ha az asztal t\u00fal magas vagy t\u00fal alacsony:<\/p>\n\n\n\n<ul class=\"wp-block-list\">\n<li>a kamera rossz sz\u00f6gb\u0151l n\u00e9z,<\/li>\n\n\n\n<li>a vezet\u0151 \u201efel\u00fclr\u0151l\u201d vagy \u201ealulr\u00f3l\u201d l\u00e1tszik,<\/li>\n\n\n\n<li>ami tudat alatt torz\u00edthatja az \u00e9szlel\u00e9st.<\/li>\n<\/ul>\n\n\n\n<p>Egy vide\u00f3meeting-bar\u00e1t \u00edr\u00f3asztaln\u00e1l ez\u00e9rt fontos, hogy:<\/p>\n\n\n\n<ul class=\"wp-block-list\">\n<li>a kamera szemmagass\u00e1g k\u00f6zel\u00e9ben legyen,<\/li>\n\n\n\n<li>az asztal ne takarja a fels\u0151testet,<\/li>\n\n\n\n<li>\u00e9s a testtart\u00e1s term\u00e9szetes maradjon.<\/li>\n<\/ul>\n\n\n\n<h3 class=\"wp-block-heading\"><strong>Tudatos keretez\u00e9s = nyugodt kommunik\u00e1ci\u00f3<\/strong><\/h3>\n\n\n\n<p>Amikor a f\u00e9ny, a h\u00e1tt\u00e9r \u00e9s az \u00edr\u00f3asztal egym\u00e1ssal \u00f6sszhangban m\u0171k\u00f6dik:<\/p>\n\n\n\n<ul class=\"wp-block-list\">\n<li>kevesebb technikai zavar jelenik meg,<\/li>\n\n\n\n<li>a vezet\u0151 kev\u00e9sb\u00e9 f\u00e1rad el,<\/li>\n\n\n\n<li>\u00e9s a kommunik\u00e1ci\u00f3 g\u00f6rd\u00fcl\u00e9kenyebb lesz.<\/li>\n<\/ul>\n\n\n\n<p>A vide\u00f3meeting-bar\u00e1t vezet\u0151i \u00edr\u00f3asztal teh\u00e1t nem \u201eonline extra\u201d, hanem a modern vezet\u0151i jelenl\u00e9t egyik alapfelt\u00e9tele.<\/p>\n\n\n\n<h2 class=\"wp-block-heading\"><strong>4. F\u00e9ny, h\u00e1tt\u00e9r \u00e9s asztalfel\u00fclet \u2013 a vezet\u0151i k\u00e9p tudatos keretez\u00e9se<\/strong><\/h2>\n\n\n\n<p>A vide\u00f3meetingek sor\u00e1n nem csak az sz\u00e1m\u00edt, <em>mit<\/em> mond a vezet\u0151, hanem az is, <strong>hogyan van \u201ekeretezve\u201d a k\u00e9pen<\/strong>. Ebben a keretben az \u00edr\u00f3asztal, a m\u00f6g\u00f6tte l\u00e9v\u0151 t\u00e9r \u00e9s a f\u00e9nyviszonyok egy\u00fctt dolgoznak \u2013 vagy \u00e9ppen egym\u00e1s ellen.<\/p>\n\n\n\n<p>Egy vezet\u0151i \u00edr\u00f3asztal akkor t\u00e1mogatja igaz\u00e1n a vide\u00f3meetingeket, ha nem k\u00fcl\u00f6n elemk\u00e9nt, hanem a teljes vizu\u00e1lis k\u00f6rnyezet r\u00e9szek\u00e9nt van megtervezve.<\/p>\n\n\n\n<h3 class=\"wp-block-heading\"><strong>Az asztalfel\u00fclet mint vizu\u00e1lis el\u0151t\u00e9r<\/strong><\/h3>\n\n\n\n<p>A kamera \u00e1ltal\u00e1ban az asztalfel\u00fclet fels\u0151 r\u00e9sz\u00e9t is mutatja, ez\u00e9rt annak:<\/p>\n\n\n\n<ul class=\"wp-block-list\">\n<li>sz\u00edne,<\/li>\n\n\n\n<li>anyaga,<\/li>\n\n\n\n<li>\u00e9s rendezetts\u00e9ge<\/li>\n<\/ul>\n\n\n\n<p>k\u00f6zvetlen\u00fcl hat a k\u00e9pre.<\/p>\n\n\n\n<p><strong>Vil\u00e1gosabb fel\u00fcletek<\/strong> t\u00f6bb f\u00e9nyt vernek vissza, ami:<\/p>\n\n\n\n<ul class=\"wp-block-list\">\n<li>\u00e9l\u00e9nkebb k\u00e9pet ad,<\/li>\n\n\n\n<li>cs\u00f6kkenti az \u00e1rny\u00e9kokat az arcon,<\/li>\n\n\n\n<li>\u00e9s bar\u00e1ts\u00e1gosabb \u00f6sszhat\u00e1st kelt.<\/li>\n<\/ul>\n\n\n\n<p><strong>S\u00f6t\u00e9tebb fel\u00fcletek<\/strong> eleg\u00e1nsabbak, de:<\/p>\n\n\n\n<ul class=\"wp-block-list\">\n<li>t\u00f6bb f\u00e9nyt \u201eelnyelnek\u201d,<\/li>\n\n\n\n<li>er\u0151sebb megvil\u00e1g\u00edt\u00e1st ig\u00e9nyelnek,<\/li>\n\n\n\n<li>\u00e9s rossz f\u00e9nyviszonyokn\u00e1l komorabb k\u00e9pet adhatnak.<\/li>\n<\/ul>\n\n\n\n<p>Vide\u00f3meeting-bar\u00e1t kialak\u00edt\u00e1sn\u00e1l ez\u00e9rt fontos, hogy az asztal sz\u00edne \u00e9s a f\u00e9nyforr\u00e1sok egym\u00e1ssal \u00f6sszhangban legyenek.<\/p>\n\n\n\n<h3 class=\"wp-block-heading\"><strong>F\u00e9nyir\u00e1ny: honnan \u00e9rkezik a vil\u00e1g\u00edt\u00e1s?<\/strong><\/h3>\n\n\n\n<p>A vezet\u0151i \u00edr\u00f3asztal elhelyez\u00e9se meghat\u00e1rozza, honnan kap f\u00e9nyt az arc:<\/p>\n\n\n\n<ul class=\"wp-block-list\">\n<li>oldalr\u00f3l,<\/li>\n\n\n\n<li>szemb\u0151l,<\/li>\n\n\n\n<li>vagy h\u00e1tulr\u00f3l.<\/li>\n<\/ul>\n\n\n\n<p>Vide\u00f3meetingekhez az ide\u00e1lis megold\u00e1s:<\/p>\n\n\n\n<ul class=\"wp-block-list\">\n<li><strong>szemb\u0151l vagy enyh\u00e9n oldalr\u00f3l \u00e9rkez\u0151 term\u00e9szetes f\u00e9ny<\/strong>,<\/li>\n\n\n\n<li>kieg\u00e9sz\u00edtve egy diszkr\u00e9t mesters\u00e9ges f\u00e9nyforr\u00e1ssal.<\/li>\n<\/ul>\n\n\n\n<p>Ha az \u00edr\u00f3asztal:<\/p>\n\n\n\n<ul class=\"wp-block-list\">\n<li>h\u00e1ttal \u00e1ll az ablaknak, az arc s\u00f6t\u00e9tbe ker\u00fcl,<\/li>\n\n\n\n<li>oldalf\u00e9ny n\u00e9lk\u00fcl, akkor er\u0151s \u00e1rny\u00e9kok jelennek meg,<\/li>\n\n\n\n<li>rosszul elhelyezett l\u00e1mp\u00e1val pedig torz lesz a k\u00e9p.<\/li>\n<\/ul>\n\n\n\n<p>Ez\u00e9rt a vide\u00f3meetingekre optimaliz\u00e1lt vezet\u0151i \u00edr\u00f3asztal <strong>nem csak b\u00fator<\/strong>, hanem f\u00e9nytechnikai d\u00f6nt\u00e9s is.<\/p>\n\n\n\n<h3 class=\"wp-block-heading\"><strong>H\u00e1tt\u00e9r \u00e9s asztal kapcsolata<\/strong><\/h3>\n\n\n\n<p>A kamera nem csak az asztalt mutatja, hanem azt is, ami m\u00f6g\u00f6tte van. A h\u00e1tt\u00e9r \u00e9s az \u00edr\u00f3asztal egy\u00fcttese:<\/p>\n\n\n\n<ul class=\"wp-block-list\">\n<li>stabilit\u00e1st,<\/li>\n\n\n\n<li>rendezetts\u00e9get,<\/li>\n\n\n\n<li>vagy \u00e9ppen zs\u00fafolts\u00e1got sugall.<\/li>\n<\/ul>\n\n\n\n<p>Egy j\u00f3l kialak\u00edtott vezet\u0151i t\u00e9rben:<\/p>\n\n\n\n<ul class=\"wp-block-list\">\n<li>az asztal nem takarja a h\u00e1tteret,<\/li>\n\n\n\n<li>a h\u00e1tt\u00e9r nem vonja el a figyelmet,<\/li>\n\n\n\n<li>\u00e9s a kett\u0151 vizu\u00e1lisan kiegyens\u00falyozza egym\u00e1st.<\/li>\n<\/ul>\n\n\n\n<p>Ez k\u00fcl\u00f6n\u00f6sen fontos akkor, ha a h\u00e1tt\u00e9rben:<\/p>\n\n\n\n<ul class=\"wp-block-list\">\n<li>k\u00f6nyvespolc,<\/li>\n\n\n\n<li>szekr\u00e9ny,<\/li>\n\n\n\n<li>vagy dekor\u00e1ci\u00f3s elem jelenik meg.<\/li>\n<\/ul>\n\n\n\n<p>A c\u00e9l nem a \u201ed\u00edszlet\u201d, hanem egy <strong>hiteles, nyugodt vizu\u00e1lis k\u00f6rnyezet<\/strong>, amely nem versenyez a mondanival\u00f3val.<\/p>\n\n\n\n<h3 class=\"wp-block-heading\"><strong>Kamera\u00e1ll\u00e1s \u00e9s asztal magass\u00e1ga<\/strong><\/h3>\n\n\n\n<p>A vezet\u0151i \u00edr\u00f3asztal magass\u00e1ga \u00e9s a kamera poz\u00edci\u00f3ja egy\u00fctt hat\u00e1rozza meg:<\/p>\n\n\n\n<ul class=\"wp-block-list\">\n<li>a tekintet ir\u00e1ny\u00e1t,<\/li>\n\n\n\n<li>a testtart\u00e1s l\u00e1that\u00f3s\u00e1g\u00e1t,<\/li>\n\n\n\n<li>\u00e9s a jelenl\u00e9t erej\u00e9t.<\/li>\n<\/ul>\n\n\n\n<p>Ha az asztal t\u00fal magas vagy t\u00fal alacsony:<\/p>\n\n\n\n<ul class=\"wp-block-list\">\n<li>a kamera rossz sz\u00f6gb\u0151l n\u00e9z,<\/li>\n\n\n\n<li>a vezet\u0151 \u201efel\u00fclr\u0151l\u201d vagy \u201ealulr\u00f3l\u201d l\u00e1tszik,<\/li>\n\n\n\n<li>ami tudat alatt torz\u00edthatja az \u00e9szlel\u00e9st.<\/li>\n<\/ul>\n\n\n\n<p>Egy vide\u00f3meeting-bar\u00e1t \u00edr\u00f3asztaln\u00e1l ez\u00e9rt fontos, hogy:<\/p>\n\n\n\n<ul class=\"wp-block-list\">\n<li>a kamera szemmagass\u00e1g k\u00f6zel\u00e9ben legyen,<\/li>\n\n\n\n<li>az asztal ne takarja a fels\u0151testet,<\/li>\n\n\n\n<li>\u00e9s a testtart\u00e1s term\u00e9szetes maradjon.<\/li>\n<\/ul>\n\n\n\n<h3 class=\"wp-block-heading\"><strong>Tudatos keretez\u00e9s = nyugodt kommunik\u00e1ci\u00f3<\/strong><\/h3>\n\n\n\n<p>Amikor a f\u00e9ny, a h\u00e1tt\u00e9r \u00e9s az \u00edr\u00f3asztal egym\u00e1ssal \u00f6sszhangban m\u0171k\u00f6dik:<\/p>\n\n\n\n<ul class=\"wp-block-list\">\n<li>kevesebb technikai zavar jelenik meg,<\/li>\n\n\n\n<li>a vezet\u0151 kev\u00e9sb\u00e9 f\u00e1rad el,<\/li>\n\n\n\n<li>\u00e9s a kommunik\u00e1ci\u00f3 g\u00f6rd\u00fcl\u00e9kenyebb lesz.<\/li>\n<\/ul>\n\n\n\n<p>A vide\u00f3meeting-bar\u00e1t vezet\u0151i \u00edr\u00f3asztal teh\u00e1t nem \u201eonline extra\u201d, hanem a modern vezet\u0151i jelenl\u00e9t egyik alapfelt\u00e9tele.<\/p>\n\n\n\n<h2 class=\"wp-block-heading\"><strong>Gyors d\u00f6nt\u00e9si checklist: vide\u00f3meeting-bar\u00e1t vezet\u0151i \u00edr\u00f3asztal<\/strong><\/h2>\n\n\n\n<p>Haszn\u00e1lja ezt a r\u00f6vid list\u00e1t annak eld\u00f6nt\u00e9s\u00e9hez, hogy az \u00edr\u00f3asztala val\u00f3ban t\u00e1mogatja-e a modern vide\u00f3meetingeket:<\/p>\n\n\n\n<ul class=\"wp-block-list\">\n<li>A kamera szemmagass\u00e1gban helyezkedik el, nem alulr\u00f3l vagy fel\u00fclr\u0151l mutatja \u00d6nt.<\/li>\n\n\n\n<li>Az \u00edr\u00f3asztal m\u00e9lys\u00e9ge elegend\u0151 ahhoz, hogy a fels\u0151test term\u00e9szetes ar\u00e1nyban jelenjen meg a k\u00e9pen.<\/li>\n\n\n\n<li>A monitor(ok) elhelyez\u00e9se nem takarja az arcot, \u00e9s nem k\u00e9nyszer\u00edt term\u00e9szetellenes testtart\u00e1sra.<\/li>\n\n\n\n<li>Az asztalfel\u00fclet a kamera fel\u00e9 rendezett, nincs rajta felesleges technika vagy pap\u00edr.<\/li>\n\n\n\n<li>A k\u00e1belek rejtetten futnak, nem l\u00e1tszanak a k\u00e9pen, nem zavarj\u00e1k a munk\u00e1t.<\/li>\n\n\n\n<li>A h\u00e1tt\u00e9r letisztult, az asztal nem domin\u00e1l, hanem keretezi a vezet\u0151i jelenl\u00e9tet.<\/li>\n\n\n\n<li>Az \u00edr\u00f3asztal elhelyez\u00e9se figyelembe veszi a term\u00e9szetes \u00e9s mesters\u00e9ges f\u00e9ny ir\u00e1ny\u00e1t.<\/li>\n\n\n\n<li>A technikai megold\u00e1sok nem ideiglenesek, hanem napi haszn\u00e1latra lettek kialak\u00edtva.<\/li>\n<\/ul>\n\n\n\n<p>Ha a fenti pontok t\u00f6bbs\u00e9g\u00e9re <strong>igen<\/strong> a v\u00e1lasz, az \u00edr\u00f3asztala val\u00f3ban vide\u00f3meeting-bar\u00e1t.<\/p>\n\n\n\n<blockquote class=\"wp-block-quote is-layout-flow wp-block-quote-is-layout-flow\">\n<p>Ha a vide\u00f3meetingekhez val\u00f3 kialak\u00edt\u00e1s mellett a teljes d\u00f6nt\u00e9si folyamat is \u00e9rdekli, \u00e9rdemes \u00e1tn\u00e9zni a \u201e<a href=\"https:\/\/www.bathori.hu\/blog\/vezetoi-iroasztal\" data-type=\"link\" data-id=\"https:\/\/www.bathori.hu\/blog\/vezetoi-iroasztal\">vezet\u0151i \u00edr\u00f3asztal kiv\u00e1laszt\u00e1s\u00e1nak \u00e1tfog\u00f3 szempontjait<\/a>\u201d, ahol a m\u00e9retez\u00e9st\u0151l az elrendez\u00e9sen \u00e1t a hossz\u00fa t\u00e1v\u00fa haszn\u00e1latig minden kulcsk\u00e9rd\u00e9s egyben szerepel.<\/p>\n<\/blockquote>\n\n\n\n<h2 class=\"wp-block-heading\"><strong>\u00d6sszegz\u00e9s<\/strong><\/h2>\n\n\n\n<p>A vide\u00f3meeting-bar\u00e1t vezet\u0151i \u00edr\u00f3asztal kialak\u00edt\u00e1sa ma m\u00e1r nem k\u00e9nyelmi k\u00e9rd\u00e9s, hanem <strong>vezet\u0151i m\u0171k\u00f6d\u00e9si felt\u00e9tel<\/strong>. Az online megbesz\u00e9l\u00e9sek sor\u00e1n az \u00edr\u00f3asztal egyszerre munkafel\u00fclet, vizu\u00e1lis keret \u00e9s kommunik\u00e1ci\u00f3s eszk\u00f6z.<\/p>\n\n\n\n<p>Egy j\u00f3l kialak\u00edtott \u00edr\u00f3asztal:<\/p>\n\n\n\n<ul class=\"wp-block-list\">\n<li>t\u00e1mogatja a term\u00e9szetes testtart\u00e1st,<\/li>\n\n\n\n<li>seg\u00edti a tiszta, f\u00f3kusz\u00e1lt kommunik\u00e1ci\u00f3t,<\/li>\n\n\n\n<li>\u00e9s stabil, magabiztos vezet\u0151i jelenl\u00e9tet k\u00f6zvet\u00edt a k\u00e9perny\u0151n kereszt\u00fcl.<\/li>\n<\/ul>\n\n\n\n<p>A c\u00e9l nem az, hogy az \u00edr\u00f3asztal \u201el\u00e1tv\u00e1nyos\u201d legyen, hanem hogy <strong>\u00e9szrev\u00e9tlen\u00fcl szolg\u00e1lja<\/strong> a vezet\u0151i munk\u00e1t \u2013 akkor is, amikor a t\u00e1rgyal\u00f3 nem egy helyis\u00e9g, hanem egy k\u00e9perny\u0151.<\/p>\n\n\n\n<p>Ha az \u00edr\u00f3asztal kialak\u00edt\u00e1sa \u00f6sszhangban van a technik\u00e1val, a t\u00e9rrel \u00e9s a vezet\u0151 szerep\u00e9vel, a vide\u00f3meetingek nem kompromisszumot, hanem term\u00e9szetes m\u0171k\u00f6d\u00e9si form\u00e1t jelentenek.<\/p>\n","protected":false},"excerpt":{"rendered":"<p>A vide\u00f3meeting-bar\u00e1t vezet\u0151i \u00edr\u00f3asztal ma m\u00e1r nem extra k\u00e9nyelmi elem, hanem a vezet\u0151i munka term\u00e9szetes r\u00e9sze. A d\u00f6nt\u00e9sek jelent\u0151s r\u00e9sze k\u00e9perny\u0151n kereszt\u00fcl sz\u00fcletik: online egyeztet\u00e9seken, vide\u00f3h\u00edv\u00e1sokon, hibrid t\u00e1rgyal\u00e1sokon. Ilyenkor a vezet\u0151 nemcsak besz\u00e9l, hanem megjelenik \u2013 \u00e9s ebben az \u00edr\u00f3asztal legal\u00e1bb akkora szerepet j\u00e1tszik, mint az \u00f6lt\u00f6zet vagy a kommunik\u00e1ci\u00f3 st\u00edlusa. Sokan m\u00e9g mindig \u00fagy &#8230; <a title=\"Vide\u00f3meeting-bar\u00e1t vezet\u0151i \u00edr\u00f3asztal kialak\u00edt\u00e1sa \u2013 ergon\u00f3mia, kamera\u00e1ll\u00e1s \u00e9s professzion\u00e1lis megjelen\u00e9s\" class=\"read-more\" href=\"https:\/\/www.bathori.hu\/blog\/videomeeting-barat-vezetoi-iroasztal\/\" aria-label=\"Read more about Vide\u00f3meeting-bar\u00e1t vezet\u0151i \u00edr\u00f3asztal kialak\u00edt\u00e1sa \u2013 ergon\u00f3mia, kamera\u00e1ll\u00e1s \u00e9s professzion\u00e1lis megjelen\u00e9s\">Olvass tov\u00e1bb<\/a><\/p>\n","protected":false},"author":1,"featured_media":1178,"comment_status":"closed","ping_status":"closed","sticky":false,"template":"","format":"standard","meta":{"footnotes":""},"categories":[25],"tags":[],"class_list":["post-1167","post","type-post","status-publish","format-standard","has-post-thumbnail","hentry","category-vezetoi-iroasztal"],"_links":{"self":[{"href":"https:\/\/www.bathori.hu\/blog\/wp-json\/wp\/v2\/posts\/1167","targetHints":{"allow":["GET"]}}],"collection":[{"href":"https:\/\/www.bathori.hu\/blog\/wp-json\/wp\/v2\/posts"}],"about":[{"href":"https:\/\/www.bathori.hu\/blog\/wp-json\/wp\/v2\/types\/post"}],"author":[{"embeddable":true,"href":"https:\/\/www.bathori.hu\/blog\/wp-json\/wp\/v2\/users\/1"}],"replies":[{"embeddable":true,"href":"https:\/\/www.bathori.hu\/blog\/wp-json\/wp\/v2\/comments?post=1167"}],"version-history":[{"count":5,"href":"https:\/\/www.bathori.hu\/blog\/wp-json\/wp\/v2\/posts\/1167\/revisions"}],"predecessor-version":[{"id":1175,"href":"https:\/\/www.bathori.hu\/blog\/wp-json\/wp\/v2\/posts\/1167\/revisions\/1175"}],"wp:featuredmedia":[{"embeddable":true,"href":"https:\/\/www.bathori.hu\/blog\/wp-json\/wp\/v2\/media\/1178"}],"wp:attachment":[{"href":"https:\/\/www.bathori.hu\/blog\/wp-json\/wp\/v2\/media?parent=1167"}],"wp:term":[{"taxonomy":"category","embeddable":true,"href":"https:\/\/www.bathori.hu\/blog\/wp-json\/wp\/v2\/categories?post=1167"},{"taxonomy":"post_tag","embeddable":true,"href":"https:\/\/www.bathori.hu\/blog\/wp-json\/wp\/v2\/tags?post=1167"}],"curies":[{"name":"wp","href":"https:\/\/api.w.org\/{rel}","templated":true}]}}