{"id":1156,"date":"2026-01-20T07:30:00","date_gmt":"2026-01-20T05:30:00","guid":{"rendered":"https:\/\/www.bathori.hu\/blog\/?p=1156"},"modified":"2026-01-20T08:45:40","modified_gmt":"2026-01-20T06:45:40","slug":"monitor-elhelyezes-vezetoi-iroasztalon","status":"publish","type":"post","link":"https:\/\/www.bathori.hu\/blog\/monitor-elhelyezes-vezetoi-iroasztalon\/","title":{"rendered":"Monitor elhelyez\u00e9s vezet\u0151i \u00edr\u00f3asztalon \u2013 ergon\u00f3mia \u00e9s im\u00e1zs egyens\u00falya"},"content":{"rendered":"\n<p>A <strong>monitor elhelyez\u00e9s vezet\u0151i \u00edr\u00f3asztalon<\/strong> j\u00f3val t\u00f6bb, mint ergonomiai k\u00e9rd\u00e9s. Egy vezet\u0151i irod\u00e1ban a monitor egyszerre munkat\u00e1mogat\u00f3 eszk\u00f6z, vizu\u00e1lis elem \u00e9s \u2013 sokszor \u00e9szrev\u00e9tlen\u00fcl \u2013 kommunik\u00e1ci\u00f3s t\u00e9nyez\u0151 is. Az, hogy hol \u00e9s hogyan helyezkedik el, hat\u00e1ssal van a f\u00f3kuszra, a d\u00f6nt\u00e9shozatalra, a t\u00e1rgyal\u00e1sok dinamik\u00e1j\u00e1ra, valamint arra is, milyen benyom\u00e1st kelt az iroda a bel\u00e9p\u0151 partnerekben.<\/p>\n\n\n\n<p>M\u00edg egy operat\u00edv munka\u00e1llom\u00e1sn\u00e1l a monitor folyamatos haszn\u00e1latra van optimaliz\u00e1lva, addig egy vezet\u0151i \u00edr\u00f3asztalon m\u00e1s szerepet t\u00f6lt be. A vezet\u0151k ritk\u00e1n \u00fclnek \u00f3r\u00e1kon \u00e1t megszak\u00edt\u00e1s n\u00e9lk\u00fcl a k\u00e9perny\u0151 el\u0151tt; a monitor ink\u00e1bb inform\u00e1ci\u00f3s t\u00e1mpont, mint \u00e1lland\u00f3 munkafel\u00fclet. \u00c9ppen ez\u00e9rt az elhelyez\u00e9sn\u00e9l nemcsak az eg\u00e9szs\u00e9ges testtart\u00e1st, hanem az irodai t\u00e9r m\u0171k\u00f6d\u00e9s\u00e9t \u00e9s a vezet\u0151i jelenl\u00e9tet is figyelembe kell venni.<\/p>\n\n\n\n<p>Ebben a cikkben azt j\u00e1rjuk k\u00f6r\u00fcl, hogyan lehet a monitort \u00fagy elhelyezni a vezet\u0151i \u00edr\u00f3asztalon, hogy az <strong>ergonomikus maradjon<\/strong>, ugyanakkor <strong>ne bontsa meg az iroda preszt\u00edzs\u00e9t \u00e9s vizu\u00e1lis egyens\u00faly\u00e1t<\/strong>. Konkr\u00e9t d\u00f6nt\u00e9si szempontokon \u00e9s tipikus hib\u00e1kon kereszt\u00fcl mutatjuk meg, mire \u00e9rdemes figyelni, ha a c\u00e9l egy hossz\u00fa t\u00e1von is j\u00f3l m\u0171k\u00f6d\u0151 vezet\u0151i munkak\u00f6rnyezet.<\/p>\n\n\n\n<h2 class=\"wp-block-heading\"><strong>1. A monitor szerepe a vezet\u0151i munk\u00e1ban \u2013 nem folyamatos munkaeszk\u00f6z<\/strong><\/h2>\n\n\n\n<p>Egy vezet\u0151i \u00edr\u00f3asztalon a monitor funkci\u00f3ja alapvet\u0151en elt\u00e9r att\u00f3l, amit egy klasszikus irodai munka\u00e1llom\u00e1sn\u00e1l megszoktunk. M\u00edg az operat\u00edv munkak\u00f6r\u00f6kben a k\u00e9perny\u0151 a napi tev\u00e9kenys\u00e9g k\u00f6zpontja, addig a vezet\u0151i szerepben <strong>nem a monitor, hanem a d\u00f6nt\u00e9sek, egyeztet\u00e9sek \u00e9s \u00e1ttekint\u00e9sek ker\u00fclnek f\u00f3kuszba<\/strong>.<\/p>\n\n\n\n<p>A vezet\u0151k jellemz\u0151en:<\/p>\n\n\n\n<ul class=\"wp-block-list\">\n<li>r\u00f6videbb id\u0151szakokra \u00fclnek le a monitor el\u00e9,<\/li>\n\n\n\n<li>gyakran v\u00e1ltanak f\u00f3kusz\u00e1lt munka \u00e9s szem\u00e9lyes megbesz\u00e9l\u00e9sek k\u00f6z\u00f6tt,<\/li>\n\n\n\n<li>nem folyamatos g\u00e9pel\u00e9st, hanem inform\u00e1ci\u00f3-ellen\u0151rz\u00e9st, \u00e1ttekint\u00e9st v\u00e9geznek,<\/li>\n\n\n\n<li>sokszor p\u00e1rhuzamosan kommunik\u00e1lnak (telefon, szem\u00e9lyes jelenl\u00e9t, vide\u00f3h\u00edv\u00e1s).<\/li>\n<\/ul>\n\n\n\n<p>Ez\u00e9rt a monitor elhelyez\u00e9s\u00e9nek els\u0151dleges c\u00e9lja <strong>nem a maxim\u00e1lis k\u00e9perny\u0151haszn\u00e1lat<\/strong>, hanem az, hogy:<\/p>\n\n\n\n<ul class=\"wp-block-list\">\n<li>gyorsan hozz\u00e1f\u00e9rhet\u0151 legyen, amikor sz\u00fcks\u00e9g van r\u00e1,<\/li>\n\n\n\n<li>ne uralja le az \u00edr\u00f3asztalt vizu\u00e1lisan,<\/li>\n\n\n\n<li>ne z\u00e1rja el a vezet\u0151t a t\u00e9rt\u0151l \u00e9s a t\u00e1rgyal\u00f3partnerekt\u0151l,<\/li>\n\n\n\n<li>ne k\u00e9nyszer\u00edtse folyamatos, statikus testtart\u00e1sba.<\/li>\n<\/ul>\n\n\n\n<p>Gyakori hiba, hogy a vezet\u0151i \u00edr\u00f3asztalt ugyanazzal a logik\u00e1val alak\u00edtj\u00e1k ki, mint egy adminisztrat\u00edv munkahelyet: a monitor k\u00f6z\u00e9pen, \u00e1lland\u00f3an szem el\u0151tt van, sokszor t\u00fal k\u00f6zel vagy t\u00fal magasan. Ez hossz\u00fa t\u00e1von nemcsak ergonomiai probl\u00e9m\u00e1kat okozhat, hanem <strong>szerepzavart is teremt a t\u00e9rben<\/strong>: az iroda ink\u00e1bb \u201eoperat\u00edv munka\u00e1llom\u00e1snak\u201d, mint vezet\u0151i d\u00f6nt\u00e9si t\u00e9rnek hat.<\/p>\n\n\n\n<p>A j\u00f3 vezet\u0151i monitor-elhelyez\u00e9s ez\u00e9rt mindig kompromisszum:<\/p>\n\n\n\n<ul class=\"wp-block-list\">\n<li>jelen van, de nem domin\u00e1ns,<\/li>\n\n\n\n<li>haszn\u00e1lhat\u00f3, de nem tolakod\u00f3,<\/li>\n\n\n\n<li>t\u00e1mogatja a munk\u00e1t, de nem ir\u00e1ny\u00edtja azt.<\/li>\n<\/ul>\n\n\n\n<p>A k\u00f6vetkez\u0151 szakaszban azt n\u00e9zz\u00fck meg, <strong>milyen ergon\u00f3miai alapelvekhez \u00e9rdemes ragaszkodni<\/strong>, m\u00e9g akkor is, ha a monitor nem a vezet\u0151i munka els\u0151dleges eszk\u00f6ze.<\/p>\n\n\n\n<h2 class=\"wp-block-heading\"><strong>2. Ergon\u00f3miai alapelvek vezet\u0151i monitor-elhelyez\u00e9sn\u00e9l<\/strong><\/h2>\n\n\n\n<p>Att\u00f3l, hogy a monitor nem folyamatos munkaeszk\u00f6z egy vezet\u0151 sz\u00e1m\u00e1ra, <strong>az ergonomiai alapelvek nem v\u00e1lnak opcion\u00e1liss\u00e1<\/strong>. S\u0151t: mivel a vezet\u0151k gyakran v\u00e1ltanak munkam\u00f3dok k\u00f6z\u00f6tt, a rossz be\u00e1ll\u00edt\u00e1sok gyorsabban okoznak f\u00e1rad\u00e1st, nyak- \u00e9s v\u00e1llterhel\u00e9st.<\/p>\n\n\n\n<h3 class=\"wp-block-heading\"><strong>A legfontosabb ergonomiai kiindul\u00f3pontok<\/strong><\/h3>\n\n\n\n<p>Egy vezet\u0151i \u00edr\u00f3asztalon elhelyezett monitor eset\u00e9n az al\u00e1bbi alapelvekhez \u00e9rdemes ragaszkodni:<\/p>\n\n\n\n<ul class=\"wp-block-list\">\n<li><strong>Szemmagass\u00e1g:<\/strong> A monitor fels\u0151 \u00e9le nagyj\u00e1b\u00f3l szemmagass\u00e1gban vagy enyh\u00e9n alatta legyen. A t\u00fal magas monitor h\u00e1trah\u00fazott nyaktart\u00e1st, a t\u00fal alacsony el\u0151rebillen\u0151 fejet eredm\u00e9nyez.<\/li>\n\n\n\n<li><strong>T\u00e1vols\u00e1g:<\/strong> Ide\u00e1lisan 60\u201375 cm t\u00e1vols\u00e1g a szem \u00e9s a k\u00e9perny\u0151 k\u00f6z\u00f6tt. Ez vezet\u0151i k\u00f6rnyezetben k\u00fcl\u00f6n\u00f6sen fontos, mert gyakori a \u201er\u00e1pillant\u00e1s\u201d jelleg\u0171 haszn\u00e1lat.<\/li>\n\n\n\n<li><strong>D\u0151l\u00e9ssz\u00f6g:<\/strong> Enyh\u00e9n h\u00e1trafel\u00e9 d\u00f6nt\u00f6tt monitor cs\u00f6kkenti a szem- \u00e9s nyakterhel\u00e9st, k\u00fcl\u00f6n\u00f6sen akkor, ha az asztaln\u00e1l \u00fclve nem mindig ugyanabban a testhelyzetben t\u00f6rt\u00e9nik a haszn\u00e1lat.<\/li>\n\n\n\n<li><strong>K\u00e9perny\u0151 m\u00e9rete:<\/strong> A t\u00fal nagy monitor vizu\u00e1lisan domin\u00e1nss\u00e1 v\u00e1lik, a t\u00fal kicsi pedig felesleges er\u0151lk\u00f6d\u00e9sre k\u00e9nyszer\u00edt. Vezet\u0151i k\u00f6rnyezetben \u00e1ltal\u00e1ban a <strong>27\u201332 colos<\/strong> tartom\u00e1ny m\u0171k\u00f6dik a legkiegyens\u00falyozottabban.<\/li>\n<\/ul>\n\n\n\n<h3 class=\"wp-block-heading\"><strong>Mi\u00e9rt m\u00e1s ez vezet\u0151i k\u00f6rnyezetben?<\/strong><\/h3>\n\n\n\n<p>Egy operat\u00edv munka\u00e1llom\u00e1sn\u00e1l a monitorhoz igaz\u00edtj\u00e1k a testtart\u00e1st. Egy vezet\u0151i \u00edr\u00f3asztaln\u00e1l viszont <strong>a monitor igazodik a vezet\u0151h\u00f6z \u00e9s a t\u00e9rhez<\/strong>.<\/p>\n\n\n\n<p>Ez azt jelenti, hogy:<\/p>\n\n\n\n<ul class=\"wp-block-list\">\n<li>nem a maxim\u00e1lis hat\u00e9konys\u00e1g, hanem a <strong>komfort \u00e9s rugalmass\u00e1g<\/strong> az els\u0151dleges,<\/li>\n\n\n\n<li>a monitor nem k\u00e9nyszer\u00edthet egyetlen \u201ehelyes\u201d \u00fcl\u0151poz\u00edci\u00f3ra,<\/li>\n\n\n\n<li>a be\u00e1ll\u00edt\u00e1snak el kell viselnie azt is, ha a vezet\u0151 hol el\u0151r\u00e9bb d\u0151l, hol h\u00e1tr\u00e9bb \u00fcl, hol oldalra fordul.<\/li>\n<\/ul>\n\n\n\n<p>Ez\u00e9rt vezet\u0151i irod\u00e1ban k\u00fcl\u00f6n\u00f6sen el\u0151ny\u00f6s:<\/p>\n\n\n\n<ul class=\"wp-block-list\">\n<li>\u00e1ll\u00edthat\u00f3 magass\u00e1g\u00fa monitor\u00e1llv\u00e1ny,<\/li>\n\n\n\n<li>karos r\u00f6gz\u00edt\u00e9s (falra vagy asztalhoz),<\/li>\n\n\n\n<li>olyan elhelyez\u00e9s, amely gyorsan \u201ef\u00e9lre tud vonulni\u201d a f\u00f3kuszb\u00f3l, amikor t\u00e1rgyal\u00e1s zajlik.<\/li>\n<\/ul>\n\n\n\n<p>A k\u00f6vetkez\u0151 szakaszban azt vizsg\u00e1ljuk meg, <strong>hogyan hat a monitor poz\u00edci\u00f3ja a t\u00e1rgyal\u00e1si helyzetekre \u00e9s a vezet\u0151i im\u00e1zsra<\/strong>, ami legal\u00e1bb akkora s\u00fallyal esik latba, mint az ergon\u00f3mia.<\/p>\n\n\n\n<h2 class=\"wp-block-heading\"><strong>3. Monitor elhelyez\u00e9s t\u00e1rgyal\u00e1si helyzetekben \u2013 mikor zavar\u00f3, mikor semleges?<\/strong><\/h2>\n\n\n\n<p>A vezet\u0151i \u00edr\u00f3asztal egyik leg\u00e9rz\u00e9kenyebb pontja az, <strong>hogyan viselkedik a monitor akkor, amikor az iroda t\u00e1rgyal\u00f3t\u00e9rr\u00e9 v\u00e1lik<\/strong>. Itt v\u00e1lik el igaz\u00e1n az operat\u00edv gondolkod\u00e1s a vezet\u0151i szeml\u00e9lett\u0151l.<\/p>\n\n\n\n<h3 class=\"wp-block-heading\"><strong>Amikor a monitor akad\u00e1lyt k\u00e9pez<\/strong><\/h3>\n\n\n\n<p>A rosszul elhelyezett monitor t\u00e1rgyal\u00e1si helyzetben t\u00f6bb szinten is probl\u00e9m\u00e1t okozhat:<\/p>\n\n\n\n<ul class=\"wp-block-list\">\n<li><strong>Fizikai akad\u00e1ly:<\/strong> A monitor \u201efalat\u201d k\u00e9pez a vezet\u0151 \u00e9s a vend\u00e9g k\u00f6z\u00f6tt, ami tudattalan t\u00e1vols\u00e1g\u00e9rzetet hoz l\u00e9tre.<\/li>\n\n\n\n<li><strong>Figyelmi elvon\u00e1s:<\/strong> Ha a k\u00e9perny\u0151 a vend\u00e9g l\u00e1t\u00f3ter\u00e9ben van, a tekintet akaratlanul is odav\u00e1ndorol \u2013 k\u00fcl\u00f6n\u00f6sen, ha vil\u00e1gos tartalom l\u00e1that\u00f3 rajta.<\/li>\n\n\n\n<li><strong>Bizalmi k\u00e9rd\u00e9s:<\/strong> A vend\u00e9g sz\u00e1m\u00e1ra nem mindig egy\u00e9rtelm\u0171, hogy a k\u00e9perny\u0151n mi l\u00e1that\u00f3. Ez adatbiztons\u00e1gi \u00e9s pszichol\u00f3giai szinten is fesz\u00fclts\u00e9get kelthet.<\/li>\n<\/ul>\n\n\n\n<h3 class=\"wp-block-heading\"><strong>Amikor a monitor semleges vagy kifejezetten el\u0151ny\u00f6s<\/strong><\/h3>\n\n\n\n<p>J\u00f3 elhelyez\u00e9ssel a monitor <strong>nem elt\u0171nik, hanem szerepet v\u00e1lt<\/strong>:<\/p>\n\n\n\n<ul class=\"wp-block-list\">\n<li><strong>Oldalir\u00e1ny\u00fa poz\u00edci\u00f3:<\/strong> A monitor az \u00edr\u00f3asztal oldal\u00e1n helyezkedik el, \u00edgy nem z\u00e1rja el a vizu\u00e1lis kapcsolatot.<\/li>\n\n\n\n<li><strong>H\u00e1tr\u00e9bb tolt vagy elforgathat\u00f3 megold\u00e1s:<\/strong> Karos r\u00f6gz\u00edt\u00e9sn\u00e9l egy mozdulattal \u201ekiker\u00fcl\u201d a t\u00e1rgyal\u00e1si tengelyb\u0151l.<\/li>\n\n\n\n<li><strong>Megoszt\u00e1sra alkalmas poz\u00edci\u00f3:<\/strong> Ha a monitor k\u00f6nnyen l\u00e1that\u00f3v\u00e1 tehet\u0151 a vend\u00e9g sz\u00e1m\u00e1ra, akkor <strong>eszk\u00f6zz\u00e9 v\u00e1lik<\/strong>: terv, adat, prezent\u00e1ci\u00f3 gyors megmutat\u00e1s\u00e1ra.<\/li>\n<\/ul>\n\n\n\n<h3 class=\"wp-block-heading\"><strong>Tipikus vezet\u0151i d\u00f6nt\u00e9si helyzetek<\/strong><\/h3>\n\n\n\n<p>A monitor elhelyez\u00e9se k\u00fcl\u00f6n\u00f6sen kritikus az al\u00e1bbi szitu\u00e1ci\u00f3kban:<\/p>\n\n\n\n<ul class=\"wp-block-list\">\n<li>bizalmas egyeztet\u00e9sek,<\/li>\n\n\n\n<li>strat\u00e9giai megbesz\u00e9l\u00e9sek,<\/li>\n\n\n\n<li>partneri t\u00e1rgyal\u00e1sok,<\/li>\n\n\n\n<li>bels\u0151 vezet\u0151i d\u00f6nt\u00e9si k\u00f6r\u00f6k.<\/li>\n<\/ul>\n\n\n\n<p>Ilyenkor nem az a k\u00e9rd\u00e9s, hogy \u201evan-e monitor\u201d, hanem az, hogy <strong>ki uralja a teret<\/strong>:<\/p>\n\n\n\n<p>a technika, vagy a vezet\u0151.<\/p>\n\n\n\n<p>A k\u00f6vetkez\u0151 szakaszban azt n\u00e9zz\u00fck meg, <strong>hogyan hat a monitor l\u00e1that\u00f3s\u00e1ga a vezet\u0151i im\u00e1zsra \u00e9s a tekint\u00e9ly\u00e9rzetre<\/strong>, \u00e9s mikor er\u0151s\u00edt, illetve mikor gyeng\u00edt ezen.<\/p>\n\n\n\n<h2 class=\"wp-block-heading\"><strong>4. A monitor l\u00e1that\u00f3s\u00e1ga \u00e9s a vezet\u0151i im\u00e1zs kapcsolata<\/strong><\/h2>\n\n\n\n<p>A monitor elhelyez\u00e9se <strong>nemcsak ergon\u00f3miai, hanem im\u00e1zsk\u00e9rd\u00e9s is<\/strong>. Egy vezet\u0151i irod\u00e1ban minden l\u00e1that\u00f3 elem \u2013 \u00edgy a k\u00e9perny\u0151 is \u2013 \u00fczenetet k\u00f6zvet\u00edt arr\u00f3l, hogyan m\u0171k\u00f6dik a vezet\u0151, mire f\u00f3kusz\u00e1l, \u00e9s milyen szerepet t\u00f6lt be a szervezetben.<\/p>\n\n\n\n<h3 class=\"wp-block-heading\"><strong>Amikor a monitor \u201et\u00fal hangs\u00falyos\u201d<\/strong><\/h3>\n\n\n\n<p>Bizonyos elrendez\u00e9sek akaratlanul is azt az \u00fczenetet k\u00fcldik, hogy a vezet\u0151:<\/p>\n\n\n\n<ul class=\"wp-block-list\">\n<li>operat\u00edv szinten ragadt,<\/li>\n\n\n\n<li>folyamatosan \u201ea g\u00e9pben \u00e9l\u201d,<\/li>\n\n\n\n<li>v\u00e9grehajt\u00f3, nem ir\u00e1ny\u00edt\u00f3 szerepben van jelen.<\/li>\n<\/ul>\n\n\n\n<p>Ez jellemz\u0151en akkor fordul el\u0151, ha:<\/p>\n\n\n\n<ul class=\"wp-block-list\">\n<li>a monitor <strong>k\u00f6zvetlen\u00fcl szemben \u00e1ll a vend\u00e9ggel<\/strong>,<\/li>\n\n\n\n<li>nagy m\u00e9ret\u0171, domin\u00e1ns k\u00e9perny\u0151 uralja az \u00edr\u00f3asztalt,<\/li>\n\n\n\n<li>t\u00f6bb monitor egyszerre l\u00e1that\u00f3 a t\u00e1rgyal\u00e1si tengelyben.<\/li>\n<\/ul>\n\n\n\n<p>Ilyenkor a technika vizu\u00e1lisan <strong>megel\u0151zi a vezet\u0151t<\/strong>, ami hosszabb t\u00e1von gyeng\u00edtheti a tekint\u00e9ly\u00e9rzetet \u2013 m\u00e9g akkor is, ha ez tudatosan senkiben sem fogalmaz\u00f3dik meg.<\/p>\n\n\n\n<h3 class=\"wp-block-heading\"><strong>Amikor a monitor \u201eh\u00e1tt\u00e9rbe l\u00e9p\u201d<\/strong><\/h3>\n\n\n\n<p>A j\u00f3l kialak\u00edtott vezet\u0151i \u00edr\u00f3asztaln\u00e1l a monitor:<\/p>\n\n\n\n<ul class=\"wp-block-list\">\n<li><strong>m\u00e1sodlagos elemk\u00e9nt jelenik meg<\/strong>,<\/li>\n\n\n\n<li>nem vonja el a figyelmet a szem\u00e9lyes kommunik\u00e1ci\u00f3r\u00f3l,<\/li>\n\n\n\n<li>csak akkor ker\u00fcl f\u00f3kuszba, amikor a vezet\u0151 azt akarja.<\/li>\n<\/ul>\n\n\n\n<p>Ez jellemz\u0151 p\u00e9ld\u00e1ul:<\/p>\n\n\n\n<ul class=\"wp-block-list\">\n<li>oldalra poz\u00edcion\u00e1lt monitor eset\u00e9n,<\/li>\n\n\n\n<li>karos megold\u00e1sn\u00e1l, ahol a k\u00e9perny\u0151 elforgathat\u00f3,<\/li>\n\n\n\n<li>olyan asztalkialak\u00edt\u00e1sn\u00e1l, ahol a monitor nem a f\u0151 vizu\u00e1lis tengelyben \u00e1ll.<\/li>\n<\/ul>\n\n\n\n<p>Ebben az esetben az \u00fczenet vil\u00e1gos:<\/p>\n\n\n\n<p><strong>a vezet\u0151 ir\u00e1ny\u00edtja a technik\u00e1t, nem ford\u00edtva.<\/strong><\/p>\n\n\n\n<h3 class=\"wp-block-heading\"><strong>Tudatos im\u00e1zs\u00e9p\u00edt\u00e9s a monitoron kereszt\u00fcl<\/strong><\/h3>\n\n\n\n<p>A monitor elhelyez\u00e9se finoman, de hat\u00e1rozottan kommunik\u00e1lja:<\/p>\n\n\n\n<ul class=\"wp-block-list\">\n<li>mennyire f\u00f3kusz\u00e1l a vezet\u0151 a d\u00f6nt\u00e9shozatalra,<\/li>\n\n\n\n<li>mennyire v\u00e1lasztja sz\u00e9t a munkav\u00e9gz\u00e9st \u00e9s a t\u00e1rgyal\u00e1st,<\/li>\n\n\n\n<li>mennyire struktur\u00e1lt a gondolkod\u00e1sa.<\/li>\n<\/ul>\n\n\n\n<p>Egy j\u00f3l pozicion\u00e1lt monitor:<\/p>\n\n\n\n<ul class=\"wp-block-list\">\n<li>nem \u201eelt\u0171nik\u201d,<\/li>\n\n\n\n<li>hanem <strong>illeszkedik a vezet\u0151i szerephez<\/strong>.<\/li>\n<\/ul>\n\n\n\n<p>A k\u00f6vetkez\u0151 szakaszban azt vizsg\u00e1ljuk meg, <strong>milyen konkr\u00e9t elrendez\u00e9si megold\u00e1sokkal lehet egyszerre ergon\u00f3mikus \u00e9s im\u00e1zsban is er\u0151s monitorpoz\u00edci\u00f3t kialak\u00edtani<\/strong> a vezet\u0151i \u00edr\u00f3asztalon.<\/p>\n\n\n\n<h2 class=\"wp-block-heading\"><strong>5. Gyakorlati elrendez\u00e9si mint\u00e1k: ergon\u00f3mikus\u00a0\u00e9s<\/strong> <strong>im\u00e1zsban er\u0151s megold\u00e1sok<\/strong><\/h2>\n\n\n\n<p>A monitor elhelyez\u00e9s\u00e9n\u00e9l nem elm\u00e9leti szab\u00e1lyok m\u0171k\u00f6dnek igaz\u00e1n, hanem <strong>j\u00f3l bev\u00e1lt elrendez\u00e9si mint\u00e1k<\/strong>, amelyek egyszerre szolg\u00e1lj\u00e1k a napi munk\u00e1t \u00e9s a vezet\u0151i jelenl\u00e9tet. Az al\u00e1bbi megold\u00e1sok kifejezetten vezet\u0151i irod\u00e1kban bizonyultak m\u0171k\u00f6d\u0151k\u00e9pesnek.<\/p>\n\n\n\n<h3 class=\"wp-block-heading\"><strong>1. Oldalra ford\u00edtott monitor \u2013 a leggyakoribb \u201evezet\u0151i\u201d megold\u00e1s<\/strong><\/h3>\n\n\n\n<ul class=\"wp-block-list\">\n<li>A monitor az \u00edr\u00f3asztal <strong>domin\u00e1ns tengely\u00e9t\u0151l oldalra<\/strong> ker\u00fcl.<\/li>\n\n\n\n<li>A vezet\u0151 enyh\u00e9n elfordulva dolgozik, t\u00e1rgyal\u00e1skor pedig a vend\u00e9gre n\u00e9z.<\/li>\n\n\n\n<li>Ergonomikus, ha a monitor karon van, \u00e9s finoman visszaford\u00edthat\u00f3.<\/li>\n<\/ul>\n\n\n\n<p><strong>El\u0151ny\u00f6k:<\/strong><\/p>\n\n\n\n<ul class=\"wp-block-list\">\n<li>a monitor nem uralja a teret,<\/li>\n\n\n\n<li>t\u00e1rgyal\u00e1skor nem zavar\u00f3,<\/li>\n\n\n\n<li>vil\u00e1gos szerepv\u00e1lt\u00e1s munka \u00e9s egyeztet\u00e9s k\u00f6z\u00f6tt.<\/li>\n<\/ul>\n\n\n\n<h3 class=\"wp-block-heading\"><strong>2. Monitor kar + v\u00e1ltoztathat\u00f3 poz\u00edci\u00f3<\/strong><\/h3>\n\n\n\n<ul class=\"wp-block-list\">\n<li>A monitor <strong>\u00e1ll\u00edthat\u00f3 karon<\/strong> van r\u00f6gz\u00edtve.<\/li>\n\n\n\n<li>Munka k\u00f6zben k\u00f6zel \u00e9s pontos poz\u00edci\u00f3ban,<\/li>\n\n\n\n<li>t\u00e1rgyal\u00e1skor h\u00e1tr\u00e9bb tolhat\u00f3 vagy elford\u00edthat\u00f3.<\/li>\n<\/ul>\n\n\n\n<p><strong>El\u0151ny\u00f6k:<\/strong><\/p>\n\n\n\n<ul class=\"wp-block-list\">\n<li>kiv\u00e1l\u00f3 ergon\u00f3mia,<\/li>\n\n\n\n<li>rugalmas munkast\u00edlus,<\/li>\n\n\n\n<li>hossz\u00fa t\u00e1von tehermentes\u00edti a nyakat \u00e9s v\u00e1llat.<\/li>\n<\/ul>\n\n\n\n<p>Ez a megold\u00e1s k\u00fcl\u00f6n\u00f6sen j\u00f3l m\u0171k\u00f6dik olyan vezet\u0151kn\u00e9l, akik:<\/p>\n\n\n\n<ul class=\"wp-block-list\">\n<li>sokat dolgoznak k\u00e9perny\u0151n,<\/li>\n\n\n\n<li>de rendszeresen fogadnak partnereket is az irod\u00e1ban.<\/li>\n<\/ul>\n\n\n\n<h3 class=\"wp-block-heading\"><strong>3. Kett\u0151s z\u00f3na: munkaoldal + t\u00e1rgyal\u00f3oldal<\/strong><\/h3>\n\n\n\n<ul class=\"wp-block-list\">\n<li>L-alak\u00fa vagy b\u0151v\u00edtett \u00edr\u00f3asztalokn\u00e1l jellemz\u0151.<\/li>\n\n\n\n<li>A monitor <strong>egy\u00e9rtelm\u0171en a munkaoldalon<\/strong> helyezkedik el.<\/li>\n\n\n\n<li>A t\u00e1rgyal\u00f3oldal monitormentes marad.<\/li>\n<\/ul>\n\n\n\n<p><strong>El\u0151ny\u00f6k:<\/strong><\/p>\n\n\n\n<ul class=\"wp-block-list\">\n<li>tiszta funkcion\u00e1lis sz\u00e9tv\u00e1laszt\u00e1s,<\/li>\n\n\n\n<li>a vend\u00e9g \u201enem \u00fcl a technika m\u00f6g\u00e9\u201d,<\/li>\n\n\n\n<li>er\u0151s\u00edti a vezet\u0151i kontroll \u00e9rzet\u00e9t.<\/li>\n<\/ul>\n\n\n\n<h3 class=\"wp-block-heading\"><strong>4. Rejtettebb, alacsonyabb vizu\u00e1lis s\u00faly\u00fa monitor<\/strong><\/h3>\n\n\n\n<ul class=\"wp-block-list\">\n<li>V\u00e9kony k\u00e1v\u00e1s, s\u00f6t\u00e9t, matt fel\u00fclet\u0171 monitor.<\/li>\n\n\n\n<li>Nem t\u00fckr\u00f6z\u0151dik, nem vonja el a figyelmet.<\/li>\n\n\n\n<li>Kombin\u00e1lhat\u00f3 s\u00fcllyesztett k\u00e1belvezet\u00e9ssel.<\/li>\n<\/ul>\n\n\n\n<p><strong>El\u0151ny\u00f6k:<\/strong><\/p>\n\n\n\n<ul class=\"wp-block-list\">\n<li>letisztult l\u00e1tv\u00e1ny,<\/li>\n\n\n\n<li>kevesebb vizu\u00e1lis zaj,<\/li>\n\n\n\n<li>harmonikusabb \u00f6sszk\u00e9p az irod\u00e1ban.<\/li>\n<\/ul>\n\n\n\n<h3 class=\"wp-block-heading\"><strong>Tipikus hiba, amit \u00e9rdemes elker\u00fclni<\/strong><\/h3>\n\n\n\n<ul class=\"wp-block-list\">\n<li>t\u00fal nagy, \u201egaming\u201d jelleg\u0171 monitor vezet\u0151i irod\u00e1ban,<\/li>\n\n\n\n<li>t\u00f6bb monitor a vend\u00e9ggel szemben,<\/li>\n\n\n\n<li>fix, nem \u00e1ll\u00edthat\u00f3 poz\u00edci\u00f3 hossz\u00fa t\u00e1v\u00fa haszn\u00e1latra.<\/li>\n<\/ul>\n\n\n\n<h3 class=\"wp-block-heading\"><strong>\u00d6sszef\u00fcgg\u00e9s a vezet\u0151i szereppel<\/strong><\/h3>\n\n\n\n<p>A j\u00f3 monitor-elrendez\u00e9s:<\/p>\n\n\n\n<ul class=\"wp-block-list\">\n<li><strong>nem l\u00e1tv\u00e1nyos<\/strong>, m\u00e9gis hat\u00e1sos,<\/li>\n\n\n\n<li>nem hivalkod\u00f3,<\/li>\n\n\n\n<li>hanem \u00e9szrev\u00e9tlen\u00fcl t\u00e1mogatja a vezet\u0151 munkast\u00edlus\u00e1t.<\/li>\n<\/ul>\n\n\n\n<p>Ebben a kontextusban a monitor <strong>nem technikai eszk\u00f6z<\/strong>, hanem a vezet\u0151i \u00edr\u00f3asztal szerves r\u00e9sze, amely \u2013 j\u00f3l elhelyezve \u2013 egyszerre szolg\u00e1lja az eg\u00e9szs\u00e9get, a f\u00f3kuszt \u00e9s az im\u00e1zst.<\/p>\n\n\n\n<h2 class=\"wp-block-heading\"><strong>6. Tipikus hib\u00e1k a monitor elhelyez\u00e9s\u00e9n\u00e9l \u2013 \u00e9s mi\u00e9rt rontj\u00e1k a vezet\u0151i jelenl\u00e9tet<\/strong><\/h2>\n\n\n\n<p>A monitor elhelyez\u00e9se sok vezet\u0151i irod\u00e1ban <strong>nem tudatos d\u00f6nt\u00e9s<\/strong>, hanem \u201eahogy kij\u00f6tt\u201d alapon alakul ki. Ezek a hib\u00e1k \u00f6nmagukban apr\u00f3nak t\u0171nnek, m\u00e9gis hossz\u00fa t\u00e1von rontj\u00e1k az ergon\u00f3mi\u00e1t, a f\u00f3kuszt \u00e9s a vezet\u0151i t\u00e9r \u00fczenet\u00e9t.<\/p>\n\n\n\n<h3 class=\"wp-block-heading\"><strong>1. A monitor pontosan szemben, a vend\u00e9g ir\u00e1ny\u00e1ba ford\u00edtva<\/strong><\/h3>\n\n\n\n<p>Ez az egyik leggyakoribb hiba.<\/p>\n\n\n\n<p><strong>Mi a probl\u00e9ma vele?<\/strong><\/p>\n\n\n\n<ul class=\"wp-block-list\">\n<li>t\u00e1rgyal\u00e1skor a technika ker\u00fcl f\u00f3kuszba, nem a besz\u00e9lget\u00e9s,<\/li>\n\n\n\n<li>adatbiztons\u00e1gi szempontb\u00f3l is kellemetlen,<\/li>\n\n\n\n<li>vizu\u00e1lisan \u201eelv\u00e1lasztja\u201d a vezet\u0151t \u00e9s a vend\u00e9get.<\/li>\n<\/ul>\n\n\n\n<p><strong>Mit jelez?<\/strong><\/p>\n\n\n\n<p>Operat\u00edv munkapoz\u00edci\u00f3t, nem vezet\u0151i jelenl\u00e9tet.<\/p>\n\n\n\n<h3 class=\"wp-block-heading\"><strong>2. T\u00fal alacsony vagy t\u00fal magas monitorpoz\u00edci\u00f3<\/strong><\/h3>\n\n\n\n<p>Sok irod\u00e1ban a monitor:<\/p>\n\n\n\n<ul class=\"wp-block-list\">\n<li>t\u00fal alacsonyan van \u2192 el\u0151rehajl\u00e1s, nyakfesz\u00fcl\u00e9s,<\/li>\n\n\n\n<li>t\u00fal magasan van \u2192 v\u00e1ll- \u00e9s nyakf\u00e1jdalom.<\/li>\n<\/ul>\n\n\n\n<p><strong>K\u00f6vetkezm\u00e9ny:<\/strong><\/p>\n\n\n\n<ul class=\"wp-block-list\">\n<li>rejtett, de folyamatos fizikai terhel\u00e9s,<\/li>\n\n\n\n<li>hossz\u00fa t\u00e1von cs\u00f6kken\u0151 koncentr\u00e1ci\u00f3,<\/li>\n\n\n\n<li>f\u00e1radtabb d\u00f6nt\u00e9shozatal.<\/li>\n<\/ul>\n\n\n\n<p>Ez k\u00fcl\u00f6n\u00f6sen probl\u00e9m\u00e1s vezet\u0151kn\u00e9l, akik napi t\u00f6bb \u00f3r\u00e1t t\u00f6ltenek k\u00e9perny\u0151 el\u0151tt.<\/p>\n\n\n\n<h3 class=\"wp-block-heading\"><strong>3. Fix, nem \u00e1ll\u00edthat\u00f3 monitor<\/strong><\/h3>\n\n\n\n<p>A fix poz\u00edci\u00f3j\u00fa monitor:<\/p>\n\n\n\n<ul class=\"wp-block-list\">\n<li>nem alkalmazkodik k\u00fcl\u00f6nb\u00f6z\u0151 testhelyzetekhez,<\/li>\n\n\n\n<li>nem t\u00e1mogatja a szerepv\u00e1lt\u00e1st (munka \u2194 t\u00e1rgyal\u00e1s),<\/li>\n\n\n\n<li>g\u00e1tolja a rugalmas munkast\u00edlust.<\/li>\n<\/ul>\n\n\n\n<p><strong>Tipikus t\u00fcnet:<\/strong><\/p>\n\n\n\n<p>\u201eJ\u00f3 lenne m\u00e1shogy, de nincs hova tenni.\u201d<\/p>\n\n\n\n<h3 class=\"wp-block-heading\"><strong>4. T\u00fal domin\u00e1ns technikai l\u00e1tv\u00e1ny<\/strong><\/h3>\n\n\n\n<p>Nagy m\u00e9ret\u0171, vastag k\u00e1v\u00e1s, vil\u00e1g\u00edt\u00f3 log\u00f3s monitorok:<\/p>\n\n\n\n<ul class=\"wp-block-list\">\n<li>elvonj\u00e1k a figyelmet,<\/li>\n\n\n\n<li>vizu\u00e1lis zajt hoznak l\u00e9tre,<\/li>\n\n\n\n<li>gyeng\u00edtik a t\u00e9r letisztults\u00e1g\u00e1t.<\/li>\n<\/ul>\n\n\n\n<p>Egy vezet\u0151i irod\u00e1ban a technika <strong>nem lehet f\u0151szerepl\u0151<\/strong>.<\/p>\n\n\n\n<h3 class=\"wp-block-heading\"><strong>5. A monitor nincs \u00f6sszhangban az asztal m\u00e9ret\u00e9vel \u00e9s elrendez\u00e9s\u00e9vel<\/strong><\/h3>\n\n\n\n<p>Gyakori, hogy:<\/p>\n\n\n\n<ul class=\"wp-block-list\">\n<li>kis asztalon t\u00fal nagy monitor \u00e1ll,<\/li>\n\n\n\n<li>nagy asztalon a monitor \u201eelveszik\u201d \u00e9s rossz sz\u00f6gben van.<\/li>\n<\/ul>\n\n\n\n<p><strong>Eredm\u00e9ny:<\/strong><\/p>\n\n\n\n<ul class=\"wp-block-list\">\n<li>ar\u00e1nytalan t\u00e9r,<\/li>\n\n\n\n<li>k\u00e9nyelmetlen haszn\u00e1lat,<\/li>\n\n\n\n<li>k\u00f6vetkezetlen \u00f6sszk\u00e9p.<\/li>\n<\/ul>\n\n\n\n<h3 class=\"wp-block-heading\"><strong>R\u00f6vid tanuls\u00e1g<\/strong><\/h3>\n\n\n\n<p>A monitor elhelyez\u00e9se akkor j\u00f3, ha:<\/p>\n\n\n\n<ul class=\"wp-block-list\">\n<li>nem uralja a teret,<\/li>\n\n\n\n<li>t\u00e1mogatja a f\u00f3kusz\u00e1lt munk\u00e1t,<\/li>\n\n\n\n<li>t\u00e1rgyal\u00e1skor h\u00e1tt\u00e9rbe tud l\u00e9pni,<\/li>\n\n\n\n<li>ergonomikusan hossz\u00fa t\u00e1von is k\u00e9nyelmes.<\/li>\n<\/ul>\n\n\n\n<p>A vezet\u0151i \u00edr\u00f3asztalon a monitor <strong>nem csak eszk\u00f6z<\/strong>, hanem a munkast\u00edlus \u00e9s a vezet\u0151i szerep vizu\u00e1lis kiterjeszt\u00e9se. Ha rossz helyen van, azt a test \u00e9s a k\u00f6rnyezet egyar\u00e1nt \u201ejelzi\u201d.<\/p>\n\n\n\n<h2 class=\"wp-block-heading\"><strong>7. Hogyan legyen egyszerre ergonomikus \u00e9s reprezentat\u00edv\u00a0a monitor elhelyez\u00e9se?<\/strong><\/h2>\n\n\n\n<p>Ez az a pont, ahol a legt\u00f6bb vezet\u0151i iroda elv\u00e9rzik \u2013 pedig <strong>nem kompromisszumr\u00f3l<\/strong>, hanem <strong>tudatos be\u00e1ll\u00edt\u00e1sr\u00f3l<\/strong> van sz\u00f3. A j\u00f3 monitor-elhelyez\u00e9s <strong>k\u00e9t szerepet szolg\u00e1l ki p\u00e1rhuzamosan<\/strong>:<\/p>\n\n\n\n<ol start=\"1\" class=\"wp-block-list\">\n<li>a napi, f\u00f3kusz\u00e1lt munk\u00e1t,<\/li>\n\n\n\n<li>a vezet\u0151i jelenl\u00e9tet \u00e9s t\u00e1rgyal\u00e1si helyzeteket.<\/li>\n<\/ol>\n\n\n\n<h3 class=\"wp-block-heading\"><strong>Az alapelv: a monitor ne legyen \u00e1lland\u00f3an \u201eel\u0151t\u00e9rben\u201d<\/strong><\/h3>\n\n\n\n<p>Egy j\u00f3l kialak\u00edtott vezet\u0151i \u00edr\u00f3asztalon a monitor:<\/p>\n\n\n\n<ul class=\"wp-block-list\">\n<li><strong>munka k\u00f6zben akt\u00edv<\/strong>,<\/li>\n\n\n\n<li><strong>t\u00e1rgyal\u00e1skor passz\u00edv h\u00e1tt\u00e9relemm\u00e9 v\u00e1lik<\/strong>.<\/li>\n<\/ul>\n\n\n\n<p>Ez nem azt jelenti, hogy elt\u0171nik \u2013 hanem hogy <strong>nem uralja a vizu\u00e1lis tengelyt<\/strong>.<\/p>\n\n\n\n<h3 class=\"wp-block-heading\"><strong>Gyakorlati megold\u00e1sok, amelyek m\u0171k\u00f6dnek<\/strong><\/h3>\n\n\n\n<p><strong>1. Oldalra poz\u00edcion\u00e1lt, enyh\u00e9n beford\u00edtott monitor<\/strong><\/p>\n\n\n\n<ul class=\"wp-block-list\">\n<li>a vezet\u0151 k\u00f6nnyen r\u00e1l\u00e1t,<\/li>\n\n\n\n<li>a vend\u00e9g nem l\u00e1t r\u00e1 k\u00f6zvetlen\u00fcl,<\/li>\n\n\n\n<li>t\u00e1rgyal\u00e1skor nem \u201efal\u201d az asztalon.<\/li>\n<\/ul>\n\n\n\n<p>Ez a leggyakrabban bev\u00e1lt vezet\u0151i megold\u00e1s.<\/p>\n\n\n\n<p><strong>2. Karos vagy s\u00fcllyesztett monitorr\u00f6gz\u00edt\u00e9s<\/strong><\/p>\n\n\n\n<ul class=\"wp-block-list\">\n<li>\u00e1ll\u00edthat\u00f3 magass\u00e1g \u00e9s d\u0151l\u00e9ssz\u00f6g,<\/li>\n\n\n\n<li>gyors v\u00e1lt\u00e1s munka \u2194 t\u00e1rgyal\u00e1s k\u00f6z\u00f6tt,<\/li>\n\n\n\n<li>ergonomikusabb testtart\u00e1s.<\/li>\n<\/ul>\n\n\n\n<p>Fontos: a kar legyen <strong>vizu\u00e1lisan visszafogott<\/strong>, ne ipari hat\u00e1s\u00fa.<\/p>\n\n\n\n<p><strong>3. K\u00e1belekkel egy\u00fctt kezelt rendszer<\/strong><\/p>\n\n\n\n<p>A monitor \u00f6nmag\u00e1ban nem probl\u00e9ma \u2013 a k\u00f6r\u00fcl\u00f6tte l\u00e9v\u0151 k\u00e1belrengeteg az.<\/p>\n\n\n\n<p>Ha:<\/p>\n\n\n\n<ul class=\"wp-block-list\">\n<li>a k\u00e1belek rejtve futnak,<\/li>\n\n\n\n<li>a csatlakoz\u00f3k nem l\u00e1tszanak,<\/li>\n\n\n\n<li>a monitor \u201elebeg\u0151\u201d hat\u00e1s\u00fa,<\/li>\n<\/ul>\n\n\n\n<p>akkor a technika <strong>nem bontja meg a t\u00e9r preszt\u00edzs\u00e9t<\/strong>.<\/p>\n\n\n\n<h3 class=\"wp-block-heading\"><strong>Mit \u00fczen egy j\u00f3l elhelyezett monitor?<\/strong><\/h3>\n\n\n\n<ul class=\"wp-block-list\">\n<li>tudatos munkaszervez\u00e9st,<\/li>\n\n\n\n<li>hossz\u00fa t\u00e1vra tervezett irod\u00e1t,<\/li>\n\n\n\n<li>olyan vezet\u0151t, aki <strong>nem csak dolgozik, hanem ir\u00e1ny\u00edt<\/strong>.<\/li>\n<\/ul>\n\n\n\n<p>Ez az a szint, ahol az ergon\u00f3mia \u00e9s az im\u00e1zs <strong>nem egym\u00e1s rov\u00e1s\u00e1ra<\/strong>, hanem egym\u00e1st er\u0151s\u00edtve m\u0171k\u00f6dik.<\/p>\n\n\n\n<p>Ha a monitor elhelyez\u00e9s\u00e9t nem \u00f6n\u00e1ll\u00f3 k\u00e9rd\u00e9sk\u00e9nt, hanem a teljes vezet\u0151i munkak\u00f6rnyezet r\u00e9szek\u00e9nt szeretn\u00e9 \u00e1tgondolni, \u00e9rdemes a \u201e<a href=\"https:\/\/www.bathori.hu\/blog\/vezetoi-iroasztal\" data-type=\"link\" data-id=\"https:\/\/www.bathori.hu\/blog\/vezetoi-iroasztal\">Vezet\u0151i \u00edr\u00f3asztal v\u00e1laszt\u00e1sa: m\u00e9retek, elrendez\u00e9s \u00e9s hossz\u00fa t\u00e1v\u00fa d\u00f6nt\u00e9si szempontok<\/a>\u201d c\u00edm\u0171 \u00f6sszefoglal\u00f3 \u00fatmutat\u00f3t is \u00e1tn\u00e9zni.<\/p>\n\n\n\n<h3 class=\"wp-block-heading\"><strong>Z\u00e1r\u00f3 gondolat<\/strong><\/h3>\n\n\n\n<p>A vezet\u0151i \u00edr\u00f3asztalon a monitor nem lehet \u201ecsak ott van\u201d elem.<\/p>\n\n\n\n<p>Ha j\u00f3l van elhelyezve:<\/p>\n\n\n\n<ul class=\"wp-block-list\">\n<li>kev\u00e9sb\u00e9 f\u00e1raszt,<\/li>\n\n\n\n<li>tiszt\u00e1bb gondolkod\u00e1st t\u00e1mogat,<\/li>\n\n\n\n<li>\u00e9s a t\u00e9r v\u00e9gig vezet\u0151i marad \u2013 akkor is, amikor dolgozik, \u00e9s akkor is, amikor t\u00e1rgyal.<\/li>\n<\/ul>\n\n\n\n<p>Ez k\u00fcl\u00f6nb\u00f6zteti meg az <strong>irodai munka\u00e1llom\u00e1st<\/strong> a <strong>vezet\u0151i d\u00f6nt\u00e9si t\u00e9rt\u0151l<\/strong>.<\/p>\n","protected":false},"excerpt":{"rendered":"<p>A monitor elhelyez\u00e9s vezet\u0151i \u00edr\u00f3asztalon j\u00f3val t\u00f6bb, mint ergonomiai k\u00e9rd\u00e9s. Egy vezet\u0151i irod\u00e1ban a monitor egyszerre munkat\u00e1mogat\u00f3 eszk\u00f6z, vizu\u00e1lis elem \u00e9s \u2013 sokszor \u00e9szrev\u00e9tlen\u00fcl \u2013 kommunik\u00e1ci\u00f3s t\u00e9nyez\u0151 is. Az, hogy hol \u00e9s hogyan helyezkedik el, hat\u00e1ssal van a f\u00f3kuszra, a d\u00f6nt\u00e9shozatalra, a t\u00e1rgyal\u00e1sok dinamik\u00e1j\u00e1ra, valamint arra is, milyen benyom\u00e1st kelt az iroda a bel\u00e9p\u0151 partnerekben. &#8230; <a title=\"Monitor elhelyez\u00e9s vezet\u0151i \u00edr\u00f3asztalon \u2013 ergon\u00f3mia \u00e9s im\u00e1zs egyens\u00falya\" class=\"read-more\" href=\"https:\/\/www.bathori.hu\/blog\/monitor-elhelyezes-vezetoi-iroasztalon\/\" aria-label=\"Read more about Monitor elhelyez\u00e9s vezet\u0151i \u00edr\u00f3asztalon \u2013 ergon\u00f3mia \u00e9s im\u00e1zs egyens\u00falya\">Olvass tov\u00e1bb<\/a><\/p>\n","protected":false},"author":1,"featured_media":1166,"comment_status":"closed","ping_status":"closed","sticky":false,"template":"","format":"standard","meta":{"footnotes":""},"categories":[25],"tags":[],"class_list":["post-1156","post","type-post","status-publish","format-standard","has-post-thumbnail","hentry","category-vezetoi-iroasztal"],"_links":{"self":[{"href":"https:\/\/www.bathori.hu\/blog\/wp-json\/wp\/v2\/posts\/1156","targetHints":{"allow":["GET"]}}],"collection":[{"href":"https:\/\/www.bathori.hu\/blog\/wp-json\/wp\/v2\/posts"}],"about":[{"href":"https:\/\/www.bathori.hu\/blog\/wp-json\/wp\/v2\/types\/post"}],"author":[{"embeddable":true,"href":"https:\/\/www.bathori.hu\/blog\/wp-json\/wp\/v2\/users\/1"}],"replies":[{"embeddable":true,"href":"https:\/\/www.bathori.hu\/blog\/wp-json\/wp\/v2\/comments?post=1156"}],"version-history":[{"count":5,"href":"https:\/\/www.bathori.hu\/blog\/wp-json\/wp\/v2\/posts\/1156\/revisions"}],"predecessor-version":[{"id":1164,"href":"https:\/\/www.bathori.hu\/blog\/wp-json\/wp\/v2\/posts\/1156\/revisions\/1164"}],"wp:featuredmedia":[{"embeddable":true,"href":"https:\/\/www.bathori.hu\/blog\/wp-json\/wp\/v2\/media\/1166"}],"wp:attachment":[{"href":"https:\/\/www.bathori.hu\/blog\/wp-json\/wp\/v2\/media?parent=1156"}],"wp:term":[{"taxonomy":"category","embeddable":true,"href":"https:\/\/www.bathori.hu\/blog\/wp-json\/wp\/v2\/categories?post=1156"},{"taxonomy":"post_tag","embeddable":true,"href":"https:\/\/www.bathori.hu\/blog\/wp-json\/wp\/v2\/tags?post=1156"}],"curies":[{"name":"wp","href":"https:\/\/api.w.org\/{rel}","templated":true}]}}