{"id":1146,"date":"2026-01-21T08:00:00","date_gmt":"2026-01-21T06:00:00","guid":{"rendered":"https:\/\/www.bathori.hu\/blog\/?p=1146"},"modified":"2026-01-21T09:58:53","modified_gmt":"2026-01-21T07:58:53","slug":"rejtett-dugalj-vezetoi-iroasztalhoz","status":"publish","type":"post","link":"https:\/\/www.bathori.hu\/blog\/rejtett-dugalj-vezetoi-iroasztalhoz\/","title":{"rendered":"Milyen csatlakoz\u00f3kra van val\u00f3ban sz\u00fcks\u00e9g egy vezet\u0151i asztalon?"},"content":{"rendered":"\n<p>Ez a k\u00e9rd\u00e9s ma m\u00e1r messze nem technikai r\u00e9szlet, hanem tudatos vezet\u0151i d\u00f6nt\u00e9s.<\/p>\n\n\n\n<p><strong>Rejtett dugalj vezet\u0151i \u00edr\u00f3asztalhoz<\/strong>? Egy modern vezet\u0151i \u00edr\u00f3asztalon a k\u00e1belek, t\u00f6lt\u0151k \u00e9s csatlakoz\u00f3k nemcsak az eszk\u00f6z\u00f6k m\u0171k\u00f6d\u00e9s\u00e9t szolg\u00e1lj\u00e1k, hanem k\u00f6zvetlen\u00fcl hatnak a munkav\u00e9gz\u00e9s min\u0151s\u00e9g\u00e9re, a f\u00f3kuszra \u00e9s az iroda \u00f6sszk\u00e9p\u00e9re is. A t\u00falzs\u00fafolt, rosszul megtervezett csatlakoz\u00f3k k\u00e1oszt teremtenek, m\u00edg a j\u00f3l elhelyezett, rejtett megold\u00e1sok szinte \u00e9szrev\u00e9tlen\u00fcl t\u00e1mogatj\u00e1k a napi munk\u00e1t.<\/p>\n\n\n\n<p>Sokan esnek abba a hib\u00e1ba, hogy \u201emindent bele\u201d alapon terveznek: min\u00e9l t\u00f6bb aljzatot, min\u00e9l t\u00f6bb portot, min\u00e9l t\u00f6bb lehet\u0151s\u00e9get. A val\u00f3s\u00e1gban azonban a vezet\u0151i \u00edr\u00f3asztalon <strong>nem a mennyis\u00e9g, hanem az \u00e1tgondolt rendszer sz\u00e1m\u00edt<\/strong>.<\/p>\n\n\n\n<p>Ebben a cikkben v\u00e9gigvessz\u00fck,<\/p>\n\n\n\n<p>\u2013 mely <strong>rejtett dugalj<\/strong> \u00e9s csatlakoz\u00f3t\u00edpusok indokoltak egy vezet\u0151i \u00edr\u00f3asztalon,<\/p>\n\n\n\n<p>\u2013 melyek feleslegesek vagy ak\u00e1r zavar\u00f3ak,<\/p>\n\n\n\n<p>\u2013 \u00e9s hogyan lehet \u00fagy kialak\u00edtani a csatlakoz\u00e1st, hogy az hossz\u00fa t\u00e1von is rendezett, eszt\u00e9tikus \u00e9s j\u00f6v\u0151\u00e1ll\u00f3 maradjon.<\/p>\n\n\n\n<p>A c\u00e9l nem az, hogy a technika l\u00e1that\u00f3 legyen \u2014 hanem hogy <strong>\u00e9szrev\u00e9tlen\u00fcl m\u0171k\u00f6dj\u00f6n<\/strong>, pontosan ott \u00e9s \u00fagy, ahogyan a vezet\u0151i munk\u00e1hoz sz\u00fcks\u00e9ges.<\/p>\n\n\n\n<h2 class=\"wp-block-heading\"><strong>1. Alapvet\u0151 csatlakoz\u00f3k egy vezet\u0151i asztalon \u2013 mi az, ami val\u00f3ban sz\u00fcks\u00e9ges?<\/strong><\/h2>\n\n\n\n<p>Egy vezet\u0151i \u00edr\u00f3asztal csatlakoz\u00e1si ig\u00e9nyei <strong>jelent\u0151sen elt\u00e9rnek<\/strong> egy \u00e1tlagos munkaasztal\u00e9t\u00f3l. Itt nem az a c\u00e9l, hogy minden eshet\u0151s\u00e9gre felk\u00e9sz\u00fclj\u00fcnk, hanem az, hogy <strong>a napi vezet\u0151i m\u0171k\u00f6d\u00e9shez sz\u00fcks\u00e9ges minimum stabilan, eszt\u00e9tikusan \u00e9s hossz\u00fa t\u00e1von is j\u00f3l haszn\u00e1lhat\u00f3 m\u00f3don legyen jelen<\/strong>.<\/p>\n\n\n\n<h3 class=\"wp-block-heading\"><strong>230 V-os h\u00e1l\u00f3zati csatlakoz\u00e1s (rejtett dugalj)<\/strong><\/h3>\n\n\n\n<p>Ez az egyetlen elem, amely <strong>szinte minden vezet\u0151i asztalon indokolt<\/strong>.<\/p>\n\n\n\n<p>Laptop, monitor, dokkol\u00f3, t\u00f6lt\u0151k \u2013 ezek tov\u00e1bbra is h\u00e1l\u00f3zati \u00e1ramot ig\u00e9nyelnek.<\/p>\n\n\n\n<p>A kulcs itt nem a mennyis\u00e9g, hanem az elhelyez\u00e9s:<\/p>\n\n\n\n<ul class=\"wp-block-list\">\n<li>rejtett dugaljban, fed\u00e9l alatt,<\/li>\n\n\n\n<li>az asztallapba vagy az asztal m\u00f6g\u00f6tti z\u00f3n\u00e1ba integr\u00e1lva,<\/li>\n\n\n\n<li>\u00fagy, hogy <strong>ne legyen folyamatosan szem el\u0151tt<\/strong>.<\/li>\n<\/ul>\n\n\n\n<p>Gyakorlati tapasztalat:<\/p>\n\n\n\n<p>2 db 230 V-os aljzat a legt\u00f6bb vezet\u0151i helyzetben elegend\u0151. Enn\u00e9l t\u00f6bb ritk\u00e1n ad val\u00f3di hozz\u00e1adott \u00e9rt\u00e9ket.<\/p>\n\n\n\n<h3 class=\"wp-block-heading\"><strong>USB-t\u00f6lt\u00e9si lehet\u0151s\u00e9g (USB-A \/ USB-C)<\/strong><\/h3>\n\n\n\n<p>A modern vezet\u0151i asztaln\u00e1l m\u00e1r nem k\u00e9rd\u00e9s, hogy sz\u00fcks\u00e9g van <strong>USB-alap\u00fa t\u00f6lt\u00e9sre<\/strong>, de itt is \u00e9rdemes szelekt\u00e1lni.<\/p>\n\n\n\n<p>Ami val\u00f3ban hasznos:<\/p>\n\n\n\n<ul class=\"wp-block-list\">\n<li><strong>USB-C<\/strong> (laptop, tablet, telefon t\u00f6lt\u00e9s\u00e9hez),<\/li>\n\n\n\n<li>opcion\u00e1lisan <strong>USB-A<\/strong> (r\u00e9gebbi eszk\u00f6z\u00f6kh\u00f6z).<\/li>\n<\/ul>\n\n\n\n<p>Ami gyakran felesleges:<\/p>\n\n\n\n<ul class=\"wp-block-list\">\n<li>t\u00fal sok USB-port,<\/li>\n\n\n\n<li>k\u00fcl\u00f6nb\u00f6z\u0151 szabv\u00e1nyok indokolatlan kever\u00e9se.<\/li>\n<\/ul>\n\n\n\n<p>Fontos k\u00fcl\u00f6nbs\u00e9g:<\/p>\n\n\n\n<p>A vezet\u0151i asztalon az USB <strong>nem adat\u00e1tvitelre<\/strong>, hanem <strong>gyors \u00e9s k\u00e9nyelmes t\u00f6lt\u00e9sre<\/strong> szolg\u00e1l.<\/p>\n\n\n\n<h3 class=\"wp-block-heading\"><strong>Egyetlen j\u00f3l megv\u00e1lasztott rejtett csatlakoz\u00f3pont<\/strong><\/h3>\n\n\n\n<p>A legjobban m\u0171k\u00f6d\u0151 megold\u00e1sokn\u00e1l <strong>nem t\u00f6bb k\u00fcl\u00f6n\u00e1ll\u00f3 aljzat<\/strong> ker\u00fcl az asztalra, hanem egyetlen, j\u00f3l kiv\u00e1lasztott rejtett dugaljmodul, amely tartalmazza:<\/p>\n\n\n\n<ul class=\"wp-block-list\">\n<li>a sz\u00fcks\u00e9ges 230 V-os csatlakoz\u00e1st,<\/li>\n\n\n\n<li>1\u20132 USB-t\u00f6lt\u00e9si lehet\u0151s\u00e9get.<\/li>\n<\/ul>\n\n\n\n<p>Ez:<\/p>\n\n\n\n<ul class=\"wp-block-list\">\n<li>tiszt\u00e1bb l\u00e1tv\u00e1nyt ad,<\/li>\n\n\n\n<li>egyszer\u0171bb k\u00e1belez\u00e9st eredm\u00e9nyez,<\/li>\n\n\n\n<li>\u00e9s hossz\u00fa t\u00e1von is \u00e1tl\u00e1that\u00f3 marad.<\/li>\n<\/ul>\n\n\n\n<h3 class=\"wp-block-heading\"><strong>Amit ebben a szakaszban tudatosan nem aj\u00e1nlunk<\/strong><\/h3>\n\n\n\n<p>Egy vezet\u0151i \u00edr\u00f3asztalon <strong>nem alapk\u00f6vetelm\u00e9ny<\/strong>:<\/p>\n\n\n\n<ul class=\"wp-block-list\">\n<li>HDMI-, DisplayPort- vagy LAN-aljzat,<\/li>\n\n\n\n<li>sokf\u00e9le speci\u00e1lis csatlakoz\u00f3 el\u0151re be\u00e9p\u00edtve,<\/li>\n\n\n\n<li>\u201emindent tud\u00f3\u201d t\u00falkomplex csatlakoz\u00f3egys\u00e9g.<\/li>\n<\/ul>\n\n\n\n<p>Ezek akkor indokoltak, ha:<\/p>\n\n\n\n<ul class=\"wp-block-list\">\n<li>az asztal <strong>rendszeres t\u00e1rgyal\u00e1si funkci\u00f3t<\/strong> is ell\u00e1t,<\/li>\n\n\n\n<li>vagy a vezet\u0151i iroda technikai k\u00f6zpontk\u00e9nt m\u0171k\u00f6dik.<\/li>\n<\/ul>\n\n\n\n<p>Ezekkel a megold\u00e1sokkal a cikk k\u00e9s\u0151bbi szakaszai foglalkoznak r\u00e9szletesen.<\/p>\n\n\n\n<h2 class=\"wp-block-heading\"><strong>2. Mikor v\u00e1lik h\u00e1tr\u00e1nny\u00e1 a t\u00fal sok csatlakoz\u00f3 a vezet\u0151i asztalon?<\/strong><\/h2>\n\n\n\n<p>Sok vezet\u0151i \u00edr\u00f3asztaln\u00e1l nem a csatlakoz\u00f3k hi\u00e1nya, hanem \u00e9ppen a <strong>t\u00faltervez\u00e9s<\/strong> okoz probl\u00e9m\u00e1t. A \u201elegyen benne minden\u201d szeml\u00e9let els\u0151re biztons\u00e1gosnak t\u0171nik, hossz\u00fa t\u00e1von azonban <strong>funkcion\u00e1lis \u00e9s eszt\u00e9tikai kompromisszumokhoz vezet<\/strong>.<\/p>\n\n\n\n<h3 class=\"wp-block-heading\"><strong>A t\u00fal sok csatlakoz\u00f3 tipikus k\u00f6vetkezm\u00e9nyei<\/strong><\/h3>\n\n\n\n<p>Egy t\u00falzs\u00fafolt csatlakoz\u00f3panel gyakran az al\u00e1bbi probl\u00e9m\u00e1kat hozza mag\u00e1val:<\/p>\n\n\n\n<ul class=\"wp-block-list\">\n<li><strong>k\u00e1belrengeteg<\/strong> az asztalon \u00e9s az asztal alatt,<\/li>\n\n\n\n<li>nehezen \u00e1tl\u00e1that\u00f3 csatlakoz\u00e1si pontok,<\/li>\n\n\n\n<li>ritk\u00e1n haszn\u00e1lt aljzatok, amelyek csak \u201eott vannak\u201d,<\/li>\n\n\n\n<li>vizu\u00e1lisan zs\u00fafolt asztallap vagy h\u00e1tfal.<\/li>\n<\/ul>\n\n\n\n<p>Vezet\u0151i k\u00f6rnyezetben ez k\u00fcl\u00f6n\u00f6sen probl\u00e9m\u00e1s, mert az \u00edr\u00f3asztal nemcsak munkaeszk\u00f6z, hanem <strong>reprezent\u00e1ci\u00f3s fel\u00fclet is<\/strong>.<\/p>\n\n\n\n<h3 class=\"wp-block-heading\"><strong>A \u201emajd egyszer j\u00f3l j\u00f6het\u201d csapd\u00e1ja<\/strong><\/h3>\n\n\n\n<p>Gyakori d\u00f6nt\u00e9si hiba, hogy az asztalba olyan csatlakoz\u00f3k ker\u00fclnek be\u00e9p\u00edt\u00e9sre, amelyek:<\/p>\n\n\n\n<ul class=\"wp-block-list\">\n<li>\u00e9vente 1\u20132 alkalommal ker\u00fclnek haszn\u00e1latba,<\/li>\n\n\n\n<li>speci\u00e1lis helyzetekhez k\u00f6t\u0151dnek (pl. prezent\u00e1ci\u00f3, vend\u00e9gcsatlakoz\u00e1s),<\/li>\n\n\n\n<li>gyorsan elavulnak (r\u00e9gi USB-szabv\u00e1nyok, ritk\u00e1n haszn\u00e1lt portok).<\/li>\n<\/ul>\n\n\n\n<p>Ezek:<\/p>\n\n\n\n<ul class=\"wp-block-list\">\n<li>n\u00f6velik a k\u00f6lts\u00e9get,<\/li>\n\n\n\n<li>bonyol\u00edtj\u00e1k a k\u00e1belez\u00e9st,<\/li>\n\n\n\n<li>\u00e9s <strong>cs\u00f6kkentik a rugalmass\u00e1got<\/strong>.<\/li>\n<\/ul>\n\n\n\n<p>Paradox m\u00f3don a t\u00fal sok el\u0151re be\u00e9p\u00edtett csatlakoz\u00f3 <strong>kev\u00e9sb\u00e9 j\u00f6v\u0151\u00e1ll\u00f3<\/strong>, mint egy tudatosan leegyszer\u0171s\u00edtett megold\u00e1s.<\/p>\n\n\n\n<h3 class=\"wp-block-heading\"><strong>Vezet\u0151i asztal \u2260 t\u00e1rgyal\u00f3asztal<\/strong><\/h3>\n\n\n\n<p>Fontos k\u00fcl\u00f6nbs\u00e9get tenni:<\/p>\n\n\n\n<ul class=\"wp-block-list\">\n<li><strong>vezet\u0151i \u00edr\u00f3asztal<\/strong> \u2192 napi, szem\u00e9lyes haszn\u00e1lat,<\/li>\n\n\n\n<li><strong>t\u00e1rgyal\u00f3asztal<\/strong> \u2192 t\u00f6bb r\u00e9sztvev\u0151, ideiglenes csatlakoz\u00e1sok.<\/li>\n<\/ul>\n\n\n\n<p>Ami egy t\u00e1rgyal\u00f3asztalon indokolt lehet (t\u00f6bb aljzat, t\u00f6bbf\u00e9le csatlakoz\u00f3), az a vezet\u0151i \u00edr\u00f3asztalon gyakran <strong>indokolatlan t\u00falz\u00e1s<\/strong>.<\/p>\n\n\n\n<p>A vezet\u0151i asztaln\u00e1l a c\u00e9l:<\/p>\n\n\n\n<ul class=\"wp-block-list\">\n<li>stabil alapcsatlakoz\u00e1s,<\/li>\n\n\n\n<li>letisztult megjelen\u00e9s,<\/li>\n\n\n\n<li>minim\u00e1lis, de j\u00f3l haszn\u00e1lhat\u00f3 technika.<\/li>\n<\/ul>\n\n\n\n<h3 class=\"wp-block-heading\"><strong>Mikor jobb k\u00fcl\u00f6n kezelni a technik\u00e1t?<\/strong><\/h3>\n\n\n\n<p>Sok esetben el\u0151ny\u00f6sebb, ha:<\/p>\n\n\n\n<ul class=\"wp-block-list\">\n<li>a speci\u00e1lis csatlakoz\u00f3k <strong>nem az asztallapban<\/strong>, hanem<\/li>\n\n\n\n<li>az asztal m\u00f6g\u00f6tti z\u00f3n\u00e1ban,<\/li>\n\n\n\n<li>oldalszekr\u00e9nyben,<\/li>\n\n\n\n<li>vagy k\u00fcl\u00f6n technikai panelen kapnak helyet.<\/li>\n<\/ul>\n\n\n\n<p>Ez:<\/p>\n\n\n\n<ul class=\"wp-block-list\">\n<li>meg\u0151rzi az asztal letisztults\u00e1g\u00e1t,<\/li>\n\n\n\n<li>cs\u00f6kkenti a vizu\u00e1lis terhel\u00e9st,<\/li>\n\n\n\n<li>\u00e9s rugalmasabban alak\u00edthat\u00f3 k\u00e9s\u0151bb.<\/li>\n<\/ul>\n\n\n\n<h2 class=\"wp-block-heading\"><strong>3. Milyen csatlakoz\u00f3kra van val\u00f3ban sz\u00fcks\u00e9g t\u00e1rgyal\u00e1si \u00e9s prezent\u00e1ci\u00f3s helyzetben?<\/strong><\/h2>\n\n\n\n<p>A vezet\u0151i \u00edr\u00f3asztal technikai ig\u00e9nyei <strong>nem \u00e1lland\u00f3ak<\/strong>: jelent\u0151sen megv\u00e1ltoznak att\u00f3l f\u00fcgg\u0151en, hogy az asztal <strong>csak munkav\u00e9gz\u00e9sre<\/strong>, vagy <strong>t\u00e1rgyal\u00e1sokra \u00e9s egyeztet\u00e9sekre is<\/strong> szolg\u00e1l. Ez\u00e9rt \u00e9rdemes k\u00fcl\u00f6n kezelni a k\u00e9t helyzetet.<\/p>\n\n\n\n<h3 class=\"wp-block-heading\"><strong>Alapelv: ritka haszn\u00e1lat \u2260 \u00e1lland\u00f3 be\u00e9p\u00edt\u00e9s<\/strong><\/h3>\n\n\n\n<p>Ha egy csatlakoz\u00f3t:<\/p>\n\n\n\n<ul class=\"wp-block-list\">\n<li>csak vend\u00e9gek haszn\u00e1lnak,<\/li>\n\n\n\n<li>csak megbesz\u00e9l\u00e9seken van r\u00e1 sz\u00fcks\u00e9g,<\/li>\n\n\n\n<li>vagy csak id\u0151szakosan ker\u00fcl el\u0151,<\/li>\n<\/ul>\n\n\n\n<p>akkor <strong>nem biztos<\/strong>, hogy indokolt az asztallapba \u00e9p\u00edteni.<\/p>\n\n\n\n<p>A vezet\u0151i \u00edr\u00f3asztaln\u00e1l a be\u00e9p\u00edtett technika akkor j\u00f3 d\u00f6nt\u00e9s, ha <strong>rendszeresen \u00e9s term\u00e9szetesen haszn\u00e1lja a vezet\u0151<\/strong>.<\/p>\n\n\n\n<h3 class=\"wp-block-heading\"><strong>Tipikus t\u00e1rgyal\u00e1si helyzetek a vezet\u0151i irod\u00e1ban<\/strong><\/h3>\n\n\n\n<p>A legt\u00f6bb vezet\u0151i iroda eset\u00e9ben az al\u00e1bbi forgat\u00f3k\u00f6nyvek a leggyakoribbak:<\/p>\n\n\n\n<ul class=\"wp-block-list\">\n<li>1\u20132 f\u0151s egyeztet\u00e9s az asztaln\u00e1l,<\/li>\n\n\n\n<li>laptopos bemutat\u00e1s (nem fix prezent\u00e1ci\u00f3),<\/li>\n\n\n\n<li>alkalmi t\u00f6lt\u00e9s (telefon, laptop),<\/li>\n\n\n\n<li>r\u00f6vid vide\u00f3h\u00edv\u00e1s megmutat\u00e1sa.<\/li>\n<\/ul>\n\n\n\n<p>Ehhez <strong>nem sz\u00fcks\u00e9ges<\/strong> komplett \u201ekonferenciaasztal-szint\u0171\u201d csatlakoz\u00f3k\u00e9szlet.<\/p>\n\n\n\n<h3 class=\"wp-block-heading\"><strong>Ami val\u00f3ban indokolt lehet<\/strong><\/h3>\n\n\n\n<p>A gyakorlatban ezek bizonyulnak a leghasznosabbnak:<\/p>\n\n\n\n<ul class=\"wp-block-list\">\n<li><strong>1 db 230 V-os rejtett dugalj<\/strong> \u2013 laptop t\u00f6lt\u00e9shez, vend\u00e9g haszn\u00e1latra.<\/li>\n\n\n\n<li><strong>1 db USB-C (Power Delivery)<\/strong> \u2013 modern laptopok \u00e9s telefonok gyors t\u00f6lt\u00e9s\u00e9re.<\/li>\n\n\n\n<li><strong>1 db USB-A vagy extra USB-C<\/strong> \u2013 univerz\u00e1lis kompatibilit\u00e1s miatt.<\/li>\n<\/ul>\n\n\n\n<p>Ez a kombin\u00e1ci\u00f3 lefedi az esetek 80\u201390%-\u00e1t.<\/p>\n\n\n\n<h3 class=\"wp-block-heading\"><strong>Ami gyakran felesleges a vezet\u0151i asztalon<\/strong><\/h3>\n\n\n\n<p>Tapasztalat szerint ezek ritk\u00e1n indokoltak:<\/p>\n\n\n\n<ul class=\"wp-block-list\">\n<li>HDMI \/ DisplayPort az asztallapon,<\/li>\n\n\n\n<li>LAN csatlakoz\u00f3 k\u00f6zvetlen\u00fcl az \u00edr\u00f3asztaln\u00e1l,<\/li>\n\n\n\n<li>t\u00f6bbf\u00e9le speci\u00e1lis port \u201ebiztos, ami biztos\u201d alapon.<\/li>\n<\/ul>\n\n\n\n<p>Ezek:<\/p>\n\n\n\n<ul class=\"wp-block-list\">\n<li>n\u00f6velik a be\u00e9p\u00edt\u00e9si bonyolults\u00e1got,<\/li>\n\n\n\n<li>gyorsan elavulhatnak,<\/li>\n\n\n\n<li>\u00e9s gyakran <strong>kihaszn\u00e1latlanok maradnak<\/strong>.<\/li>\n<\/ul>\n\n\n\n<p>Sokkal jobb megold\u00e1s, ha ezek <strong>k\u00fcl\u00f6n technikai z\u00f3n\u00e1ban<\/strong> \u00e9rhet\u0151k el.<\/p>\n\n\n\n<h3 class=\"wp-block-heading\"><strong>A legfontosabb k\u00e9rd\u00e9s d\u00f6nt\u00e9s el\u0151tt<\/strong><\/h3>\n\n\n\n<p>Miel\u0151tt csatlakoz\u00f3t \u00e9p\u00edttetne az asztalba, \u00e9rdemes feltenni egy egyszer\u0171 k\u00e9rd\u00e9st:<\/p>\n\n\n\n<blockquote class=\"wp-block-quote is-layout-flow wp-block-quote-is-layout-flow\">\n<p>\u201eHaszn\u00e1lni fogom ezt <strong>legal\u00e1bb hetente<\/strong>?\u201d<\/p>\n<\/blockquote>\n\n\n\n<p>Ha a v\u00e1lasz:<\/p>\n\n\n\n<ul class=\"wp-block-list\">\n<li><strong>igen<\/strong> \u2192 indokolt a be\u00e9p\u00edt\u00e9s,<\/li>\n\n\n\n<li><strong>nem<\/strong> \u2192 legyen k\u00fcls\u0151 vagy mobil megold\u00e1s.<\/li>\n<\/ul>\n\n\n\n<h2 class=\"wp-block-heading\"><strong>4. Hogyan alak\u00edthat\u00f3 ki j\u00f6v\u0151\u00e1ll\u00f3 csatlakoz\u00f3rendszer a vezet\u0151i \u00edr\u00f3asztalon?<\/strong><\/h2>\n\n\n\n<p>A legnagyobb hiba a vezet\u0151i \u00edr\u00f3asztalokn\u00e1l nem az, hogy <strong>t\u00fal kev\u00e9s<\/strong> csatlakoz\u00f3 ker\u00fcl be\u00e9p\u00edt\u00e9sre, hanem az, hogy <strong>t\u00fal merev rendszer<\/strong> k\u00e9sz\u00fcl. A technol\u00f3gia gyorsabban v\u00e1ltozik, mint b\u00e1rmely b\u00fatorciklus \u2013 ez\u00e9rt a c\u00e9l nem az, hogy \u201emindenre felk\u00e9sz\u00fclj\u00fcnk\u201d, hanem hogy <strong>k\u00e9s\u0151bb is lehessen alkalmazkodni<\/strong>.<\/p>\n\n\n\n<h3 class=\"wp-block-heading\"><strong>Alapelv: a csatlakoz\u00f3 legyen cser\u00e9lhet\u0151, ne v\u00e9gleges<\/strong><\/h3>\n\n\n\n<p>Egy j\u00f3l megtervezett vezet\u0151i \u00edr\u00f3asztaln\u00e1l:<\/p>\n\n\n\n<ul class=\"wp-block-list\">\n<li>a csatlakoz\u00f3modul <strong>kivehet\u0151 vagy cser\u00e9lhet\u0151<\/strong>,<\/li>\n\n\n\n<li>a kiv\u00e1g\u00e1s <strong>szabv\u00e1ny m\u00e9ret\u0171<\/strong>,<\/li>\n\n\n\n<li>a k\u00e1belez\u00e9s nem az asztallapba van \u201ebe\u00f6ntve\u201d, hanem hozz\u00e1f\u00e9rhet\u0151.<\/li>\n<\/ul>\n\n\n\n<p>\u00cdgy egy USB-A \u2192 USB-C v\u00e1lt\u00e1s vagy \u00faj t\u00f6lt\u00e9si szabv\u00e1ny <strong>nem j\u00e1r b\u00fatorcser\u00e9vel<\/strong>.<\/p>\n\n\n\n<h3 class=\"wp-block-heading\"><strong>Modul\u00e1ris gondolkod\u00e1s a gyakorlatban<\/strong><\/h3>\n\n\n\n<p>A j\u00f6v\u0151\u00e1ll\u00f3 megold\u00e1sok jellemz\u0151i:<\/p>\n\n\n\n<ul class=\"wp-block-list\">\n<li><strong>fedeles, rejtett dugaljmodulok<\/strong>, egys\u00e9ges m\u00e9retben,<\/li>\n\n\n\n<li>k\u00fcl\u00f6nv\u00e1lasztott:\n<ul class=\"wp-block-list\">\n<li>\u00e1ram (230 V),<\/li>\n\n\n\n<li>adat (USB),<\/li>\n\n\n\n<li>opcion\u00e1lis multim\u00e9dia,<\/li>\n<\/ul>\n<\/li>\n\n\n\n<li>az asztallap alatt fut\u00f3 <strong>v\u00edzszintes k\u00e1belt\u00e1lca<\/strong>, amely:\n<ul class=\"wp-block-list\">\n<li>elnyeli a felesleges k\u00e1belhosszt,<\/li>\n\n\n\n<li>k\u00e9s\u0151bb is b\u0151v\u00edthet\u0151.<\/li>\n<\/ul>\n<\/li>\n<\/ul>\n\n\n\n<p>Ez pontosan az a pont, ahol a vezet\u0151i \u00edr\u00f3asztal <strong>b\u00fatorb\u00f3l infrastrukt\u00far\u00e1v\u00e1<\/strong> v\u00e1lik.<\/p>\n\n\n\n<h3 class=\"wp-block-heading\"><strong>Mi\u00e9rt fontos a hozz\u00e1f\u00e9rhet\u0151s\u00e9g?<\/strong><\/h3>\n\n\n\n<p>A j\u00f6v\u0151\u00e1ll\u00f3s\u00e1g nem csak technol\u00f3giai k\u00e9rd\u00e9s, hanem <strong>karbantart\u00e1si<\/strong> is.<\/p>\n\n\n\n<p>Ha:<\/p>\n\n\n\n<ul class=\"wp-block-list\">\n<li>egy csatlakoz\u00f3 meghib\u00e1sodik,<\/li>\n\n\n\n<li>\u00faj eszk\u00f6z ker\u00fcl haszn\u00e1latba,<\/li>\n\n\n\n<li>\u00e1talakul a vezet\u0151 munkam\u00f3dszere,<\/li>\n<\/ul>\n\n\n\n<p>akkor az ide\u00e1lis rendszer:<\/p>\n\n\n\n<ul class=\"wp-block-list\">\n<li><strong>sz\u00e9tszerel\u00e9s n\u00e9lk\u00fcl el\u00e9rhet\u0151<\/strong>,<\/li>\n\n\n\n<li>nem ig\u00e9nyel asztallap-cser\u00e9t,<\/li>\n\n\n\n<li>nem hagy l\u00e1that\u00f3 nyomokat.<\/li>\n<\/ul>\n\n\n\n<p>Ez k\u00fcl\u00f6n\u00f6sen fontos pr\u00e9mium vezet\u0151i k\u00f6rnyezetben, ahol az eszt\u00e9tika nem s\u00e9r\u00fclhet.<\/p>\n\n\n\n<h3 class=\"wp-block-heading\"><strong>A \u201ekevesebb, de j\u00f3l \u00e1tgondolt\u201d strat\u00e9gia<\/strong><\/h3>\n\n\n\n<p>A legjobban m\u0171k\u00f6d\u0151 vezet\u0151i \u00edr\u00f3asztalokn\u00e1l jellemz\u0151en:<\/p>\n\n\n\n<ul class=\"wp-block-list\">\n<li>kev\u00e9s, de gyakran haszn\u00e1lt csatlakoz\u00f3 van be\u00e9p\u00edtve,<\/li>\n\n\n\n<li>minden m\u00e1s <strong>k\u00fcls\u0151, mobil vagy rejtett<\/strong> megold\u00e1ssal t\u00f6rt\u00e9nik,<\/li>\n\n\n\n<li>a rendszer <strong>nem k\u00e9nyszer\u00edti r\u00e1<\/strong> a vezet\u0151t egy fix haszn\u00e1latra.<\/li>\n<\/ul>\n\n\n\n<p>Ez adja meg azt a rugalmass\u00e1got, amit\u0151l az \u00edr\u00f3asztal <strong>5\u201310 \u00e9v m\u00falva sem lesz elavult<\/strong>.<\/p>\n\n\n\n<h2 class=\"wp-block-heading\"><strong>5. Milyen csatlakoz\u00f3kat nem \u00e9rdemes a vezet\u0151i \u00edr\u00f3asztalba \u00e9p\u00edteni?<\/strong><\/h2>\n\n\n\n<p>A vezet\u0151i \u00edr\u00f3asztalok egyik leggyakoribb hib\u00e1ja, hogy <strong>mindent bele akarunk tenni<\/strong>, amit technikailag lehet. Pedig vannak olyan csatlakoz\u00f3k \u00e9s funkci\u00f3k, amelyek <strong>r\u00f6vid t\u00e1von k\u00e9nyelmesnek t\u0171nnek<\/strong>, hossz\u00fa t\u00e1von viszont probl\u00e9m\u00e1t okoznak.<\/p>\n\n\n\n<h3 class=\"wp-block-heading\"><strong>Gyorsan elavul\u00f3 technol\u00f3gi\u00e1k<\/strong><\/h3>\n\n\n\n<p>Nem javasolt fixen be\u00e9p\u00edteni:<\/p>\n\n\n\n<ul class=\"wp-block-list\">\n<li>HDMI \/ DisplayPort csatlakoz\u00f3kat<\/li>\n\n\n\n<li>speci\u00e1lis vide\u00f3- vagy konferencia-aljzatokat<\/li>\n\n\n\n<li>egy adott gy\u00e1rt\u00f3hoz k\u00f6t\u00f6tt dokkol\u00f3kat<\/li>\n<\/ul>\n\n\n\n<p>Ezek:<\/p>\n\n\n\n<ul class=\"wp-block-list\">\n<li>gyorsan v\u00e1ltoznak,<\/li>\n\n\n\n<li>eszk\u00f6zf\u00fcgg\u0151k,<\/li>\n\n\n\n<li>2\u20133 \u00e9ven bel\u00fcl elavulhatnak.<\/li>\n<\/ul>\n\n\n\n<p>Sokkal jobb, ha ezek <strong>k\u00fcls\u0151 dokkol\u00f3n vagy mobil adapteren<\/strong> kereszt\u00fcl csatlakoznak.<\/p>\n\n\n\n<h3 class=\"wp-block-heading\"><strong>Ritk\u00e1n haszn\u00e1lt, de helyig\u00e9nyes elemek<\/strong><\/h3>\n\n\n\n<p>Tipikus t\u00faltervez\u00e9si p\u00e9ld\u00e1k:<\/p>\n\n\n\n<ul class=\"wp-block-list\">\n<li>t\u00f6bb darab LAN-csatlakoz\u00f3 az asztallapon,<\/li>\n\n\n\n<li>egyszerre 4\u20136 USB-port be\u00e9p\u00edt\u00e9se,<\/li>\n\n\n\n<li>\u201eminden esetre\u201d kialak\u00edtott multim\u00e9dia panel.<\/li>\n<\/ul>\n\n\n\n<p>A val\u00f3s\u00e1gban ezek:<\/p>\n\n\n\n<ul class=\"wp-block-list\">\n<li>kihaszn\u00e1latlanok maradnak,<\/li>\n\n\n\n<li>rontj\u00e1k az eszt\u00e9tik\u00e1t,<\/li>\n\n\n\n<li>feleslegesen bonyol\u00edtj\u00e1k a k\u00e1belez\u00e9st.<\/li>\n<\/ul>\n\n\n\n<h3 class=\"wp-block-heading\"><strong>Amit \u00e9rdemes k\u00fcl\u00f6n kezelni az \u00edr\u00f3asztalt\u00f3l<\/strong><\/h3>\n\n\n\n<p>Vezet\u0151i k\u00f6rnyezetben sokkal tiszt\u00e1bb megold\u00e1s:<\/p>\n\n\n\n<ul class=\"wp-block-list\">\n<li>a t\u00e1rgyal\u00e1stechnika <strong>k\u00fcl\u00f6n rendszerben<\/strong>,<\/li>\n\n\n\n<li>a nagyobb teljes\u00edtm\u00e9ny\u0171 eszk\u00f6z\u00f6k <strong>oldalszekr\u00e9nyben vagy faln\u00e1l<\/strong>,<\/li>\n\n\n\n<li>a speci\u00e1lis csatlakoz\u00f3k <strong>mobil megold\u00e1sk\u00e9nt<\/strong>.<\/li>\n<\/ul>\n\n\n\n<p>\u00cdgy az \u00edr\u00f3asztal:<\/p>\n\n\n\n<ul class=\"wp-block-list\">\n<li>letisztult marad,<\/li>\n\n\n\n<li>nem \u201etechnikai k\u00f6zpontk\u00e9nt\u201d m\u0171k\u00f6dik,<\/li>\n\n\n\n<li>meg\u0151rzi reprezentat\u00edv jelleg\u00e9t.<\/li>\n<\/ul>\n\n\n\n<h3 class=\"wp-block-heading\"><strong>Alapelv: az \u00edr\u00f3asztal ne v\u00e1ljon technol\u00f3giai zs\u00e1kutc\u00e1v\u00e1<\/strong><\/h3>\n\n\n\n<p>A j\u00f3 d\u00f6nt\u00e9s nem az, hogy <strong>mindent be\u00e9p\u00edt<\/strong>,<\/p>\n\n\n\n<p>hanem az, hogy <strong>csak azt, ami biztosan hossz\u00fa t\u00e1von is relev\u00e1ns<\/strong>.<\/p>\n\n\n\n<p>A vezet\u0151i \u00edr\u00f3asztal szerepe:<\/p>\n\n\n\n<ul class=\"wp-block-list\">\n<li>t\u00e1mogatni a munk\u00e1t,<\/li>\n\n\n\n<li>nem pedig lek\u00f6tni azt egy adott technol\u00f3giai korszakhoz.<\/li>\n<\/ul>\n\n\n\n<blockquote class=\"wp-block-quote is-layout-flow wp-block-quote-is-layout-flow\">\n<p>Ha a vezet\u0151i \u00edr\u00f3asztal technikai kialak\u00edt\u00e1s\u00e1t <strong>rendszerszinten<\/strong>, nem csak csatlakoz\u00f3k szintj\u00e9n szeretn\u00e9 \u00e1tgondolni, \u00e9rdemes elolvasni a \u201e<a href=\"https:\/\/www.bathori.hu\/blog\/vezetoi-iroasztal\" data-type=\"link\" data-id=\"https:\/\/www.bathori.hu\/blog\/vezetoi-iroasztal\">Vezet\u0151i \u00edr\u00f3asztal v\u00e1laszt\u00e1sa: m\u00e9retek, elrendez\u00e9s, szerep \u00e9s hossz\u00fa t\u00e1v\u00fa d\u00f6nt\u00e9si szempontok<\/a>\u201d c\u00edm\u0171 \u00f6sszefoglal\u00f3 \u00fatmutat\u00f3t.<\/p>\n<\/blockquote>\n\n\n\n<h2 class=\"wp-block-heading\"><strong>\u00d6sszegz\u00e9s<\/strong><\/h2>\n\n\n\n<p>A vezet\u0151i \u00edr\u00f3asztalon alkalmazott <strong>rejtett dugaljak \u00e9s csatlakoz\u00f3k<\/strong> nem technikai extr\u00e1k, hanem <strong>m\u0171k\u00f6d\u00e9si d\u00f6nt\u00e9sek<\/strong>. Meghat\u00e1rozz\u00e1k, mennyire marad rendezett a munkak\u00f6rnyezet, mennyire rugalmas a technol\u00f3giai haszn\u00e1lat, \u00e9s mennyire id\u0151t\u00e1ll\u00f3 az asztal kialak\u00edt\u00e1sa.<\/p>\n\n\n\n<p>Egy j\u00f3l megtervezett megold\u00e1s:<\/p>\n\n\n\n<ul class=\"wp-block-list\">\n<li>csak a val\u00f3ban sz\u00fcks\u00e9ges alapcsatlakoz\u00f3kat \u00e9p\u00edti be,<\/li>\n\n\n\n<li>elker\u00fcli a gyorsan elavul\u00f3 technol\u00f3gi\u00e1k fix integr\u00e1l\u00e1s\u00e1t,<\/li>\n\n\n\n<li>a bonyolultabb technik\u00e1t elk\u00fcl\u00f6n\u00edtetten kezeli,<\/li>\n\n\n\n<li>\u00e9s lehet\u0151s\u00e9get ad a k\u00e9s\u0151bbi m\u00f3dos\u00edt\u00e1sra, b\u0151v\u00edt\u00e9sre.<\/li>\n<\/ul>\n\n\n\n<p>A c\u00e9l nem az, hogy az \u00edr\u00f3asztal \u201etechnol\u00f3giai k\u00f6zpontt\u00e1\u201d v\u00e1ljon, hanem az, hogy <strong>\u00e9szrev\u00e9tlen\u00fcl szolg\u00e1lja a vezet\u0151i munk\u00e1t<\/strong>: tiszta fel\u00fclettel, logikus k\u00e1belez\u00e9ssel \u00e9s hossz\u00fa t\u00e1von is haszn\u00e1lhat\u00f3 megold\u00e1sokkal.<\/p>\n\n\n\n<p>Ha a csatlakoz\u00f3k kiv\u00e1laszt\u00e1sa \u00e9s elhelyez\u00e9se \u00f6sszhangban van a vezet\u0151i szereppel \u00e9s a mindennapi haszn\u00e1lattal, akkor az \u00edr\u00f3asztal nem korl\u00e1tozza, hanem <strong>felszabad\u00edtja a munkav\u00e9gz\u00e9st<\/strong> \u2013 technikai kompromisszumok n\u00e9lk\u00fcl.<\/p>\n","protected":false},"excerpt":{"rendered":"<p>Ez a k\u00e9rd\u00e9s ma m\u00e1r messze nem technikai r\u00e9szlet, hanem tudatos vezet\u0151i d\u00f6nt\u00e9s. Rejtett dugalj vezet\u0151i \u00edr\u00f3asztalhoz? Egy modern vezet\u0151i \u00edr\u00f3asztalon a k\u00e1belek, t\u00f6lt\u0151k \u00e9s csatlakoz\u00f3k nemcsak az eszk\u00f6z\u00f6k m\u0171k\u00f6d\u00e9s\u00e9t szolg\u00e1lj\u00e1k, hanem k\u00f6zvetlen\u00fcl hatnak a munkav\u00e9gz\u00e9s min\u0151s\u00e9g\u00e9re, a f\u00f3kuszra \u00e9s az iroda \u00f6sszk\u00e9p\u00e9re is. A t\u00falzs\u00fafolt, rosszul megtervezett csatlakoz\u00f3k k\u00e1oszt teremtenek, m\u00edg a j\u00f3l elhelyezett, &#8230; <a title=\"Milyen csatlakoz\u00f3kra van val\u00f3ban sz\u00fcks\u00e9g egy vezet\u0151i asztalon?\" class=\"read-more\" href=\"https:\/\/www.bathori.hu\/blog\/rejtett-dugalj-vezetoi-iroasztalhoz\/\" aria-label=\"Read more about Milyen csatlakoz\u00f3kra van val\u00f3ban sz\u00fcks\u00e9g egy vezet\u0151i asztalon?\">Olvass tov\u00e1bb<\/a><\/p>\n","protected":false},"author":1,"featured_media":1151,"comment_status":"closed","ping_status":"closed","sticky":false,"template":"","format":"standard","meta":{"footnotes":""},"categories":[25],"tags":[],"class_list":["post-1146","post","type-post","status-publish","format-standard","has-post-thumbnail","hentry","category-vezetoi-iroasztal"],"_links":{"self":[{"href":"https:\/\/www.bathori.hu\/blog\/wp-json\/wp\/v2\/posts\/1146","targetHints":{"allow":["GET"]}}],"collection":[{"href":"https:\/\/www.bathori.hu\/blog\/wp-json\/wp\/v2\/posts"}],"about":[{"href":"https:\/\/www.bathori.hu\/blog\/wp-json\/wp\/v2\/types\/post"}],"author":[{"embeddable":true,"href":"https:\/\/www.bathori.hu\/blog\/wp-json\/wp\/v2\/users\/1"}],"replies":[{"embeddable":true,"href":"https:\/\/www.bathori.hu\/blog\/wp-json\/wp\/v2\/comments?post=1146"}],"version-history":[{"count":3,"href":"https:\/\/www.bathori.hu\/blog\/wp-json\/wp\/v2\/posts\/1146\/revisions"}],"predecessor-version":[{"id":1149,"href":"https:\/\/www.bathori.hu\/blog\/wp-json\/wp\/v2\/posts\/1146\/revisions\/1149"}],"wp:featuredmedia":[{"embeddable":true,"href":"https:\/\/www.bathori.hu\/blog\/wp-json\/wp\/v2\/media\/1151"}],"wp:attachment":[{"href":"https:\/\/www.bathori.hu\/blog\/wp-json\/wp\/v2\/media?parent=1146"}],"wp:term":[{"taxonomy":"category","embeddable":true,"href":"https:\/\/www.bathori.hu\/blog\/wp-json\/wp\/v2\/categories?post=1146"},{"taxonomy":"post_tag","embeddable":true,"href":"https:\/\/www.bathori.hu\/blog\/wp-json\/wp\/v2\/tags?post=1146"}],"curies":[{"name":"wp","href":"https:\/\/api.w.org\/{rel}","templated":true}]}}