{"id":1138,"date":"2026-01-19T10:00:00","date_gmt":"2026-01-19T08:00:00","guid":{"rendered":"https:\/\/www.bathori.hu\/blog\/?p=1138"},"modified":"2026-01-08T08:17:03","modified_gmt":"2026-01-08T06:17:03","slug":"technika-elrejtese-vezetoi-iroasztalon","status":"publish","type":"post","link":"https:\/\/www.bathori.hu\/blog\/technika-elrejtese-vezetoi-iroasztalon\/","title":{"rendered":"Hogyan rejts\u00fck el a technik\u00e1t a vezet\u0151i \u00edr\u00f3asztalon? \u2013 Rendezett, j\u00f6v\u0151\u00e1ll\u00f3 megold\u00e1sok kompromisszumok n\u00e9lk\u00fcl"},"content":{"rendered":"\n<p>A <strong>vezet\u0151i \u00edr\u00f3asztalon megjelen\u0151 technika<\/strong> sokkal t\u00f6bbet el\u00e1rul egy irod\u00e1r\u00f3l, mint els\u0151re gondoln\u00e1nk. Kil\u00f3g\u00f3 k\u00e1belek, l\u00e1that\u00f3 eloszt\u00f3k vagy \u00f6sszevissza vezetett t\u00f6lt\u0151k nemcsak eszt\u00e9tikai probl\u00e9m\u00e1t jelentenek, hanem a f\u00f3kuszt, a munkahat\u00e9konys\u00e1got \u00e9s a vezet\u0151i jelenl\u00e9t meg\u00edt\u00e9l\u00e9s\u00e9t is rontj\u00e1k.<\/p>\n\n\n\n<p>A k\u00e9rd\u00e9s nem az, hogy sz\u00fcks\u00e9ges a technika elrejt\u00e9se vezet\u0151i \u00edr\u00f3asztalon \u2013 ez ma m\u00e1r evidens. Sokkal ink\u00e1bb az, <strong>hogyan lehet mindezt \u00fagy elrejteni<\/strong>, hogy az asztal rendezett maradjon, a technika k\u00f6nnyen hozz\u00e1f\u00e9rhet\u0151 legyen, \u00e9s k\u00f6zben a b\u00fator hossz\u00fa t\u00e1von is j\u00f3l m\u0171k\u00f6dj\u00f6n.<\/p>\n\n\n\n<p>Ebben a cikkben v\u00e9gigvessz\u00fck:<\/p>\n\n\n\n<ul class=\"wp-block-list\">\n<li>mik a leggyakoribb hib\u00e1k a technika elhelyez\u00e9s\u00e9n\u00e9l,<\/li>\n\n\n\n<li>milyen megold\u00e1sok m\u0171k\u00f6dnek val\u00f3ban vezet\u0151i k\u00f6rnyezetben,<\/li>\n\n\n\n<li>\u00e9s hogyan lehet a k\u00e1beleket, csatlakoz\u00e1sokat \u00e9s eszk\u00f6z\u00f6ket <strong>l\u00e1thatatlann\u00e1 tenni an\u00e9lk\u00fcl<\/strong>, hogy kompromisszumot kellene k\u00f6tni a haszn\u00e1lhat\u00f3s\u00e1gban.<\/li>\n<\/ul>\n\n\n\n<p>A c\u00e9l nem a \u201et\u00f6k\u00e9letesen steril\u201d asztal, hanem egy olyan vezet\u0151i munkak\u00f6rnyezet, ahol a technika <strong>h\u00e1tt\u00e9rben marad<\/strong>, \u00e9s nem veszi el a figyelmet a d\u00f6nt\u00e9sekr\u0151l.<\/p>\n\n\n\n<h2 class=\"wp-block-heading\"><strong>1. Mi\u00e9rt probl\u00e9ma a l\u00e1that\u00f3 technika egy vezet\u0151i \u00edr\u00f3asztalon?<\/strong><\/h2>\n\n\n\n<p>A vezet\u0151i \u00edr\u00f3asztal nem egyszer\u0171 munka\u00e1llom\u00e1s. Ez az a t\u00e9r, ahol d\u00f6nt\u00e9sek sz\u00fcletnek, egyeztet\u00e9sek zajlanak, \u00e9s ahol a vezet\u0151i jelenl\u00e9t vizu\u00e1lisan is megjelenik. Ebben a k\u00f6rnyezetben a <strong>l\u00e1that\u00f3 technika<\/strong> \u2013 kil\u00f3g\u00f3 k\u00e1belek, asztallapra tett eloszt\u00f3k, felcsap\u00f3d\u00f3 t\u00f6lt\u0151k \u2013 gyorsan rontja az \u00f6sszk\u00e9pet.<\/p>\n\n\n\n<p>A leggyakoribb probl\u00e9m\u00e1k:<\/p>\n\n\n\n<ul class=\"wp-block-list\">\n<li><strong>Vizualis zaj<\/strong> A kusza k\u00e1belez\u00e9s folyamatosan \u201edolgozik\u201d a perif\u00e9ri\u00e1s l\u00e1t\u00e1sban. Ez nemcsak eszt\u00e9tikai k\u00e9rd\u00e9s, hanem f\u00f3kuszrombol\u00f3 t\u00e9nyez\u0151 is, k\u00fcl\u00f6n\u00f6sen hosszabb, koncentr\u00e1lt munkav\u00e9gz\u00e9s sor\u00e1n.<\/li>\n\n\n\n<li><strong>Bizonytalan benyom\u00e1s t\u00e1rgyal\u00e1skor<\/strong> Egy vezet\u0151i irod\u00e1ban az \u00edr\u00f3asztal sokszor t\u00e1rgyal\u00f3fel\u00fclet is. Ha az asztalon vagy alatta rendezetlen technika l\u00e1that\u00f3, az akaratlanul is kapkod\u00e1st, ideigleness\u00e9get sugall \u2013 m\u00e9g akkor is, ha a d\u00f6nt\u00e9sek szakmailag megalapozottak.<\/li>\n\n\n\n<li><strong>Gyakorlati neh\u00e9zs\u00e9gek<\/strong> A nem \u00e1tgondolt technikaelhelyez\u00e9s k\u00e9s\u0151bb probl\u00e9m\u00e1kat okoz:\n<ul class=\"wp-block-list\">\n<li>neh\u00e9zkes csatlakoz\u00e1s,<\/li>\n\n\n\n<li>v\u00e9letlen kih\u00fazott k\u00e1belek,<\/li>\n\n\n\n<li>nehezen takar\u00edthat\u00f3 fel\u00fcletek,<\/li>\n\n\n\n<li>zajos, z\u00f6rg\u0151 elemek az asztal alatt.<\/li>\n<\/ul>\n<\/li>\n\n\n\n<li><strong>Ut\u00f3lagos \u201etoldoz\u00e1s-foldoz\u00e1s\u201d<\/strong> Sok irod\u00e1ban a technika nem tervez\u00e9si f\u00e1zisban ker\u00fcl be, hanem ut\u00f3lag. Ilyenkor jelennek meg az ideiglenes megold\u00e1sok: hosszabb\u00edt\u00f3k, k\u00e1belk\u00f6tegel\u0151k, asztallapra ragasztott csipeszek \u2013 amelyek r\u00f6vid t\u00e1von m\u0171k\u00f6dnek, hossz\u00fa t\u00e1von viszont rontj\u00e1k a b\u00fator haszn\u00e1lhat\u00f3s\u00e1g\u00e1t.<\/li>\n<\/ul>\n\n\n\n<p>Egy j\u00f3l kialak\u00edtott vezet\u0151i \u00edr\u00f3asztaln\u00e1l a technika <strong>nem elt\u0171nik<\/strong>, hanem <strong>h\u00e1tt\u00e9rbe szorul<\/strong>. A k\u00f6vetkez\u0151 szakaszokban azt n\u00e9zz\u00fck meg, milyen alapelvek ment\u00e9n lehet ezt megoldani \u00fagy, hogy az asztal tov\u00e1bbra is rugalmasan haszn\u00e1lhat\u00f3 maradjon.<\/p>\n\n\n\n<h2 class=\"wp-block-heading\"><strong>2. Tipikus hib\u00e1k a vezet\u0151i \u00edr\u00f3asztal technikai kialak\u00edt\u00e1s\u00e1n\u00e1l<\/strong><\/h2>\n\n\n\n<p>A technika elrejt\u00e9se sokszor nem az\u00e9rt nem siker\u00fcl j\u00f3l, mert nincs r\u00e1 megold\u00e1s, hanem mert <strong>rossz sorrendben<\/strong> t\u00f6rt\u00e9nik a gondolkod\u00e1s. Az al\u00e1bbi hib\u00e1k szinte minden vezet\u0151i irod\u00e1ban visszak\u00f6sz\u00f6nnek, ahol a technika ut\u00f3lag \u201er\u00e1ker\u00fcl\u201d az asztalra.<\/p>\n\n\n\n<h3 class=\"wp-block-heading\"><strong>A technika ut\u00f3lagos kezel\u00e9se a b\u00fatorhoz k\u00e9pest<\/strong><\/h3>\n\n\n\n<p>Az egyik leggyakoribb hiba, amikor az \u00edr\u00f3asztal elk\u00e9sz\u00fcl vagy megv\u00e1s\u00e1rl\u00e1sra ker\u00fcl, <strong>\u00e9s csak ezut\u00e1n der\u00fcl ki<\/strong>, hogy:<\/p>\n\n\n\n<ul class=\"wp-block-list\">\n<li>h\u00e1ny eszk\u00f6zt kell csatlakoztatni,<\/li>\n\n\n\n<li>hol lesz a monitor,<\/li>\n\n\n\n<li>kell-e dokkol\u00f3, t\u00f6lt\u0151, extra dugalj,<\/li>\n\n\n\n<li>honnan j\u00f6n az \u00e1ram \u00e9s az adat.<\/li>\n<\/ul>\n\n\n\n<p>Ilyenkor a technika nem a b\u00fator r\u00e9sze lesz, hanem \u201er\u00e1telepszik\u201d arra. Ennek eredm\u00e9nye a kompromisszumos k\u00e1belez\u00e9s \u00e9s az ideiglenes megold\u00e1sok sora.<\/p>\n\n\n\n<h3 class=\"wp-block-heading\"><strong>Asztallapra tett hosszabb\u00edt\u00f3k \u00e9s eloszt\u00f3k<\/strong><\/h3>\n\n\n\n<p>Ez k\u00fcl\u00f6n\u00f6sen gyakori vezet\u0151i irod\u00e1kban, ahol a funkcionalit\u00e1s gyorsan fel\u00fcl\u00edrja az eszt\u00e9tik\u00e1t.<\/p>\n\n\n\n<p>Probl\u00e9m\u00e1k:<\/p>\n\n\n\n<ul class=\"wp-block-list\">\n<li>vizu\u00e1lisan uralja az asztalt,<\/li>\n\n\n\n<li>t\u00e1rgyal\u00e1skor zavar\u00f3,<\/li>\n\n\n\n<li>folyamatosan mozdul, cs\u00faszik,<\/li>\n\n\n\n<li>takar\u00edt\u00e1sn\u00e1l \u00fatban van.<\/li>\n<\/ul>\n\n\n\n<p>R\u00e1ad\u00e1sul ezek a megold\u00e1sok ritk\u00e1n v\u00e9glegesek: id\u0151vel m\u00e9g t\u00f6bb k\u00e1bel ker\u00fcl bele, amit\u0151l az eg\u00e9sz rendszer \u00e1tl\u00e1thatatlann\u00e1 v\u00e1lik.<\/p>\n\n\n\n<h3 class=\"wp-block-heading\"><strong>T\u00fal kicsi vagy rosszul m\u00e9retezett k\u00e1belvezet\u0151 elemek<\/strong><\/h3>\n\n\n\n<p>Sok helyen van ugyan k\u00e1belkivezet\u00e9s vagy k\u00e1belt\u00e1lca, de:<\/p>\n\n\n\n<ul class=\"wp-block-list\">\n<li>t\u00fal keskeny,<\/li>\n\n\n\n<li>t\u00fal lapos,<\/li>\n\n\n\n<li>nem f\u00e9r bele egy hosszabb\u00edt\u00f3,<\/li>\n\n\n\n<li>nem sz\u00e1mol vastagabb t\u00e1pk\u00e1belekkel.<\/li>\n<\/ul>\n\n\n\n<p>Ez oda vezet, hogy a k\u00e1belek egy r\u00e9sze \u201ekil\u00f3g\u201d, a m\u00e1sik r\u00e9sze fesz\u00fcl, a harmadik pedig zajt okoz mozg\u00e1skor.<\/p>\n\n\n\n<h3 class=\"wp-block-heading\"><strong>F\u00fcgg\u0151leges k\u00e1belez\u00e9s teljes hi\u00e1nya<\/strong><\/h3>\n\n\n\n<p>Az asztallap alatti k\u00e1belrendez\u00e9s \u00f6nmag\u00e1ban nem el\u00e9g. Ha a padl\u00f3 fel\u00e9 fut\u00f3 k\u00e1belek nincsenek kezelve, akkor:<\/p>\n\n\n\n<ul class=\"wp-block-list\">\n<li>oldalr\u00f3l j\u00f3l l\u00e1that\u00f3k,<\/li>\n\n\n\n<li>a sz\u00e9k mozg\u00e1sa k\u00f6nnyen beleakad,<\/li>\n\n\n\n<li>vizu\u00e1lisan \u201esz\u00e9tcs\u00faszik\u201d az eg\u00e9sz megold\u00e1s.<\/li>\n<\/ul>\n\n\n\n<p>Ez k\u00fcl\u00f6n\u00f6sen szabadon \u00e1ll\u00f3 vezet\u0151i \u00edr\u00f3asztalokn\u00e1l kritikus hiba.<\/p>\n\n\n\n<h3 class=\"wp-block-heading\"><strong>A karbantarthat\u00f3s\u00e1g figyelmen k\u00edv\u00fcl hagy\u00e1sa<\/strong><\/h3>\n\n\n\n<p>Sok technikai megold\u00e1s els\u0151re j\u00f3l n\u00e9z ki, de:<\/p>\n\n\n\n<ul class=\"wp-block-list\">\n<li>neh\u00e9z hozz\u00e1f\u00e9rni,<\/li>\n\n\n\n<li>egy \u00faj eszk\u00f6z bek\u00f6t\u00e9se bont\u00e1st ig\u00e9nyel,<\/li>\n\n\n\n<li>k\u00e1belcsere eset\u00e9n f\u00e9l asztalt sz\u00e9t kell szedni.<\/li>\n<\/ul>\n\n\n\n<p>Egy vezet\u0151i \u00edr\u00f3asztaln\u00e1l nem csak az sz\u00e1m\u00edt, hogy <strong>el van-e rejtve a technika<\/strong>, hanem az is, hogy <strong>kezelhet\u0151 marad-e hossz\u00fa t\u00e1von<\/strong>.<\/p>\n\n\n\n<h2 class=\"wp-block-heading\"><strong>3. Alapelvek, amelyek ment\u00e9n a technika val\u00f3ban elt\u0171nik<\/strong><\/h2>\n\n\n\n<p>A vezet\u0151i \u00edr\u00f3asztalon a technika akkor van j\u00f3l elrejtve, ha <strong>nem l\u00e1tszik, nem zavar, \u00e9s nem akad\u00e1lyoz<\/strong> \u2013 mik\u00f6zben b\u00e1rmikor hozz\u00e1f\u00e9rhet\u0151 marad. Ehhez nem tr\u00fckk\u00f6k kellenek, hanem n\u00e9h\u00e1ny k\u00f6vetkezetes alapelv betart\u00e1sa.<\/p>\n\n\n\n<h3 class=\"wp-block-heading\"><strong>A technika mindig az \u00edr\u00f3asztal r\u00e9sze legyen \u2013 ne kieg\u00e9sz\u00edt\u0151je<\/strong><\/h3>\n\n\n\n<p>Az els\u0151 \u00e9s legfontosabb elv:<\/p>\n\n\n\n<p>a technikai elemeket <strong>nem az elk\u00e9sz\u00fclt b\u00fatorhoz kell hozz\u00e1igaz\u00edtani<\/strong>, hanem a b\u00fator tervez\u00e9sekor kell sz\u00e1molni vel\u00fck.<\/p>\n\n\n\n<p>Ez azt jelenti, hogy m\u00e1r a tervez\u00e9sn\u00e9l eld\u0151l:<\/p>\n\n\n\n<ul class=\"wp-block-list\">\n<li>hol lesz az \u00e1ramforr\u00e1s,<\/li>\n\n\n\n<li>hova ker\u00fclnek a rejtett dugaljak,<\/li>\n\n\n\n<li>merre futnak a k\u00e1belek v\u00edzszintesen \u00e9s f\u00fcgg\u0151legesen,<\/li>\n\n\n\n<li>milyen eszk\u00f6z\u00f6k csatlakoznak rendszeresen, \u00e9s melyek csak alkalmank\u00e9nt.<\/li>\n<\/ul>\n\n\n\n<p>\u00cdgy a technika nem \u201er\u00e1telepszik\u201d az \u00edr\u00f3asztalra, hanem szerves r\u00e9sze lesz annak.<\/p>\n\n\n\n<h3 class=\"wp-block-heading\"><strong>V\u00edzszintes \u00e9s f\u00fcgg\u0151leges k\u00e1belez\u00e9s egy\u00fctt kezelend\u0151<\/strong><\/h3>\n\n\n\n<p>Gyakori hiba, hogy csak az asztallap alatti r\u00e9szt rendezik, mik\u00f6zben a padl\u00f3 fel\u00e9 fut\u00f3 k\u00e1belek szabadon l\u00f3gnak.<\/p>\n\n\n\n<p>Alapelv:<\/p>\n\n\n\n<ul class=\"wp-block-list\">\n<li><strong>v\u00edzszintes k\u00e1belvezet\u00e9s<\/strong> az asztallap alatt,<\/li>\n\n\n\n<li><strong>f\u00fcgg\u0151leges k\u00e1belvezet\u00e9s<\/strong> az asztal \u00e9s a padl\u00f3 k\u00f6z\u00f6tt.<\/li>\n<\/ul>\n\n\n\n<p>Ha b\u00e1rmelyik hi\u00e1nyzik, a rendszer vizu\u00e1lisan \u00e9s funkcion\u00e1lisan is sz\u00e9tesik.<\/p>\n\n\n\n<h3 class=\"wp-block-heading\"><strong>Legyen \u201etartal\u00e9k hely\u201d a technik\u00e1nak<\/strong><\/h3>\n\n\n\n<p>A vezet\u0151i \u00edr\u00f3asztal technikai ig\u00e9nye ritk\u00e1n marad v\u00e1ltozatlan 5\u201310 \u00e9vig. Ez\u00e9rt fontos, hogy:<\/p>\n\n\n\n<ul class=\"wp-block-list\">\n<li>ne millim\u00e9terre m\u00e9retezett legyen a k\u00e1belvezet\u00e9s,<\/li>\n\n\n\n<li>elf\u00e9rjen benne egy hosszabb\u00edt\u00f3 is,<\/li>\n\n\n\n<li>legyen hely \u00faj k\u00e1beleknek, \u00faj eszk\u00f6z\u00f6knek.<\/li>\n<\/ul>\n\n\n\n<p>A t\u00fal sz\u0171kre szabott megold\u00e1sok gyorsan elavulnak.<\/p>\n\n\n\n<h3 class=\"wp-block-heading\"><strong>A l\u00e1that\u00f3 fel\u00fcletek maradjanak tiszt\u00e1k<\/strong><\/h3>\n\n\n\n<p>Egy j\u00f3l megtervezett vezet\u0151i \u00edr\u00f3asztalon:<\/p>\n\n\n\n<ul class=\"wp-block-list\">\n<li>az asztallapon <strong>csak az van, amit a vezet\u0151 haszn\u00e1l<\/strong>,<\/li>\n\n\n\n<li>nincs szem el\u0151tt eloszt\u00f3, t\u00f6lt\u0151, k\u00e1belcsom\u00f3,<\/li>\n\n\n\n<li>t\u00e1rgyal\u00e1skor az asztal vizu\u00e1lisan \u201enyugodt\u201d marad.<\/li>\n<\/ul>\n\n\n\n<p>Ez nem eszt\u00e9tikai luxus, hanem a vezet\u0151i jelenl\u00e9t r\u00e9sze.<\/p>\n\n\n\n<h3 class=\"wp-block-heading\"><strong>A megold\u00e1s legyen karbantarthat\u00f3<\/strong><\/h3>\n\n\n\n<p>Rejtett \u2260 hozz\u00e1f\u00e9rhetetlen.<\/p>\n\n\n\n<p>Egy j\u00f3 technikai kialak\u00edt\u00e1sn\u00e1l:<\/p>\n\n\n\n<ul class=\"wp-block-list\">\n<li>egy k\u00e1bel cser\u00e9je nem bont\u00e1ssal j\u00e1r,<\/li>\n\n\n\n<li>egy \u00faj eszk\u00f6z bek\u00f6t\u00e9se nem ig\u00e9nyel asztalsz\u00e9tszed\u00e9st,<\/li>\n\n\n\n<li>a rendszer logik\u00e1ja \u00e1tl\u00e1that\u00f3 marad.<\/li>\n<\/ul>\n\n\n\n<p>Ez k\u00fcl\u00f6n\u00f6sen fontos ott, ahol az \u00edr\u00f3asztal napi intenz\u00edv haszn\u00e1latban van.<\/p>\n\n\n\n<h2 class=\"wp-block-heading\"><strong>4. Bev\u00e1lt megold\u00e1sok a technika elt\u00fcntet\u00e9s\u00e9re vezet\u0151i \u00edr\u00f3asztalon<\/strong><\/h2>\n\n\n\n<p>A technika elrejt\u00e9se nem att\u00f3l m\u0171k\u00f6dik j\u00f3l, hogy \u201edr\u00e1ga\u201d vagy \u201edesignos\u201d megold\u00e1sokat v\u00e1lasztunk, hanem att\u00f3l, hogy <strong>a megfelel\u0151 helyen a megfelel\u0151 eszk\u00f6zt<\/strong> haszn\u00e1ljuk. Vezet\u0151i \u00edr\u00f3asztaln\u00e1l ez k\u00fcl\u00f6n\u00f6sen igaz.<\/p>\n\n\n\n<h3 class=\"wp-block-heading\"><strong>V\u00edzszintes k\u00e1belt\u00e1lca az asztallap alatt<\/strong><\/h3>\n\n\n\n<p>Ez az egyik legstabilabb \u00e9s leguniverz\u00e1lisabb megold\u00e1s.<\/p>\n\n\n\n<p><strong>Mire j\u00f3:<\/strong><\/p>\n\n\n\n<ul class=\"wp-block-list\">\n<li>\u00f6sszegy\u0171jti az \u00f6sszes t\u00e1pegys\u00e9get \u00e9s k\u00e1belt,<\/li>\n\n\n\n<li>elrejti a hosszabb\u00edt\u00f3t,<\/li>\n\n\n\n<li>megsz\u00fcnteti a k\u00e1belek \u201ecs\u00fcng\u00e9s\u00e9t\u201d.<\/li>\n<\/ul>\n\n\n\n<p><strong>J\u00f3 gyakorlat vezet\u0151i \u00edr\u00f3asztaln\u00e1l:<\/strong><\/p>\n\n\n\n<ul class=\"wp-block-list\">\n<li>legal\u00e1bb <strong>10 cm belmagass\u00e1g\u00fa<\/strong> k\u00e1belt\u00e1lca,<\/li>\n\n\n\n<li>teljes hosszban vagy legal\u00e1bb az asztal k\u00f6z\u00e9ps\u0151 r\u00e9sz\u00e9n fut,<\/li>\n\n\n\n<li>f\u00e9m kivitel a h\u0151elvezet\u00e9s miatt.<\/li>\n<\/ul>\n\n\n\n<p>Ez a megold\u00e1s k\u00fcl\u00f6n\u00f6sen akkor ide\u00e1lis, ha az asztalon t\u00f6bb eszk\u00f6z is m\u0171k\u00f6dik p\u00e1rhuzamosan (monitor, laptop, t\u00f6lt\u0151k).<\/p>\n\n\n\n<h3 class=\"wp-block-heading\"><strong>F\u00fcgg\u0151leges k\u00e1belgerinc a padl\u00f3 fel\u00e9<\/strong><\/h3>\n\n\n\n<p>A v\u00edzszintes k\u00e1belrendez\u00e9s \u00f6nmag\u00e1ban nem el\u00e9g. A padl\u00f3 fel\u00e9 fut\u00f3 k\u00e1beleket is kezelni kell.<\/p>\n\n\n\n<p><strong>Mikor sz\u00fcks\u00e9ges:<\/strong><\/p>\n\n\n\n<ul class=\"wp-block-list\">\n<li>ha az asztal nem fal mellett \u00e1ll,<\/li>\n\n\n\n<li>ha nincs b\u00fatorba integr\u00e1lt levezet\u00e9s,<\/li>\n\n\n\n<li>ha az asztal szabadon \u00e1ll\u00f3 vezet\u0151i t\u00e9rben van.<\/li>\n<\/ul>\n\n\n\n<p><strong>El\u0151nyei:<\/strong><\/p>\n\n\n\n<ul class=\"wp-block-list\">\n<li>egyetlen vizu\u00e1lis \u201evonalba\u201d rendezi a k\u00e1beleket,<\/li>\n\n\n\n<li>stabil, m\u00e9gis rugalmas,<\/li>\n\n\n\n<li>ut\u00f3lag is felszerelhet\u0151.<\/li>\n<\/ul>\n\n\n\n<p>Ez az egyik legjobb kompromisszum, ha a technik\u00e1t nem lehet teljesen a b\u00fatorba rejteni.<\/p>\n\n\n\n<h3 class=\"wp-block-heading\"><strong>K\u00e1belcsipeszek az asztallap alatt<\/strong><\/h3>\n\n\n\n<p>Ez a legegyszer\u0171bb, legolcs\u00f3bb, m\u00e9gis meglep\u0151en hat\u00e9kony megold\u00e1s.<\/p>\n\n\n\n<p><strong>Mire haszn\u00e1lhat\u00f3:<\/strong><\/p>\n\n\n\n<ul class=\"wp-block-list\">\n<li>egyes k\u00e1belek r\u00f6gz\u00edt\u00e9s\u00e9re,<\/li>\n\n\n\n<li>k\u00e1belek ir\u00e1ny\u00edt\u00e1s\u00e1ra,<\/li>\n\n\n\n<li>rend fenntart\u00e1s\u00e1ra az asztallap alatt.<\/li>\n<\/ul>\n\n\n\n<p><strong>J\u00f3 gyakorlat:<\/strong><\/p>\n\n\n\n<ul class=\"wp-block-list\">\n<li>kb. <strong>40\u201350 cm-enk\u00e9nt<\/strong> egy csipesz,<\/li>\n\n\n\n<li>k\u00fcl\u00f6n csipesz a t\u00f6lt\u0151- \u00e9s adatk\u00e1beleknek,<\/li>\n\n\n\n<li>az asztal eleje fel\u00e9 kev\u00e9sb\u00e9 l\u00e1that\u00f3 poz\u00edci\u00f3ban.<\/li>\n<\/ul>\n\n\n\n<p>Ez a megold\u00e1s ide\u00e1lis:<\/p>\n\n\n\n<ul class=\"wp-block-list\">\n<li>ut\u00f3lagos szerel\u00e9sn\u00e9l,<\/li>\n\n\n\n<li>olyan asztalokn\u00e1l, ahol nem volt el\u0151re tervezett k\u00e1belrendszer.<\/li>\n<\/ul>\n\n\n\n<h3 class=\"wp-block-heading\"><strong>Kombin\u00e1lt rendszer: amikor minden egy\u00fctt m\u0171k\u00f6dik<\/strong><\/h3>\n\n\n\n<p>A legjobb eredm\u00e9ny \u00e1ltal\u00e1ban <strong>nem egyetlen megold\u00e1sb\u00f3l<\/strong>, hanem kombin\u00e1ci\u00f3b\u00f3l sz\u00fcletik:<\/p>\n\n\n\n<ul class=\"wp-block-list\">\n<li>v\u00edzszintes k\u00e1belt\u00e1lca + k\u00e1belcsipeszek,<\/li>\n\n\n\n<li>k\u00e1belt\u00e1lca + k\u00e1belgerinc,<\/li>\n\n\n\n<li>b\u00fatorba mart \u00e1tvezet\u00e9s + rejtett dugalj.<\/li>\n<\/ul>\n\n\n\n<p>\u00cdgy a technika:<\/p>\n\n\n\n<ul class=\"wp-block-list\">\n<li>nem l\u00e1tszik,<\/li>\n\n\n\n<li>nem zavar,<\/li>\n\n\n\n<li>\u00e9s hossz\u00fa t\u00e1von is kezelhet\u0151 marad.<\/li>\n<\/ul>\n\n\n\n<h2 class=\"wp-block-heading\"><strong>5. Tipikus hib\u00e1k a vezet\u0151i \u00edr\u00f3asztal technikai kialak\u00edt\u00e1s\u00e1n\u00e1l<\/strong><\/h2>\n\n\n\n<p>A legt\u00f6bb vezet\u0151i \u00edr\u00f3asztaln\u00e1l <strong>nem az eszk\u00f6z\u00f6k hi\u00e1nya<\/strong>, hanem a <strong>rossz d\u00f6nt\u00e9sek sorrendje<\/strong> okozza a k\u00e1oszt. Az al\u00e1bbi hib\u00e1k m\u00e9g pr\u00e9mium irod\u00e1kban is rendszeresen el\u0151fordulnak.<\/p>\n\n\n\n<h3 class=\"wp-block-heading\"><strong>1. A technika \u201eut\u00f3lagos r\u00e1er\u0151ltet\u00e9se\u201d az asztalra<\/strong><\/h3>\n\n\n\n<p>Gyakori forgat\u00f3k\u00f6nyv:<\/p>\n\n\n\n<ul class=\"wp-block-list\">\n<li>elk\u00e9sz\u00fcl az \u00edr\u00f3asztal,<\/li>\n\n\n\n<li>bek\u00f6lt\u00f6zik a vezet\u0151,<\/li>\n\n\n\n<li>majd j\u00f6nnek az eszk\u00f6z\u00f6k: monitor, dokkol\u00f3, t\u00f6lt\u0151k, router.<\/li>\n<\/ul>\n\n\n\n<p>Ekkor der\u00fcl ki, hogy:<\/p>\n\n\n\n<ul class=\"wp-block-list\">\n<li>nincs hol levezetni a k\u00e1beleket,<\/li>\n\n\n\n<li>nincs hely a t\u00e1pegys\u00e9geknek,<\/li>\n\n\n\n<li>minden hosszabb\u00edt\u00f3 l\u00e1tszik.<\/li>\n<\/ul>\n\n\n\n<p><strong>K\u00f6vetkezm\u00e9ny:<\/strong> ideiglenes megold\u00e1sok v\u00e1lnak v\u00e9glegess\u00e9.<\/p>\n\n\n\n<h3 class=\"wp-block-heading\"><strong>2. T\u00fal kev\u00e9s hely a k\u00e1beleknek \u00e9s t\u00e1pegys\u00e9geknek<\/strong><\/h3>\n\n\n\n<p>K\u00fcl\u00f6n\u00f6sen laptopos k\u00f6rnyezetben jellemz\u0151 hiba.<\/p>\n\n\n\n<p>Tipikus probl\u00e9m\u00e1k:<\/p>\n\n\n\n<ul class=\"wp-block-list\">\n<li>alacsony k\u00e1belt\u00e1lca, ahov\u00e1 nem f\u00e9r be a t\u00e1pegys\u00e9g,<\/li>\n\n\n\n<li>t\u00fal sz\u0171k k\u00e1belcsatorna,<\/li>\n\n\n\n<li>nem sz\u00e1molnak a j\u00f6v\u0151beli eszk\u00f6z\u00f6kkel.<\/li>\n<\/ul>\n\n\n\n<p><strong>J\u00f3 szab\u00e1ly:<\/strong> mindig legyen legal\u00e1bb <strong>30\u201340% tartal\u00e9k kapacit\u00e1s<\/strong> a k\u00e1belez\u00e9sn\u00e9l.<\/p>\n\n\n\n<h3 class=\"wp-block-heading\"><strong>3. Rossz helyre tett \u00e1tvezet\u0151k \u00e9s rejtett dugaljak<\/strong><\/h3>\n\n\n\n<p>Eszt\u00e9tikailag sz\u00e9p, de haszn\u00e1lhatatlan megold\u00e1sok sz\u00fcletnek, ha:<\/p>\n\n\n\n<ul class=\"wp-block-list\">\n<li>az \u00e1tvezet\u0151 t\u00fal messze van a munkater\u00fclett\u0151l,<\/li>\n\n\n\n<li>a fed\u00e9l nyit\u00e1skor \u00fatban van,<\/li>\n\n\n\n<li>a csatlakoz\u00f3k nem k\u00e9zre esnek.<\/li>\n<\/ul>\n\n\n\n<p><strong>Eredm\u00e9ny:<\/strong> a vezet\u0151 ink\u00e1bb hosszabb\u00edt\u00f3t haszn\u00e1l az asztalon.<\/p>\n\n\n\n<h3 class=\"wp-block-heading\"><strong>4. L\u00e1that\u00f3 padl\u00f3 fel\u00e9 fut\u00f3 k\u00e1belek<\/strong><\/h3>\n\n\n\n<p>Szabadon \u00e1ll\u00f3 vezet\u0151i \u00edr\u00f3asztaln\u00e1l ez az egyik leggyakoribb preszt\u00edzshiba.<\/p>\n\n\n\n<p>Probl\u00e9ma:<\/p>\n\n\n\n<ul class=\"wp-block-list\">\n<li>a k\u00e1belek \u201eleesnek\u201d az asztal al\u00f3l,<\/li>\n\n\n\n<li>sz\u00e9kb\u0151l, t\u00e1rgyal\u00e1s k\u00f6zben is l\u00e1that\u00f3k,<\/li>\n\n\n\n<li>megt\u00f6rik a t\u00e9r rendezetts\u00e9g\u00e9t.<\/li>\n<\/ul>\n\n\n\n<p>Ez akkor is rontja az \u00f6sszk\u00e9pet, ha minden m\u00e1s pr\u00e9mium.<\/p>\n\n\n\n<h3 class=\"wp-block-heading\"><strong>5. Nincs rendszer, csak \u201emegold\u00e1sok\u201d<\/strong><\/h3>\n\n\n\n<p>Sok \u00edr\u00f3asztalon tal\u00e1lni:<\/p>\n\n\n\n<ul class=\"wp-block-list\">\n<li>egy k\u00e1belt\u00e1lc\u00e1t,<\/li>\n\n\n\n<li>p\u00e1r csipeszt,<\/li>\n\n\n\n<li>egy hosszabb\u00edt\u00f3t, de ezek <strong>nem kapcsol\u00f3dnak \u00f6ssze rendszerk\u00e9nt<\/strong>.<\/li>\n<\/ul>\n\n\n\n<p><strong>A technika akkor m\u0171k\u00f6dik j\u00f3l, ha:<\/strong><\/p>\n\n\n\n<ul class=\"wp-block-list\">\n<li>minden k\u00e1belnek van \u00fatvonala,<\/li>\n\n\n\n<li>minden eszk\u00f6znek van helye,<\/li>\n\n\n\n<li>a rendszer \u00e1tl\u00e1that\u00f3 marad k\u00e9s\u0151bb is.<\/li>\n<\/ul>\n\n\n\n<h2 class=\"wp-block-heading\"><strong>Gyors d\u00f6nt\u00e9si checklist: rendben van a technikai kialak\u00edt\u00e1s (technika elrejt\u00e9se vezet\u0151i \u00edr\u00f3asztalon)?<\/strong><\/h2>\n\n\n\n<p><strong>A vezet\u0151i \u00edr\u00f3asztal technikai rendszere akkor j\u00f3, ha az al\u00e1bbi \u00e1ll\u00edt\u00e1sok t\u00f6bbs\u00e9g\u00e9re igen a v\u00e1lasz:<\/strong><\/p>\n\n\n\n<h3 class=\"wp-block-heading\"><strong>K\u00e1belez\u00e9s \u00e9s elvezet\u00e9s<\/strong><\/h3>\n\n\n\n<ul class=\"wp-block-list\">\n<li>\u2610 A k\u00e1belek <strong>nem l\u00e1tszanak<\/strong> sem \u00fclve, sem t\u00e1rgyal\u00e1s k\u00f6zben.<\/li>\n\n\n\n<li>\u2610 A padl\u00f3 fel\u00e9 fut\u00f3 k\u00e1belek <strong>rejtve<\/strong> vannak (k\u00e1belgerinc, b\u00fatorba integr\u00e1lt megold\u00e1s).<\/li>\n\n\n\n<li>\u2610 Van <strong>folyamatos \u00fatvonala<\/strong> minden k\u00e1belnek az asztallapt\u00f3l a padl\u00f3ig.<\/li>\n<\/ul>\n\n\n\n<h3 class=\"wp-block-heading\"><strong>Asztallap \u00e9s csatlakoz\u00e1sok<\/strong><\/h3>\n\n\n\n<ul class=\"wp-block-list\">\n<li>\u2610 Az asztallapon l\u00e9v\u0151 <strong>rejtett dugaljak<\/strong> k\u00e9zre esnek, nem zavarj\u00e1k a munk\u00e1t.<\/li>\n\n\n\n<li>\u2610 A fed\u00e9l nyit\u00e1sa <strong>nem \u00fctk\u00f6zik<\/strong> monitorba, dokumentumba, k\u00e9zmozg\u00e1sba.<\/li>\n\n\n\n<li>\u2610 A sz\u00fcks\u00e9ges csatlakoz\u00f3k (230 V, USB-A\/USB-C, adat) <strong>egy helyen el\u00e9rhet\u0151k<\/strong>.<\/li>\n<\/ul>\n\n\n\n<h3 class=\"wp-block-heading\"><strong>Asztallap alatti t\u00e9r<\/strong><\/h3>\n\n\n\n<ul class=\"wp-block-list\">\n<li>\u2610 Az asztallap alatt van <strong>el\u00e9g magas k\u00e1belt\u00e1lca<\/strong> (t\u00e1pegys\u00e9geknek is).<\/li>\n\n\n\n<li>\u2610 A hosszabb\u00edt\u00f3k, adapterek <strong>nem l\u00f3gnak<\/strong>, hanem r\u00f6gz\u00edtettek.<\/li>\n\n\n\n<li>\u2610 A k\u00e1belek csipeszekkel, vezet\u0151kkel <strong>rendszerezve<\/strong> vannak.<\/li>\n<\/ul>\n\n\n\n<h3 class=\"wp-block-heading\"><strong>Haszn\u00e1lhat\u00f3s\u00e1g \u00e9s j\u00f6v\u0151\u00e1ll\u00f3s\u00e1g<\/strong><\/h3>\n\n\n\n<ul class=\"wp-block-list\">\n<li>\u2610 Egy \u00faj eszk\u00f6z (monitor, t\u00f6lt\u0151) <strong>bont\u00e1s n\u00e9lk\u00fcl<\/strong> bek\u00f6thet\u0151.<\/li>\n\n\n\n<li>\u2610 A rendszer <strong>b\u0151v\u00edthet\u0151<\/strong>, nem v\u00e9gleges, merev megold\u00e1s.<\/li>\n\n\n\n<li>\u2610 Az asztal technik\u00e1ja nem ig\u00e9nyel napi igazgat\u00e1st vagy \u00e1trendez\u00e9st.<\/li>\n<\/ul>\n\n\n\n<h3 class=\"wp-block-heading\"><strong>Gyors \u00e9rtelmez\u00e9s<\/strong><\/h3>\n\n\n\n<ul class=\"wp-block-list\">\n<li><strong>8\u201310 pipa:<\/strong> a technikai kialak\u00edt\u00e1s j\u00f3l \u00e1tgondolt, vezet\u0151i szint\u0171<\/li>\n\n\n\n<li><strong>5\u20137 pipa:<\/strong> m\u0171k\u00f6dik, de vannak rejtett kompromisszumok<\/li>\n\n\n\n<li><strong>0\u20134 pipa:<\/strong> a technika uralja az asztalt, nem ford\u00edtva<\/li>\n<\/ul>\n\n\n\n<blockquote class=\"wp-block-quote is-layout-flow wp-block-quote-is-layout-flow\">\n<p>Ha a technikai kialak\u00edt\u00e1s mellett a m\u00e9retez\u00e9s, az elrendez\u00e9s \u00e9s a vezet\u0151i szerep \u00f6sszef\u00fcgg\u00e9sei is \u00e9rdeklik, \u00e9rdemes \u00e1tn\u00e9zni a <strong>\u201e<\/strong><a href=\"https:\/\/www.bathori.hu\/blog\/vezetoi-iroasztal\" data-type=\"link\" data-id=\"https:\/\/www.bathori.hu\/blog\/vezetoi-iroasztal\">Vezet\u0151i \u00edr\u00f3asztal v\u00e1laszt\u00e1sa: m\u00e9retek, elrendez\u00e9s, szerep \u00e9s hossz\u00fa t\u00e1v\u00fa d\u00f6nt\u00e9si szempontok<\/a><strong>\u201d<\/strong> c\u00edm\u0171 \u00f6sszefoglal\u00f3 \u00fatmutat\u00f3t.<\/p>\n<\/blockquote>\n\n\n\n<h2 class=\"wp-block-heading\"><strong>\u00d6sszegz\u00e9s: amikor a technika nem l\u00e1tszik, hanem m\u0171k\u00f6dik<\/strong><\/h2>\n\n\n\n<p>A vezet\u0151i \u00edr\u00f3asztal technikai kialak\u00edt\u00e1sa akkor j\u00f3, ha <strong>\u00e9szrev\u00e9tlen\u00fcl t\u00e1mogatja a munk\u00e1t<\/strong>, nem pedig folyamatos figyelmet ig\u00e9nyel. A j\u00f3l megoldott k\u00e1bel- \u00e9s csatlakoz\u00e1s-elrejt\u00e9s nem l\u00e1tv\u00e1nyelem, hanem <strong>haszn\u00e1lati min\u0151s\u00e9g<\/strong>: hozz\u00e1j\u00e1rul a f\u00f3kuszhoz, a rendezetts\u00e9ghez \u00e9s ahhoz a benyom\u00e1shoz, amelyet a vezet\u0151i t\u00e9r kifel\u00e9 \u00e9s befel\u00e9 is k\u00f6zvet\u00edt.<\/p>\n\n\n\n<p>Egy \u00e1tgondolt rendszerben:<\/p>\n\n\n\n<ul class=\"wp-block-list\">\n<li>a k\u00e1beleknek <strong>van \u00fatvonala<\/strong>,<\/li>\n\n\n\n<li>a csatlakoz\u00f3k <strong>k\u00e9zre esnek<\/strong>,<\/li>\n\n\n\n<li>a technika <strong>b\u0151v\u00edthet\u0151<\/strong>,<\/li>\n\n\n\n<li>\u00e9s az asztal <strong>\u00e9vek m\u00falva is rendezett marad<\/strong>.<\/li>\n<\/ul>\n\n\n\n<p>A leggyakoribb hib\u00e1k nem abb\u00f3l ad\u00f3dnak, hogy \u201enincs megold\u00e1s\u201d, hanem abb\u00f3l, hogy a technik\u00e1t <strong>ut\u00f3lag, elszigetelten<\/strong> kezelik. Amikor azonban a k\u00e1belez\u00e9s, a rejtett dugaljak \u00e9s az asztal kialak\u00edt\u00e1sa <strong>egy rendszer r\u00e9szei<\/strong>, a technika nem uralja a teret \u2014 hanem szolg\u00e1lja azt.<\/p>\n","protected":false},"excerpt":{"rendered":"<p>A vezet\u0151i \u00edr\u00f3asztalon megjelen\u0151 technika sokkal t\u00f6bbet el\u00e1rul egy irod\u00e1r\u00f3l, mint els\u0151re gondoln\u00e1nk. Kil\u00f3g\u00f3 k\u00e1belek, l\u00e1that\u00f3 eloszt\u00f3k vagy \u00f6sszevissza vezetett t\u00f6lt\u0151k nemcsak eszt\u00e9tikai probl\u00e9m\u00e1t jelentenek, hanem a f\u00f3kuszt, a munkahat\u00e9konys\u00e1got \u00e9s a vezet\u0151i jelenl\u00e9t meg\u00edt\u00e9l\u00e9s\u00e9t is rontj\u00e1k. A k\u00e9rd\u00e9s nem az, hogy sz\u00fcks\u00e9ges a technika elrejt\u00e9se vezet\u0151i \u00edr\u00f3asztalon \u2013 ez ma m\u00e1r evidens. Sokkal ink\u00e1bb &#8230; <a title=\"Hogyan rejts\u00fck el a technik\u00e1t a vezet\u0151i \u00edr\u00f3asztalon? \u2013 Rendezett, j\u00f6v\u0151\u00e1ll\u00f3 megold\u00e1sok kompromisszumok n\u00e9lk\u00fcl\" class=\"read-more\" href=\"https:\/\/www.bathori.hu\/blog\/technika-elrejtese-vezetoi-iroasztalon\/\" aria-label=\"Read more about Hogyan rejts\u00fck el a technik\u00e1t a vezet\u0151i \u00edr\u00f3asztalon? \u2013 Rendezett, j\u00f6v\u0151\u00e1ll\u00f3 megold\u00e1sok kompromisszumok n\u00e9lk\u00fcl\">Olvass tov\u00e1bb<\/a><\/p>\n","protected":false},"author":1,"featured_media":1145,"comment_status":"closed","ping_status":"closed","sticky":false,"template":"","format":"standard","meta":{"footnotes":""},"categories":[25],"tags":[],"class_list":["post-1138","post","type-post","status-publish","format-standard","has-post-thumbnail","hentry","category-vezetoi-iroasztal"],"_links":{"self":[{"href":"https:\/\/www.bathori.hu\/blog\/wp-json\/wp\/v2\/posts\/1138","targetHints":{"allow":["GET"]}}],"collection":[{"href":"https:\/\/www.bathori.hu\/blog\/wp-json\/wp\/v2\/posts"}],"about":[{"href":"https:\/\/www.bathori.hu\/blog\/wp-json\/wp\/v2\/types\/post"}],"author":[{"embeddable":true,"href":"https:\/\/www.bathori.hu\/blog\/wp-json\/wp\/v2\/users\/1"}],"replies":[{"embeddable":true,"href":"https:\/\/www.bathori.hu\/blog\/wp-json\/wp\/v2\/comments?post=1138"}],"version-history":[{"count":3,"href":"https:\/\/www.bathori.hu\/blog\/wp-json\/wp\/v2\/posts\/1138\/revisions"}],"predecessor-version":[{"id":1142,"href":"https:\/\/www.bathori.hu\/blog\/wp-json\/wp\/v2\/posts\/1138\/revisions\/1142"}],"wp:featuredmedia":[{"embeddable":true,"href":"https:\/\/www.bathori.hu\/blog\/wp-json\/wp\/v2\/media\/1145"}],"wp:attachment":[{"href":"https:\/\/www.bathori.hu\/blog\/wp-json\/wp\/v2\/media?parent=1138"}],"wp:term":[{"taxonomy":"category","embeddable":true,"href":"https:\/\/www.bathori.hu\/blog\/wp-json\/wp\/v2\/categories?post=1138"},{"taxonomy":"post_tag","embeddable":true,"href":"https:\/\/www.bathori.hu\/blog\/wp-json\/wp\/v2\/tags?post=1138"}],"curies":[{"name":"wp","href":"https:\/\/api.w.org\/{rel}","templated":true}]}}