{"id":1130,"date":"2026-01-19T10:00:00","date_gmt":"2026-01-19T08:00:00","guid":{"rendered":"https:\/\/www.bathori.hu\/blog\/?p=1130"},"modified":"2026-01-08T07:42:29","modified_gmt":"2026-01-08T05:42:29","slug":"vezetoi-iroasztal-csatlakozok","status":"publish","type":"post","link":"https:\/\/www.bathori.hu\/blog\/vezetoi-iroasztal-csatlakozok\/","title":{"rendered":"Milyen csatlakoz\u00f3kra van val\u00f3ban sz\u00fcks\u00e9g egy vezet\u0151i asztalon?"},"content":{"rendered":"\n<p>A <strong>vezet\u0151i \u00edr\u00f3asztal csatlakoz\u00f3<\/strong>k ma m\u00e1r messze nem technikai r\u00e9szletk\u00e9rd\u00e9st jelentenek, hanem a mindennapi vezet\u0151i munka egyik alapfelt\u00e9tel\u00e9t. Egy rosszul \u00e1tgondolt csatlakoz\u00f3kioszt\u00e1s nemcsak eszt\u00e9tikai probl\u00e9m\u00e1t okoz, hanem k\u00f6zvetlen\u00fcl rontja a munkafolyamatok hat\u00e9konys\u00e1g\u00e1t, a t\u00e1rgyal\u00e1sok menet\u00e9t \u00e9s az iroda \u00f6sszk\u00e9p\u00e9t is.<\/p>\n\n\n\n<p>A gyakorlatban a legt\u00f6bb vezet\u0151 akkor szembes\u00fcl ezzel, amikor:<\/p>\n\n\n\n<ul class=\"wp-block-list\">\n<li>\u00e1lland\u00f3an hosszabb\u00edt\u00f3kat kell el\u0151venni,<\/li>\n\n\n\n<li>a k\u00e1belek l\u00e1that\u00f3an futnak az asztalon,<\/li>\n\n\n\n<li>egy vide\u00f3meeting vagy prezent\u00e1ci\u00f3 el\u0151tt kapkodni kell a csatlakoz\u00e1sokkal,<\/li>\n\n\n\n<li>vagy a technika \u201euralja\u201d a teret ahelyett, hogy kiszolg\u00e1ln\u00e1 azt.<\/li>\n<\/ul>\n\n\n\n<p>A cikkben a <strong>vezet\u0151i \u00edr\u00f3asztal csatlakoz\u00f3k<\/strong> k\u00e9rd\u00e9s\u00e9t nem katal\u00f3gusszinten, hanem d\u00f6nt\u00e9si szempontok ment\u00e9n vizsg\u00e1ljuk meg. Mit jelent val\u00f3j\u00e1ban az, amit a szakm\u00e1ban <strong>rejtett dugaljk\u00e9nt<\/strong>, illetve <strong>asztalba \u00e9p\u00edtett csatlakoz\u00f3k\u00e9nt<\/strong> emleget\u00fcnk? Mely csatlakoz\u00f3t\u00edpusok indokoltak egy vezet\u0151i irod\u00e1ban, \u00e9s melyek azok, amelyek feleslegesek vagy kifejezetten zavar\u00f3ak lehetnek?<\/p>\n\n\n\n<p>A c\u00e9l nem az, hogy min\u00e9l t\u00f6bb technikai elem ker\u00fclj\u00f6n az \u00edr\u00f3asztalba, hanem az, hogy a csatlakoz\u00f3k <strong>\u00e9szrev\u00e9tlen\u00fcl t\u00e1mogass\u00e1k<\/strong> a vezet\u0151i munk\u00e1t, a t\u00e1rgyal\u00e1sokat \u00e9s a professzion\u00e1lis megjelen\u00e9st \u2013 hossz\u00fa t\u00e1von is.<\/p>\n\n\n\n<h3 class=\"wp-block-heading\"><strong>1. Mi sz\u00e1m\u00edt val\u00f3j\u00e1ban csatlakoz\u00f3nak egy vezet\u0151i \u00edr\u00f3asztalon?<\/strong><\/h3>\n\n\n\n<p>A vezet\u0151i irod\u00e1k tervez\u00e9s\u00e9n\u00e9l gyakori f\u00e9lre\u00e9rt\u00e9s, hogy a \u201ecsatlakoz\u00f3\u201d alatt kiz\u00e1r\u00f3lag a falon l\u00e9v\u0151 konnektort vagy egy egyszer\u0171 eloszt\u00f3t \u00e9rtj\u00fck. A gyakorlatban azonban a <strong>vezet\u0151i \u00edr\u00f3asztal csatlakoz\u00f3i<\/strong> enn\u00e9l sokkal \u00f6sszetettebb rendszert jelentenek.<\/p>\n\n\n\n<p>A szakm\u00e1ban ezekre az elemekre jellemz\u0151en <strong>rejtett dugaljk\u00e9nt<\/strong> vagy <strong>asztalba \u00e9p\u00edtett csatlakoz\u00f3k\u00e9nt<\/strong> hivatkozunk. Ezek olyan, az asztallapba vagy a b\u00fatorba s\u00fcllyesztett megold\u00e1sok, amelyek:<\/p>\n\n\n\n<ul class=\"wp-block-list\">\n<li>fed\u00e9llel z\u00e1rhat\u00f3k,<\/li>\n\n\n\n<li>haszn\u00e1laton k\u00edv\u00fcl teljesen elt\u0171nnek a fel\u00fcletb\u0151l,<\/li>\n\n\n\n<li>\u00e9s egyszerre t\u00f6bbf\u00e9le csatlakoz\u00e1st biztos\u00edtanak.<\/li>\n<\/ul>\n\n\n\n<p>Egy j\u00f3l megtervezett vezet\u0151i \u00edr\u00f3asztalon a csatlakoz\u00f3k nem \u201er\u00e1\u00e9p\u00edtett\u201d kieg\u00e9sz\u00edt\u0151k, hanem a b\u00fator szerves r\u00e9szei. Tipikusan ide tartoznak:<\/p>\n\n\n\n<ul class=\"wp-block-list\">\n<li><strong>230 V-os h\u00e1l\u00f3zati aljzatok<\/strong> (1\u20133 db),<\/li>\n\n\n\n<li><strong>USB-A \u00e9s USB-C t\u00f6lt\u0151csatlakoz\u00f3k<\/strong>,<\/li>\n\n\n\n<li><strong>adatcsatlakoz\u00f3k<\/strong> (HDMI, LAN, esetenk\u00e9nt DisplayPort),<\/li>\n\n\n\n<li>ritk\u00e1bban <strong>wireless t\u00f6lt\u0151fel\u00fclet<\/strong>.<\/li>\n<\/ul>\n\n\n\n<p>Fontos k\u00fcl\u00f6nbs\u00e9get tenni a vezet\u0151i \u00e9s a t\u00e1rgyal\u00f3asztalok k\u00f6z\u00f6tt is. M\u00edg a t\u00e1rgyal\u00f3kban gyakran t\u00f6bb, egym\u00e1ssal azonos csatlakoz\u00f3pont jelenik meg, addig a vezet\u0151i \u00edr\u00f3asztal eset\u00e9ben a hangs\u00faly a <strong>szem\u00e9lyre szabott haszn\u00e1laton<\/strong> van. Itt nem a mennyis\u00e9g, hanem az elhelyez\u00e9s \u00e9s a funkcionalit\u00e1s sz\u00e1m\u00edt.<\/p>\n\n\n\n<p>A j\u00f3 csatlakoz\u00f3kioszt\u00e1s egyik legf\u0151bb ism\u00e9rve, hogy a vezet\u0151:<\/p>\n\n\n\n<ul class=\"wp-block-list\">\n<li>nem gondolkodik rajta nap mint nap,<\/li>\n\n\n\n<li>nem l\u00e1tja a k\u00e1beleket,<\/li>\n\n\n\n<li>\u00e9s nem kell kompromisszumot k\u00f6tnie a t\u00e9r eszt\u00e9tik\u00e1j\u00e1ban a technika miatt.<\/li>\n<\/ul>\n\n\n\n<p>Ez az alap, amire a k\u00f6vetkez\u0151 d\u00f6nt\u00e9si szintek \u00e9p\u00fclnek.<\/p>\n\n\n\n<h3 class=\"wp-block-heading\"><strong>2. Milyen csatlakoz\u00f3kra van&nbsp;<\/strong><\/h3>\n\n\n\n<h3 class=\"wp-block-heading\"><strong>t\u00e9nylegesen<\/strong><\/h3>\n\n\n\n<h3 class=\"wp-block-heading\"><strong>&nbsp;sz\u00fcks\u00e9g \u2013 \u00e9s melyek feleslegesek?<\/strong><\/h3>\n\n\n\n<p>Az egyik leggyakoribb hiba a vezet\u0151i \u00edr\u00f3asztalokn\u00e1l a <strong>t\u00faltervez\u00e9s<\/strong>. Sok b\u00fator kap t\u00f6bbf\u00e9le csatlakoz\u00f3t \u201ebiztos, ami biztos\u201d alapon, amelyeknek a jelent\u0151s r\u00e9sze v\u00e9g\u00fcl soha nem ker\u00fcl haszn\u00e1latba. Ez nemcsak k\u00f6lts\u00e9g-, hanem ergon\u00f3miai \u00e9s eszt\u00e9tikai probl\u00e9ma is.<\/p>\n\n\n\n<p><strong>A val\u00f3s ig\u00e9nyek jellemz\u0151en ezekre korl\u00e1toz\u00f3dnak:<\/strong><\/p>\n\n\n\n<p><strong>Alap (szinte minden vezet\u0151n\u00e9l indokolt):<\/strong><\/p>\n\n\n\n<ul class=\"wp-block-list\">\n<li><strong>1\u20132 db 230 V-os aljzat<\/strong> Laptop, dokkol\u00f3, asztali l\u00e1mpa vagy t\u00f6lt\u0151 miatt.<\/li>\n\n\n\n<li><strong>1 db USB-C t\u00f6lt\u0151csatlakoz\u00f3<\/strong> Ma m\u00e1r ez v\u00e1lt a leguniverz\u00e1lisabb megold\u00e1ss\u00e1 (telefon, tablet, laptop).<\/li>\n\n\n\n<li><strong>1 db USB-A<\/strong> Tartal\u00e9k eszk\u00f6z\u00f6k, kieg\u00e9sz\u00edt\u0151k miatt.<\/li>\n<\/ul>\n\n\n\n<p><strong>Helyzetf\u00fcgg\u0151en indokolt:<\/strong><\/p>\n\n\n\n<ul class=\"wp-block-list\">\n<li><strong>HDMI vagy DisplayPort<\/strong> Ha a vezet\u0151 rendszeresen k\u00fcls\u0151 monitoron dolgozik vagy prezent\u00e1l.<\/li>\n\n\n\n<li><strong>LAN (Ethernet)<\/strong> Csak akkor, ha a Wi-Fi nem stabil vagy adatbiztons\u00e1gi okb\u00f3l vezet\u00e9kes h\u00e1l\u00f3zat sz\u00fcks\u00e9ges.<\/li>\n<\/ul>\n\n\n\n<p><strong>Ami jellemz\u0151en felesleges vezet\u0151i \u00edr\u00f3asztalon:<\/strong><\/p>\n\n\n\n<ul class=\"wp-block-list\">\n<li>t\u00f6bb HDMI\/USB port \u201et\u00f6mbben\u201d,<\/li>\n\n\n\n<li>hangcsatlakoz\u00f3k,<\/li>\n\n\n\n<li>prezent\u00e1ci\u00f3s panelek,<\/li>\n\n\n\n<li>t\u00falm\u00e9retezett, t\u00e1rgyal\u00f3asztalokra tervezett csatlakoz\u00f3blokkok.<\/li>\n<\/ul>\n\n\n\n<p>A vezet\u0151i \u00edr\u00f3asztal <strong>nem t\u00e1rgyal\u00f3asztal<\/strong>. Itt nincs sz\u00fcks\u00e9g arra, hogy t\u00f6bb ember egyszerre csatlakozzon k\u00fcl\u00f6nb\u00f6z\u0151 eszk\u00f6z\u00f6kkel. A technika feladata az, hogy <strong>\u00e9szrev\u00e9tlen\u00fcl kiszolg\u00e1lja<\/strong> az egy\u00e9ni munkav\u00e9gz\u00e9st.<\/p>\n\n\n\n<p>Egy j\u00f3l megv\u00e1lasztott rejtett dugalj:<\/p>\n\n\n\n<ul class=\"wp-block-list\">\n<li>kevesebb elemet tartalmaz,<\/li>\n\n\n\n<li>de pontosan azt tudja, amire sz\u00fcks\u00e9g van,<\/li>\n\n\n\n<li>\u00e9s hossz\u00fa t\u00e1von sem v\u00e1lik elavultt\u00e1.<\/li>\n<\/ul>\n\n\n\n<p>Ez a tudatos minimalizmus adja meg az alapot a val\u00f3ban rendezett, id\u0151t\u00e1ll\u00f3 vezet\u0151i munkak\u00f6rnyezethez.<\/p>\n\n\n\n<h3 class=\"wp-block-heading\"><strong>3. Hol \u00e9s hogyan \u00e9rdemes elhelyezni a rejtett dugaljt az \u00edr\u00f3asztalon?<\/strong><\/h3>\n\n\n\n<p>A megfelel\u0151 csatlakoz\u00f3 <strong>rossz helyen elhelyezve ugyanakkora probl\u00e9ma<\/strong>, mintha nem is lenne. A vezet\u0151i \u00edr\u00f3asztaln\u00e1l a dugalj elhelyez\u00e9se egyszerre <strong>ergon\u00f3miai, eszt\u00e9tikai \u00e9s haszn\u00e1lati k\u00e9rd\u00e9s<\/strong>.<\/p>\n\n\n\n<h4 class=\"wp-block-heading\"><strong>Legjobb elhelyez\u00e9si z\u00f3n\u00e1k vezet\u0151i \u00edr\u00f3asztalon<\/strong><\/h4>\n\n\n\n<p><strong>1. Oldals\u00f3 h\u00e1ts\u00f3 sarok (domin\u00e1ns megold\u00e1s)<\/strong><\/p>\n\n\n\n<p>Ez a leggyakrabban bev\u00e1lt poz\u00edci\u00f3.<\/p>\n\n\n\n<ul class=\"wp-block-list\">\n<li>nem zavarja a munkafel\u00fcletet,<\/li>\n\n\n\n<li>k\u00f6nnyen el\u00e9rhet\u0151 \u00fcl\u0151 poz\u00edci\u00f3b\u00f3l,<\/li>\n\n\n\n<li>a k\u00e1belek azonnal lefel\u00e9 vezethet\u0151k.<\/li>\n<\/ul>\n\n\n\n<p><strong>2. Asztallap m\u00f6g\u00f6tti s\u00e1v (h\u00e1ts\u00f3 \u00e9l ment\u00e9n)<\/strong><\/p>\n\n\n\n<p>Kifejezetten j\u00f3 megold\u00e1s akkor, ha:<\/p>\n\n\n\n<ul class=\"wp-block-list\">\n<li>az asztal szabadon \u00e1ll,<\/li>\n\n\n\n<li>az elrendez\u00e9s t\u00e1rgyal\u00e1sra is alkalmas,<\/li>\n\n\n\n<li>fontos az asztal \u201etiszta\u201d el\u0151k\u00e9pe.<\/li>\n<\/ul>\n\n\n\n<p><strong>3. Oldalszekr\u00e9nybe integr\u00e1lva<\/strong><\/p>\n\n\n\n<p>Pr\u00e9mium vezet\u0151i irod\u00e1kban egyre gyakoribb:<\/p>\n\n\n\n<ul class=\"wp-block-list\">\n<li>a dugalj nem az asztallapban van,<\/li>\n\n\n\n<li>hanem az oldalszekr\u00e9ny fedlapj\u00e1ba vagy oldal\u00e1ba marva,<\/li>\n\n\n\n<li>vizu\u00e1lisan a legtiszt\u00e1bb megold\u00e1s.<\/li>\n<\/ul>\n\n\n\n<h4 class=\"wp-block-heading\"><strong>Amit \u00e9rdemes elker\u00fclni<\/strong><\/h4>\n\n\n\n<ul class=\"wp-block-list\">\n<li><strong>Asztal k\u00f6zep\u00e9be mart dugalj<\/strong> \u2192 munkafel\u00fcletet t\u00f6r meg, vizu\u00e1lisan zavar\u00f3.<\/li>\n\n\n\n<li><strong>El\u00fcls\u0151 \u00e9l k\u00f6zel\u00e9ben elhelyezett csatlakoz\u00f3<\/strong> \u2192 t\u00e1rgyal\u00e1skor kellemetlen, k\u00e1belek l\u00e1tszanak.<\/li>\n\n\n\n<li><strong>T\u00fal k\u00f6zel a monitorhoz<\/strong> \u2192 k\u00e1belkeresztez\u00e9sek, rendezetlen \u00f6sszhat\u00e1s.<\/li>\n<\/ul>\n\n\n\n<h4 class=\"wp-block-heading\"><strong>Ergonomiai alapszab\u00e1ly<\/strong><\/h4>\n\n\n\n<p>A vezet\u0151i \u00edr\u00f3asztalon a csatlakoz\u00f3k:<\/p>\n\n\n\n<ul class=\"wp-block-list\">\n<li><strong>ne ig\u00e9nyeljenek el\u0151rehajl\u00e1st<\/strong>,<\/li>\n\n\n\n<li><strong>ne legyenek szem el\u0151tt \u00fcl\u0151 helyzetben<\/strong>,<\/li>\n\n\n\n<li><strong>egyetlen mozdulattal el\u00e9rhet\u0151k legyenek<\/strong>.<\/li>\n<\/ul>\n\n\n\n<p>Ha a vezet\u0151nek keresg\u00e9lnie kell, lehajolni, vagy az asztalt ker\u00fclgetni egy t\u00f6lt\u00e9shez, akkor a technika m\u00e1r nem seg\u00edt \u2013 hanem zavar.<\/p>\n\n\n\n<p>A j\u00f3l elhelyezett rejtett dugalj <strong>nem l\u00e1tszik<\/strong>, de mindig k\u00e9zn\u00e9l van. Ez az egyik legfontosabb k\u00fcl\u00f6nbs\u00e9g az \u00e1tlagos \u00e9s a val\u00f3ban vezet\u0151i szint\u0171 \u00edr\u00f3asztalok k\u00f6z\u00f6tt.<\/p>\n\n\n\n<h3 class=\"wp-block-heading\"><strong>4. Milyen hib\u00e1k rontj\u00e1k el leggyakrabban a rejtett dugalj haszn\u00e1lhat\u00f3s\u00e1g\u00e1t?<\/strong><\/h3>\n\n\n\n<p>A rejtett dugalj \u00f6nmag\u00e1ban m\u00e9g nem jelent j\u00f3 megold\u00e1st. <strong>A legt\u00f6bb probl\u00e9ma nem a term\u00e9kkel, hanem a d\u00f6nt\u00e9ssel \u00e9s a kivitelez\u00e9ssel van.<\/strong> Ezek azok a hib\u00e1k, amelyek hossz\u00fa t\u00e1von kifejezetten bosszant\u00f3v\u00e1 teszik a haszn\u00e1latot.<\/p>\n\n\n\n<h4 class=\"wp-block-heading\"><strong>1. T\u00fal kev\u00e9s csatlakoz\u00e1si lehet\u0151s\u00e9g<\/strong><\/h4>\n\n\n\n<p>Gyakori hiba, hogy a dugalj:<\/p>\n\n\n\n<ul class=\"wp-block-list\">\n<li>csak 1 db 230 V-os aljzatot tartalmaz,<\/li>\n\n\n\n<li>nincs benne USB-C,<\/li>\n\n\n\n<li>nincs felk\u00e9sz\u00edtve p\u00e1rhuzamos haszn\u00e1latra.<\/li>\n<\/ul>\n\n\n\n<p>A vezet\u0151i irod\u00e1ban viszont jellemz\u0151en egyszerre van jelen:<\/p>\n\n\n\n<ul class=\"wp-block-list\">\n<li>laptop,<\/li>\n\n\n\n<li>monitor,<\/li>\n\n\n\n<li>telefon,<\/li>\n\n\n\n<li>headset vagy egy\u00e9b kieg\u00e9sz\u00edt\u0151.<\/li>\n<\/ul>\n\n\n\n<p>Ha ezekhez eloszt\u00f3t kell el\u0151venni, a rejtett dugalj <strong>elvesz\u00edti az \u00e9rtelm\u00e9t<\/strong>.<\/p>\n\n\n\n<h4 class=\"wp-block-heading\"><strong>2. Rossz fed\u00e9lmechanika<\/strong><\/h4>\n\n\n\n<p>Nem mindegy, hogyan ny\u00edlik \u00e9s z\u00e1r\u00f3dik a fed\u00e9l:<\/p>\n\n\n\n<ul class=\"wp-block-list\">\n<li>ne akadjon bele a k\u00e1bel,<\/li>\n\n\n\n<li>ne maradjon f\u00e9lig nyitva,<\/li>\n\n\n\n<li>ne legyen l\u00f6ty\u00f6g\u0151s vagy t\u00fal feszes.<\/li>\n<\/ul>\n\n\n\n<p>Olcs\u00f3bb megold\u00e1sokn\u00e1l gyakori, hogy a fed\u00e9l:<\/p>\n\n\n\n<ul class=\"wp-block-list\">\n<li>id\u0151vel megszorul,<\/li>\n\n\n\n<li>nem z\u00e1r vissza rendesen,<\/li>\n\n\n\n<li>z\u00f6rg\u0151 hangot ad haszn\u00e1lat k\u00f6zben.<\/li>\n<\/ul>\n\n\n\n<p>Ez egy vezet\u0151i k\u00f6rnyezetben <strong>kifejezetten zavar\u00f3<\/strong>.<\/p>\n\n\n\n<h4 class=\"wp-block-heading\"><strong>3. K\u00e1belek \u201eelt\u0171n\u00e9s\u00e9nek\u201d hi\u00e1nya<\/strong><\/h4>\n\n\n\n<p>Sok rejtett dugalj:<\/p>\n\n\n\n<ul class=\"wp-block-list\">\n<li>ugyan elrejti a csatlakoz\u00e1si pontot,<\/li>\n\n\n\n<li>de a k\u00e1belek az asztalon maradnak.<\/li>\n<\/ul>\n\n\n\n<p>Ha nincs:<\/p>\n\n\n\n<ul class=\"wp-block-list\">\n<li>als\u00f3 k\u00e1belkivezet\u00e9s,<\/li>\n\n\n\n<li>k\u00e1belcsatorna,<\/li>\n\n\n\n<li>vagy \u00f6sszek\u00f6t\u00e9s a l\u00e1bszerkezeten kereszt\u00fcl,<\/li>\n<\/ul>\n\n\n\n<p>akkor a megold\u00e1s csak <strong>f\u00e9lig rejtett<\/strong>, vizu\u00e1lisan rendezetlen marad.<\/p>\n\n\n\n<h4 class=\"wp-block-heading\"><strong>4. Nem az asztal funkci\u00f3j\u00e1hoz v\u00e1lasztott t\u00edpus<\/strong><\/h4>\n\n\n\n<p>M\u00e1s dugalj val\u00f3:<\/p>\n\n\n\n<ul class=\"wp-block-list\">\n<li>tiszt\u00e1n egy\u00e9ni munk\u00e1ra haszn\u00e1lt \u00edr\u00f3asztalhoz,<\/li>\n\n\n\n<li>\u00e9s m\u00e1s egy t\u00e1rgyal\u00e1sra is haszn\u00e1lt vezet\u0151i asztalhoz.<\/li>\n<\/ul>\n\n\n\n<p>Tipikus hiba, amikor:<\/p>\n\n\n\n<ul class=\"wp-block-list\">\n<li>t\u00e1rgyal\u00e1sra haszn\u00e1lt asztalba \u201eirodai\u201d dugalj ker\u00fcl,<\/li>\n\n\n\n<li>kev\u00e9s csatlakoz\u00f3val,<\/li>\n\n\n\n<li>rossz ir\u00e1ny\u00fa kivezet\u00e9ssel.<\/li>\n<\/ul>\n\n\n\n<p>Ilyenkor a technika <strong>nem t\u00e1mogatja a helyzetet<\/strong>, hanem alkalmazkodni kell hozz\u00e1.<\/p>\n\n\n\n<h4 class=\"wp-block-heading\"><strong>5. Ut\u00f3lagos \u201er\u00e1er\u0151szakol\u00e1s\u201d a b\u00fatorra<\/strong><\/h4>\n\n\n\n<p>A rejtett dugalj ide\u00e1lisan:<\/p>\n\n\n\n<ul class=\"wp-block-list\">\n<li><strong>a b\u00fator tervez\u00e9si f\u00e1zis\u00e1ban<\/strong> ker\u00fcl kiv\u00e1laszt\u00e1sra,<\/li>\n\n\n\n<li>\u00e9s nem ut\u00f3lag ker\u00fcl \u201ebelef\u00farva\u201d az asztallapba.<\/li>\n<\/ul>\n\n\n\n<p>Ut\u00f3lagos megold\u00e1sokn\u00e1l gyakori:<\/p>\n\n\n\n<ul class=\"wp-block-list\">\n<li>pontatlan mar\u00e1s,<\/li>\n\n\n\n<li>gyenge r\u00f6gz\u00edt\u00e9s,<\/li>\n\n\n\n<li>kompromisszumos elhelyez\u00e9s.<\/li>\n<\/ul>\n\n\n\n<p>Ez nemcsak eszt\u00e9tikai, hanem <strong>tart\u00f3ss\u00e1gi kock\u00e1zat<\/strong> is.<\/p>\n\n\n\n<p><strong>\u00d6sszefoglalva:<\/strong><\/p>\n\n\n\n<p>A rejtett dugalj akkor j\u00f3 d\u00f6nt\u00e9s, ha nem k\u00fcl\u00f6n elemk\u00e9nt, hanem <strong>a vezet\u0151i \u00edr\u00f3asztal funkcion\u00e1lis rendszer\u00e9nek r\u00e9szek\u00e9nt<\/strong> kezelj\u00fck. A rosszul megv\u00e1lasztott vagy rosszul be\u00e9p\u00edtett megold\u00e1s t\u00f6bb bossz\u00fas\u00e1got okoz, mint amennyi el\u0151nyt hoz.<\/p>\n\n\n\n<h3 class=\"wp-block-heading\"><strong>5. Milyen megold\u00e1sok m\u0171k\u00f6dnek val\u00f3ban j\u00f3l vezet\u0151i k\u00f6rnyezetben?<\/strong><\/h3>\n\n\n\n<p>A j\u00f3l m\u0171k\u00f6d\u0151 rejtett dugalj (k\u00e1bel\u00adelvezet\u00e9si pont) <strong>nem \u00f6n\u00e1ll\u00f3 elem<\/strong>, hanem egy \u00e1tgondolt rendszer r\u00e9sze. Az al\u00e1bbi megold\u00e1sok azok, amelyek vezet\u0151i irod\u00e1ban hossz\u00fa t\u00e1von is bev\u00e1lnak.<\/p>\n\n\n\n<h4 class=\"wp-block-heading\"><strong>1. Kombin\u00e1lt csatlakoz\u00f3k, nem \u201eegyfog\u00e1sos\u201d megold\u00e1s<\/strong><\/h4>\n\n\n\n<p>Olyan egys\u00e9get \u00e9rdemes v\u00e1lasztani, amely <strong>egy helyen<\/strong> adja:<\/p>\n\n\n\n<ul class=\"wp-block-list\">\n<li>1\u20132 \u00d7 230 V,<\/li>\n\n\n\n<li>USB-C (gyorst\u00f6lt\u00e9ssel),<\/li>\n\n\n\n<li>opcion\u00e1lisan USB-A vagy adatcsatlakoz\u00f3.<\/li>\n<\/ul>\n\n\n\n<p>\u00cdgy nincs sz\u00fcks\u00e9g eloszt\u00f3ra, \u00e9s a fel\u00fclet <strong>tiszta marad<\/strong>.<\/p>\n\n\n\n<h4 class=\"wp-block-heading\"><strong>2. Fedeles, k\u00e1bel\u00e1tvezet\u0151s kialak\u00edt\u00e1s<\/strong><\/h4>\n\n\n\n<p>A j\u00f3 fed\u00e9l:<\/p>\n\n\n\n<ul class=\"wp-block-list\">\n<li>z\u00e1rt \u00e1llapotban s\u00edkban van az asztallappal,<\/li>\n\n\n\n<li>nyitva engedi a k\u00e1beleket <strong>megt\u00f6r\u00e9s n\u00e9lk\u00fcl<\/strong>,<\/li>\n\n\n\n<li>haszn\u00e1lat k\u00f6zben sem \u201et\u00e1tong\u201d.<\/li>\n<\/ul>\n\n\n\n<p>Ez biztos\u00edtja, hogy a dugalj <strong>haszn\u00e1lat k\u00f6zben is rendezett<\/strong> maradjon.<\/p>\n\n\n\n<h4 class=\"wp-block-heading\"><strong>3. Als\u00f3 k\u00e1bel\u00fat biztos\u00edt\u00e1sa<\/strong><\/h4>\n\n\n\n<p>A dugalj akkor m\u0171k\u00f6dik igaz\u00e1n j\u00f3l, ha:<\/p>\n\n\n\n<ul class=\"wp-block-list\">\n<li>van <strong>als\u00f3 kivezet\u00e9s<\/strong>,<\/li>\n\n\n\n<li>a k\u00e1belek a l\u00e1bszerkezeten vagy oldalszekr\u00e9nyen kereszt\u00fcl futnak,<\/li>\n\n\n\n<li>nem l\u00f3gnak szabadon az asztal alatt sem.<\/li>\n<\/ul>\n\n\n\n<p>Ez eszt\u00e9tikailag \u00e9s ergon\u00f3miailag is nagy k\u00fcl\u00f6nbs\u00e9g.<\/p>\n\n\n\n<h4 class=\"wp-block-heading\"><strong>4. Funkci\u00f3hoz igaz\u00edtott elhelyez\u00e9s<\/strong><\/h4>\n\n\n\n<p>A dugalj helye <strong>nem univerz\u00e1lis<\/strong>:<\/p>\n\n\n\n<ul class=\"wp-block-list\">\n<li>egy\u00e9ni munk\u00e1hoz: oldalt, nem k\u00f6z\u00e9pen,<\/li>\n\n\n\n<li>t\u00e1rgyal\u00e1sra is haszn\u00e1lt asztaln\u00e1l: k\u00f6z\u00e9phez k\u00f6zelebb, t\u00f6bb csatlakoz\u00f3val,<\/li>\n\n\n\n<li>vide\u00f3meetinghez: kamer\u00e1val \u00e9s monitorral kompatibilis poz\u00edci\u00f3ban.<\/li>\n<\/ul>\n\n\n\n<p>A helyes elhelyez\u00e9s <strong>cs\u00f6kkenti a k\u00e1belkeresztez\u00e9st<\/strong> \u00e9s a zavar\u00f3 mozg\u00e1st.<\/p>\n\n\n\n<h4 class=\"wp-block-heading\"><strong>5. Tervez\u00e9sbe integr\u00e1lt megold\u00e1s<\/strong><\/h4>\n\n\n\n<p>A legjobb eredm\u00e9ny akkor sz\u00fcletik, ha a rejtett dugalj:<\/p>\n\n\n\n<ul class=\"wp-block-list\">\n<li>m\u00e1r a b\u00fator tervez\u00e9sekor kiv\u00e1laszt\u00e1sra ker\u00fcl,<\/li>\n\n\n\n<li>pontos mar\u00e1ssal \u00e9s r\u00f6gz\u00edt\u00e9ssel k\u00e9sz\u00fcl,<\/li>\n\n\n\n<li>a b\u00fator statik\u00e1j\u00e1t nem gyeng\u00edti.<\/li>\n<\/ul>\n\n\n\n<p>\u00cdgy nem kompromisszum, hanem <strong>\u00e9rt\u00e9kn\u00f6vel\u0151 funkci\u00f3<\/strong> lesz.<\/p>\n\n\n\n<p><strong>L\u00e9nyeg:<\/strong><\/p>\n\n\n\n<p>A vezet\u0151i \u00edr\u00f3asztaln\u00e1l a rejtett dugalj akkor j\u00f3, ha <strong>l\u00e1thatatlan marad, amikor nem kell<\/strong>, \u00e9s <strong>mag\u00e1t\u00f3l \u00e9rtet\u0151d\u0151en m\u0171k\u00f6dik, amikor igen<\/strong>. A technika ilyenkor nem szerepl\u0151, hanem h\u00e1tt\u00e9rt\u00e1mogat\u00e1s \u2013 pontosan \u00fagy, ahogy egy vezet\u0151i k\u00f6rnyezetben elv\u00e1rhat\u00f3.<\/p>\n\n\n\n<h3 class=\"wp-block-heading\"><strong>6. Tipikus hiba: t\u00fal sok vagy rosszul megv\u00e1lasztott rejtett dugalj<\/strong><\/h3>\n\n\n\n<p>Ez az a pont, ahol sok egy\u00e9bk\u00e9nt ig\u00e9nyes vezet\u0151i \u00edr\u00f3asztal <strong>elcs\u00faszik funkcion\u00e1lisan<\/strong>.<\/p>\n\n\n\n<h4 class=\"wp-block-heading\"><strong>A leggyakoribb hib\u00e1k:<\/strong><\/h4>\n\n\n\n<p><strong>1. \u201eMin\u00e9l t\u00f6bb, ann\u00e1l jobb\u201d gondolkod\u00e1s<\/strong><\/p>\n\n\n\n<p>\u2013 t\u00fal sok dugalj egy asztalon,<\/p>\n\n\n\n<p>\u2013 felesleges csatlakoz\u00f3k (HDMI, LAN, USB-A t\u00f6meg\u00e9vel),<\/p>\n\n\n\n<p>\u2013 a fel\u00fclet vizu\u00e1lisan sz\u00e9tesik.<\/p>\n\n\n\n<p>Vezet\u0151i k\u00f6rnyezetben a <strong>kevesebb, de c\u00e9lzott<\/strong> megold\u00e1s m\u0171k\u00f6dik j\u00f3l.<\/p>\n\n\n\n<p><strong>2. Rossz min\u0151s\u00e9g\u0171 fed\u00e9lmechanika<\/strong><\/p>\n\n\n\n<p>\u2013 l\u00f6ty\u00f6g\u0151, nehezen nyithat\u00f3 fed\u00e9l,<\/p>\n\n\n\n<p>\u2013 k\u00e1bel becs\u00edp\u0151dik,<\/p>\n\n\n\n<p>\u2013 p\u00e1r h\u00f3nap ut\u00e1n zajos, pontatlan m\u0171k\u00f6d\u00e9s.<\/p>\n\n\n\n<p>Ez gyorsan \u201eolcs\u00f3 \u00e9rzetet\u201d kelt, m\u00e9g akkor is, ha maga a b\u00fator pr\u00e9mium.<\/p>\n\n\n\n<p><strong>3. Ut\u00f3lagos be\u00e9p\u00edt\u00e9s tervez\u00e9s n\u00e9lk\u00fcl<\/strong><\/p>\n\n\n\n<p>\u2013 rossz helyre ker\u00fcl,<\/p>\n\n\n\n<p>\u2013 gyeng\u00edti az asztallapot,<\/p>\n\n\n\n<p>\u2013 a k\u00e1beleknek nincs hova tov\u00e1bbmenni\u00fck.<\/p>\n\n\n\n<p>A rejtett dugalj <strong>nem kieg\u00e9sz\u00edt\u0151<\/strong>, hanem szerkezeti elemk\u00e9nt kezelend\u0151.<\/p>\n\n\n\n<p><strong>4. Funkci\u00f3 \u00e9s haszn\u00e1lat nincs \u00f6sszehangolva<\/strong><\/p>\n\n\n\n<p>\u2013 a vezet\u0151 egyed\u00fcl dolgozik, m\u00e9gis t\u00e1rgyal\u00f3asztal-szint\u0171 csatlakoz\u00f3k vannak,<\/p>\n\n\n\n<p>\u2013 vide\u00f3meetinghez nincs megfelel\u0151 elhelyez\u00e9s,<\/p>\n\n\n\n<p>\u2013 t\u00f6lt\u00e9shez mindig \u00e1t kell ny\u00falni az asztalon.<\/p>\n\n\n\n<p>Ez napi szint\u0171 k\u00e9nyelmetlens\u00e9get okoz.<\/p>\n\n\n\n<blockquote class=\"wp-block-quote is-layout-flow wp-block-quote-is-layout-flow\">\n<p>Ha a csatlakoz\u00f3k kiv\u00e1laszt\u00e1s\u00e1t nem \u00f6n\u00e1ll\u00f3 technikai k\u00e9rd\u00e9sk\u00e9nt, hanem az eg\u00e9sz asztalhaszn\u00e1lat r\u00e9szek\u00e9nt szeretn\u00e9 \u00e1tgondolni, \u00e9rdemes a <strong>\u201e<\/strong><a href=\"https:\/\/www.bathori.hu\/blog\/vezetoi-iroasztal\" data-type=\"link\" data-id=\"https:\/\/www.bathori.hu\/blog\/vezetoi-iroasztal\">Vezet\u0151i \u00edr\u00f3asztal v\u00e1laszt\u00e1sa: m\u00e9retek, elrendez\u00e9s, szerep \u00e9s hossz\u00fa t\u00e1v\u00fa d\u00f6nt\u00e9si szempontok<\/a><strong>\u201d<\/strong> cikket is \u00e1ttekinteni, amely seg\u00edt a teljes d\u00f6nt\u00e9si folyamatot egy rendszerben l\u00e1tni.<\/p>\n<\/blockquote>\n\n\n\n<h3 class=\"wp-block-heading\"><strong>R\u00f6vid \u00f6sszegz\u00e9s<\/strong><\/h3>\n\n\n\n<p>A vezet\u0151i \u00edr\u00f3asztal k\u00e1belkezel\u00e9se \u2013 rejtett dugaljakkal \u00e9s \u00e1tgondolt elvezet\u00e9ssel \u2013 <strong>nem technikai k\u00e9rd\u00e9s<\/strong>, hanem haszn\u00e1lati d\u00f6nt\u00e9s.<\/p>\n\n\n\n<p>A j\u00f3l megv\u00e1lasztott megold\u00e1s:<\/p>\n\n\n\n<ul class=\"wp-block-list\">\n<li>rendet tart,<\/li>\n\n\n\n<li>t\u00e1mogatja a f\u00f3kuszt,<\/li>\n\n\n\n<li>l\u00e1thatatlan marad,<\/li>\n\n\n\n<li>\u00e9s hossz\u00fa t\u00e1von is probl\u00e9mamentes.<\/li>\n<\/ul>\n\n\n\n<p>A rossz d\u00f6nt\u00e9s viszont minden nap eml\u00e9keztet r\u00e1, hogy valami nincs a hely\u00e9n.<\/p>\n\n\n\n<p>\u00c9ppen ez\u00e9rt \u00e9rdemes a rejtett dugaljat <strong>nem kieg\u00e9sz\u00edt\u0151k\u00e9nt<\/strong>, hanem a vezet\u0151i \u00edr\u00f3asztal szerves r\u00e9szek\u00e9nt kezelni.<\/p>\n","protected":false},"excerpt":{"rendered":"<p>A vezet\u0151i \u00edr\u00f3asztal csatlakoz\u00f3k ma m\u00e1r messze nem technikai r\u00e9szletk\u00e9rd\u00e9st jelentenek, hanem a mindennapi vezet\u0151i munka egyik alapfelt\u00e9tel\u00e9t. Egy rosszul \u00e1tgondolt csatlakoz\u00f3kioszt\u00e1s nemcsak eszt\u00e9tikai probl\u00e9m\u00e1t okoz, hanem k\u00f6zvetlen\u00fcl rontja a munkafolyamatok hat\u00e9konys\u00e1g\u00e1t, a t\u00e1rgyal\u00e1sok menet\u00e9t \u00e9s az iroda \u00f6sszk\u00e9p\u00e9t is. A gyakorlatban a legt\u00f6bb vezet\u0151 akkor szembes\u00fcl ezzel, amikor: A cikkben a vezet\u0151i \u00edr\u00f3asztal csatlakoz\u00f3k &#8230; <a title=\"Milyen csatlakoz\u00f3kra van val\u00f3ban sz\u00fcks\u00e9g egy vezet\u0151i asztalon?\" class=\"read-more\" href=\"https:\/\/www.bathori.hu\/blog\/vezetoi-iroasztal-csatlakozok\/\" aria-label=\"Read more about Milyen csatlakoz\u00f3kra van val\u00f3ban sz\u00fcks\u00e9g egy vezet\u0151i asztalon?\">Olvass tov\u00e1bb<\/a><\/p>\n","protected":false},"author":1,"featured_media":1136,"comment_status":"closed","ping_status":"closed","sticky":false,"template":"","format":"standard","meta":{"footnotes":""},"categories":[25],"tags":[],"class_list":["post-1130","post","type-post","status-publish","format-standard","has-post-thumbnail","hentry","category-vezetoi-iroasztal"],"_links":{"self":[{"href":"https:\/\/www.bathori.hu\/blog\/wp-json\/wp\/v2\/posts\/1130","targetHints":{"allow":["GET"]}}],"collection":[{"href":"https:\/\/www.bathori.hu\/blog\/wp-json\/wp\/v2\/posts"}],"about":[{"href":"https:\/\/www.bathori.hu\/blog\/wp-json\/wp\/v2\/types\/post"}],"author":[{"embeddable":true,"href":"https:\/\/www.bathori.hu\/blog\/wp-json\/wp\/v2\/users\/1"}],"replies":[{"embeddable":true,"href":"https:\/\/www.bathori.hu\/blog\/wp-json\/wp\/v2\/comments?post=1130"}],"version-history":[{"count":3,"href":"https:\/\/www.bathori.hu\/blog\/wp-json\/wp\/v2\/posts\/1130\/revisions"}],"predecessor-version":[{"id":1133,"href":"https:\/\/www.bathori.hu\/blog\/wp-json\/wp\/v2\/posts\/1130\/revisions\/1133"}],"wp:featuredmedia":[{"embeddable":true,"href":"https:\/\/www.bathori.hu\/blog\/wp-json\/wp\/v2\/media\/1136"}],"wp:attachment":[{"href":"https:\/\/www.bathori.hu\/blog\/wp-json\/wp\/v2\/media?parent=1130"}],"wp:term":[{"taxonomy":"category","embeddable":true,"href":"https:\/\/www.bathori.hu\/blog\/wp-json\/wp\/v2\/categories?post=1130"},{"taxonomy":"post_tag","embeddable":true,"href":"https:\/\/www.bathori.hu\/blog\/wp-json\/wp\/v2\/tags?post=1130"}],"curies":[{"name":"wp","href":"https:\/\/api.w.org\/{rel}","templated":true}]}}