{"id":1122,"date":"2026-01-18T10:00:00","date_gmt":"2026-01-18T08:00:00","guid":{"rendered":"https:\/\/www.bathori.hu\/blog\/?p=1122"},"modified":"2026-01-08T07:07:09","modified_gmt":"2026-01-08T05:07:09","slug":"vezetoi-iroasztal-kabelelvezetese","status":"publish","type":"post","link":"https:\/\/www.bathori.hu\/blog\/vezetoi-iroasztal-kabelelvezetese\/","title":{"rendered":"K\u00e1belelvezet\u00e9s vezet\u0151i \u00edr\u00f3asztaln\u00e1l &#8211; tipikus hib\u00e1k \u00e9s megold\u00e1sok"},"content":{"rendered":"\n<p>A <strong>vezet\u0151i \u00edr\u00f3asztal k\u00e1belelvezet\u00e9se<\/strong> els\u0151re technikai r\u00e9szletk\u00e9rd\u00e9snek t\u0171nhet, a gyakorlatban azonban az egyik leggyakoribb oka annak, hogy egy vezet\u0151i iroda rendezetlennek, ideiglenesnek vagy \u201e\u00f6sszerakottnak\u201d hat. Hi\u00e1ba pr\u00e9mium az \u00edr\u00f3asztal, ig\u00e9nyes a t\u00e9r \u00e9s er\u0151s a vizu\u00e1lis koncepci\u00f3, ha a k\u00e1belek l\u00e1that\u00f3ak, kusz\u00e1k vagy ut\u00f3lag ker\u00fclnek elvezet\u00e9sre, az azonnal rontja az \u00f6sszk\u00e9pet \u2014 \u00e9s a mindennapi haszn\u00e1lhat\u00f3s\u00e1got is.<\/p>\n\n\n\n<p>A vezet\u0151i iroda nem puszt\u00e1n munkater\u00fclet, hanem d\u00f6nt\u00e9si \u00e9s t\u00e1rgyal\u00e1si t\u00e9r is. Ebben a k\u00f6rnyezetben a k\u00e1belelvezet\u00e9s nem eszt\u00e9tikai finoms\u00e1g, hanem <strong>funkcion\u00e1lis \u00e9s szervezeti k\u00e9rd\u00e9s<\/strong>: befoly\u00e1solja a f\u00f3kuszt, a mozg\u00e1steret, a technika haszn\u00e1lhat\u00f3s\u00e1g\u00e1t, s\u0151t azt is, milyen benyom\u00e1st kelt a t\u00e9r a partnerekben \u00e9s a munkat\u00e1rsakban.<\/p>\n\n\n\n<p>A probl\u00e9m\u00e1k t\u00f6bbs\u00e9ge nem abb\u00f3l ad\u00f3dik, hogy \u201erossz\u201d megold\u00e1sok l\u00e9teznek, hanem abb\u00f3l, hogy a k\u00e1belelvezet\u00e9st sokszor <strong>ut\u00f3lag<\/strong>, nem pedig a vezet\u0151i \u00edr\u00f3asztal tervez\u00e9s\u00e9nek r\u00e9szek\u00e9nt kezelik. Ilyenkor j\u00f6nnek a l\u00e1that\u00f3 hosszabb\u00edt\u00f3k, az asztal m\u00f6g\u00f6tt l\u00f3g\u00f3 k\u00e1belek, a nehezen hozz\u00e1f\u00e9rhet\u0151 csatlakoz\u00f3k \u00e9s a kompromisszumos megold\u00e1sok.<\/p>\n\n\n\n<p>Ebben a cikkben v\u00e9gigvessz\u00fck:<\/p>\n\n\n\n<ul class=\"wp-block-list\">\n<li>melyek a <strong>leggyakoribb hib\u00e1k<\/strong> a vezet\u0151i \u00edr\u00f3asztal k\u00e1belelvezet\u00e9s\u00e9n\u00e9l,<\/li>\n\n\n\n<li>milyen <strong>megold\u00e1sok m\u0171k\u00f6dnek hossz\u00fa t\u00e1von<\/strong>,<\/li>\n\n\n\n<li>\u00e9s mire \u00e9rdemes figyelni m\u00e1r a tervez\u00e9si f\u00e1zisban, hogy a technika val\u00f3ban l\u00e1thatatlanul szolg\u00e1lja a munk\u00e1t.<\/li>\n<\/ul>\n\n\n\n<p>A c\u00e9l nem az, hogy a k\u00e1beleket \u201eelt\u00fcntess\u00fck\u201d, hanem az, hogy a vezet\u0151i \u00edr\u00f3asztal <strong>rendezett, \u00e1tl\u00e1that\u00f3 \u00e9s j\u00f6v\u0151\u00e1ll\u00f3<\/strong> maradjon \u2014 akkor is, amikor t\u00f6bb eszk\u00f6z, kijelz\u0151 \u00e9s csatlakoz\u00e1s jelenik meg a mindennapi haszn\u00e1latban.<\/p>\n\n\n\n<blockquote class=\"wp-block-quote is-layout-flow wp-block-quote-is-layout-flow\">\n<p>A k\u00e1belelvezet\u00e9s k\u00e9rd\u00e9se ritk\u00e1n \u00f6n\u00e1ll\u00f3 d\u00f6nt\u00e9s: szorosan kapcsol\u00f3dik az \u00edr\u00f3asztal m\u00e9ret\u00e9hez, elrendez\u00e9s\u00e9hez \u00e9s ahhoz a vezet\u0151i szerephez is, amelyet az iroda bet\u00f6lt. Ezeket az \u00f6sszef\u00fcgg\u00e9seket r\u00e9szletesen a <strong>\u201e<\/strong><a href=\"https:\/\/www.bathori.hu\/blog\/vezetoi-iroasztal\" data-type=\"link\" data-id=\"https:\/\/www.bathori.hu\/blog\/vezetoi-iroasztal\">Vezet\u0151i \u00edr\u00f3asztal v\u00e1laszt\u00e1sa: m\u00e9retek, elrendez\u00e9s, szerep \u00e9s hossz\u00fa t\u00e1v\u00fa d\u00f6nt\u00e9si szempontok<\/a><strong>\u201d<\/strong> c\u00edm\u0171 cikkben foglaltuk \u00f6ssze.<\/p>\n<\/blockquote>\n\n\n\n<h2 class=\"wp-block-heading\"><strong>1. Tipikus hiba: a k\u00e1belelvezet\u00e9s ut\u00f3lagos kezel\u00e9se<\/strong><\/h2>\n\n\n\n<p>A vezet\u0151i \u00edr\u00f3asztalok k\u00e1belelvezet\u00e9si probl\u00e9m\u00e1inak t\u00falnyom\u00f3 t\u00f6bbs\u00e9ge nem a rossz sz\u00e1nd\u00e9kb\u00f3l, hanem az <strong>ut\u00f3lagos gondolkod\u00e1sb\u00f3l<\/strong> fakad. A b\u00fator elk\u00e9sz\u00fcl, az iroda berendez\u00e9sre ker\u00fcl, majd csak ezut\u00e1n der\u00fcl ki, hogy a mindennapi haszn\u00e1lathoz t\u00f6bb eszk\u00f6z, t\u00f6lt\u0151, monitor \u00e9s csatlakoz\u00e1s sz\u00fcks\u00e9ges, mint amennyivel eredetileg sz\u00e1moltak.<\/p>\n\n\n\n<p>Ilyenkor a k\u00e1belelvezet\u00e9s m\u00e1r nem tervez\u00e9si k\u00e9rd\u00e9s, hanem \u201et\u0171zolt\u00e1s\u201d.<\/p>\n\n\n\n<h3 class=\"wp-block-heading\"><strong>A leggyakoribb ut\u00f3lagos megold\u00e1sok:<\/strong><\/h3>\n\n\n\n<ul class=\"wp-block-list\">\n<li>az asztal m\u00f6g\u00f6tt levezetett hosszabb\u00edt\u00f3k,<\/li>\n\n\n\n<li>az asztallapon \u00e1tbuk\u00f3 t\u00f6lt\u0151k\u00e1belek,<\/li>\n\n\n\n<li>k\u00fcl\u00f6n\u00e1ll\u00f3 eloszt\u00f3k az asztal alatt,<\/li>\n\n\n\n<li>ideiglenes k\u00e1belcsatorn\u00e1k, amelyek nem illeszkednek a b\u00fatorhoz.<\/li>\n<\/ul>\n\n\n\n<p>Ezek \u00f6nmagukban m\u0171k\u00f6d\u0151k\u00e9pesek lehetnek, de <strong>vezet\u0151i k\u00f6rnyezetben gyorsan kompromisszumm\u00e1 v\u00e1lnak<\/strong>.<\/p>\n\n\n\n<h3 class=\"wp-block-heading\"><strong>Mi\u00e9rt probl\u00e9m\u00e1s az ut\u00f3lagos k\u00e1belelvezet\u00e9s?<\/strong><\/h3>\n\n\n\n<ul class=\"wp-block-list\">\n<li><strong>Vizualisan rontja a teret<\/strong>: a k\u00e1belek azonnal \u201eirodai munka\u00e1llom\u00e1s\u201d \u00e9rzetet keltenek, nem vezet\u0151i k\u00f6rnyezetet.<\/li>\n\n\n\n<li><strong>Nehez\u00edti a takar\u00edt\u00e1st \u00e9s a rendfenntart\u00e1st<\/strong>: porosod\u00e1s, kusza k\u00e1belk\u00f6tegek, nehezen hozz\u00e1f\u00e9rhet\u0151 pontok.<\/li>\n\n\n\n<li><strong>Korl\u00e1tozza a mozg\u00e1st<\/strong>: a vezet\u0151i sz\u00e9k m\u00f6g\u00f6tt vagy az asztal alatt fut\u00f3 k\u00e1belek zavarhatj\u00e1k a l\u00e1bteret.<\/li>\n\n\n\n<li><strong>K\u00e9s\u0151bb nehezen b\u0151v\u00edthet\u0151<\/strong>: \u00faj monitor, dokkol\u00f3 vagy eszk\u00f6z eset\u00e9n minden \u00fajra \u201e\u00e1t van dr\u00f3tozva\u201d.<\/li>\n<\/ul>\n\n\n\n<h3 class=\"wp-block-heading\"><strong>Tipikus helyzet vezet\u0151i irod\u00e1kban<\/strong><\/h3>\n\n\n\n<p>A vezet\u0151 kezdetben egy laptopot \u00e9s egy monitort haszn\u00e1l. F\u00e9l \u00e9v m\u00falva megjelenik egy m\u00e1sodik kijelz\u0151, majd egy dokkol\u00f3, egy konferenciakamera, esetleg egy asztali t\u00f6lt\u0151\u00e1llom\u00e1s. A k\u00e1belelvezet\u00e9s viszont tov\u00e1bbra is az eredeti, minim\u00e1lis ig\u00e9nyekre van szabva.<\/p>\n\n\n\n<p>\u27a1\ufe0f Ilyenkor nem a technika lett \u201et\u00fal sok\u201d, hanem a k\u00e1belelvezet\u00e9s <strong>nem volt el\u0151re megtervezve<\/strong>.<\/p>\n\n\n\n<h3 class=\"wp-block-heading\"><strong>Mit jelent ez d\u00f6nt\u00e9si szinten?<\/strong><\/h3>\n\n\n\n<p>A vezet\u0151i \u00edr\u00f3asztal k\u00e1belelvezet\u00e9se akkor m\u0171k\u00f6dik j\u00f3l, ha:<\/p>\n\n\n\n<ul class=\"wp-block-list\">\n<li><strong>nem reag\u00e1l<\/strong>, hanem <strong>megel\u0151z<\/strong>,<\/li>\n\n\n\n<li>nem egy konkr\u00e9t eszk\u00f6zre van optimaliz\u00e1lva, hanem egy <strong>v\u00e1ltoz\u00f3 technikai k\u00f6rnyezetre<\/strong>,<\/li>\n\n\n\n<li>\u00e9s m\u00e1r a b\u00fator kialak\u00edt\u00e1sakor figyelembe veszi a k\u00e9s\u0151bbi b\u0151v\u00fcl\u00e9st.<\/li>\n<\/ul>\n\n\n\n<p>A k\u00f6vetkez\u0151 szakaszban megn\u00e9zz\u00fck, milyen konkr\u00e9t hib\u00e1k jelennek meg akkor, amikor a k\u00e1belelvezet\u00e9s kiz\u00e1r\u00f3lag eszt\u00e9tikai k\u00e9rd\u00e9sk\u00e9nt van kezelve, \u00e9s nem funkcion\u00e1lis rendszerk\u00e9nt.<\/p>\n\n\n\n<h2 class=\"wp-block-heading\"><strong>2. Eszt\u00e9tikai k\u00e1belcsatorna \u2260 val\u00f3di vezet\u0151i k\u00e1belelvezet\u00e9s<\/strong><\/h2>\n\n\n\n<p>Gyakori t\u00e9ved\u00e9s, hogy a vezet\u0151i \u00edr\u00f3asztal k\u00e1belelvezet\u00e9se puszt\u00e1n <strong>eszt\u00e9tikai k\u00e9rd\u00e9s<\/strong>. Ilyenkor a c\u00e9l kiz\u00e1r\u00f3lag az, hogy a k\u00e1belek \u201ene l\u00e1tsz\u00f3djanak\u201d, \u00e9s a megold\u00e1s ennyiben ki is mer\u00fcl.<\/p>\n\n\n\n<p>Ez azonban csak a probl\u00e9ma felsz\u00edne.<\/p>\n\n\n\n<h3 class=\"wp-block-heading\"><strong>Mit jelent az \u201eeszt\u00e9tikai megold\u00e1s\u201d a gyakorlatban?<\/strong><\/h3>\n\n\n\n<ul class=\"wp-block-list\">\n<li>ut\u00f3lag felszerelt m\u0171anyag vagy f\u00e9m k\u00e1belcsatorna az asztal alatt,<\/li>\n\n\n\n<li>az asztallap alj\u00e1ra csavarozott k\u00e1belr\u00f6gz\u00edt\u0151k,<\/li>\n\n\n\n<li>a l\u00e1bszerkezet m\u00f6g\u00e9 rejtett k\u00e1belk\u00f6tegek,<\/li>\n\n\n\n<li>dekorat\u00edv, de fix ny\u00edl\u00e1sok az asztallapon.<\/li>\n<\/ul>\n\n\n\n<p>Ezek <strong>\u00f6nmagukban nem rosszak<\/strong>, de vezet\u0151i k\u00f6rnyezetben csak akkor m\u0171k\u00f6dnek, ha egy <strong>komplex rendszer r\u00e9szei<\/strong>.<\/p>\n\n\n\n<h3 class=\"wp-block-heading\"><strong>Hol cs\u00faszik el a gondolkod\u00e1s?<\/strong><\/h3>\n\n\n\n<p>Az eszt\u00e9tikai megk\u00f6zel\u00edt\u00e9s \u00e1ltal\u00e1ban:<\/p>\n\n\n\n<ul class=\"wp-block-list\">\n<li>egy adott eszk\u00f6zk\u00e9szletre optimaliz\u00e1l,<\/li>\n\n\n\n<li>nem sz\u00e1mol b\u0151v\u00fcl\u00e9ssel,<\/li>\n\n\n\n<li>nem kezeli k\u00fcl\u00f6n az adat-, t\u00f6lt\u0151- \u00e9s h\u00e1l\u00f3zati k\u00e1beleket,<\/li>\n\n\n\n<li>\u00e9s nem veszi figyelembe a napi haszn\u00e1lat dinamik\u00e1j\u00e1t.<\/li>\n<\/ul>\n\n\n\n<p>\u27a1\ufe0f Az eredm\u00e9ny: sz\u00e9p, de <strong>merev<\/strong> megold\u00e1s.<\/p>\n\n\n\n<h3 class=\"wp-block-heading\"><strong>Mi a k\u00fcl\u00f6nbs\u00e9g a val\u00f3di vezet\u0151i k\u00e1belelvezet\u00e9sn\u00e9l?<\/strong><\/h3>\n\n\n\n<p>A j\u00f3l megtervezett vezet\u0151i \u00edr\u00f3asztal k\u00e1belelvezet\u00e9se:<\/p>\n\n\n\n<ul class=\"wp-block-list\">\n<li><strong>rendszerben gondolkodik<\/strong>, nem egyedi k\u00e1belekben,<\/li>\n\n\n\n<li>elk\u00fcl\u00f6n\u00edti a funkci\u00f3kat (\u00e1ram, adat, AV),<\/li>\n\n\n\n<li>hozz\u00e1f\u00e9rhet\u0151 marad karbantart\u00e1skor,<\/li>\n\n\n\n<li>\u00e9s lehet\u0151s\u00e9get ad az \u00e1trendez\u00e9sre an\u00e9lk\u00fcl, hogy az eg\u00e9sz asztalt bontani kellene.<\/li>\n<\/ul>\n\n\n\n<p>Ez m\u00e1r nem \u201eelrejt\u00e9s\u201d, hanem <strong>infrastrukt\u00fara<\/strong>.<\/p>\n\n\n\n<h3 class=\"wp-block-heading\"><strong>Konkr\u00e9t k\u00fcl\u00f6nbs\u00e9gek egy t\u00e1bl\u00e1zatban (gondolkod\u00e1si szinten)<\/strong><\/h3>\n\n\n\n<p><strong>Eszt\u00e9tikai k\u00e1belcsatorna<\/strong><\/p>\n\n\n\n<ul class=\"wp-block-list\">\n<li>c\u00e9l: ne l\u00e1tsz\u00f3djon<\/li>\n\n\n\n<li>fix kialak\u00edt\u00e1s<\/li>\n\n\n\n<li>ut\u00f3lagos megold\u00e1s<\/li>\n\n\n\n<li>eszk\u00f6zspecifikus<\/li>\n<\/ul>\n\n\n\n<p><strong>Vezet\u0151i k\u00e1belelvezet\u00e9si rendszer<\/strong><\/p>\n\n\n\n<ul class=\"wp-block-list\">\n<li>c\u00e9l: rendezetts\u00e9g + b\u0151v\u00edthet\u0151s\u00e9g<\/li>\n\n\n\n<li>modul\u00e1ris<\/li>\n\n\n\n<li>tervez\u00e9skor be\u00e9p\u00edtett<\/li>\n\n\n\n<li>szerepk\u00f6r- \u00e9s haszn\u00e1latf\u00fcgg\u0151<\/li>\n<\/ul>\n\n\n\n<h3 class=\"wp-block-heading\"><strong>Mi\u00e9rt k\u00fcl\u00f6n\u00f6sen fontos ez vezet\u0151kn\u00e9l?<\/strong><\/h3>\n\n\n\n<p>A vezet\u0151i \u00edr\u00f3asztal nem statikus munka\u00e1llom\u00e1s. A haszn\u00e1lata v\u00e1ltozik:<\/p>\n\n\n\n<ul class=\"wp-block-list\">\n<li>m\u00e1s eszk\u00f6z\u00f6k ker\u00fclnek el\u0151 t\u00e1rgyal\u00e1skor,<\/li>\n\n\n\n<li>ideiglenes csatlakoz\u00e1sok jelennek meg,<\/li>\n\n\n\n<li>prezent\u00e1ci\u00f3k, vide\u00f3meetingek futnak p\u00e1rhuzamosan.<\/li>\n<\/ul>\n\n\n\n<p>Ha a k\u00e1belelvezet\u00e9s nem erre van felk\u00e9sz\u00edtve, akkor:<\/p>\n\n\n\n<ul class=\"wp-block-list\">\n<li>ideiglenes megold\u00e1sok jelennek meg,<\/li>\n\n\n\n<li>n\u0151 a vizu\u00e1lis zaj,<\/li>\n\n\n\n<li>cs\u00f6kken a t\u00e9r kontroll\u00e1lts\u00e1ga.<\/li>\n<\/ul>\n\n\n\n<p>A k\u00f6vetkez\u0151 szakaszban azt n\u00e9zz\u00fck meg, <strong>hol \u00e9s hogyan \u00e9rdemes fizikailag kivezetni a k\u00e1beleket<\/strong> egy vezet\u0151i \u00edr\u00f3asztalon ahhoz, hogy mindez hossz\u00fa t\u00e1von is m\u0171k\u00f6dj\u00f6n.<\/p>\n\n\n\n<h2 class=\"wp-block-heading\"><strong>3. Hol \u00e9s hogyan vezess\u00fck ki a k\u00e1beleket egy vezet\u0151i \u00edr\u00f3asztalon?<\/strong><\/h2>\n\n\n\n<p>A vezet\u0151i \u00edr\u00f3asztal k\u00e1belelvezet\u00e9se akkor m\u0171k\u00f6dik j\u00f3l, ha <strong>a kivezet\u00e9si pontok elhelyez\u00e9se tudatos<\/strong>, nem pedig k\u00e9nyszermegold\u00e1s. A \u201ehova f\u00farjunk egy lyukat\u201d t\u00edpus\u00fa gondolkod\u00e1s helyett azt kell meg\u00e9rteni, <strong>hogyan haszn\u00e1lja a vezet\u0151 az asztalt a mindennapokban<\/strong>.<\/p>\n\n\n\n<h3 class=\"wp-block-heading\"><strong>Az els\u0151 alapelv: a k\u00e1belek ne keresztezz\u00e9k a munkateret<\/strong><\/h3>\n\n\n\n<p>Vezet\u0151i k\u00f6rnyezetben a k\u00e1bel:<\/p>\n\n\n\n<ul class=\"wp-block-list\">\n<li>ne fusson \u00e1t az asztallapon,<\/li>\n\n\n\n<li>ne legyen a k\u00f6ny\u00f6kt\u00e9rben,<\/li>\n\n\n\n<li>ne keresztezze a t\u00e1rgyal\u00e1si z\u00f3n\u00e1t.<\/li>\n<\/ul>\n\n\n\n<p>Ez\u00e9rt a kivezet\u00e9si pont <strong>soha nem k\u00f6z\u00e9pen ide\u00e1lis<\/strong>, m\u00e9g akkor sem, ha ott \u201ek\u00e9nyelmesnek t\u0171nik\u201d.<\/p>\n\n\n\n<h3 class=\"wp-block-heading\"><strong>Leggyakoribb \u00e9s j\u00f3l m\u0171k\u00f6d\u0151 kivezet\u00e9si megold\u00e1sok<\/strong><\/h3>\n\n\n\n<h4 class=\"wp-block-heading\"><strong>1. H\u00e1ts\u00f3 \u00e9l menti k\u00e1belkivezet\u00e9s<\/strong><\/h4>\n\n\n\n<p>Ez a legbiztons\u00e1gosabb \u00e9s leguniverz\u00e1lisabb megold\u00e1s.<\/p>\n\n\n\n<p>El\u0151nyei:<\/p>\n\n\n\n<ul class=\"wp-block-list\">\n<li>a k\u00e1belek term\u00e9szetesen h\u00e1trafel\u00e9 futnak,<\/li>\n\n\n\n<li>nem l\u00e1tszanak bel\u00e9p\u00e9skor,<\/li>\n\n\n\n<li>k\u00f6nnyen csatlakoztathat\u00f3 monitorhoz, dokkol\u00f3hoz.<\/li>\n<\/ul>\n\n\n\n<p>Mikor ide\u00e1lis?<\/p>\n\n\n\n<ul class=\"wp-block-list\">\n<li>ha a vezet\u0151 f\u0151leg az asztal m\u00f6g\u00f6tt dolgozik,<\/li>\n\n\n\n<li>ha fix monitoros munkav\u00e9gz\u00e9s t\u00f6rt\u00e9nik,<\/li>\n\n\n\n<li>ha az asztal nem k\u00f6z\u00e9pre van \u201esz\u00ednpadiasan\u201d elhelyezve.<\/li>\n<\/ul>\n\n\n\n<h4 class=\"wp-block-heading\"><strong>2. Oldals\u00f3 kivezet\u00e9s (szekr\u00e9ny vagy kont\u00e9ner ir\u00e1ny\u00e1ba)<\/strong><\/h4>\n\n\n\n<p>Ez tipikusan <strong>vezet\u0151i \u00edr\u00f3asztalokn\u00e1l el\u0151ny\u00f6s<\/strong>, ahol az asztal egyik oldala t\u00e1rol\u00f3hoz csatlakozik.<\/p>\n\n\n\n<p>El\u0151nyei:<\/p>\n\n\n\n<ul class=\"wp-block-list\">\n<li>a k\u00e1belek teljesen elt\u0171nhetnek a szekr\u00e9nyben,<\/li>\n\n\n\n<li>technikai eszk\u00f6z\u00f6k (router, eloszt\u00f3, NAS) elrejthet\u0151k,<\/li>\n\n\n\n<li>nagyon tiszta vizu\u00e1lis \u00f6sszk\u00e9pet ad.<\/li>\n<\/ul>\n\n\n\n<p>Fontos felt\u00e9tel:<\/p>\n\n\n\n<ul class=\"wp-block-list\">\n<li>a szekr\u00e9nynek terhelhet\u0151nek \u00e9s stabilnak kell lennie,<\/li>\n\n\n\n<li>a k\u00e1beleknek legyen k\u00fcl\u00f6n \u201e\u00fatvonala\u201d, ne a t\u00e1rol\u00f3t\u00e9rben l\u00f3gjanak szabadon.<\/li>\n<\/ul>\n\n\n\n<h4 class=\"wp-block-heading\"><strong>3. Rejtett, s\u00fcllyesztett asztallapi kivezet\u00e9sek<\/strong><\/h4>\n\n\n\n<p>Ez a megold\u00e1s <strong>csak akkor j\u00f3<\/strong>, ha eleve \u00edgy tervezt\u00e9k az asztalt.<\/p>\n\n\n\n<p>El\u0151nyei:<\/p>\n\n\n\n<ul class=\"wp-block-list\">\n<li>letisztult megjelen\u00e9s,<\/li>\n\n\n\n<li>az asztallap s\u00edkja megmarad.<\/li>\n<\/ul>\n\n\n\n<p>Korl\u00e1tai:<\/p>\n\n\n\n<ul class=\"wp-block-list\">\n<li>fix poz\u00edci\u00f3 (k\u00e9s\u0151bb nehezen m\u00f3dos\u00edthat\u00f3),<\/li>\n\n\n\n<li>rossz helyen elhelyezve zavarhatja a t\u00e1rgyal\u00e1st,<\/li>\n\n\n\n<li>ut\u00f3lagos f\u00far\u00e1s vezet\u0151i asztaln\u00e1l kifejezetten ker\u00fclend\u0151.<\/li>\n<\/ul>\n\n\n\n<h3 class=\"wp-block-heading\"><strong>M\u00e1sodik alapelv: lefel\u00e9 is kell gondolkodni<\/strong><\/h3>\n\n\n\n<p>Sok k\u00e1belelvezet\u00e9si terv ott bukik el, hogy:<\/p>\n\n\n\n<ul class=\"wp-block-list\">\n<li>van kivezet\u00e9s az asztallapon,<\/li>\n\n\n\n<li>de nincs <strong>kontroll\u00e1lt \u00fat<\/strong> a padl\u00f3 fel\u00e9.<\/li>\n<\/ul>\n\n\n\n<p>Vezet\u0151i \u00edr\u00f3asztaln\u00e1l elengedhetetlen:<\/p>\n\n\n\n<ul class=\"wp-block-list\">\n<li>rejtett k\u00e1belcsatorna a l\u00e1bszerkezetben vagy mellette,<\/li>\n\n\n\n<li>padl\u00f3csatlakoz\u00e1s el\u0151k\u00e9sz\u00edt\u00e9se,<\/li>\n\n\n\n<li>vagy fix csatlakoz\u00e1s szekr\u00e9nybe vezetve.<\/li>\n<\/ul>\n\n\n\n<p>Ha a k\u00e1bel \u201ele\u00e9r\u201d, de nincs hova mennie, az eg\u00e9sz rendszer sz\u00e9tesik.<\/p>\n\n\n\n<h3 class=\"wp-block-heading\"><strong>Harmadik alapelv: a j\u00f6v\u0151re is hagyni kell helyet<\/strong><\/h3>\n\n\n\n<p>Egy j\u00f3 vezet\u0151i k\u00e1belelvezet\u00e9s:<\/p>\n\n\n\n<ul class=\"wp-block-list\">\n<li>nem csak a mostani eszk\u00f6z\u00f6kre van m\u00e9retezve,<\/li>\n\n\n\n<li>sz\u00e1mol plusz 2\u20133 k\u00e1bellel,<\/li>\n\n\n\n<li>hagy mozg\u00e1steret b\u0151v\u00edt\u00e9sre.<\/li>\n<\/ul>\n\n\n\n<p>Ez k\u00fcl\u00f6n\u00f6sen fontos:<\/p>\n\n\n\n<ul class=\"wp-block-list\">\n<li>t\u00f6bbmonitoros munk\u00e1n\u00e1l,<\/li>\n\n\n\n<li>vide\u00f3meeting-rendszern\u00e9l,<\/li>\n\n\n\n<li>prezent\u00e1ci\u00f3s eszk\u00f6z\u00f6kn\u00e9l.<\/li>\n<\/ul>\n\n\n\n<p>A k\u00f6vetkez\u0151 szakaszban azt n\u00e9zz\u00fck meg, <strong>melyek a leggyakoribb vezet\u0151i k\u00e1belelvezet\u00e9si hib\u00e1k<\/strong>, amelyek m\u00e9g pr\u00e9mium b\u00fatorokn\u00e1l is rendszeresen el\u0151fordulnak.<\/p>\n\n\n\n<h2 class=\"wp-block-heading\"><strong>4. Tipikus vezet\u0151i k\u00e1belelvezet\u00e9si hib\u00e1k, amelyek hossz\u00fa t\u00e1von bosszant\u00f3v\u00e1 v\u00e1lnak<\/strong><\/h2>\n\n\n\n<p>A vezet\u0151i \u00edr\u00f3asztal k\u00e1belelvezet\u00e9se sokszor <strong>nem azonnal<\/strong>, hanem h\u00f3napokkal k\u00e9s\u0151bb v\u00e1lik probl\u00e9m\u00e1v\u00e1. Ami az els\u0151 napokban \u201eelmegy\u201d, az k\u00e9s\u0151bb folyamatos irrit\u00e1ci\u00f3t, rendetlens\u00e9get vagy funkcion\u00e1lis akad\u00e1lyt okoz. Ezek azok a hib\u00e1k, amelyeket pr\u00e9mium irod\u00e1kban is meglep\u0151en gyakran l\u00e1tni.<\/p>\n\n\n\n<h3 class=\"wp-block-heading\"><strong>1. Ut\u00f3lagos f\u00far\u00e1s \u00e9s bark\u00e1csmegold\u00e1sok<\/strong><\/h3>\n\n\n\n<p>Az egyik legs\u00falyosabb hiba, amikor a k\u00e1belelvezet\u00e9s <strong>nem tervez\u00e9si f\u00e1zisban<\/strong>, hanem haszn\u00e1lat k\u00f6zben \u201ealakul ki\u201d.<\/p>\n\n\n\n<p>Jellemz\u0151 jelek:<\/p>\n\n\n\n<ul class=\"wp-block-list\">\n<li>nem oda ker\u00fcl a kivezet\u00e9s, ahol ergonomikus lenne,<\/li>\n\n\n\n<li>az asztallap megs\u00e9r\u00fcl,<\/li>\n\n\n\n<li>az \u00f6sszk\u00e9p amat\u0151r hat\u00e1s\u00fav\u00e1 v\u00e1lik.<\/li>\n<\/ul>\n\n\n\n<p>Vezet\u0151i \u00edr\u00f3asztaln\u00e1l az ut\u00f3lagos f\u00far\u00e1s szinte mindig kompromisszum, nem megold\u00e1s.<\/p>\n\n\n\n<h3 class=\"wp-block-heading\"><strong>2. T\u00fal kev\u00e9s kivezet\u00e9si pont<\/strong><\/h3>\n\n\n\n<p>Sok \u00edr\u00f3asztalt \u00fagy terveznek, mintha:<\/p>\n\n\n\n<ul class=\"wp-block-list\">\n<li>egy laptop,<\/li>\n\n\n\n<li>egy t\u00f6lt\u0151 lenne az egyetlen eszk\u00f6z.<\/li>\n<\/ul>\n\n\n\n<p>A val\u00f3s\u00e1gban azonban megjelenik:<\/p>\n\n\n\n<ul class=\"wp-block-list\">\n<li>monitor vagy k\u00e9t monitor,<\/li>\n\n\n\n<li>dokkol\u00f3,<\/li>\n\n\n\n<li>asztali l\u00e1mpa,<\/li>\n\n\n\n<li>telefon,<\/li>\n\n\n\n<li>vide\u00f3meeting-eszk\u00f6z.<\/li>\n<\/ul>\n\n\n\n<p>Ha nincs elegend\u0151 el\u0151k\u00e9sz\u00edtett k\u00e1bel\u00fat, akkor:<\/p>\n\n\n\n<ul class=\"wp-block-list\">\n<li>eloszt\u00f3k jelennek meg az asztalon,<\/li>\n\n\n\n<li>k\u00e1belek l\u00f3gnak szabadon,<\/li>\n\n\n\n<li>a rend fenntart\u00e1sa \u00e1lland\u00f3 k\u00fczdelem lesz.<\/li>\n<\/ul>\n\n\n\n<h3 class=\"wp-block-heading\"><strong>3. L\u00e1that\u00f3 k\u00e1belek a vend\u00e9goldalon<\/strong><\/h3>\n\n\n\n<p>Ez tipikusan vezet\u0151i hiba, mert nem a vezet\u0151 l\u00e1tja nap mint nap, hanem a bel\u00e9p\u0151 partner.<\/p>\n\n\n\n<p>Gyakori probl\u00e9ma:<\/p>\n\n\n\n<ul class=\"wp-block-list\">\n<li>az asztal vend\u00e9goldal\u00e1n l\u00f3g\u00f3 vezet\u00e9kek,<\/li>\n\n\n\n<li>a t\u00e1rgyal\u00e1si z\u00f3n\u00e1ban fut\u00f3 k\u00e1belek,<\/li>\n\n\n\n<li>a padl\u00f3n \u00e1th\u00fazott hosszabb\u00edt\u00f3k.<\/li>\n<\/ul>\n\n\n\n<p>Ez nem technikai, hanem <strong>reprezent\u00e1ci\u00f3s hiba<\/strong>.<\/p>\n\n\n\n<h3 class=\"wp-block-heading\"><strong>4. A l\u00e1bszerkezet figyelmen k\u00edv\u00fcl hagy\u00e1sa<\/strong><\/h3>\n\n\n\n<p>Sok esetben:<\/p>\n\n\n\n<ul class=\"wp-block-list\">\n<li>van kivezet\u00e9s az asztallapon,<\/li>\n\n\n\n<li>de a k\u00e1belnek nincs kontroll\u00e1lt \u00fatja lefel\u00e9.<\/li>\n<\/ul>\n\n\n\n<p>K\u00f6vetkezm\u00e9ny:<\/p>\n\n\n\n<ul class=\"wp-block-list\">\n<li>a k\u00e1bel a l\u00e1bn\u00e1l \u201ecs\u00fcng\u201d,<\/li>\n\n\n\n<li>mozg\u00e1skor akad\u00e1lyoz,<\/li>\n\n\n\n<li>vizu\u00e1lisan zavar\u00f3.<\/li>\n<\/ul>\n\n\n\n<p>Vezet\u0151i \u00edr\u00f3asztaln\u00e1l a l\u00e1bszerkezet <strong>a k\u00e1belelvezet\u00e9s r\u00e9sze<\/strong>, nem k\u00fcl\u00f6n\u00e1ll\u00f3 elem.<\/p>\n\n\n\n<h3 class=\"wp-block-heading\"><strong>5. Nincs hely a technik\u00e1nak<\/strong><\/h3>\n\n\n\n<p>A k\u00e1belek mindig valahova futnak:<\/p>\n\n\n\n<ul class=\"wp-block-list\">\n<li>eloszt\u00f3hoz,<\/li>\n\n\n\n<li>adapterhez,<\/li>\n\n\n\n<li>routerhez,<\/li>\n\n\n\n<li>prezent\u00e1ci\u00f3s eszk\u00f6zh\u00f6z.<\/li>\n<\/ul>\n\n\n\n<p>Ha ezeknek nincs:<\/p>\n\n\n\n<ul class=\"wp-block-list\">\n<li>k\u00fcl\u00f6n szekr\u00e9ny,<\/li>\n\n\n\n<li>z\u00e1rhat\u00f3 technikai rekesz,<\/li>\n\n\n\n<li>j\u00f3l szell\u0151z\u0151 hely,<\/li>\n<\/ul>\n\n\n\n<p>akkor a k\u00e1belelvezet\u00e9s soha nem lesz igaz\u00e1n rendezett, b\u00e1rmilyen sz\u00e9p is az asztal.<\/p>\n\n\n\n<h2 class=\"wp-block-heading\"><strong>5. Milyen k\u00e1belelvezet\u00e9si megold\u00e1sok m\u0171k\u00f6dnek val\u00f3ban vezet\u0151i k\u00f6rnyezetben?<\/strong><\/h2>\n\n\n\n<p>A j\u00f3 vezet\u0151i k\u00e1belelvezet\u00e9s <strong>nem l\u00e1tv\u00e1nyos<\/strong>, hanem \u00e9szrev\u00e9tlen. Nem technol\u00f3giai k\u00e9rd\u00e9sk\u00e9nt kell kezelni, hanem a b\u00fator \u00e9s a t\u00e9r szerves r\u00e9szek\u00e9nt. Az al\u00e1bbi megold\u00e1sok azok, amelyek hossz\u00fa t\u00e1von is m\u0171k\u00f6dnek, \u00e9s nem ig\u00e9nyelnek folyamatos \u201eigazgat\u00e1st\u201d.<\/p>\n\n\n\n<h3 class=\"wp-block-heading\"><strong>1. El\u0151re tervezett, poz\u00edci\u00f3hoz igaz\u00edtott asztallapi kivezet\u00e9sek<\/strong><\/h3>\n\n\n\n<p>A legfontosabb alapelv:<\/p>\n\n\n\n<p><strong>nem \u00e1ltal\u00e1nos, hanem haszn\u00e1latra szabott kivezet\u00e9s kell.<\/strong><\/p>\n\n\n\n<p>J\u00f3l m\u0171k\u00f6d\u0151 megold\u00e1sok:<\/p>\n\n\n\n<ul class=\"wp-block-list\">\n<li>az \u00edr\u00f3asztal domin\u00e1ns munkapoz\u00edci\u00f3j\u00e1hoz igaz\u00edtott kivezet\u00e9s,<\/li>\n\n\n\n<li>k\u00fcl\u00f6n kivezet\u00e9s a monitor\/dokkol\u00f3 z\u00f3n\u00e1ban,<\/li>\n\n\n\n<li>opcion\u00e1lis, rejtett kivezet\u00e9s a t\u00e1rgyal\u00f3oldal fel\u00e9 (prezent\u00e1ci\u00f3hoz).<\/li>\n<\/ul>\n\n\n\n<p>A kivezet\u00e9s form\u00e1ja m\u00e1sodlagos (k\u00f6r, t\u00e9glalap, fedett ny\u00edl\u00e1s), a <strong>helye a d\u00f6nt\u0151<\/strong>.<\/p>\n\n\n\n<h3 class=\"wp-block-heading\"><strong>2. Kontroll\u00e1lt k\u00e1bel\u00fat a l\u00e1bszerkezetben<\/strong><\/h3>\n\n\n\n<p>Vezet\u0151i \u00edr\u00f3asztaln\u00e1l a k\u00e1bel <strong>nem l\u00f3ghat szabadon<\/strong> az asztal al\u00e1.<\/p>\n\n\n\n<p>Bev\u00e1lt megold\u00e1sok:<\/p>\n\n\n\n<ul class=\"wp-block-list\">\n<li>l\u00e1bszerkezetbe integr\u00e1lt k\u00e1belcsatorna,<\/li>\n\n\n\n<li>z\u00e1rt vagy f\u00e9lig z\u00e1rt l\u00e1bprofil,<\/li>\n\n\n\n<li>panell\u00e1bas megold\u00e1sn\u00e1l bels\u0151 k\u00e1belvezet\u00e9s.<\/li>\n<\/ul>\n\n\n\n<p>Ez nemcsak eszt\u00e9tikai k\u00e9rd\u00e9s: \u00edgy nem akad bele sz\u00e9k, l\u00e1b, takar\u00edt\u00e1si eszk\u00f6z.<\/p>\n\n\n\n<h3 class=\"wp-block-heading\"><strong>3. K\u00f6zponti technikai gy\u0171jt\u0151pont kialak\u00edt\u00e1sa<\/strong><\/h3>\n\n\n\n<p>A k\u00e1belelvezet\u00e9s akkor v\u00e1lik igaz\u00e1n rendezetten kezelhet\u0151v\u00e9, ha:<\/p>\n\n\n\n<ul class=\"wp-block-list\">\n<li>a k\u00e1belek <strong>nem k\u00fcl\u00f6n-k\u00fcl\u00f6n v\u00e9gz\u0151dnek<\/strong>,<\/li>\n\n\n\n<li>hanem egy kijel\u00f6lt technikai pontba futnak.<\/li>\n<\/ul>\n\n\n\n<p>Ez lehet:<\/p>\n\n\n\n<ul class=\"wp-block-list\">\n<li>alacsony vezet\u0151i szekr\u00e9ny egyik rekesze,<\/li>\n\n\n\n<li>k\u00fcl\u00f6n technikai fi\u00f3k,<\/li>\n\n\n\n<li>z\u00e1rhat\u00f3, szell\u0151z\u0151ny\u00edl\u00e1ssal ell\u00e1tott szekr\u00e9nyelem.<\/li>\n<\/ul>\n\n\n\n<p>Itt helyet kap:<\/p>\n\n\n\n<ul class=\"wp-block-list\">\n<li>eloszt\u00f3,<\/li>\n\n\n\n<li>adapterek,<\/li>\n\n\n\n<li>router,<\/li>\n\n\n\n<li>prezent\u00e1ci\u00f3s eszk\u00f6z\u00f6k.<\/li>\n<\/ul>\n\n\n\n<p>A vezet\u0151 \u00edgy <strong>nem a technik\u00e1val foglalkozik<\/strong>, hanem a munk\u00e1val.<\/p>\n\n\n\n<h3 class=\"wp-block-heading\"><strong>4. Rejtett, de hozz\u00e1f\u00e9rhet\u0151 megold\u00e1sok<\/strong><\/h3>\n\n\n\n<p>A j\u00f3 vezet\u0151i k\u00e1belelvezet\u00e9s paradoxona:<\/p>\n\n\n\n<ul class=\"wp-block-list\">\n<li><strong>nem l\u00e1tszik<\/strong>,<\/li>\n\n\n\n<li>de <strong>b\u00e1rmikor el\u00e9rhet\u0151<\/strong>.<\/li>\n<\/ul>\n\n\n\n<p>Ez\u00e9rt ker\u00fclend\u0151:<\/p>\n\n\n\n<ul class=\"wp-block-list\">\n<li>v\u00e9glegesen lez\u00e1rt doboz,<\/li>\n\n\n\n<li>sz\u00e9tbonthatatlan burkolat.<\/li>\n<\/ul>\n\n\n\n<p>Aj\u00e1nlott:<\/p>\n\n\n\n<ul class=\"wp-block-list\">\n<li>m\u00e1gneses vagy pattint\u00f3s takar\u00f3k,<\/li>\n\n\n\n<li>levehet\u0151 fedlapok,<\/li>\n\n\n\n<li>k\u00f6nnyen nyithat\u00f3 technikai rekeszek.<\/li>\n<\/ul>\n\n\n\n<p>\u00cdgy egy eszk\u00f6zcsere vagy b\u0151v\u00edt\u00e9s nem j\u00e1r bont\u00e1ssal.<\/p>\n\n\n\n<h3 class=\"wp-block-heading\"><strong>5. Egys\u00e9ges rendszerben gondolkod\u00e1s<\/strong><\/h3>\n\n\n\n<p>A legjobb megold\u00e1sok nem k\u00fcl\u00f6n elemekb\u0151l \u00e1llnak \u00f6ssze, hanem:<\/p>\n\n\n\n<ul class=\"wp-block-list\">\n<li>az \u00edr\u00f3asztal,<\/li>\n\n\n\n<li>a l\u00e1bszerkezet,<\/li>\n\n\n\n<li>a szekr\u00e9ny,<\/li>\n\n\n\n<li>\u00e9s a t\u00e9r elrendez\u00e9se <strong>egy rendszerk\u00e9nt<\/strong> m\u0171k\u00f6dik.<\/li>\n<\/ul>\n\n\n\n<p>Ez az oka annak, hogy a vezet\u0151i \u00edr\u00f3asztalokn\u00e1l a k\u00e1belelvezet\u00e9s nem \u201eextra\u201d, hanem tervez\u00e9si alap.<\/p>\n\n\n\n<h2 class=\"wp-block-heading\"><strong>Gyors d\u00f6nt\u00e9si checklist: megfelel\u0151 a vezet\u0151i \u00edr\u00f3asztal k\u00e1belelvezet\u00e9se?<\/strong><\/h2>\n\n\n\n<p>Ha az al\u00e1bbi k\u00e9rd\u00e9sek t\u00f6bbs\u00e9g\u00e9re <strong>igen<\/strong> a v\u00e1lasz, a k\u00e1belelvezet\u00e9s hossz\u00fa t\u00e1von is j\u00f3l fog m\u0171k\u00f6dni.<\/p>\n\n\n\n<p><strong>\u25a1<\/strong> A k\u00e1belelvezet\u00e9s m\u00e1r a b\u00fator tervez\u00e9si f\u00e1zis\u00e1ban meghat\u00e1roz\u00e1sra ker\u00fclt, nem ut\u00f3lagos megold\u00e1s.<\/p>\n\n\n\n<p><strong>\u25a1<\/strong> Az asztallapi kivezet\u00e9sek a t\u00e9nyleges munkapoz\u00edci\u00f3hoz igazodnak, nem \u201e\u00e1ltal\u00e1nos helyre\u201d ker\u00fcltek.<\/p>\n\n\n\n<p><strong>\u25a1<\/strong> A k\u00e1belek nem l\u00e1that\u00f3k sem \u00e1ll\u00f3, sem \u00fcl\u0151 poz\u00edci\u00f3b\u00f3l a vezet\u0151i oldalon.<\/p>\n\n\n\n<p><strong>\u25a1<\/strong> A k\u00e1bel\u00fat kontroll\u00e1lt m\u00f3don halad lefel\u00e9 (l\u00e1bszerkezetben vagy z\u00e1rt csatorn\u00e1ban).<\/p>\n\n\n\n<p><strong>\u25a1<\/strong> Nincs szabadon l\u00f3g\u00f3 vagy fesz\u00fcl\u0151 k\u00e1bel az asztal alatt.<\/p>\n\n\n\n<p><strong>\u25a1<\/strong> A technikai eszk\u00f6z\u00f6k (eloszt\u00f3k, adapterek) egy kijel\u00f6lt, rejtett gy\u0171jt\u0151pontban kaptak helyet.<\/p>\n\n\n\n<p><strong>\u25a1<\/strong> A rendszer b\u0151v\u00edthet\u0151: egy \u00faj monitor vagy eszk\u00f6z bek\u00f6t\u00e9se nem ig\u00e9nyel bont\u00e1st.<\/p>\n\n\n\n<p><strong>\u25a1<\/strong> A k\u00e1belelvezet\u00e9s nem akad\u00e1lyozza a l\u00e1bmozg\u00e1st, a sz\u00e9k haszn\u00e1lat\u00e1t vagy a takar\u00edt\u00e1st.<\/p>\n\n\n\n<p><strong>\u25a1<\/strong> A megold\u00e1s egys\u00e9gesen illeszkedik a vezet\u0151i iroda megjelen\u00e9s\u00e9hez.<\/p>\n\n\n\n<p><strong>\u25a1<\/strong> A technika nem vonja el a figyelmet t\u00e1rgyal\u00e1sok vagy d\u00f6nt\u00e9shozatal k\u00f6zben.<\/p>\n\n\n\n<p><br>A j\u00f3 vezet\u0151i k\u00e1belelvezet\u00e9s <strong>l\u00e1thatatlan, m\u00e9gis hozz\u00e1f\u00e9rhet\u0151<\/strong>. Nem technikai r\u00e9szlet, hanem a vezet\u0151i munka nyugalm\u00e1t \u00e9s hat\u00e9konys\u00e1g\u00e1t t\u00e1mogat\u00f3 infrastrukt\u00fara. Ha a rendszer el\u0151re tervezett, b\u0151v\u00edthet\u0151 \u00e9s vizu\u00e1lisan tiszta marad, a k\u00e1belez\u00e9s nem probl\u00e9maforr\u00e1s, hanem \u00e9szrev\u00e9tlen h\u00e1tt\u00e9rt\u00e1mogat\u00e1s lesz.<\/p>\n\n\n\n<p><\/p>\n","protected":false},"excerpt":{"rendered":"<p>A vezet\u0151i \u00edr\u00f3asztal k\u00e1belelvezet\u00e9se els\u0151re technikai r\u00e9szletk\u00e9rd\u00e9snek t\u0171nhet, a gyakorlatban azonban az egyik leggyakoribb oka annak, hogy egy vezet\u0151i iroda rendezetlennek, ideiglenesnek vagy \u201e\u00f6sszerakottnak\u201d hat. Hi\u00e1ba pr\u00e9mium az \u00edr\u00f3asztal, ig\u00e9nyes a t\u00e9r \u00e9s er\u0151s a vizu\u00e1lis koncepci\u00f3, ha a k\u00e1belek l\u00e1that\u00f3ak, kusz\u00e1k vagy ut\u00f3lag ker\u00fclnek elvezet\u00e9sre, az azonnal rontja az \u00f6sszk\u00e9pet \u2014 \u00e9s a mindennapi &#8230; <a title=\"K\u00e1belelvezet\u00e9s vezet\u0151i \u00edr\u00f3asztaln\u00e1l &#8211; tipikus hib\u00e1k \u00e9s megold\u00e1sok\" class=\"read-more\" href=\"https:\/\/www.bathori.hu\/blog\/vezetoi-iroasztal-kabelelvezetese\/\" aria-label=\"Read more about K\u00e1belelvezet\u00e9s vezet\u0151i \u00edr\u00f3asztaln\u00e1l &#8211; tipikus hib\u00e1k \u00e9s megold\u00e1sok\">Olvass tov\u00e1bb<\/a><\/p>\n","protected":false},"author":1,"featured_media":1129,"comment_status":"closed","ping_status":"closed","sticky":false,"template":"","format":"standard","meta":{"footnotes":""},"categories":[25],"tags":[],"class_list":["post-1122","post","type-post","status-publish","format-standard","has-post-thumbnail","hentry","category-vezetoi-iroasztal"],"_links":{"self":[{"href":"https:\/\/www.bathori.hu\/blog\/wp-json\/wp\/v2\/posts\/1122","targetHints":{"allow":["GET"]}}],"collection":[{"href":"https:\/\/www.bathori.hu\/blog\/wp-json\/wp\/v2\/posts"}],"about":[{"href":"https:\/\/www.bathori.hu\/blog\/wp-json\/wp\/v2\/types\/post"}],"author":[{"embeddable":true,"href":"https:\/\/www.bathori.hu\/blog\/wp-json\/wp\/v2\/users\/1"}],"replies":[{"embeddable":true,"href":"https:\/\/www.bathori.hu\/blog\/wp-json\/wp\/v2\/comments?post=1122"}],"version-history":[{"count":3,"href":"https:\/\/www.bathori.hu\/blog\/wp-json\/wp\/v2\/posts\/1122\/revisions"}],"predecessor-version":[{"id":1127,"href":"https:\/\/www.bathori.hu\/blog\/wp-json\/wp\/v2\/posts\/1122\/revisions\/1127"}],"wp:featuredmedia":[{"embeddable":true,"href":"https:\/\/www.bathori.hu\/blog\/wp-json\/wp\/v2\/media\/1129"}],"wp:attachment":[{"href":"https:\/\/www.bathori.hu\/blog\/wp-json\/wp\/v2\/media?parent=1122"}],"wp:term":[{"taxonomy":"category","embeddable":true,"href":"https:\/\/www.bathori.hu\/blog\/wp-json\/wp\/v2\/categories?post=1122"},{"taxonomy":"post_tag","embeddable":true,"href":"https:\/\/www.bathori.hu\/blog\/wp-json\/wp\/v2\/tags?post=1122"}],"curies":[{"name":"wp","href":"https:\/\/api.w.org\/{rel}","templated":true}]}}