{"id":1114,"date":"2026-01-18T10:00:00","date_gmt":"2026-01-18T08:00:00","guid":{"rendered":"https:\/\/www.bathori.hu\/blog\/?p=1114"},"modified":"2026-01-07T19:43:49","modified_gmt":"2026-01-07T17:43:49","slug":"vezetoi-szek-es-iroasztal-ergonomia","status":"publish","type":"post","link":"https:\/\/www.bathori.hu\/blog\/vezetoi-szek-es-iroasztal-ergonomia\/","title":{"rendered":"Hogyan kapcsol\u00f3dik az \u00edr\u00f3asztal a vezet\u0151i sz\u00e9k ergon\u00f3mi\u00e1j\u00e1hoz?"},"content":{"rendered":"\n<p>A <strong>vezet\u0151i sz\u00e9k \u00e9s \u00edr\u00f3asztal ergon\u00f3mia<\/strong> nem k\u00e9t k\u00fcl\u00f6n\u00e1ll\u00f3 k\u00e9rd\u00e9s, hanem egyetlen rendszer r\u00e9sze. M\u00e9gis gyakran k\u00fcl\u00f6n kezelik \u0151ket: el\u0151sz\u00f6r kiv\u00e1lasztanak egy \u201ej\u00f3\u201d vezet\u0151i sz\u00e9ket, majd ehhez pr\u00f3b\u00e1lj\u00e1k ut\u00f3lag hozz\u00e1igaz\u00edtani az \u00edr\u00f3asztalt \u2013 vagy ford\u00edtva. Ennek az eredm\u00e9nye sok esetben az, hogy a munkahely pap\u00edron ergonomikusnak t\u0171nik, a mindennapi haszn\u00e1lat sor\u00e1n m\u00e9gis k\u00e9nyelmetlen, f\u00e1raszt\u00f3, hossz\u00fa t\u00e1von pedig eg\u00e9szs\u00e9g\u00fcgyi probl\u00e9m\u00e1k forr\u00e1sa lehet.<\/p>\n\n\n\n<p>A vezet\u0151i munkav\u00e9gz\u00e9s saj\u00e1toss\u00e1ga, hogy a nap jelent\u0151s r\u00e9sze \u00fcl\u0151 poz\u00edci\u00f3ban telik, mik\u00f6zben a d\u00f6nt\u00e9sekhez koncentr\u00e1ci\u00f3ra, stabil testtart\u00e1sra \u00e9s ment\u00e1lis f\u00f3kuszra van sz\u00fcks\u00e9g. Ehhez nem elegend\u0151 egy j\u00f3 min\u0151s\u00e9g\u0171 sz\u00e9k \u00f6nmag\u00e1ban. Az \u00edr\u00f3asztal magass\u00e1ga, kialak\u00edt\u00e1sa, az alatta \u00e9s felette l\u00e9v\u0151 mozg\u00e1st\u00e9r k\u00f6zvetlen\u00fcl befoly\u00e1solja, hogy a sz\u00e9k ergonomiai funkci\u00f3i val\u00f3ban \u00e9rv\u00e9nyes\u00fclnek-e.<\/p>\n\n\n\n<p>Ebben a cikkben azt j\u00e1rjuk k\u00f6rbe, <strong>hogyan kapcsol\u00f3dik \u00f6ssze a vezet\u0151i sz\u00e9k \u00e9s \u00edr\u00f3asztal ergon\u00f3mia<\/strong>, melyek azok a kritikus pontok, ahol a rendszer leggyakrabban \u201eelcs\u00faszik\u201d, \u00e9s mire \u00e9rdemes figyelni ahhoz, hogy a vezet\u0151i munkahely hossz\u00fa t\u00e1von is k\u00e9nyelmes, eg\u00e9szs\u00e9ges \u00e9s hat\u00e9kony maradjon.<\/p>\n\n\n\n<h2 class=\"wp-block-heading\"><strong>1. A vezet\u0151i sz\u00e9k \u00e9s az \u00edr\u00f3asztal egy ergon\u00f3miai rendszer r\u00e9szei<\/strong><\/h2>\n\n\n\n<p>Az ergon\u00f3mia egyik leggyakoribb f\u00e9lre\u00e9rt\u00e9se, hogy k\u00fcl\u00f6n\u00e1ll\u00f3 elemekben gondolkodik. J\u00f3 sz\u00e9k, j\u00f3 asztal, megfelel\u0151 monitor \u2013 \u00e9s k\u00e9sz. A val\u00f3s\u00e1gban azonban a <strong>vezet\u0151i sz\u00e9k \u00e9s az \u00edr\u00f3asztal nem \u00f6nmagukban \u201ej\u00f3k\u201d vagy \u201erosszak\u201d<\/strong>, hanem att\u00f3l f\u00fcgg\u0151en m\u0171k\u00f6dnek j\u00f3l, hogy <strong>hogyan kapcsol\u00f3dnak egym\u00e1shoz<\/strong>.<\/p>\n\n\n\n<p>A vezet\u0151i sz\u00e9k ergonomikus funkci\u00f3i \u2013 \u00fcl\u00e9smagass\u00e1g, h\u00e1tt\u00e1mla d\u0151l\u00e9ssz\u00f6ge, der\u00e9kt\u00e1masz, kart\u00e1masz \u2013 csak akkor tudnak \u00e9rv\u00e9nyes\u00fclni, ha az \u00edr\u00f3asztal:<\/p>\n\n\n\n<ul class=\"wp-block-list\">\n<li>megfelel\u0151 magass\u00e1gban van,<\/li>\n\n\n\n<li>elegend\u0151 l\u00e1bteret biztos\u00edt,<\/li>\n\n\n\n<li>nem k\u00e9nyszer\u00edti term\u00e9szetellenes kartart\u00e1sra a haszn\u00e1l\u00f3t,<\/li>\n\n\n\n<li>\u00e9s nem akad\u00e1lyozza a sz\u00e9k szabad mozg\u00e1s\u00e1t.<\/li>\n<\/ul>\n\n\n\n<p>Ha az \u00edr\u00f3asztal t\u00fal magas, a v\u00e1llak megemelkednek, a kart\u00e1masz haszn\u00e1lhatatlann\u00e1 v\u00e1lik, a nyak \u00e9s a v\u00e1ll\u00f6v fesz\u00fcl. Ha t\u00fal alacsony, a vezet\u0151 el\u0151rehajol, a gerinc terhel\u00e9se n\u0151, a der\u00e9kt\u00e1masz szerepe megsz\u0171nik. Ilyenkor hi\u00e1ba \u201ej\u00f3\u201d a sz\u00e9k, <strong>nem tudja bet\u00f6lteni a funkci\u00f3j\u00e1t<\/strong>.<\/p>\n\n\n\n<p>Ugyanez igaz ford\u00edtva is: egy j\u00f3l megv\u00e1lasztott \u00edr\u00f3asztal sem tud ergonomikus munkak\u00f6rnyezetet biztos\u00edtani, ha a sz\u00e9k nem \u00e1ll\u00edthat\u00f3 megfelel\u0151en, vagy nincs \u00f6sszhangban az asztal m\u00e9reteivel \u00e9s kialak\u00edt\u00e1s\u00e1val.<\/p>\n\n\n\n<p>A vezet\u0151i munkav\u00e9gz\u00e9sn\u00e9l ez k\u00fcl\u00f6n\u00f6sen kritikus, mert:<\/p>\n\n\n\n<ul class=\"wp-block-list\">\n<li>hosszabb ideig tart az \u00fcl\u0151munka,<\/li>\n\n\n\n<li>ritk\u00e1bbak a spont\u00e1n testhelyzet-v\u00e1lt\u00e1sok,<\/li>\n\n\n\n<li>nagyobb a ment\u00e1lis terhel\u00e9s,<\/li>\n\n\n\n<li>\u00e9s a testtart\u00e1s roml\u00e1sa k\u00f6zvetlen\u00fcl hat a koncentr\u00e1ci\u00f3ra \u00e9s a d\u00f6nt\u00e9shozatal min\u0151s\u00e9g\u00e9re.<\/li>\n<\/ul>\n\n\n\n<p>Ez\u00e9rt a helyes kiindul\u00f3pont nem az, hogy \u201emilyen sz\u00e9ket\u201d vagy \u201emilyen asztalt\u201d v\u00e1lasszunk, hanem az, hogy <strong>a kett\u0151 egy\u00fctt hogyan alkot m\u0171k\u00f6d\u0151 rendszert<\/strong> a vezet\u0151 napi munk\u00e1ja sor\u00e1n.<\/p>\n\n\n\n<h2 class=\"wp-block-heading\"><strong>2. Magass\u00e1g, \u00fcl\u00e9shelyzet, kart\u00e1masz \u2013 ahol a legt\u00f6bb hiba sz\u00fcletik<\/strong><\/h2>\n\n\n\n<p>A vezet\u0151i sz\u00e9k \u00e9s az \u00edr\u00f3asztal kapcsolat\u00e1ban a <strong>magass\u00e1g \u00e9s az ar\u00e1nyok<\/strong> okozz\u00e1k a legt\u00f6bb ergon\u00f3miai probl\u00e9m\u00e1t. Ezek a hib\u00e1k alattomosak, mert nem azonnal jelentkeznek, hanem hetek\u2013h\u00f3napok alatt vezetnek f\u00e1radts\u00e1ghoz, der\u00e9k- \u00e9s nyakf\u00e1j\u00e1shoz, koncentr\u00e1ci\u00f3cs\u00f6kken\u00e9shez.<\/p>\n\n\n\n<h3 class=\"wp-block-heading\"><strong>Az alapelv: a sz\u00e9khez igaz\u00edtott \u00edr\u00f3asztal<\/strong><\/h3>\n\n\n\n<p>Ergon\u00f3miai szempontb\u00f3l <strong>nem az \u00edr\u00f3asztalhoz v\u00e1lasztunk sz\u00e9ket<\/strong>, hanem ford\u00edtva:<\/p>\n\n\n\n<p>a vezet\u0151 testmagass\u00e1g\u00e1hoz \u00e9s \u00fcl\u00e9shelyzet\u00e9hez \u00e1ll\u00edtott sz\u00e9khez kell igazodnia az asztalnak.<\/p>\n\n\n\n<p>Ide\u00e1lis \u00fcl\u0151poz\u00edci\u00f3ban:<\/p>\n\n\n\n<ul class=\"wp-block-list\">\n<li>a talpak teljes fel\u00fclettel a padl\u00f3n vannak,<\/li>\n\n\n\n<li>a t\u00e9rd nagyj\u00e1b\u00f3l der\u00e9ksz\u00f6get z\u00e1r be,<\/li>\n\n\n\n<li>a comb v\u00edzszintes vagy enyh\u00e9n lejt,<\/li>\n\n\n\n<li>a h\u00e1t term\u00e9szetes S-alakj\u00e1t a h\u00e1tt\u00e1mla \u00e9s a der\u00e9kt\u00e1masz megtartja.<\/li>\n<\/ul>\n\n\n\n<p>Ehhez az \u00fcl\u00e9smagass\u00e1g jellemz\u0151en <strong>45\u201352 cm<\/strong> k\u00f6z\u00e9 esik \u2013 vezet\u0151i sz\u00e9kekn\u00e9l ez gyakran magasabb tartom\u00e1ny, mint az \u00e1tlag irodai sz\u00e9kekn\u00e9l.<\/p>\n\n\n\n<h3 class=\"wp-block-heading\"><strong>\u00cdr\u00f3asztal-magass\u00e1g: kritikus pont<\/strong><\/h3>\n\n\n\n<p>A legt\u00f6bb vezet\u0151i \u00edr\u00f3asztal <strong>74\u201376 cm<\/strong> magas. Ez sok esetben kompromisszum, nem optim\u00e1lis megold\u00e1s.<\/p>\n\n\n\n<p>A probl\u00e9ma ott kezd\u0151dik, amikor:<\/p>\n\n\n\n<ul class=\"wp-block-list\">\n<li>a kart\u00e1masz nem f\u00e9r be az asztal al\u00e1,<\/li>\n\n\n\n<li>a k\u00f6ny\u00f6k nem tud 90\u00b0 k\u00f6r\u00fcli sz\u00f6gben pihenni,<\/li>\n\n\n\n<li>a v\u00e1llak megemelkednek g\u00e9pel\u00e9s k\u00f6zben,<\/li>\n\n\n\n<li>a csukl\u00f3 folyamatos fesz\u00fcl\u00e9s alatt van.<\/li>\n<\/ul>\n\n\n\n<p>Ide\u00e1lis esetben:<\/p>\n\n\n\n<ul class=\"wp-block-list\">\n<li>a k\u00f6ny\u00f6k vonala <strong>egy szintben vagy enyh\u00e9n az asztallap f\u00f6l\u00f6tt<\/strong> van,<\/li>\n\n\n\n<li>az alkar term\u00e9szetesen fekszik az asztalon vagy a kart\u00e1maszon,<\/li>\n\n\n\n<li>a v\u00e1llak laz\u00e1k, nem tartj\u00e1k a kar s\u00faly\u00e1t.<\/li>\n<\/ul>\n\n\n\n<p>Ez\u00e9rt egyre t\u00f6bb vezet\u0151i irod\u00e1ban el\u0151ny az, ha az \u00edr\u00f3asztal <strong>egyedi magass\u00e1gra k\u00e9sz\u00fcl<\/strong>, vagy legal\u00e1bb kisebb tartom\u00e1nyban igaz\u00edthat\u00f3.<\/p>\n\n\n\n<h3 class=\"wp-block-heading\"><strong>Kart\u00e1masz: seg\u00edt vagy akad\u00e1lyoz?<\/strong><\/h3>\n\n\n\n<p>A vezet\u0151i sz\u00e9k kart\u00e1masza csak akkor ergon\u00f3miai el\u0151ny, ha:<\/p>\n\n\n\n<ul class=\"wp-block-list\">\n<li>magass\u00e1gban \u00e1ll\u00edthat\u00f3,<\/li>\n\n\n\n<li>sz\u00e9less\u00e9gben igaz\u00edthat\u00f3,<\/li>\n\n\n\n<li>\u00e9s <strong>\u00f6sszhangban van az \u00edr\u00f3asztal als\u00f3 s\u00edkj\u00e1val<\/strong>.<\/li>\n<\/ul>\n\n\n\n<p>Tipikus hiba, amikor:<\/p>\n\n\n\n<ul class=\"wp-block-list\">\n<li>a kart\u00e1masz t\u00fal magas \u2192 nem f\u00e9r be az asztal al\u00e1,<\/li>\n\n\n\n<li>t\u00fal alacsony \u2192 nem t\u00e1masztja al\u00e1 a kart,<\/li>\n\n\n\n<li>t\u00fal sz\u00e9les \u2192 kifel\u00e9 tolja a k\u00f6ny\u00f6k\u00f6t, fesz\u00edti a v\u00e1llat.<\/li>\n<\/ul>\n\n\n\n<p>Ilyenkor a vezet\u0151 \u00f6szt\u00f6n\u00f6sen el\u0151rehajol, vagy lemond a kart\u00e1masz haszn\u00e1lat\u00e1r\u00f3l, ami hossz\u00fa t\u00e1von jelent\u0151s terhel\u00e9st jelent a nyak\u2013v\u00e1ll r\u00e9gi\u00f3ban.<\/p>\n\n\n\n<h3 class=\"wp-block-heading\"><strong>L\u00e1bt\u00e9r \u00e9s keresztmerev\u00edt\u0151k szerepe<\/strong><\/h3>\n\n\n\n<p>Gyakran al\u00e1becs\u00fclt szempont, de az \u00edr\u00f3asztal alatti <strong>l\u00e1bt\u00e9r kialak\u00edt\u00e1sa<\/strong> k\u00f6zvetlen hat\u00e1ssal van a sz\u00e9k haszn\u00e1lhat\u00f3s\u00e1g\u00e1ra.<\/p>\n\n\n\n<p>Probl\u00e9m\u00e1t okoz, ha:<\/p>\n\n\n\n<ul class=\"wp-block-list\">\n<li>keresztmerev\u00edt\u0151k akad\u00e1lyozz\u00e1k a l\u00e1b szabad mozg\u00e1s\u00e1t,<\/li>\n\n\n\n<li>a sz\u00e9k nem tud el\u00e9g k\u00f6zel gurulni az asztalhoz,<\/li>\n\n\n\n<li>a vezet\u0151 oldalra k\u00e9nyszer\u00fcl \u00fclni.<\/li>\n<\/ul>\n\n\n\n<p>Ez nemcsak k\u00e9nyelmetlen, hanem <strong>folyamatos aszimmetrikus testtart\u00e1st<\/strong> eredm\u00e9nyez, ami hossz\u00fa t\u00e1von der\u00e9k- \u00e9s cs\u00edp\u0151probl\u00e9m\u00e1khoz vezethet.<\/p>\n\n\n\n<h2 class=\"wp-block-heading\"><strong>2. Magass\u00e1g, \u00fcl\u00e9shelyzet, kart\u00e1masz \u2013 ahol a legt\u00f6bb hiba sz\u00fcletik<\/strong><\/h2>\n\n\n\n<p>A vezet\u0151i sz\u00e9k \u00e9s az \u00edr\u00f3asztal kapcsolat\u00e1ban a <strong>magass\u00e1g \u00e9s az ar\u00e1nyok<\/strong> okozz\u00e1k a legt\u00f6bb ergon\u00f3miai probl\u00e9m\u00e1t. Ezek a hib\u00e1k alattomosak, mert nem azonnal jelentkeznek, hanem hetek\u2013h\u00f3napok alatt vezetnek f\u00e1radts\u00e1ghoz, der\u00e9k- \u00e9s nyakf\u00e1j\u00e1shoz, koncentr\u00e1ci\u00f3cs\u00f6kken\u00e9shez.<\/p>\n\n\n\n<h3 class=\"wp-block-heading\"><strong>Az alapelv: a sz\u00e9khez igaz\u00edtott \u00edr\u00f3asztal<\/strong><\/h3>\n\n\n\n<p>Ergon\u00f3miai szempontb\u00f3l <strong>nem az \u00edr\u00f3asztalhoz v\u00e1lasztunk sz\u00e9ket<\/strong>, hanem ford\u00edtva:<\/p>\n\n\n\n<p>a vezet\u0151 testmagass\u00e1g\u00e1hoz \u00e9s \u00fcl\u00e9shelyzet\u00e9hez \u00e1ll\u00edtott sz\u00e9khez kell igazodnia az asztalnak.<\/p>\n\n\n\n<p>Ide\u00e1lis \u00fcl\u0151poz\u00edci\u00f3ban:<\/p>\n\n\n\n<ul class=\"wp-block-list\">\n<li>a talpak teljes fel\u00fclettel a padl\u00f3n vannak,<\/li>\n\n\n\n<li>a t\u00e9rd nagyj\u00e1b\u00f3l der\u00e9ksz\u00f6get z\u00e1r be,<\/li>\n\n\n\n<li>a comb v\u00edzszintes vagy enyh\u00e9n lejt,<\/li>\n\n\n\n<li>a h\u00e1t term\u00e9szetes S-alakj\u00e1t a h\u00e1tt\u00e1mla \u00e9s a der\u00e9kt\u00e1masz megtartja.<\/li>\n<\/ul>\n\n\n\n<p>Ehhez az \u00fcl\u00e9smagass\u00e1g jellemz\u0151en <strong>45\u201352 cm<\/strong> k\u00f6z\u00e9 esik \u2013 vezet\u0151i sz\u00e9kekn\u00e9l ez gyakran magasabb tartom\u00e1ny, mint az \u00e1tlag irodai sz\u00e9kekn\u00e9l.<\/p>\n\n\n\n<h3 class=\"wp-block-heading\"><strong>\u00cdr\u00f3asztal-magass\u00e1g: kritikus pont<\/strong><\/h3>\n\n\n\n<p>A legt\u00f6bb vezet\u0151i \u00edr\u00f3asztal <strong>74\u201376 cm<\/strong> magas. Ez sok esetben kompromisszum, nem optim\u00e1lis megold\u00e1s.<\/p>\n\n\n\n<p>A probl\u00e9ma ott kezd\u0151dik, amikor:<\/p>\n\n\n\n<ul class=\"wp-block-list\">\n<li>a kart\u00e1masz nem f\u00e9r be az asztal al\u00e1,<\/li>\n\n\n\n<li>a k\u00f6ny\u00f6k nem tud 90\u00b0 k\u00f6r\u00fcli sz\u00f6gben pihenni,<\/li>\n\n\n\n<li>a v\u00e1llak megemelkednek g\u00e9pel\u00e9s k\u00f6zben,<\/li>\n\n\n\n<li>a csukl\u00f3 folyamatos fesz\u00fcl\u00e9s alatt van.<\/li>\n<\/ul>\n\n\n\n<p>Ide\u00e1lis esetben:<\/p>\n\n\n\n<ul class=\"wp-block-list\">\n<li>a k\u00f6ny\u00f6k vonala <strong>egy szintben vagy enyh\u00e9n az asztallap f\u00f6l\u00f6tt<\/strong> van,<\/li>\n\n\n\n<li>az alkar term\u00e9szetesen fekszik az asztalon vagy a kart\u00e1maszon,<\/li>\n\n\n\n<li>a v\u00e1llak laz\u00e1k, nem tartj\u00e1k a kar s\u00faly\u00e1t.<\/li>\n<\/ul>\n\n\n\n<p>Ez\u00e9rt egyre t\u00f6bb vezet\u0151i irod\u00e1ban el\u0151ny az, ha az \u00edr\u00f3asztal <strong>egyedi magass\u00e1gra k\u00e9sz\u00fcl<\/strong>, vagy legal\u00e1bb kisebb tartom\u00e1nyban igaz\u00edthat\u00f3.<\/p>\n\n\n\n<h3 class=\"wp-block-heading\"><strong>Kart\u00e1masz: seg\u00edt vagy akad\u00e1lyoz?<\/strong><\/h3>\n\n\n\n<p>A vezet\u0151i sz\u00e9k kart\u00e1masza csak akkor ergon\u00f3miai el\u0151ny, ha:<\/p>\n\n\n\n<ul class=\"wp-block-list\">\n<li>magass\u00e1gban \u00e1ll\u00edthat\u00f3,<\/li>\n\n\n\n<li>sz\u00e9less\u00e9gben igaz\u00edthat\u00f3,<\/li>\n\n\n\n<li>\u00e9s <strong>\u00f6sszhangban van az \u00edr\u00f3asztal als\u00f3 s\u00edkj\u00e1val<\/strong>.<\/li>\n<\/ul>\n\n\n\n<p>Tipikus hiba, amikor:<\/p>\n\n\n\n<ul class=\"wp-block-list\">\n<li>a kart\u00e1masz t\u00fal magas \u2192 nem f\u00e9r be az asztal al\u00e1,<\/li>\n\n\n\n<li>t\u00fal alacsony \u2192 nem t\u00e1masztja al\u00e1 a kart,<\/li>\n\n\n\n<li>t\u00fal sz\u00e9les \u2192 kifel\u00e9 tolja a k\u00f6ny\u00f6k\u00f6t, fesz\u00edti a v\u00e1llat.<\/li>\n<\/ul>\n\n\n\n<p>Ilyenkor a vezet\u0151 \u00f6szt\u00f6n\u00f6sen el\u0151rehajol, vagy lemond a kart\u00e1masz haszn\u00e1lat\u00e1r\u00f3l, ami hossz\u00fa t\u00e1von jelent\u0151s terhel\u00e9st jelent a nyak\u2013v\u00e1ll r\u00e9gi\u00f3ban.<\/p>\n\n\n\n<h3 class=\"wp-block-heading\"><strong>L\u00e1bt\u00e9r \u00e9s keresztmerev\u00edt\u0151k szerepe<\/strong><\/h3>\n\n\n\n<p>Gyakran al\u00e1becs\u00fclt szempont, de az \u00edr\u00f3asztal alatti <strong>l\u00e1bt\u00e9r kialak\u00edt\u00e1sa<\/strong> k\u00f6zvetlen hat\u00e1ssal van a sz\u00e9k haszn\u00e1lhat\u00f3s\u00e1g\u00e1ra.<\/p>\n\n\n\n<p>Probl\u00e9m\u00e1t okoz, ha:<\/p>\n\n\n\n<ul class=\"wp-block-list\">\n<li>keresztmerev\u00edt\u0151k akad\u00e1lyozz\u00e1k a l\u00e1b szabad mozg\u00e1s\u00e1t,<\/li>\n\n\n\n<li>a sz\u00e9k nem tud el\u00e9g k\u00f6zel gurulni az asztalhoz,<\/li>\n\n\n\n<li>a vezet\u0151 oldalra k\u00e9nyszer\u00fcl \u00fclni.<\/li>\n<\/ul>\n\n\n\n<p>Ez nemcsak k\u00e9nyelmetlen, hanem <strong>folyamatos aszimmetrikus testtart\u00e1st<\/strong> eredm\u00e9nyez, ami hossz\u00fa t\u00e1von der\u00e9k- \u00e9s cs\u00edp\u0151probl\u00e9m\u00e1khoz vezethet.<\/p>\n\n\n\n<h2 class=\"wp-block-heading\"><strong>4. Hossz\u00fa t\u00e1v\u00fa eg\u00e9szs\u00e9g \u00e9s terhel\u00e9s: amikor az \u00edr\u00f3asztal \u201el\u00e1thatatlanul\u201d rontja a sz\u00e9ket<\/strong><\/h2>\n\n\n\n<p>A vezet\u0151i sz\u00e9k \u00e9s az \u00edr\u00f3asztal kapcsolata nem az els\u0151 hetekben okoz probl\u00e9m\u00e1t, hanem <strong>h\u00f3napok \u00e9s \u00e9vek alatt<\/strong>. Ez\u00e9rt k\u00fcl\u00f6n\u00f6sen vesz\u00e9lyes: amikor rossz, nem f\u00e1j azonnal \u2013 csak fokozatosan rontja a testtart\u00e1st, a koncentr\u00e1ci\u00f3t \u00e9s v\u00e9g\u00fcl a teljes\u00edtm\u00e9nyt.<\/p>\n\n\n\n<h3 class=\"wp-block-heading\"><strong>A leggyakoribb probl\u00e9ma: a sz\u00e9k \u201enem dolgozik\u201d<\/strong><\/h3>\n\n\n\n<p>Sok vezet\u0151 ergonomikus sz\u00e9ket v\u00e1laszt, m\u00e9gis:<\/p>\n\n\n\n<ul class=\"wp-block-list\">\n<li>est\u00e9re elf\u00e1rad,<\/li>\n\n\n\n<li>merev a nyaka,<\/li>\n\n\n\n<li>fesz\u00fcl a v\u00e1lla,<\/li>\n\n\n\n<li>der\u00e9kt\u00e1ji diszkomfort jelentkezik.<\/li>\n<\/ul>\n\n\n\n<p>Ilyenkor a gond gyakran <strong>nem a sz\u00e9k<\/strong>, hanem az \u00edr\u00f3asztal.<\/p>\n\n\n\n<p>Ha az \u00edr\u00f3asztal:<\/p>\n\n\n\n<ul class=\"wp-block-list\">\n<li>t\u00fal alacsony \u2192 a vezet\u0151 el\u0151red\u0151l,<\/li>\n\n\n\n<li>t\u00fal magas \u2192 a v\u00e1llak megemelkednek,<\/li>\n\n\n\n<li>t\u00fal sek\u00e9ly \u2192 a sz\u00e9k h\u00e1tt\u00e1ml\u00e1ja nem haszn\u00e1lhat\u00f3,<\/li>\n\n\n\n<li>rosszul tagolt \u2192 a vezet\u0151 csavarodva \u00fcl,<\/li>\n<\/ul>\n\n\n\n<p>akkor a sz\u00e9k akt\u00edv elemei (der\u00e9kt\u00e1masz, h\u00e1tt\u00e1mla, szinkronmechanika) <strong>nem tudnak m\u0171k\u00f6dni<\/strong>. A sz\u00e9k \u201estatikus b\u00fatorr\u00e1\u201d v\u00e1lik egy dinamikus eszk\u00f6z helyett.<\/p>\n\n\n\n<h3 class=\"wp-block-heading\"><strong>Mikroterhel\u00e9sek: a l\u00e1thatatlan ellens\u00e9g<\/strong><\/h3>\n\n\n\n<p>Nem a nagy, hirtelen rossz mozdulatok okozz\u00e1k a vezet\u0151i probl\u00e9m\u00e1k t\u00f6bbs\u00e9g\u00e9t, hanem az \u00fagynevezett <strong>mikroterhel\u00e9sek<\/strong>:<\/p>\n\n\n\n<ul class=\"wp-block-list\">\n<li>enyhe el\u0151rehajl\u00e1s \u00f3r\u00e1kon \u00e1t,<\/li>\n\n\n\n<li>kart\u00e1masz n\u00e9lk\u00fcli alkar-t\u00e1maszt\u00e1s,<\/li>\n\n\n\n<li>folyamatos nyakfesz\u00fcl\u00e9s a monitor ir\u00e1ny\u00e1ba,<\/li>\n\n\n\n<li>aszimmetrikus \u00fcl\u00e9s (f\u00e9loldalas t\u00e1maszkod\u00e1s).<\/li>\n<\/ul>\n\n\n\n<p>Ezek mind <strong>az \u00edr\u00f3asztal\u2013sz\u00e9k rendszerb\u0151l<\/strong> fakadnak, nem k\u00fcl\u00f6n\u00e1ll\u00f3 elemekb\u0151l. Egy rosszul megv\u00e1lasztott asztal lassan \u201eelrontja\u201d m\u00e9g a j\u00f3 sz\u00e9ket is.<\/p>\n\n\n\n<h3 class=\"wp-block-heading\"><strong>F\u00e1rad\u00e1s \u00e9s d\u00f6nt\u00e9si min\u0151s\u00e9g<\/strong><\/h3>\n\n\n\n<p>Vezet\u0151i k\u00f6rnyezetben az ergon\u00f3mia k\u00f6zvetlen hat\u00e1ssal van a d\u00f6nt\u00e9shozatalra is.<\/p>\n\n\n\n<p>Tapasztalati mint\u00e1zat:<\/p>\n\n\n\n<ul class=\"wp-block-list\">\n<li>rossz testtart\u00e1s \u2192 gyorsabb ment\u00e1lis f\u00e1rad\u00e1s,<\/li>\n\n\n\n<li>f\u00e1rad\u00e1s \u2192 r\u00f6videbb f\u00f3kuszid\u0151,<\/li>\n\n\n\n<li>r\u00f6videbb f\u00f3kusz \u2192 fel\u00fcletesebb d\u00f6nt\u00e9sek.<\/li>\n<\/ul>\n\n\n\n<p>Ha a vezet\u0151 a nap m\u00e1sodik fel\u00e9ben \u00f6szt\u00f6n\u00f6sen elhagyja a h\u00e1tt\u00e1ml\u00e1t, el\u0151red\u0151l vagy \u201esz\u00e9tcs\u00faszik\u201d a sz\u00e9kben, az m\u00e1r egy <strong>ergon\u00f3miai rendszerhiba<\/strong> jele, nem szem\u00e9lyes szok\u00e1s.<\/p>\n\n\n\n<h3 class=\"wp-block-heading\"><strong>Mi sz\u00e1m\u00edt j\u00f3 hossz\u00fa t\u00e1von?<\/strong><\/h3>\n\n\n\n<p>Egy j\u00f3l \u00f6sszehangolt \u00edr\u00f3asztal\u2013sz\u00e9k p\u00e1ros:<\/p>\n\n\n\n<ul class=\"wp-block-list\">\n<li>lehet\u0151v\u00e9 teszi a <strong>h\u00e1tt\u00e1mla folyamatos haszn\u00e1lat\u00e1t<\/strong>,<\/li>\n\n\n\n<li>nem k\u00e9nyszer\u00edti el\u0151rehajl\u00e1sra a vezet\u0151t,<\/li>\n\n\n\n<li>t\u00e1mogatja a mozg\u00e1st (nem \u201efix\u00e1lja\u201d az \u00fcl\u00e9st),<\/li>\n\n\n\n<li>cs\u00f6kkenti a napi v\u00e9g\u00e9re jelentkez\u0151 fesz\u00fclts\u00e9get.<\/li>\n<\/ul>\n\n\n\n<p>Fontos k\u00fcl\u00f6nbs\u00e9g:<\/p>\n\n\n\n<p>nem az a j\u00f3 megold\u00e1s, amely \u201eels\u0151re k\u00e9nyelmes\u201d, hanem az, amely <strong>8\u201310 \u00f3ra ut\u00e1n is stabil testtart\u00e1st ad<\/strong>.<\/p>\n\n\n\n<h3 class=\"wp-block-heading\"><strong>Vezet\u0151i specifikum<\/strong><\/h3>\n\n\n\n<p>A vezet\u0151k munk\u00e1ja nem line\u00e1ris:<\/p>\n\n\n\n<ul class=\"wp-block-list\">\n<li>f\u00f3kuszmunka,<\/li>\n\n\n\n<li>t\u00e1rgyal\u00e1s,<\/li>\n\n\n\n<li>telefon,<\/li>\n\n\n\n<li>laptop,<\/li>\n\n\n\n<li>pap\u00edrmunka,<\/li>\n\n\n\n<li>d\u00f6nt\u00e9si helyzetek v\u00e1ltj\u00e1k egym\u00e1st.<\/li>\n<\/ul>\n\n\n\n<p>Ez\u00e9rt az \u00edr\u00f3asztal \u00e9s a sz\u00e9k kapcsolat\u00e1nak <strong>alkalmazkodnia kell a v\u00e1lt\u00e1sokhoz<\/strong>, nem csak egyetlen testhelyzetre optimaliz\u00e1lva lennie.<\/p>\n\n\n\n<h2 class=\"wp-block-heading\"><strong>5. Gyakori hiba: k\u00fcl\u00f6n v\u00e1lasztani a sz\u00e9ket \u00e9s az \u00edr\u00f3asztalt<\/strong><\/h2>\n\n\n\n<p>Az egyik legtipikusabb vezet\u0151i hiba, hogy az \u00edr\u00f3asztal \u00e9s a sz\u00e9k <strong>k\u00fcl\u00f6n d\u00f6nt\u00e9sk\u00e9nt<\/strong> sz\u00fcletik meg.<\/p>\n\n\n\n<p>A folyamat gyakran \u00edgy n\u00e9z ki:<\/p>\n\n\n\n<ol start=\"1\" class=\"wp-block-list\">\n<li>kiv\u00e1lasztanak egy \u201ej\u00f3\u201d vezet\u0151i sz\u00e9ket,<\/li>\n\n\n\n<li>k\u00fcl\u00f6n, k\u00e9s\u0151bb v\u00e1lasztanak egy \u201esz\u00e9p\u201d vagy praktikus \u00edr\u00f3asztalt,<\/li>\n\n\n\n<li>majd megpr\u00f3b\u00e1lj\u00e1k egym\u00e1shoz igaz\u00edtani \u0151ket.<\/li>\n<\/ol>\n\n\n\n<p>Ez azonban ford\u00edtva m\u0171k\u00f6dik j\u00f3l.<\/p>\n\n\n\n<h3 class=\"wp-block-heading\"><strong>Mi\u00e9rt probl\u00e9ma ez?<\/strong><\/h3>\n\n\n\n<p>Az \u00edr\u00f3asztal <strong>meghat\u00e1rozza a sz\u00e9k m\u0171k\u00f6d\u00e9si tartom\u00e1ny\u00e1t<\/strong>:<\/p>\n\n\n\n<ul class=\"wp-block-list\">\n<li>a be\u00fcl\u00e9si magass\u00e1got,<\/li>\n\n\n\n<li>a kart\u00e1masz poz\u00edci\u00f3j\u00e1t,<\/li>\n\n\n\n<li>a h\u00e1tt\u00e1mla d\u0151l\u00e9ssz\u00f6g\u00e9nek haszn\u00e1lhat\u00f3s\u00e1g\u00e1t,<\/li>\n\n\n\n<li>a l\u00e1bt\u00e9r mozg\u00e1ster\u00e9t.<\/li>\n<\/ul>\n\n\n\n<p>Ha az \u00edr\u00f3asztal nem ehhez igazodik, akkor:<\/p>\n\n\n\n<ul class=\"wp-block-list\">\n<li>a sz\u00e9k be\u00e1ll\u00edt\u00e1sai kompromisszumm\u00e1 v\u00e1lnak,<\/li>\n\n\n\n<li>a vezet\u0151 \u201eelviseli\u201d az \u00fcl\u00e9st ahelyett, hogy haszn\u00e1ln\u00e1,<\/li>\n\n\n\n<li>az ergon\u00f3mia csak elm\u00e9letben l\u00e9tezik.<\/li>\n<\/ul>\n\n\n\n<h3 class=\"wp-block-heading\"><strong>Tipikus rossz p\u00e1ros\u00edt\u00e1sok<\/strong><\/h3>\n\n\n\n<p><strong>1. Pr\u00e9mium sz\u00e9k + fix, rossz magass\u00e1g\u00fa asztal<\/strong><\/p>\n\n\n\n<p>\u2192 a sz\u00e9k tudna t\u00f6bbet, de az asztal \u201elefojtja\u201d.<\/p>\n\n\n\n<p><strong>2. Vastag asztallap + alacsony l\u00e1bt\u00e9r<\/strong><\/p>\n\n\n\n<p>\u2192 a kart\u00e1masz nem f\u00e9r be, a vezet\u0151 el\u0151red\u0151l.<\/p>\n\n\n\n<p><strong>3. Sek\u00e9ly asztal + monitorhaszn\u00e1lat<\/strong><\/p>\n\n\n\n<p>\u2192 a h\u00e1tt\u00e1mla elhagy\u00e1sa, nyaki terhel\u00e9s.<\/p>\n\n\n\n<p><strong>4. Design-f\u00f3kusz\u00fa asztal + akt\u00edv sz\u00e9k<\/strong><\/p>\n\n\n\n<p>\u2192 eszt\u00e9tikailag sz\u00e9p, funkcion\u00e1lisan ellentmond\u00e1sos.<\/p>\n\n\n\n<h3 class=\"wp-block-heading\"><strong>Hogyan kellene gondolkodni?<\/strong><\/h3>\n\n\n\n<p>A helyes sorrend:<\/p>\n\n\n\n<ol start=\"1\" class=\"wp-block-list\">\n<li><strong>vezet\u0151 munkam\u00f3dja<\/strong> (\u00fcl\u00e9sid\u0151, mozg\u00e1s, t\u00e1rgyal\u00e1s),<\/li>\n\n\n\n<li><strong>vezet\u0151i sz\u00e9k ergon\u00f3mi\u00e1ja<\/strong> (mit tud, hogyan mozog),<\/li>\n\n\n\n<li><strong>\u00edr\u00f3asztal kialak\u00edt\u00e1sa<\/strong> ehhez igaz\u00edtva.<\/li>\n<\/ol>\n\n\n\n<p>\u00cdgy az asztal nem \u201ekorl\u00e1tozza\u201d a sz\u00e9ket, hanem <strong>keretet ad a m\u0171k\u00f6d\u00e9s\u00e9hez<\/strong>.<\/p>\n\n\n\n<h3 class=\"wp-block-heading\"><strong>Vezet\u0151i szint\u0171 k\u00fcl\u00f6nbs\u00e9g<\/strong><\/h3>\n\n\n\n<p>Egy vezet\u0151i irod\u00e1ban az ergon\u00f3mia nem k\u00e9nyelmi k\u00e9rd\u00e9s, hanem:<\/p>\n\n\n\n<ul class=\"wp-block-list\">\n<li>koncentr\u00e1ci\u00f3s t\u00e9nyez\u0151,<\/li>\n\n\n\n<li>d\u00f6nt\u00e9si min\u0151s\u00e9g,<\/li>\n\n\n\n<li>hossz\u00fa t\u00e1v\u00fa eg\u00e9szs\u00e9gmeg\u0151rz\u00e9s.<\/li>\n<\/ul>\n\n\n\n<p>Ez\u00e9rt a vezet\u0151i \u00edr\u00f3asztal \u00e9s a sz\u00e9k <strong>nem k\u00e9t b\u00fator<\/strong>, hanem <strong>egy rendszer<\/strong>.<\/p>\n\n\n\n<h2 class=\"wp-block-heading\"><strong>Gyors d\u00f6nt\u00e9si checklist: \u00f6sszhangban van-e az \u00edr\u00f3asztal \u00e9s a vezet\u0151i sz\u00e9k?<\/strong><\/h2>\n\n\n\n<p>Az al\u00e1bbi k\u00e9rd\u00e9sek seg\u00edtenek gyorsan eld\u00f6nteni, hogy az \u00edr\u00f3asztal val\u00f3ban t\u00e1mogatja-e a vezet\u0151i sz\u00e9k ergon\u00f3miai m\u0171k\u00f6d\u00e9s\u00e9t.<\/p>\n\n\n\n<p>\u2714\ufe0f <strong>Az \u00edr\u00f3asztal magass\u00e1ga lehet\u0151v\u00e9 teszi<\/strong>, hogy a sz\u00e9k \u00fcl\u0151magass\u00e1g\u00e1t term\u00e9szetes testtart\u00e1sban \u00e1ll\u00edtsa be?<\/p>\n\n\n\n<p>\u2714\ufe0f <strong>A kart\u00e1maszok akad\u00e1ly n\u00e9lk\u00fcl<\/strong> bef\u00e9rnek az asztallap al\u00e1?<\/p>\n\n\n\n<p>\u2714\ufe0f <strong>Van elegend\u0151 l\u00e1bt\u00e9r<\/strong>, ahol a l\u00e1b szabadon mozoghat, nem \u00fctk\u00f6zik merev\u00edt\u0151kbe vagy oldallapokba?<\/p>\n\n\n\n<p>\u2714\ufe0f <strong>A munkafel\u00fclet m\u00e9lys\u00e9ge elegend\u0151<\/strong>, hogy a monitor megfelel\u0151 t\u00e1vols\u00e1gban legyen, h\u00e1tt\u00e1ml\u00e1nak d\u0151lve?<\/p>\n\n\n\n<p>\u2714\ufe0f <strong>A sz\u00e9k mozg\u00e1sfunkci\u00f3i (d\u0151l\u00e9s, ringat\u00e1s)<\/strong> haszn\u00e1lhat\u00f3k an\u00e9lk\u00fcl, hogy az asztal \u201emeg\u00e1ll\u00edtan\u00e1\u201d a mozg\u00e1st?<\/p>\n\n\n\n<p>\u2714\ufe0f <strong>Az asztallap vastags\u00e1ga nem k\u00e9nyszer\u00edti<\/strong> lefel\u00e9 a k\u00f6ny\u00f6ktart\u00e1st vagy el\u0151red\u0151l\u00e9sre a fels\u0151testet?<\/p>\n\n\n\n<p>\u2714\ufe0f <strong>A napi \u00fcl\u00e9sid\u0151h\u00f6z igaz\u00edtott\u00e1k<\/strong> az asztal\u2013sz\u00e9k p\u00e1rost, nem csak eszt\u00e9tikai szempontok alapj\u00e1n?<\/p>\n\n\n\n<blockquote class=\"wp-block-quote is-layout-flow wp-block-quote-is-layout-flow\">\n<p>Ha szeretn\u00e9 \u00e1tfog\u00f3an is \u00e1tl\u00e1tni, hogyan f\u00fcgg \u00f6ssze az \u00edr\u00f3asztal, az ergon\u00f3mia, a t\u00e9rar\u00e1nyok \u00e9s a vezet\u0151i szerep, \u00e9rdemes elolvasnia ezt az \u00f6sszefoglal\u00f3 \u00fatmutat\u00f3t: <strong>\u201e<\/strong><a href=\"https:\/\/www.bathori.hu\/blog\/vezetoi-iroasztal\" data-type=\"link\" data-id=\"https:\/\/www.bathori.hu\/blog\/vezetoi-iroasztal\">Vezet\u0151i \u00edr\u00f3asztal v\u00e1laszt\u00e1sa: m\u00e9retek, elrendez\u00e9s, szerep \u00e9s hossz\u00fa t\u00e1v\u00fa d\u00f6nt\u00e9si szempontok<\/a><strong>\u201d<\/strong><\/p>\n<\/blockquote>\n\n\n\n<h3 class=\"wp-block-heading\"><strong>Gyors \u00e9rtelmez\u00e9s<\/strong><\/h3>\n\n\n\n<ul class=\"wp-block-list\">\n<li>Ha <strong>3 vagy t\u00f6bb k\u00e9rd\u00e9sn\u00e9l bizonytalan<\/strong>, az ergon\u00f3miai rendszer nincs optim\u00e1lisan \u00f6sszehangolva.<\/li>\n\n\n\n<li>Ha <strong>5\u20137 k\u00e9rd\u00e9sre igen a v\u00e1lasz<\/strong>, az \u00edr\u00f3asztal \u00e9s a sz\u00e9k val\u00f3ban egy\u00fctt dolgozik.<\/li>\n\n\n\n<li>Ha <strong>m\u00e1r a kiv\u00e1laszt\u00e1skor egy\u00fctt gondolkodott<\/strong> az asztalr\u00f3l \u00e9s a sz\u00e9kr\u0151l, j\u00f3 es\u00e9llyel hossz\u00fa t\u00e1von is k\u00e9nyelmes megold\u00e1st kap.<\/li>\n<\/ul>\n\n\n\n<p><br>A vezet\u0151i sz\u00e9k ergon\u00f3mi\u00e1ja csak akkor \u00e9rv\u00e9nyes\u00fcl, ha az \u00edr\u00f3asztal kialak\u00edt\u00e1sa nem korl\u00e1tozza annak be\u00e1ll\u00edt\u00e1sait \u00e9s mozg\u00e1s\u00e1t. A k\u00e9t b\u00fator egy\u00fctt alkot funkcion\u00e1lis rendszert \u2013 k\u00fcl\u00f6n v\u00e1lasztva csak kompromisszum sz\u00fcletik.<\/p>\n","protected":false},"excerpt":{"rendered":"<p>A vezet\u0151i sz\u00e9k \u00e9s \u00edr\u00f3asztal ergon\u00f3mia nem k\u00e9t k\u00fcl\u00f6n\u00e1ll\u00f3 k\u00e9rd\u00e9s, hanem egyetlen rendszer r\u00e9sze. M\u00e9gis gyakran k\u00fcl\u00f6n kezelik \u0151ket: el\u0151sz\u00f6r kiv\u00e1lasztanak egy \u201ej\u00f3\u201d vezet\u0151i sz\u00e9ket, majd ehhez pr\u00f3b\u00e1lj\u00e1k ut\u00f3lag hozz\u00e1igaz\u00edtani az \u00edr\u00f3asztalt \u2013 vagy ford\u00edtva. Ennek az eredm\u00e9nye sok esetben az, hogy a munkahely pap\u00edron ergonomikusnak t\u0171nik, a mindennapi haszn\u00e1lat sor\u00e1n m\u00e9gis k\u00e9nyelmetlen, f\u00e1raszt\u00f3, hossz\u00fa &#8230; <a title=\"Hogyan kapcsol\u00f3dik az \u00edr\u00f3asztal a vezet\u0151i sz\u00e9k ergon\u00f3mi\u00e1j\u00e1hoz?\" class=\"read-more\" href=\"https:\/\/www.bathori.hu\/blog\/vezetoi-szek-es-iroasztal-ergonomia\/\" aria-label=\"Read more about Hogyan kapcsol\u00f3dik az \u00edr\u00f3asztal a vezet\u0151i sz\u00e9k ergon\u00f3mi\u00e1j\u00e1hoz?\">Olvass tov\u00e1bb<\/a><\/p>\n","protected":false},"author":1,"featured_media":1121,"comment_status":"closed","ping_status":"closed","sticky":false,"template":"","format":"standard","meta":{"footnotes":""},"categories":[25],"tags":[],"class_list":["post-1114","post","type-post","status-publish","format-standard","has-post-thumbnail","hentry","category-vezetoi-iroasztal"],"_links":{"self":[{"href":"https:\/\/www.bathori.hu\/blog\/wp-json\/wp\/v2\/posts\/1114","targetHints":{"allow":["GET"]}}],"collection":[{"href":"https:\/\/www.bathori.hu\/blog\/wp-json\/wp\/v2\/posts"}],"about":[{"href":"https:\/\/www.bathori.hu\/blog\/wp-json\/wp\/v2\/types\/post"}],"author":[{"embeddable":true,"href":"https:\/\/www.bathori.hu\/blog\/wp-json\/wp\/v2\/users\/1"}],"replies":[{"embeddable":true,"href":"https:\/\/www.bathori.hu\/blog\/wp-json\/wp\/v2\/comments?post=1114"}],"version-history":[{"count":4,"href":"https:\/\/www.bathori.hu\/blog\/wp-json\/wp\/v2\/posts\/1114\/revisions"}],"predecessor-version":[{"id":1118,"href":"https:\/\/www.bathori.hu\/blog\/wp-json\/wp\/v2\/posts\/1114\/revisions\/1118"}],"wp:featuredmedia":[{"embeddable":true,"href":"https:\/\/www.bathori.hu\/blog\/wp-json\/wp\/v2\/media\/1121"}],"wp:attachment":[{"href":"https:\/\/www.bathori.hu\/blog\/wp-json\/wp\/v2\/media?parent=1114"}],"wp:term":[{"taxonomy":"category","embeddable":true,"href":"https:\/\/www.bathori.hu\/blog\/wp-json\/wp\/v2\/categories?post=1114"},{"taxonomy":"post_tag","embeddable":true,"href":"https:\/\/www.bathori.hu\/blog\/wp-json\/wp\/v2\/tags?post=1114"}],"curies":[{"name":"wp","href":"https:\/\/api.w.org\/{rel}","templated":true}]}}