{"id":1105,"date":"2026-01-17T10:00:00","date_gmt":"2026-01-17T08:00:00","guid":{"rendered":"https:\/\/www.bathori.hu\/blog\/?p=1105"},"modified":"2026-01-07T17:36:16","modified_gmt":"2026-01-07T15:36:16","slug":"sokat-ul-a-vezeto-az-iroasztalnal","status":"publish","type":"post","link":"https:\/\/www.bathori.hu\/blog\/sokat-ul-a-vezeto-az-iroasztalnal\/","title":{"rendered":"Mire figyeljen, ha sokat \u00fcl a vezet\u0151 az \u00edr\u00f3asztaln\u00e1l? \u2013 ergon\u00f3mia, eg\u00e9szs\u00e9g \u00e9s teljes\u00edtm\u00e9ny"},"content":{"rendered":"\n<p>Ha sokat \u00fcl a vezet\u0151 az \u00edr\u00f3asztaln\u00e1l, az <strong>\u00fcl\u0151munka min\u0151s\u00e9ge nem k\u00e9nyelmi k\u00e9rd\u00e9s, hanem eg\u00e9szs\u00e9g\u00fcgyi \u00e9s teljes\u00edtm\u00e9nybeli t\u00e9nyez\u0151<\/strong>. A hosszan tart\u00f3 \u00fcl\u00e9s \u2013 m\u00e9g modern irodai k\u00f6rnyezetben is \u2013 k\u00f6zvetlen hat\u00e1ssal van a gerincre, a nyak\u2013v\u00e1ll ter\u00fcletre, a kering\u00e9sre \u00e9s a koncentr\u00e1ci\u00f3s k\u00e9pess\u00e9gre.<\/p>\n\n\n\n<p>Sokan els\u0151sorban a vezet\u0151i sz\u00e9k kiv\u00e1laszt\u00e1s\u00e1ra f\u00f3kusz\u00e1lnak, mik\u00f6zben <strong>az \u00edr\u00f3asztal szerepe legal\u00e1bb ennyire meghat\u00e1roz\u00f3<\/strong>. Az asztal magass\u00e1ga, m\u00e9lys\u00e9ge, l\u00e1btere, a munkafel\u00fclet elrendez\u00e9se \u00e9s az, hogy mennyire igazodik a vezet\u0151 testalkat\u00e1hoz \u00e9s napi rutinj\u00e1hoz, mind befoly\u00e1solj\u00e1k azt, hogy az \u00fcl\u0151munka hossz\u00fa t\u00e1von fenntarthat\u00f3-e.<\/p>\n\n\n\n<p>Ebben a cikkben azt j\u00e1rjuk k\u00f6r\u00fcl, <strong>mire \u00e9rdemes figyelni akkor, ha a vezet\u0151 sokat \u00fcl az \u00edr\u00f3asztaln\u00e1l<\/strong>, \u00e9s hogyan lehet az \u00edr\u00f3asztalt nemcsak eszt\u00e9tikailag, hanem ergon\u00f3miai szempontb\u00f3l is a vezet\u0151i munk\u00e1hoz igaz\u00edtani. Sz\u00f3 lesz a tipikus terhel\u00e9si pontokr\u00f3l, a gyakori hib\u00e1kr\u00f3l, valamint azokr\u00f3l a megold\u00e1sokr\u00f3l, amelyek val\u00f3ban cs\u00f6kkentik a napi fizikai megterhel\u00e9st \u2013 ak\u00e1r egyedi kialak\u00edt\u00e1ssal is.<\/p>\n\n\n\n<p>A c\u00e9l nem az, hogy az \u00edr\u00f3asztal \u201eergon\u00f3miai eszk\u00f6zz\u00e9\u201d v\u00e1ljon, hanem hogy <strong>\u00e9szrev\u00e9tlen\u00fcl t\u00e1mogassa a vezet\u0151 eg\u00e9szs\u00e9g\u00e9t, f\u00f3kusz\u00e1t \u00e9s d\u00f6nt\u00e9si k\u00e9pess\u00e9g\u00e9t<\/strong> a mindennapi munka sor\u00e1n.<\/p>\n\n\n\n<h2 class=\"wp-block-heading\"><strong>1. Mit terhel val\u00f3j\u00e1ban a hosszan tart\u00f3 \u00fcl\u00e9s vezet\u0151i szinten?<\/strong><\/h2>\n\n\n\n<p>A hosszan tart\u00f3 \u00fcl\u00e9s nem egyetlen probl\u00e9m\u00e1t okoz, hanem <strong>\u00f6sszetett terhel\u00e9st<\/strong> jelent a vezet\u0151 szervezet\u00e9re. Vezet\u0151i k\u00f6rnyezetben ez a terhel\u00e9s gyakran nagyobb, mint egy \u00e1tlagos irodai munkak\u00f6rben, mert az \u00fcl\u00e9s nem passz\u00edv: d\u00f6nt\u00e9shozatallal, t\u00e1rgyal\u00e1sokkal, f\u00f3kusz\u00e1lt szellemi munk\u00e1val j\u00e1r egy\u00fctt.<\/p>\n\n\n\n<p>A legink\u00e1bb \u00e9rintett ter\u00fcletek:<\/p>\n\n\n\n<ul class=\"wp-block-list\">\n<li><strong>gerinc \u00e9s der\u00e9kt\u00e1j<\/strong> \u2013 k\u00fcl\u00f6n\u00f6sen akkor, ha az \u00edr\u00f3asztal magass\u00e1ga nem illeszkedik a testmagass\u00e1ghoz,<\/li>\n\n\n\n<li><strong>nyak\u2013v\u00e1ll r\u00e9gi\u00f3<\/strong> \u2013 monitorpoz\u00edci\u00f3 \u00e9s asztalm\u00e9lys\u00e9g f\u00fcggv\u00e9ny\u00e9ben,<\/li>\n\n\n\n<li><strong>cs\u00edp\u0151 \u00e9s comb<\/strong> \u2013 a t\u00fal alacsony vagy t\u00fal magas \u00fcl\u00e9s\u2013asztal ar\u00e1ny miatt,<\/li>\n\n\n\n<li><strong>kering\u00e9s<\/strong> \u2013 hosszan tart\u00f3 statikus testhelyzet eset\u00e9n,<\/li>\n\n\n\n<li><strong>ment\u00e1lis f\u00f3kusz<\/strong> \u2013 a fizikai diszkomfort k\u00f6zvetlen\u00fcl rontja a koncentr\u00e1ci\u00f3t \u00e9s a d\u00f6nt\u00e9si temp\u00f3t.<\/li>\n<\/ul>\n\n\n\n<p>Fontos meg\u00e9rteni, hogy a vezet\u0151i \u00fcl\u0151munka <strong>nem r\u00f6vid blokkokb\u00f3l \u00e1ll<\/strong>, hanem gyakran 60\u201390 perces megszak\u00edt\u00e1s n\u00e9lk\u00fcli szakaszokb\u00f3l. Ilyenkor minden apr\u00f3 ergon\u00f3miai elt\u00e9r\u00e9s \u2013 p\u00e1r centim\u00e9terrel rosszabb asztalmagass\u00e1g, t\u00fal m\u00e9ly vagy t\u00fal sek\u00e9ly munkafel\u00fclet, sz\u0171k l\u00e1bt\u00e9r \u2013 <strong>\u00f6sszead\u00f3dik<\/strong>, \u00e9s a nap v\u00e9g\u00e9re f\u00e1radts\u00e1gk\u00e9nt, f\u00e1jdalomk\u00e9nt vagy cs\u00f6kken\u0151 teljes\u00edtm\u00e9nyk\u00e9nt jelentkezik.<\/p>\n\n\n\n<p>A probl\u00e9ma nem az \u00fcl\u00e9s t\u00e9nye \u00f6nmag\u00e1ban, hanem az, ha az \u00edr\u00f3asztal <strong>nem a vezet\u0151 testm\u00e9ret\u00e9hez \u00e9s munkaritmus\u00e1hoz igazodik<\/strong>. Egy rosszul megv\u00e1lasztott asztal mellett a vezet\u0151 \u00f6szt\u00f6n\u00f6sen el\u0151rehajol, v\u00e1llb\u00f3l dolgozik, vagy statikusan fesz\u00edti a test\u00e9t \u2013 mindez hossz\u00fa t\u00e1von t\u00falterhel\u00e9shez vezet.<\/p>\n\n\n\n<p>Ez\u00e9rt a k\u00e9rd\u00e9s nem az, hogy \u201elehet-e sokat \u00fclni\u201d, hanem az, hogy <strong>az \u00edr\u00f3asztal kialak\u00edt\u00e1sa mennyire t\u00e1mogatja az eg\u00e9szs\u00e9ges \u00fcl\u0151poz\u00edci\u00f3t<\/strong> an\u00e9lk\u00fcl, hogy a vezet\u0151nek folyamatosan tudatosan korrig\u00e1lnia kellene a testtart\u00e1s\u00e1t.<\/p>\n\n\n\n<h2 class=\"wp-block-heading\"><strong>2. Az \u00edr\u00f3asztal magass\u00e1ga \u00e9s a testtart\u00e1s k\u00f6z\u00f6tti \u00f6sszef\u00fcgg\u00e9s<\/strong><\/h2>\n\n\n\n<p>Az \u00edr\u00f3asztal magass\u00e1ga az egyik <strong>legkritikusabb, m\u00e9gis leggyakrabban alul\u00e9rt\u00e9kelt<\/strong> t\u00e9nyez\u0151 a vezet\u0151i ergon\u00f3mi\u00e1ban. Mik\u00f6zben a sz\u00e9k be\u00e1ll\u00edt\u00e1s\u00e1ra sokan figyelnek, az asztal magass\u00e1g\u00e1t gyakran adottnak tekintik \u2013 pedig ez hat\u00e1rozza meg a teljes fels\u0151test terhel\u00e9s\u00e9t.<\/p>\n\n\n\n<p>Egy nem megfelel\u0151 magass\u00e1g\u00fa \u00edr\u00f3asztal eset\u00e9n tipikusan az al\u00e1bbi probl\u00e9m\u00e1k jelennek meg:<\/p>\n\n\n\n<ul class=\"wp-block-list\">\n<li><strong>t\u00fal magas asztaln\u00e1l<\/strong> a v\u00e1llak megemelkednek, a nyak fesz\u00fcl, a karok nem tudnak term\u00e9szetes sz\u00f6gben pihenni,<\/li>\n\n\n\n<li><strong>t\u00fal alacsony asztaln\u00e1l<\/strong> a vezet\u0151 el\u0151rehajol, g\u00f6rb\u00fcl a h\u00e1t, n\u0151 a der\u00e9kt\u00e1ji terhel\u00e9s,<\/li>\n\n\n\n<li>hossz\u00fa t\u00e1von mindk\u00e9t eset <strong>kompenz\u00e1ci\u00f3s testtart\u00e1shoz<\/strong> vezet, amelyet a szervezet folyamatos izommunk\u00e1val pr\u00f3b\u00e1l ellens\u00falyozni.<\/li>\n<\/ul>\n\n\n\n<p>A klasszikus \u201e74\u201375 cm-es irodai asztalmagass\u00e1g\u201d csak egy <strong>statisztikai \u00e1tlag<\/strong>, amely val\u00f3j\u00e1ban kev\u00e9s vezet\u0151 testalkat\u00e1hoz illeszkedik t\u00f6k\u00e9letesen. Egy magasabb vagy alacsonyabb testalkat\u00fa vezet\u0151n\u00e9l m\u00e1r n\u00e9h\u00e1ny centim\u00e9ter elt\u00e9r\u00e9s is \u00e9rezhet\u0151 k\u00fcl\u00f6nbs\u00e9get okoz a nap v\u00e9g\u00e9re.<\/p>\n\n\n\n<p>A helyes asztalmagass\u00e1g akkor t\u00e1mogatja az eg\u00e9szs\u00e9ges munkav\u00e9gz\u00e9st, ha:<\/p>\n\n\n\n<ul class=\"wp-block-list\">\n<li>a k\u00f6ny\u00f6k nagyj\u00e1b\u00f3l <strong>90 fokos sz\u00f6gben<\/strong> tud elhelyezkedni,<\/li>\n\n\n\n<li>az alkar term\u00e9szetesen fekszik fel az asztallapra,<\/li>\n\n\n\n<li>a v\u00e1llak laz\u00e1k maradnak,<\/li>\n\n\n\n<li>a gerinc f\u00fcgg\u0151leges helyzetben maradhat an\u00e9lk\u00fcl, hogy tudatos er\u0151fesz\u00edt\u00e9st ig\u00e9nyelne.<\/li>\n<\/ul>\n\n\n\n<p>Vezet\u0151i k\u00f6rnyezetben k\u00fcl\u00f6n\u00f6sen fontos, hogy az \u00edr\u00f3asztal <strong>ne k\u00e9nyszer\u00edtse alkalmazkod\u00e1sra a vezet\u0151t<\/strong>, hanem ford\u00edtva: az asztal igazodjon a vezet\u0151h\u00f6z. Ilyenkor az ergon\u00f3mia nem \u201ebe\u00e1ll\u00edt\u00e1s k\u00e9rd\u00e9se\u201d, hanem a b\u00fator alapvet\u0151 tulajdons\u00e1ga.<\/p>\n\n\n\n<p>Ez az a pont, ahol az egyedi magass\u00e1gban gy\u00e1rtott vezet\u0151i \u00edr\u00f3asztalok val\u00f3di el\u0151nyt jelentenek. Nem extra funkci\u00f3k\u00e9nt, hanem az\u00e9rt, mert lehet\u0151v\u00e9 teszik, hogy az asztal <strong>pontosan a vezet\u0151 testm\u00e9reteihez, \u00fcl\u00e9si szok\u00e1saihoz \u00e9s napi terhel\u00e9s\u00e9hez<\/strong> legyen igaz\u00edtva \u2013 \u00edgy az eg\u00e9szs\u00e9ges testtart\u00e1s nem tudatos d\u00f6nt\u00e9s, hanem term\u00e9szetes \u00e1llapot lesz.<\/p>\n\n\n\n<h2 class=\"wp-block-heading\"><strong>3. A vezet\u0151i munkast\u00edlus hat\u00e1sa az ide\u00e1lis asztalmagass\u00e1gra<\/strong><\/h2>\n\n\n\n<p>Az ide\u00e1lis \u00edr\u00f3asztalmagass\u00e1g nem kiz\u00e1r\u00f3lag testalkati k\u00e9rd\u00e9s. Legal\u00e1bb ennyire meghat\u00e1roz\u00f3, <strong>hogyan dolgozik a vezet\u0151 a nap folyam\u00e1n<\/strong>, milyen tev\u00e9kenys\u00e9gek domin\u00e1lnak, \u00e9s milyen szerepben haszn\u00e1lja az \u00edr\u00f3asztalt.<\/p>\n\n\n\n<p>Egy vezet\u0151i iroda ritk\u00e1n \u201eegyfunkci\u00f3s\u201d munkak\u00f6rnyezet. Ugyanazon az asztalon zajlik:<\/p>\n\n\n\n<ul class=\"wp-block-list\">\n<li>f\u00f3kusz\u00e1lt egy\u00e9ni munka,<\/li>\n\n\n\n<li>d\u00f6nt\u00e9s-el\u0151k\u00e9sz\u00edt\u00e9s,<\/li>\n\n\n\n<li>egyeztet\u00e9s munkat\u00e1rsakkal,<\/li>\n\n\n\n<li>t\u00e1rgyal\u00e1s k\u00fcls\u0151 partnerekkel,<\/li>\n\n\n\n<li>online meetingek,<\/li>\n\n\n\n<li>dokumentumok \u00e1ttekint\u00e9se vagy al\u00e1\u00edr\u00e1sa.<\/li>\n<\/ul>\n\n\n\n<p>Ezek a helyzetek <strong>elt\u00e9r\u0151 testtart\u00e1st \u00e9s elt\u00e9r\u0151 asztalhaszn\u00e1latot<\/strong> ig\u00e9nyelnek.<\/p>\n\n\n\n<h3 class=\"wp-block-heading\"><strong>F\u00f3kuszmunka \u00e9s monitorhaszn\u00e1lat<\/strong><\/h3>\n\n\n\n<p>Amikor a vezet\u0151 hosszabb ideig monitor el\u0151tt dolgozik, az asztalmagass\u00e1g akkor ide\u00e1lis, ha:<\/p>\n\n\n\n<ul class=\"wp-block-list\">\n<li>a k\u00f6ny\u00f6k term\u00e9szetes sz\u00f6gben t\u00e1maszkodik,<\/li>\n\n\n\n<li>a csukl\u00f3 nincs megt\u00f6rve g\u00e9pel\u00e9s k\u00f6zben,<\/li>\n\n\n\n<li>a monitor als\u00f3 \u00e9le nagyj\u00e1b\u00f3l szemmagass\u00e1g alatt helyezkedik el.<\/li>\n<\/ul>\n\n\n\n<p>Ilyenkor az ergonomikus asztalmagass\u00e1g ink\u00e1bb a <strong>prec\u00edz, centim\u00e9terre pontos be\u00e1ll\u00edt\u00e1sr\u00f3l<\/strong> sz\u00f3l, mert a legkisebb elt\u00e9r\u00e9s is gyors f\u00e1rad\u00e1shoz vezethet.<\/p>\n\n\n\n<h3 class=\"wp-block-heading\"><strong>T\u00e1rgyal\u00e1sok \u00e9s szem\u00e9lyes egyeztet\u00e9sek<\/strong><\/h3>\n\n\n\n<p>T\u00e1rgyal\u00e1si helyzetben az \u00edr\u00f3asztal m\u00e1r nem csak munkaeszk\u00f6z, hanem <strong>kommunik\u00e1ci\u00f3s fel\u00fclet<\/strong> is. A t\u00fal alacsony asztal \u201ele\u00fcltet\u201d, a t\u00fal magas pedig t\u00e1vols\u00e1got teremt.<\/p>\n\n\n\n<p>Ide\u00e1lis esetben az asztalmagass\u00e1g:<\/p>\n\n\n\n<ul class=\"wp-block-list\">\n<li>k\u00e9nyelmes \u00fcl\u0151poz\u00edci\u00f3t biztos\u00edt mindk\u00e9t f\u00e9lnek,<\/li>\n\n\n\n<li>nem k\u00e9nyszer\u00edt el\u0151rehajl\u00e1sra,<\/li>\n\n\n\n<li>lehet\u0151v\u00e9 teszi a term\u00e9szetes gesztusokat \u00e9s szemkontaktust.<\/li>\n<\/ul>\n\n\n\n<p>Ez k\u00fcl\u00f6n\u00f6sen fontos akkor, ha a vezet\u0151 rendszeresen az \u00edr\u00f3asztal\u00e1n\u00e1l fogad partnereket, nem k\u00fcl\u00f6n t\u00e1rgyal\u00f3asztaln\u00e1l.<\/p>\n\n\n\n<h3 class=\"wp-block-heading\"><strong>V\u00e1ltakoz\u00f3 munkaritmus<\/strong><\/h3>\n\n\n\n<p>Sok vezet\u0151 napja <strong>dinamikusan v\u00e1ltakozik<\/strong>: intenz\u00edv g\u00e9pel\u00e9s, majd r\u00f6vid egyeztet\u00e9s, azt\u00e1n dokumentumok \u00e1ttekint\u00e9se vagy telefon\u00e1l\u00e1s. Ilyenkor az ide\u00e1lis asztalmagass\u00e1g nem egyetlen \u201et\u00f6k\u00e9letes\u201d \u00e9rt\u00e9k, hanem egy <strong>j\u00f3l eltal\u00e1lt kompromisszum<\/strong>, amely t\u00f6bbf\u00e9le helyzetben is m\u0171k\u00f6dik.<\/p>\n\n\n\n<p>Ebben az esetben k\u00fcl\u00f6n\u00f6sen el\u0151ny\u00f6s, ha az \u00edr\u00f3asztal:<\/p>\n\n\n\n<ul class=\"wp-block-list\">\n<li>nem extr\u00e9m m\u00f3don alacsony vagy magas,<\/li>\n\n\n\n<li>j\u00f3l egy\u00fcttm\u0171k\u00f6dik a vezet\u0151i sz\u00e9kkel,<\/li>\n\n\n\n<li>sz\u00fcks\u00e9g eset\u00e9n ak\u00e1r egyedileg, el\u0151re optimaliz\u00e1lt magass\u00e1gban k\u00e9sz\u00fcl el.<\/li>\n<\/ul>\n\n\n\n<p>A l\u00e9nyeg: az ide\u00e1lis vezet\u0151i \u00edr\u00f3asztalmagass\u00e1g <strong>nem univerz\u00e1lis szabv\u00e1ny<\/strong>, hanem a vezet\u0151 munkast\u00edlus\u00e1nak fizikai lenyomata. Min\u00e9l pontosabban illeszkedik ehhez, ann\u00e1l kev\u00e9sb\u00e9 terheli a szervezetet \u2013 \u00e9s ann\u00e1l ink\u00e1bb t\u00e1mogatja a hat\u00e9kony, nyugodt d\u00f6nt\u00e9shozatalt.<\/p>\n\n\n\n<h2 class=\"wp-block-heading\"><strong>4. \u00dcl\u0151\u2013\u00e1ll\u00f3 ar\u00e1ny: mikor indokolt az \u00e1ll\u00edthat\u00f3 magass\u00e1g vezet\u0151i szinten?<\/strong><\/h2>\n\n\n\n<p>Az ut\u00f3bbi \u00e9vekben az \u00e1ll\u00edthat\u00f3 magass\u00e1g\u00fa \u00edr\u00f3asztalok egyre nagyobb figyelmet kapnak, de <strong>vezet\u0151i k\u00f6rnyezetben<\/strong> k\u00fcl\u00f6n\u00f6sen fontos tiszt\u00e1zni: mikor val\u00f3di el\u0151ny, \u00e9s mikor ink\u00e1bb felesleges kompromisszum.<\/p>\n\n\n\n<h3 class=\"wp-block-heading\"><strong>Mikor jelent val\u00f3di ergon\u00f3miai el\u0151nyt?<\/strong><\/h3>\n\n\n\n<p>Az \u00e1ll\u00edthat\u00f3 magass\u00e1g akkor indokolt, ha a vezet\u0151:<\/p>\n\n\n\n<ul class=\"wp-block-list\">\n<li>napi t\u00f6bb \u00f3r\u00e1t t\u00f6lt egyhelyben \u00fclve,<\/li>\n\n\n\n<li>rendszeresen v\u00e9gez m\u00e9lyf\u00f3kusz\u00fa, monitoros munk\u00e1t,<\/li>\n\n\n\n<li>tudatosan szeretn\u00e9 cs\u00f6kkenteni a der\u00e9k- \u00e9s nyaki terhel\u00e9st,<\/li>\n\n\n\n<li>nyitott arra, hogy a nap folyam\u00e1n <strong>v\u00e1ltogassa a testhelyzetet<\/strong>.<\/li>\n<\/ul>\n\n\n\n<p>Ilyen esetekben az \u00fcl\u0151\u2013\u00e1ll\u00f3 v\u00e1lt\u00e1s nem divat, hanem <strong>prevenci\u00f3s eszk\u00f6z<\/strong>. Az id\u0151szakos fel\u00e1ll\u00e1s jav\u00edtja a kering\u00e9st, cs\u00f6kkenti az izomfesz\u00fcl\u00e9st, \u00e9s hossz\u00fa t\u00e1von m\u00e9rs\u00e9kli a kr\u00f3nikus mozg\u00e1sszervi panaszok kialakul\u00e1s\u00e1t.<\/p>\n\n\n\n<h3 class=\"wp-block-heading\"><strong>Mikor nem hoz val\u00f3di \u00e9rt\u00e9ket?<\/strong><\/h3>\n\n\n\n<p>Nem minden vezet\u0151 sz\u00e1m\u00e1ra jelent el\u0151nyt az elektromosan \u00e1ll\u00edthat\u00f3 asztal. Gyakran tapasztalhat\u00f3, hogy:<\/p>\n\n\n\n<ul class=\"wp-block-list\">\n<li>a funkci\u00f3 kezdetben izgalmas, de ritk\u00e1n haszn\u00e1lj\u00e1k,<\/li>\n\n\n\n<li>t\u00e1rgyal\u00e1sokhoz \u00e9s egyeztet\u00e9sekhez tov\u00e1bbra is \u00fcl\u0151 poz\u00edci\u00f3t v\u00e1lasztanak,<\/li>\n\n\n\n<li>a vezet\u0151 munk\u00e1ja ink\u00e1bb d\u00f6nt\u00e9si \u00e9s kommunik\u00e1ci\u00f3s jelleg\u0171, nem operat\u00edv.<\/li>\n<\/ul>\n\n\n\n<p>Ilyenkor az \u00e1ll\u00edthat\u00f3 mechanika nem felt\u00e9tlen\u00fcl jav\u00edtja a komfortot, viszont <strong>konstrukci\u00f3s \u00e9s eszt\u00e9tikai kompromisszumokat<\/strong> hozhat mag\u00e1val, k\u00fcl\u00f6n\u00f6sen nagy m\u00e9ret\u0171 vezet\u0151i asztalokn\u00e1l.<\/p>\n\n\n\n<h3 class=\"wp-block-heading\"><strong>Fix magass\u00e1g, de j\u00f3l eltal\u00e1lva<\/strong><\/h3>\n\n\n\n<p>Sok esetben a legjobb megold\u00e1s nem az \u00e1ll\u00edthat\u00f3 rendszer, hanem egy <strong>egyedileg meghat\u00e1rozott, optim\u00e1lis fix magass\u00e1g<\/strong>. Ha az \u00edr\u00f3asztal:<\/p>\n\n\n\n<ul class=\"wp-block-list\">\n<li>a vezet\u0151 testmagass\u00e1g\u00e1hoz van igaz\u00edtva,<\/li>\n\n\n\n<li>\u00f6sszhangban van a vezet\u0151i sz\u00e9kkel,<\/li>\n\n\n\n<li>figyelembe veszi a domin\u00e1ns munkav\u00e9gz\u00e9si m\u00f3dot,<\/li>\n<\/ul>\n\n\n\n<p>akkor hossz\u00fa t\u00e1von is ergonomikus \u00e9s stabil munkak\u00f6rnyezetet biztos\u00edt \u2013 felesleges technikai bonyol\u00edt\u00e1s n\u00e9lk\u00fcl.<\/p>\n\n\n\n<p>Ez k\u00fcl\u00f6n\u00f6sen relev\u00e1ns vezet\u0151i irod\u00e1kban, ahol az asztal <strong>nem cser\u00e9lhet\u0151 gyakran<\/strong>, \u00e9s egyszerre kell megfelelnie ergon\u00f3miai, eszt\u00e9tikai \u00e9s reprezent\u00e1ci\u00f3s elv\u00e1r\u00e1soknak.<\/p>\n\n\n\n<h3 class=\"wp-block-heading\"><strong>A d\u00f6nt\u00e9s kulcsa<\/strong><\/h3>\n\n\n\n<p>Az \u00fcl\u0151\u2013\u00e1ll\u00f3 ar\u00e1ny k\u00e9rd\u00e9se teh\u00e1t nem technol\u00f3giai, hanem <strong>haszn\u00e1lati d\u00f6nt\u00e9s<\/strong>. Az ide\u00e1lis megold\u00e1s mindig abb\u00f3l indul ki, hogy a vezet\u0151 hogyan dolgozik a mindennapokban \u2013 nem abb\u00f3l, hogy mi sz\u00e1m\u00edt trendinek.<\/p>\n\n\n\n<p>A j\u00f3l megv\u00e1lasztott asztalmagass\u00e1g (ak\u00e1r fix, ak\u00e1r \u00e1ll\u00edthat\u00f3) akkor j\u00f3, ha <strong>\u00e9szrev\u00e9tlen\u00fcl t\u00e1mogatja<\/strong> a vezet\u0151t, nem pedig alkalmazkod\u00e1st k\u00f6vetel t\u0151le.<\/p>\n\n\n\n<h2 class=\"wp-block-heading\"><strong>5. Tipikus ergon\u00f3miai hib\u00e1k, amelyek hossz\u00fa t\u00e1von teljes\u00edtm\u00e9nyroml\u00e1shoz vezetnek<\/strong><\/h2>\n\n\n\n<p>A vezet\u0151i \u00edr\u00f3asztal ergon\u00f3mi\u00e1j\u00e1val kapcsolatban a legnagyobb probl\u00e9m\u00e1t nem a rossz sz\u00e1nd\u00e9k, hanem a <strong>rossz beidegz\u0151d\u00e9sek<\/strong> okozz\u00e1k. Olyan d\u00f6nt\u00e9sek, amelyek els\u0151re k\u00e9nyelmesnek vagy \u201eelfogadhat\u00f3nak\u201d t\u0171nnek, de h\u00f3napok\u2013\u00e9vek alatt folyamatos fizikai \u00e9s ment\u00e1lis terhel\u00e9st eredm\u00e9nyeznek.<\/p>\n\n\n\n<h3 class=\"wp-block-heading\"><strong>1. \u201eEgy magass\u00e1g mindenkinek j\u00f3\u201d szeml\u00e9let<\/strong><\/h3>\n\n\n\n<p>Az egyik leggyakoribb hiba, amikor az \u00edr\u00f3asztal magass\u00e1g\u00e1t szabv\u00e1ny\u00e9rt\u00e9kek alapj\u00e1n v\u00e1lasztj\u00e1k meg, an\u00e9lk\u00fcl hogy figyelembe venn\u00e9k:<\/p>\n\n\n\n<ul class=\"wp-block-list\">\n<li>a vezet\u0151 testmagass\u00e1g\u00e1t,<\/li>\n\n\n\n<li>az \u00fcl\u0151poz\u00edci\u00f3j\u00e1t,<\/li>\n\n\n\n<li>a haszn\u00e1lt sz\u00e9k t\u00edpus\u00e1t,<\/li>\n\n\n\n<li>a munkav\u00e9gz\u00e9s jelleg\u00e9t (monitoros, pap\u00edralap\u00fa, vegyes).<\/li>\n<\/ul>\n\n\n\n<p>Ez k\u00fcl\u00f6n\u00f6sen probl\u00e9m\u00e1s vezet\u0151i szinten, ahol az asztal napi t\u00f6bb \u00f3r\u00e1n kereszt\u00fcl <strong>\u00e1lland\u00f3 testtart\u00e1st k\u00e9nyszer\u00edt ki<\/strong>. A rosszul eltal\u00e1lt magass\u00e1g v\u00e1ll-, nyak- \u00e9s der\u00e9kfesz\u00fclts\u00e9ghez vezet, amely fokozatosan rontja a koncentr\u00e1ci\u00f3t \u00e9s a d\u00f6nt\u00e9shozatali min\u0151s\u00e9get.<\/p>\n\n\n\n<h3 class=\"wp-block-heading\"><strong>2. Rosszul p\u00e1ros\u00edtott sz\u00e9k\u2013asztal kombin\u00e1ci\u00f3<\/strong><\/h3>\n\n\n\n<p>\u00d6nmag\u00e1ban egy j\u00f3 vezet\u0151i sz\u00e9k nem garancia a k\u00e9nyelmes munkav\u00e9gz\u00e9sre. Ha az asztal magass\u00e1ga \u00e9s a sz\u00e9k be\u00e1ll\u00edt\u00e1si tartom\u00e1nya nincs \u00f6sszhangban:<\/p>\n\n\n\n<ul class=\"wp-block-list\">\n<li>a kart\u00e1masz nem t\u00e1maszt, hanem fesz\u00edt,<\/li>\n\n\n\n<li>a csukl\u00f3 t\u00fal magas vagy t\u00fal alacsony sz\u00f6gbe ker\u00fcl,<\/li>\n\n\n\n<li>a v\u00e1llak folyamatosan megemelkedett helyzetben maradnak.<\/li>\n<\/ul>\n\n\n\n<p>Ez a fajta <strong>finom, de \u00e1lland\u00f3 izomfesz\u00fcl\u00e9s<\/strong> sokszor \u00e9szrev\u00e9tlen, m\u00e9gis az egyik leggyakoribb oka a vezet\u0151i kif\u00e1rad\u00e1snak.<\/p>\n\n\n\n<h3 class=\"wp-block-heading\"><strong>3. T\u00fal m\u00e9ly vagy t\u00fal sek\u00e9ly munkafel\u00fclet<\/strong><\/h3>\n\n\n\n<p>Ergon\u00f3miai szempontb\u00f3l nem csak a magass\u00e1g sz\u00e1m\u00edt. A munkafel\u00fclet m\u00e9lys\u00e9ge legal\u00e1bb ennyire fontos.<\/p>\n\n\n\n<ul class=\"wp-block-list\">\n<li>T\u00fal sek\u00e9ly asztallapn\u00e1l a monitor t\u00fal k\u00f6zel ker\u00fcl, ami nyaki terhel\u00e9st okoz.<\/li>\n\n\n\n<li>T\u00fal m\u00e9ly asztaln\u00e1l a billenty\u0171zet \u00e9s az eg\u00e9r el\u00e9r\u00e9s\u00e9hez el\u0151re kell d\u0151lni, ami hossz\u00fa t\u00e1von der\u00e9k- \u00e9s h\u00e1tprobl\u00e9m\u00e1kat eredm\u00e9nyez.<\/li>\n<\/ul>\n\n\n\n<p>Vezet\u0151i irod\u00e1ban a \u201enagyobb jobb\u201d elv itt sem m\u0171k\u00f6dik automatikusan. A m\u00e9retnek <strong>haszn\u00e1lati logik\u00e1t<\/strong> kell k\u00f6vetnie, nem preszt\u00edzsreflexet.<\/p>\n\n\n\n<h3 class=\"wp-block-heading\"><strong>4. Statikus munkav\u00e9gz\u00e9s eg\u00e9sz nap<\/strong><\/h3>\n\n\n\n<p>Sok vezet\u0151 napi 6\u20138 \u00f3r\u00e1t t\u00f6lt szinte mozdulatlan \u00fcl\u0151poz\u00edci\u00f3ban, m\u00e9g akkor is, ha ergonomikus b\u00fatorai vannak. A probl\u00e9ma nem a b\u00fator, hanem az, hogy:<\/p>\n\n\n\n<ul class=\"wp-block-list\">\n<li>nincs tudatos testhelyzet-v\u00e1lt\u00e1s,<\/li>\n\n\n\n<li>az asztal \u00e9s a k\u00f6rnyezet nem \u00f6szt\u00f6n\u00f6z mozg\u00e1sra,<\/li>\n\n\n\n<li>minden funkci\u00f3 egyetlen pontba zs\u00fafol\u00f3dik.<\/li>\n<\/ul>\n\n\n\n<p>A statikus terhel\u00e9s hossz\u00fa t\u00e1von legal\u00e1bb olyan k\u00e1ros, mint a rossz testtart\u00e1s. Ez\u00e9rt fontos, hogy az \u00edr\u00f3asztal \u00e9s a k\u00f6rnyezete <strong>ne csak k\u00e9nyelmes legyen, hanem mozg\u00e1sbar\u00e1t is<\/strong>.<\/p>\n\n\n\n<h3 class=\"wp-block-heading\"><strong>5. Ergonomia kontra reprezent\u00e1ci\u00f3 \u2013 hamis dilemm\u00e1k<\/strong><\/h3>\n\n\n\n<p>Gyakori t\u00e9vhit, hogy az ergonomikus megold\u00e1sok \u201eirodai hat\u00e1s\u00faak\u201d, \u00e9s nem illenek egy vezet\u0151i t\u00e9rbe. Ez ma m\u00e1r nem igaz.<\/p>\n\n\n\n<p>A val\u00f3di probl\u00e9ma ink\u00e1bb az, amikor a l\u00e1tv\u00e1ny teljesen fel\u00fcl\u00edrja a haszn\u00e1lhat\u00f3s\u00e1got:<\/p>\n\n\n\n<ul class=\"wp-block-list\">\n<li>t\u00fal vastag asztallapok,<\/li>\n\n\n\n<li>t\u00fal alacsony, \u201emonument\u00e1lis\u201d ar\u00e1nyok,<\/li>\n\n\n\n<li>merev, nem \u00e1ll\u00edthat\u00f3 poz\u00edci\u00f3k.<\/li>\n<\/ul>\n\n\n\n<p>Ezek r\u00f6vid t\u00e1von tekint\u00e9lyt sug\u00e1rozhatnak, hossz\u00fa t\u00e1von viszont <strong>fizikai \u00e9s ment\u00e1lis f\u00e1rad\u00e1st<\/strong> okoznak. A j\u00f3l megtervezett vezet\u0151i \u00edr\u00f3asztal \u00fagy ergonomikus, hogy k\u00f6zben nem vesz\u00edt a megjelen\u00e9s\u00e9b\u0151l.<\/p>\n\n\n\n<h2 class=\"wp-block-heading\"><strong>Gyors d\u00f6nt\u00e9si checklist: ergonomikus-e az \u00d6n vezet\u0151i \u00edr\u00f3asztala?<\/strong><\/h2>\n\n\n\n<p>Az al\u00e1bbi k\u00e9rd\u00e9sek seg\u00edtenek gyorsan felm\u00e9rni, hogy a jelenlegi vezet\u0151i \u00edr\u00f3asztal val\u00f3ban t\u00e1mogatja-e a napi munkav\u00e9gz\u00e9st, vagy ink\u00e1bb \u00e9szrev\u00e9tlen\u00fcl terheli a szervezetet.<\/p>\n\n\n\n<p><strong>Az \u00edr\u00f3asztal magass\u00e1ga<\/strong><\/p>\n\n\n\n<ul class=\"wp-block-list\">\n<li>Az asztal magass\u00e1ga igazodik az \u00d6n testmagass\u00e1g\u00e1hoz?<\/li>\n\n\n\n<li>\u00dcl\u00e9s k\u00f6zben az alkar term\u00e9szetes sz\u00f6gben t\u00e1maszkodik az asztallapon?<\/li>\n\n\n\n<li>Nem kell a v\u00e1ll\u00e1t megemelnie g\u00e9pel\u00e9s k\u00f6zben?<\/li>\n<\/ul>\n\n\n\n<p><strong>Sz\u00e9k\u2013asztal \u00f6sszhang<\/strong><\/p>\n\n\n\n<ul class=\"wp-block-list\">\n<li>A vezet\u0151i sz\u00e9k kart\u00e1masza val\u00f3ban tehermentes\u00edti a v\u00e1llat?<\/li>\n\n\n\n<li>A sz\u00e9k \u00e9s az asztal egy\u00fcttese nem k\u00e9nyszer\u00edti el\u0151red\u0151l\u00e9sre?<\/li>\n\n\n\n<li>A k\u00f6ny\u00f6k \u00e9s a csukl\u00f3 nincs tart\u00f3s fesz\u00edtett helyzetben?<\/li>\n<\/ul>\n\n\n\n<p><strong>Munkafel\u00fclet m\u00e9rete \u00e9s el\u00e9rhet\u0151s\u00e9ge<\/strong><\/p>\n\n\n\n<ul class=\"wp-block-list\">\n<li>A monitor szemmagass\u00e1gban van, nem t\u00fal k\u00f6zel \u00e9s nem t\u00fal t\u00e1vol?<\/li>\n\n\n\n<li>Az eg\u00e9r \u00e9s billenty\u0171zet el\u00e9r\u00e9s\u00e9hez nem kell el\u0151rehajolnia?<\/li>\n\n\n\n<li>A gyakran haszn\u00e1lt eszk\u00f6z\u00f6k karny\u00fajt\u00e1snyira vannak?<\/li>\n<\/ul>\n\n\n\n<p><strong>Testhelyzet \u00e9s terhel\u00e9s<\/strong><\/p>\n\n\n\n<ul class=\"wp-block-list\">\n<li>Napk\u00f6zben rendszeresen v\u00e1ltoztat testhelyzetet?<\/li>\n\n\n\n<li>Az \u00edr\u00f3asztal k\u00f6rnyezete nem k\u00e9nyszer\u00edti hossz\u00fa ideig statikus \u00fcl\u00e9sre?<\/li>\n\n\n\n<li>Nincs rendszeres nyak-, v\u00e1ll- vagy der\u00e9kfesz\u00fclts\u00e9g a munkanap v\u00e9g\u00e9n?<\/li>\n<\/ul>\n\n\n\n<p><strong>Vezet\u0151i munkast\u00edlus<\/strong><\/p>\n\n\n\n<ul class=\"wp-block-list\">\n<li>Az \u00edr\u00f3asztal t\u00e1mogatja a f\u00f3kusz\u00e1lt munk\u00e1t \u00e9s a t\u00e1rgyal\u00e1sokat is?<\/li>\n\n\n\n<li>Nem kell kompromisszumot k\u00f6tnie a k\u00e9nyelem \u00e9s a reprezent\u00e1ci\u00f3 k\u00f6z\u00f6tt?<\/li>\n\n\n\n<li>A b\u00fator alkalmazkodik \u00d6nh\u00f6z, nem ford\u00edtva?<\/li>\n<\/ul>\n\n\n\n<h3 class=\"wp-block-heading\"><strong>Gyors \u00e9rtelmez\u00e9s<\/strong><\/h3>\n\n\n\n<ul class=\"wp-block-list\">\n<li><strong>Ha a legt\u00f6bb k\u00e9rd\u00e9sre igen a v\u00e1lasz:<\/strong> az \u00edr\u00f3asztal ergon\u00f3miai szempontb\u00f3l megfelel\u0151.<\/li>\n\n\n\n<li><strong>Ha t\u00f6bb pontn\u00e1l bizonytalan:<\/strong> \u00e9rdemes finomhangolni a magass\u00e1got, elrendez\u00e9st.<\/li>\n\n\n\n<li><strong>Ha t\u00f6bb k\u00e9rd\u00e9sre nem a v\u00e1lasz:<\/strong> az \u00edr\u00f3asztal hossz\u00fa t\u00e1von teljes\u00edtm\u00e9nyroml\u00e1shoz vezethet.<\/li>\n<\/ul>\n\n\n\n<blockquote class=\"wp-block-quote is-layout-flow wp-block-quote-is-layout-flow\">\n<p><strong>\u00d6sszefoglalva:<\/strong> a vezet\u0151i \u00edr\u00f3asztal ergon\u00f3mi\u00e1ja akkor megfelel\u0151, ha hossz\u00fa \u00f3r\u00e1kon \u00e1t is t\u00e1mogatja a f\u00f3kuszt \u00e9s nem von el ment\u00e1lis energi\u00e1t.<\/p>\n\n\n\n<p><strong>Fontos:<\/strong> vezet\u0151i szinten az ergon\u00f3mia nem k\u00e9nyelmi k\u00e9rd\u00e9s, hanem d\u00f6nt\u00e9shozatali kapacit\u00e1st befoly\u00e1sol\u00f3 t\u00e9nyez\u0151.<\/p>\n<\/blockquote>\n\n\n\n<blockquote class=\"wp-block-quote is-layout-flow wp-block-quote-is-layout-flow\">\n<p>Ha szeretn\u00e9 \u00e1tfog\u00f3 rendszerben l\u00e1tni, hogyan illeszkedik az ergon\u00f3mia, a m\u00e9retez\u00e9s \u00e9s az elrendez\u00e9s a teljes vezet\u0151i munkak\u00f6rnyezetbe, \u00e9rdemes \u00e1tn\u00e9zni a <strong>\u201e<\/strong><a href=\"https:\/\/www.bathori.hu\/blog\/vezetoi-iroasztal\" data-type=\"link\" data-id=\"https:\/\/www.bathori.hu\/blog\/vezetoi-iroasztal\">Vezet\u0151i \u00edr\u00f3asztal v\u00e1laszt\u00e1sa \u2013 teljes \u00fatmutat\u00f3<\/a><strong>\u201d<\/strong> c\u00edm\u0171 \u00f6sszefoglal\u00f3 cikket is.<\/p>\n<\/blockquote>\n\n\n\n<h2 class=\"wp-block-heading\"><strong>\u00d6sszegz\u00e9s<\/strong><\/h2>\n\n\n\n<p>Ha egy vezet\u0151 napi t\u00f6bb \u00f3r\u00e1t t\u00f6lt az \u00edr\u00f3asztal\u00e1n\u00e1l, annak ergon\u00f3mi\u00e1ja k\u00f6zvetlen hat\u00e1ssal van a koncentr\u00e1ci\u00f3ra, az energiaszintre \u00e9s a d\u00f6nt\u00e9sek min\u0151s\u00e9g\u00e9re. A tart\u00f3s \u00fcl\u0151munka nem \u00f6nmag\u00e1ban probl\u00e9ma, hanem akkor v\u00e1lik azz\u00e1, ha a b\u00fatorok nem alkalmazkodnak a testhez \u00e9s a munkast\u00edlushoz.<\/p>\n\n\n\n<p>Egy j\u00f3l megv\u00e1lasztott vezet\u0151i \u00edr\u00f3asztal:<\/p>\n\n\n\n<ul class=\"wp-block-list\">\n<li>t\u00e1mogatja a term\u00e9szetes testtart\u00e1st,<\/li>\n\n\n\n<li>cs\u00f6kkenti az izom- \u00e9s \u00edz\u00fcleti terhel\u00e9st,<\/li>\n\n\n\n<li>seg\u00edti a f\u00f3kusz\u00e1lt munkav\u00e9gz\u00e9st,<\/li>\n\n\n\n<li>\u00e9s hossz\u00fa t\u00e1von is fenntarthat\u00f3 munkak\u00f6rnyezetet teremt.<\/li>\n<\/ul>\n\n\n\n<p>A kulcs nem felt\u00e9tlen\u00fcl az, hogy \u201eergonomikus\u201d felirat szerepeljen a b\u00fatoron, hanem az, hogy az asztal <strong>m\u00e9rete, magass\u00e1ga \u00e9s elrendez\u00e9se val\u00f3ban illeszkedjen az adott vezet\u0151h\u00f6z<\/strong>. Egyedi ig\u00e9nyek eset\u00e9n \u2013 p\u00e9ld\u00e1ul testmagass\u00e1g, munkaritmus vagy t\u00e1rgyal\u00e1si szok\u00e1sok alapj\u00e1n \u2013 az asztal finomhangol\u00e1sa jelent\u0151s k\u00fcl\u00f6nbs\u00e9get tud tenni a mindennapi terhel\u00e9sben.<\/p>\n\n\n\n<p>Vezet\u0151i szinten az ergon\u00f3mia nem extra, hanem alapfelt\u00e9tel. Az a munkak\u00f6rnyezet, amely nem f\u00e1rasztja feleslegesen a testet, hossz\u00fa t\u00e1von a gondolkod\u00e1st is tiszt\u00e1bb\u00e1, a d\u00f6nt\u00e9seket pedig kiegyens\u00falyozottabb\u00e1 teszi.<\/p>\n\n\n\n<p><\/p>\n","protected":false},"excerpt":{"rendered":"<p>Ha sokat \u00fcl a vezet\u0151 az \u00edr\u00f3asztaln\u00e1l, az \u00fcl\u0151munka min\u0151s\u00e9ge nem k\u00e9nyelmi k\u00e9rd\u00e9s, hanem eg\u00e9szs\u00e9g\u00fcgyi \u00e9s teljes\u00edtm\u00e9nybeli t\u00e9nyez\u0151. A hosszan tart\u00f3 \u00fcl\u00e9s \u2013 m\u00e9g modern irodai k\u00f6rnyezetben is \u2013 k\u00f6zvetlen hat\u00e1ssal van a gerincre, a nyak\u2013v\u00e1ll ter\u00fcletre, a kering\u00e9sre \u00e9s a koncentr\u00e1ci\u00f3s k\u00e9pess\u00e9gre. Sokan els\u0151sorban a vezet\u0151i sz\u00e9k kiv\u00e1laszt\u00e1s\u00e1ra f\u00f3kusz\u00e1lnak, mik\u00f6zben az \u00edr\u00f3asztal szerepe legal\u00e1bb &#8230; <a title=\"Mire figyeljen, ha sokat \u00fcl a vezet\u0151 az \u00edr\u00f3asztaln\u00e1l? \u2013 ergon\u00f3mia, eg\u00e9szs\u00e9g \u00e9s teljes\u00edtm\u00e9ny\" class=\"read-more\" href=\"https:\/\/www.bathori.hu\/blog\/sokat-ul-a-vezeto-az-iroasztalnal\/\" aria-label=\"Read more about Mire figyeljen, ha sokat \u00fcl a vezet\u0151 az \u00edr\u00f3asztaln\u00e1l? \u2013 ergon\u00f3mia, eg\u00e9szs\u00e9g \u00e9s teljes\u00edtm\u00e9ny\">Olvass tov\u00e1bb<\/a><\/p>\n","protected":false},"author":1,"featured_media":1111,"comment_status":"closed","ping_status":"closed","sticky":false,"template":"","format":"standard","meta":{"footnotes":""},"categories":[25],"tags":[],"class_list":["post-1105","post","type-post","status-publish","format-standard","has-post-thumbnail","hentry","category-vezetoi-iroasztal"],"_links":{"self":[{"href":"https:\/\/www.bathori.hu\/blog\/wp-json\/wp\/v2\/posts\/1105","targetHints":{"allow":["GET"]}}],"collection":[{"href":"https:\/\/www.bathori.hu\/blog\/wp-json\/wp\/v2\/posts"}],"about":[{"href":"https:\/\/www.bathori.hu\/blog\/wp-json\/wp\/v2\/types\/post"}],"author":[{"embeddable":true,"href":"https:\/\/www.bathori.hu\/blog\/wp-json\/wp\/v2\/users\/1"}],"replies":[{"embeddable":true,"href":"https:\/\/www.bathori.hu\/blog\/wp-json\/wp\/v2\/comments?post=1105"}],"version-history":[{"count":3,"href":"https:\/\/www.bathori.hu\/blog\/wp-json\/wp\/v2\/posts\/1105\/revisions"}],"predecessor-version":[{"id":1110,"href":"https:\/\/www.bathori.hu\/blog\/wp-json\/wp\/v2\/posts\/1105\/revisions\/1110"}],"wp:featuredmedia":[{"embeddable":true,"href":"https:\/\/www.bathori.hu\/blog\/wp-json\/wp\/v2\/media\/1111"}],"wp:attachment":[{"href":"https:\/\/www.bathori.hu\/blog\/wp-json\/wp\/v2\/media?parent=1105"}],"wp:term":[{"taxonomy":"category","embeddable":true,"href":"https:\/\/www.bathori.hu\/blog\/wp-json\/wp\/v2\/categories?post=1105"},{"taxonomy":"post_tag","embeddable":true,"href":"https:\/\/www.bathori.hu\/blog\/wp-json\/wp\/v2\/tags?post=1105"}],"curies":[{"name":"wp","href":"https:\/\/api.w.org\/{rel}","templated":true}]}}