{"id":1097,"date":"2026-01-17T10:00:00","date_gmt":"2026-01-17T08:00:00","guid":{"rendered":"https:\/\/www.bathori.hu\/blog\/?p=1097"},"modified":"2026-01-07T15:30:29","modified_gmt":"2026-01-07T13:30:29","slug":"idealis-vezetoi-iroasztal-magassag","status":"publish","type":"post","link":"https:\/\/www.bathori.hu\/blog\/idealis-vezetoi-iroasztal-magassag\/","title":{"rendered":"Milyen magass\u00e1g\u00fa vezet\u0151i \u00edr\u00f3asztal az ide\u00e1lis? \u2013 ergon\u00f3mia vezet\u0151i szinten"},"content":{"rendered":"\n<p>Az <strong>ide\u00e1lis vezet\u0151i \u00edr\u00f3asztal magass\u00e1g<\/strong> k\u00e9rd\u00e9se sokkal t\u00f6bb, mint ergon\u00f3miai r\u00e9szletk\u00e9rd\u00e9s. Egy vezet\u0151 sz\u00e1m\u00e1ra az \u00edr\u00f3asztal nem csup\u00e1n munkafel\u00fclet, hanem napi t\u00f6bb \u00f3r\u00e1n \u00e1t haszn\u00e1lt d\u00f6nt\u00e9si t\u00e9r, amely k\u00f6zvetlen\u00fcl hat a koncentr\u00e1ci\u00f3ra, a fizikai komfort\u00e9rzetre \u00e9s hossz\u00fa t\u00e1von az eg\u00e9szs\u00e9gre is.<\/p>\n\n\n\n<p>Sokan m\u00e9g mindig \u00fagy v\u00e1lasztanak vezet\u0151i \u00edr\u00f3asztalt, mintha az els\u0151sorban eszt\u00e9tikai elem lenne: st\u00edlus, anyag, megjelen\u00e9s ker\u00fcl el\u0151t\u00e9rbe, mik\u00f6zben az <strong>asztal magass\u00e1ga<\/strong> gyakran adottnak van tekintve. Pedig egy rosszul megv\u00e1lasztott magass\u00e1g \u2013 ak\u00e1r n\u00e9h\u00e1ny centim\u00e9ter elt\u00e9r\u00e9s is \u2013 napi szinten okozhat v\u00e1llfesz\u00fcl\u00e9st, der\u00e9kterhel\u00e9st, csukl\u00f3probl\u00e9m\u00e1kat vagy \u00e9ppen folyamatos \u201emikrof\u00e1rad\u00e1st\u201d, amely \u00e9szrev\u00e9tlen\u00fcl rontja a vezet\u0151i teljes\u00edtm\u00e9nyt.<\/p>\n\n\n\n<p>Vezet\u0151i szinten k\u00fcl\u00f6n\u00f6sen fontos meg\u00e9rteni, hogy az <strong>ergonomikus \u00edr\u00f3asztal magass\u00e1g<\/strong> nem univerz\u00e1lis sz\u00e1m, hanem a testmagass\u00e1g, az \u00fcl\u0151poz\u00edci\u00f3, a haszn\u00e1lt vezet\u0151i sz\u00e9k \u00e9s a munkav\u00e9gz\u00e9s jellege egy\u00fcttese hat\u00e1rozza meg. Egy t\u00e1rgyal\u00e1sokkal, elemz\u00e9sekkel \u00e9s d\u00f6nt\u00e9shozatallal teli munkanap eg\u00e9szen m\u00e1s terhel\u00e9st jelent, mint egy operat\u00edv munkak\u00f6r \u2013 \u00e9s ezt az \u00edr\u00f3asztal magass\u00e1g\u00e1nak is k\u00f6vetnie kell.<\/p>\n\n\n\n<p>Ebben a cikkben r\u00e9szletesen bemutatjuk, <strong>milyen magass\u00e1g\u00fa vezet\u0151i \u00edr\u00f3asztal az ide\u00e1lis<\/strong>, milyen szempontok alapj\u00e1n \u00e9rdemes d\u00f6nteni, mikor el\u00e9g egy fix magass\u00e1g\u00fa megold\u00e1s, \u00e9s mikor v\u00e1lik indokoltt\u00e1 az \u00e1ll\u00edthat\u00f3 \u00edr\u00f3asztal. Nem elm\u00e9leti szab\u00e1lyokat, hanem vezet\u0151i haszn\u00e1latra optimaliz\u00e1lt, gyakorlatban m\u0171k\u00f6d\u0151 szempontokat vesz\u00fcnk v\u00e9gig.<\/p>\n\n\n\n<h2 class=\"wp-block-heading\"><strong>1. Mit jelent az \u201eide\u00e1lis\u201d \u00edr\u00f3asztal-magass\u00e1g vezet\u0151i munkak\u00f6rben?<\/strong><\/h2>\n\n\n\n<p>Az <strong>ide\u00e1lis vezet\u0151i \u00edr\u00f3asztal magass\u00e1g<\/strong> nem egyetlen, mindenkire \u00e9rv\u00e9nyes centim\u00e9ter\u00e9rt\u00e9ket jelent. Vezet\u0151i k\u00f6rnyezetben ez mindig <strong>funkci\u00f3hoz, testalkathoz \u00e9s munkast\u00edlushoz igaz\u00edtott d\u00f6nt\u00e9s<\/strong>, nem pedig katal\u00f3gusadat.<\/p>\n\n\n\n<p>A klasszikus irodai szabv\u00e1nyok szerint az \u00edr\u00f3asztalok magass\u00e1ga jellemz\u0151en <strong>72\u201375 cm<\/strong> k\u00f6z\u00e9 esik. Ez az \u00e9rt\u00e9k azonban els\u0151sorban \u00e1ltal\u00e1nos irodai munk\u00e1ra, billenty\u0171zet- \u00e9s monitorhaszn\u00e1latra lett optimaliz\u00e1lva \u2013 nem pedig komplex vezet\u0151i munkav\u00e9gz\u00e9sre, ahol az \u00fcl\u00e9s, a t\u00e1rgyal\u00e1s, az al\u00e1\u00edr\u00e1s, az elemz\u00e9s \u00e9s a strat\u00e9giai gondolkod\u00e1s folyamatosan v\u00e1ltakozik.<\/p>\n\n\n\n<p>Vezet\u0151i szinten az \u201eide\u00e1lis\u201d magass\u00e1g azt jelenti, hogy az \u00edr\u00f3asztal:<\/p>\n\n\n\n<ul class=\"wp-block-list\">\n<li><strong>nem k\u00e9nyszer\u00edti a vezet\u0151t kompenz\u00e1l\u00f3 testtart\u00e1sra<\/strong>,<\/li>\n\n\n\n<li>lehet\u0151v\u00e9 teszi a term\u00e9szetes v\u00e1ll- \u00e9s kartart\u00e1st,<\/li>\n\n\n\n<li>hosszabb \u00fcl\u0151munk\u00e1n\u00e1l sem okoz fokozott terhel\u00e9st,<\/li>\n\n\n\n<li>\u00e9s \u00f6sszhangban van a vezet\u0151i sz\u00e9k \u00fcl\u00e9smagass\u00e1g\u00e1val.<\/li>\n<\/ul>\n\n\n\n<h3 class=\"wp-block-heading\"><strong>Mi\u00e9rt m\u00e1s ez vezet\u0151kn\u00e9l, mint egy \u00e1tlagos munka\u00e1llom\u00e1sn\u00e1l?<\/strong><\/h3>\n\n\n\n<p>Egy vezet\u0151 nem \u201efolyamatosan dolgozik\u201d az \u00edr\u00f3asztaln\u00e1l a klasszikus \u00e9rtelemben. A munkav\u00e9gz\u00e9s jellemz\u0151en <strong>szakaszos<\/strong>:<\/p>\n\n\n\n<ul class=\"wp-block-list\">\n<li>id\u0151nk\u00e9nt intenz\u00edv koncentr\u00e1ci\u00f3 (elemz\u00e9s, d\u00f6nt\u00e9s),<\/li>\n\n\n\n<li>t\u00e1rgyal\u00e1sok az asztaln\u00e1l vagy mellette,<\/li>\n\n\n\n<li>dokumentumok \u00e1tn\u00e9z\u00e9se, al\u00e1\u00edr\u00e1s,<\/li>\n\n\n\n<li>r\u00f6videbb fel\u00e1ll\u00e1sok, mozg\u00e1s az irod\u00e1ban.<\/li>\n<\/ul>\n\n\n\n<p>Ez azt jelenti, hogy az \u00edr\u00f3asztal magass\u00e1g\u00e1nak <strong>t\u00f6bb testhelyzetben is komfortosnak<\/strong> kell maradnia. Egy rosszul megv\u00e1lasztott magass\u00e1g ilyenkor nem azonnal \u201ef\u00e1j\u201d, hanem hosszabb t\u00e1von jelentkezik: v\u00e1llfesz\u00fcl\u00e9s, der\u00e9kmerevs\u00e9g, nyaki terhel\u00e9s form\u00e1j\u00e1ban.<\/p>\n\n\n\n<h3 class=\"wp-block-heading\"><strong>A testmagass\u00e1g szerepe \u2013 mi\u00e9rt nem el\u00e9g az \u00e1tlag?<\/strong><\/h3>\n\n\n\n<p>Az ide\u00e1lis vezet\u0151i \u00edr\u00f3asztal magass\u00e1g mindig <strong>relat\u00edv<\/strong>. K\u00e9t azonos magass\u00e1g\u00fa \u00edr\u00f3asztal teljesen elt\u00e9r\u0151 komfort\u00e9rzetet adhat egy 170 cm \u00e9s egy 190 cm magas vezet\u0151nek \u2013 m\u00e9g akkor is, ha ugyanazt a sz\u00e9ket haszn\u00e1lj\u00e1k.<\/p>\n\n\n\n<p>\u00c1ltal\u00e1nos ir\u00e1nyelvk\u00e9nt elmondhat\u00f3:<\/p>\n\n\n\n<ul class=\"wp-block-list\">\n<li>alacsonyabb testmagass\u00e1gn\u00e1l a standard asztalok gyakran <strong>t\u00fal magasnak \u00e9rz\u0151dnek<\/strong>,<\/li>\n\n\n\n<li>magasabb vezet\u0151kn\u00e9l viszont <strong>t\u00fal alacsonyak<\/strong>, ami el\u0151rehajl\u00e1st \u00e9s v\u00e1llterhel\u00e9st okoz.<\/li>\n<\/ul>\n\n\n\n<p>Ez\u00e9rt vezet\u0151i k\u00f6rnyezetben az \u201eide\u00e1lis\u201d magass\u00e1g nem a katal\u00f3gusban d\u0151l el, hanem ott, ahol a vezet\u0151 <strong>t\u00e9nylegesen haszn\u00e1lja<\/strong> az asztalt \u2013 a saj\u00e1t sz\u00e9k\u00e9vel, saj\u00e1t munkaritmus\u00e1ban.<\/p>\n\n\n\n<h3 class=\"wp-block-heading\"><strong>Vezet\u0151i szempont: komfort \u2260 k\u00e9nyelem<\/strong><\/h3>\n\n\n\n<p>Fontos k\u00fcl\u00f6nbs\u00e9get tenni a k\u00e9nyelem \u00e9s az ergonomikus komfort k\u00f6z\u00f6tt. Egy t\u00fal alacsony vagy t\u00fal magas \u00edr\u00f3asztal r\u00f6vid ideig ak\u00e1r \u201ek\u00e9nyelmesnek\u201d is t\u0171nhet, mert megszoktuk. Hossz\u00fa t\u00e1von viszont ezek a kompromisszumok <strong>csendes teljes\u00edtm\u00e9nyrombol\u00f3 t\u00e9nyez\u0151v\u00e9<\/strong> v\u00e1lnak.<\/p>\n\n\n\n<p>Vezet\u0151i szinten az ide\u00e1lis \u00edr\u00f3asztal-magass\u00e1g c\u00e9lja nem az, hogy \u201e\u00e9szrev\u00e9tlen legyen\u201d, hanem az, hogy <strong>ne vonjon el ment\u00e1lis energi\u00e1t<\/strong> a d\u00f6nt\u00e9shozatalr\u00f3l. Ha a test folyamatosan alkalmazkodni k\u00e9nyszer\u00fcl, az a f\u00f3kusz rov\u00e1s\u00e1ra megy.<\/p>\n\n\n\n<h2 class=\"wp-block-heading\"><strong>2. Konkr\u00e9t magass\u00e1gtartom\u00e1nyok \u2013 mikor el\u00e9g a standard, \u00e9s mikor nem?<\/strong><\/h2>\n\n\n\n<p>A gyakorlatban a legt\u00f6bb vezet\u0151i \u00edr\u00f3asztal <strong>72\u201375 cm<\/strong> k\u00f6z\u00f6tti magass\u00e1ggal k\u00e9sz\u00fcl. Ez nem v\u00e9letlen: ez az a tartom\u00e1ny, amely a legt\u00f6bb irodai sz\u00e9khez \u00e9s testmagass\u00e1ghoz \u201eelfogadhat\u00f3 kompromisszumot\u201d ad.<\/p>\n\n\n\n<p>A k\u00e9rd\u00e9s vezet\u0151i szinten nem az, hogy <strong>haszn\u00e1lhat\u00f3-e<\/strong> ez a magass\u00e1g, hanem az, hogy <strong>optim\u00e1lis-e hossz\u00fa t\u00e1von<\/strong>.<\/p>\n\n\n\n<h3 class=\"wp-block-heading\"><strong>Ir\u00e1nyad\u00f3 tartom\u00e1nyok testmagass\u00e1g szerint<\/strong><\/h3>\n\n\n\n<p>Tapasztalati alapon a k\u00f6vetkez\u0151 \u00f6sszef\u00fcgg\u00e9sek figyelhet\u0151k meg:<\/p>\n\n\n\n<ul class=\"wp-block-list\">\n<li><strong>165\u2013175 cm testmagass\u00e1g<\/strong> \u2192 ide\u00e1lis asztalmagass\u00e1g gyakran <strong>70\u201372 cm<\/strong> A standard 75 cm sok esetben m\u00e1r enyhe v\u00e1ll- \u00e9s csukl\u00f3terhel\u00e9st okoz.<\/li>\n\n\n\n<li><strong>175\u2013185 cm testmagass\u00e1g<\/strong> \u2192 \u00e1ltal\u00e1ban j\u00f3l m\u0171k\u00f6dik a <strong>72\u201374 cm<\/strong> Ez az a tartom\u00e1ny, ahol a legt\u00f6bb \u201egy\u00e1ri\u201d vezet\u0151i asztal m\u00e9g k\u00e9nyelmes.<\/li>\n\n\n\n<li><strong>185 cm felett<\/strong> \u2192 sokszor indokolt a <strong>75\u201378 cm<\/strong>, k\u00fcl\u00f6n\u00f6sen, ha a vezet\u0151 magas \u00fcl\u00e9shelyzetben dolgozik Itt a standard m\u00e9retek gyakran m\u00e1r t\u00fal alacsonynak \u00e9rz\u0151dnek.<\/li>\n<\/ul>\n\n\n\n<p>Fontos: ezek <strong>nem szab\u00e1lyok<\/strong>, hanem ir\u00e1nyok. Az ide\u00e1lis magass\u00e1g mindig a <strong>sz\u00e9k\u2013asztal\u2013testmagass\u00e1g h\u00e1rmas\u00e1ban<\/strong> d\u0151l el.<\/p>\n\n\n\n<h3 class=\"wp-block-heading\"><strong>A vezet\u0151i sz\u00e9k hat\u00e1sa \u2013 gyakran ez bor\u00edtja fel az eg\u00e9szet<\/strong><\/h3>\n\n\n\n<p>Sok esetben nem az \u00edr\u00f3asztal \u201erossz\u201d, hanem a vezet\u0151i sz\u00e9k \u00fcl\u00e9smagass\u00e1ga t\u00e9r el az \u00e1tlagt\u00f3l.<\/p>\n\n\n\n<p>Egy vastagabb \u00fcl\u0151p\u00e1rn\u00e1j\u00fa, pr\u00e9mium vezet\u0151i sz\u00e9k:<\/p>\n\n\n\n<ul class=\"wp-block-list\">\n<li>magasabb \u00fcl\u00e9shelyzetet ad,<\/li>\n\n\n\n<li>megemeli a k\u00f6ny\u00f6kszintet,<\/li>\n\n\n\n<li>\u00edgy <strong>magasabb asztalmagass\u00e1got ig\u00e9nyel<\/strong>, mint amit a szabv\u00e1ny felt\u00e9telez.<\/li>\n<\/ul>\n\n\n\n<p>Ilyenkor a klasszikus 72\u201373 cm-es asztal m\u00e1r t\u00fal alacsonynak \u00e9rz\u0151dik, \u00e9s a vezet\u0151 el\u0151rehajolva dolgozik \u2013 an\u00e9lk\u00fcl, hogy tudatos\u00edtan\u00e1 az ok\u00e1t.<\/p>\n\n\n\n<h3 class=\"wp-block-heading\"><strong>Mikor v\u00e1lik kompromisszumm\u00e1 a \u201estandard\u201d magass\u00e1g?<\/strong><\/h3>\n\n\n\n<p>Vezet\u0151i k\u00f6rnyezetben a standard asztalmagass\u00e1g tipikusan akkor v\u00e1lik kompromisszumm\u00e1, ha:<\/p>\n\n\n\n<ul class=\"wp-block-list\">\n<li>a vezet\u0151 <strong>\u00e1tlagt\u00f3l elt\u00e9r\u0151 testmagass\u00e1g\u00fa<\/strong>,<\/li>\n\n\n\n<li>hossz\u00fa ideig \u00fcl egyben az asztaln\u00e1l,<\/li>\n\n\n\n<li>sok \u00edr\u00e1sos vagy elemz\u0151 munka t\u00f6rt\u00e9nik,<\/li>\n\n\n\n<li>a sz\u00e9k \u00fcl\u00e9smagass\u00e1ga nem tipikus,<\/li>\n\n\n\n<li>vagy az asztal r\u00e9szben t\u00e1rgyal\u00e1si funkci\u00f3t is bet\u00f6lt.<\/li>\n<\/ul>\n\n\n\n<p>Ilyenkor a n\u00e9h\u00e1ny centim\u00e9ter elt\u00e9r\u00e9s nem \u201eluxus finomhangol\u00e1s\u201d, hanem <strong>ergon\u00f3miai k\u00fcl\u00f6nbs\u00e9g<\/strong>, ami napi szinten \u00e9rezhet\u0151.<\/p>\n\n\n\n<h3 class=\"wp-block-heading\"><strong>Mi\u00e9rt fontos, hogy legyen mozg\u00e1st\u00e9r a magass\u00e1gban?<\/strong><\/h3>\n\n\n\n<p>Vezet\u0151i \u00edr\u00f3asztaln\u00e1l nem ritka, hogy a tervez\u00e9s sor\u00e1n der\u00fcl ki:<\/p>\n\n\n\n<p>a <strong>74 cm helyett 72 cm<\/strong>, vagy \u00e9pp <strong>76 cm<\/strong> lenne az igaz\u00e1n j\u00f3 megold\u00e1s.<\/p>\n\n\n\n<p>Ez nem extr\u00e9m ig\u00e9ny, hanem a vezet\u0151i haszn\u00e1lat term\u00e9szetes k\u00f6vetkezm\u00e9nye. Az ilyen elt\u00e9r\u00e9sek sokszor <strong>csak akkor der\u00fclnek ki<\/strong>, amikor az asztalt m\u00e1r a konkr\u00e9t irodai k\u00f6rnyezetbe k\u00e9pzelj\u00fck el \u2013 a sz\u00e9kkel, a padl\u00f3val, a t\u00e9rrel egy\u00fctt.<\/p>\n\n\n\n<p>Ez\u00e9rt a vezet\u0151i asztalokn\u00e1l egyre gyakoribb elv\u00e1r\u00e1s, hogy a magass\u00e1g <strong>ne fix adotts\u00e1g<\/strong>, hanem a k\u00f6rnyezethez \u00e9s a vezet\u0151h\u00f6z igaz\u00edthat\u00f3 param\u00e9ter legyen.<\/p>\n\n\n\n<h2 class=\"wp-block-heading\"><strong>3. Hogyan ellen\u0151rizheti gyorsan, hogy j\u00f3-e az \u00edr\u00f3asztala magass\u00e1ga?<\/strong><\/h2>\n\n\n\n<p>A vezet\u0151k t\u00f6bbs\u00e9ge nem az\u00e9rt \u00fcl rossz magass\u00e1gban, mert \u201erosszul v\u00e1lasztott\u201d, hanem mert <strong>soha nem ellen\u0151rizte tudatosan<\/strong>, hogy az adott \u00edr\u00f3asztal val\u00f3ban illeszkedik-e hozz\u00e1.<\/p>\n\n\n\n<p>Az al\u00e1bbi gyors \u00f6nellen\u0151rz\u00e9s seg\u00edt eld\u00f6nteni, hogy az asztal <strong>ergon\u00f3miailag rendben van<\/strong>, vagy csak megszok\u00e1sb\u00f3l haszn\u00e1lhat\u00f3.<\/p>\n\n\n\n<h3 class=\"wp-block-heading\"><strong>1. K\u00f6ny\u00f6ksz\u00f6g teszt (\u00fclve)<\/strong><\/h3>\n\n\n\n<p>\u00dclj\u00f6n le a vezet\u0151i sz\u00e9kbe \u00fagy, ahogy egy \u00e1tlagos munkanapon dolgozik.<\/p>\n\n\n\n<ul class=\"wp-block-list\">\n<li>A v\u00e1ll legyen laza, ne felh\u00fazva<\/li>\n\n\n\n<li>A k\u00f6ny\u00f6k kb. <strong>90\u2013100 fokos sz\u00f6gben<\/strong> hajoljon<\/li>\n\n\n\n<li>Az alkar term\u00e9szetesen fek\u00fcdj\u00f6n az asztallapon vagy a kart\u00e1maszon<\/li>\n<\/ul>\n\n\n\n<p><strong>Ha a k\u00f6ny\u00f6k felfel\u00e9 tol\u00f3dik<\/strong>, az asztal t\u00fal magas.<\/p>\n\n\n\n<p><strong>Ha lefel\u00e9 esik<\/strong>, az asztal t\u00fal alacsony.<\/p>\n\n\n\n<p>Ez az egyik leggyorsabb jelz\u0151je annak, hogy a magass\u00e1g rendben van-e.<\/p>\n\n\n\n<h3 class=\"wp-block-heading\"><strong>2. V\u00e1ll- \u00e9s nyakfesz\u00fcl\u00e9s nap v\u00e9g\u00e9n<\/strong><\/h3>\n\n\n\n<p>\u00c9rdemes nem munka k\u00f6zben, hanem <strong>a nap v\u00e9g\u00e9n<\/strong> megfigyelni a test reakci\u00f3it.<\/p>\n\n\n\n<p>Gyan\u00fas jel lehet, ha:<\/p>\n\n\n\n<ul class=\"wp-block-list\">\n<li>gyakran f\u00e1j vagy merev a nyak,<\/li>\n\n\n\n<li>a v\u00e1llak est\u00e9re fesz\u00fcltek,<\/li>\n\n\n\n<li>\u00f6szt\u00f6n\u00f6sen el\u0151rehajolva dolgozik.<\/li>\n<\/ul>\n\n\n\n<p>Ezek nem \u201e\u00fcl\u0151munka-probl\u00e9m\u00e1k\u201d, hanem gyakran <strong>asztalmagass\u00e1gi elt\u00e9r\u00e9sek k\u00f6vetkezm\u00e9nyei<\/strong>.<\/p>\n\n\n\n<h3 class=\"wp-block-heading\"><strong>3. Billenty\u0171zet \u00e9s eg\u00e9r helyzete<\/strong><\/h3>\n\n\n\n<p>Ha az asztal magass\u00e1ga nem ide\u00e1lis, a vezet\u0151k jellemz\u0151en:<\/p>\n\n\n\n<ul class=\"wp-block-list\">\n<li>t\u00fal k\u00f6zel h\u00fazz\u00e1k magukhoz a billenty\u0171zetet,<\/li>\n\n\n\n<li>a csukl\u00f3t megt\u00f6rve haszn\u00e1lj\u00e1k az egeret,<\/li>\n\n\n\n<li>vagy az alkar folyamatosan \u201elebeg\u201d.<\/li>\n<\/ul>\n\n\n\n<p>Ez hosszabb t\u00e1von csukl\u00f3- \u00e9s alkarf\u00e1rad\u00e1shoz vezet, m\u00e9g akkor is, ha maga az asztal \u201ek\u00e9nyelmesnek t\u0171nik\u201d.<\/p>\n\n\n\n<h3 class=\"wp-block-heading\"><strong>4. T\u00e1rgyal\u00e1si helyzet tesztje<\/strong><\/h3>\n\n\n\n<p>Vezet\u0151i \u00edr\u00f3asztaln\u00e1l fontos, hogy <strong>nem csak munkapoz\u00edci\u00f3ban<\/strong>, hanem t\u00e1rgyal\u00e1s k\u00f6zben is j\u00f3l m\u0171k\u00f6dj\u00f6n a magass\u00e1g.<\/p>\n\n\n\n<p>Figyelje meg:<\/p>\n\n\n\n<ul class=\"wp-block-list\">\n<li>k\u00e9nyelmes-e az asztal, amikor szemben \u00fclnek vele,<\/li>\n\n\n\n<li>nem magas-e t\u00falzottan a vend\u00e9g sz\u00e1m\u00e1ra,<\/li>\n\n\n\n<li>term\u00e9szetes-e a szemkontaktus.<\/li>\n<\/ul>\n\n\n\n<p>Ha az asztal t\u00e1rgyal\u00e1skor \u201efalnak\u201d \u00e9rz\u0151dik, gyakran a <strong>magass\u00e1g \u00e9s a vastag asztallap kombin\u00e1ci\u00f3ja<\/strong> okozza ezt.<\/p>\n\n\n\n<h3 class=\"wp-block-heading\"><strong>5. Mikor \u00e9rdemes biztosra menni?<\/strong><\/h3>\n\n\n\n<p>Ha a fenti pontok k\u00f6z\u00fcl <strong>kett\u0151 vagy t\u00f6bb<\/strong> bizonytalans\u00e1got jelez, akkor az asztal magass\u00e1ga val\u00f3sz\u00edn\u0171leg nem optim\u00e1lis.<\/p>\n\n\n\n<p>Ilyenkor nem felt\u00e9tlen\u00fcl \u00faj asztalra van sz\u00fcks\u00e9g, hanem:<\/p>\n\n\n\n<ul class=\"wp-block-list\">\n<li>\u00e1tgondolt m\u00e9retez\u00e9sre,<\/li>\n\n\n\n<li>a sz\u00e9k\u2013asztal viszony pontos\u00edt\u00e1s\u00e1ra,<\/li>\n\n\n\n<li>vagy adott esetben <strong>n\u00e9h\u00e1ny centim\u00e9teres korrekci\u00f3ra<\/strong>, ami teljesen m\u00e1s munkakomfortot eredm\u00e9nyez.<\/li>\n<\/ul>\n\n\n\n<p>Ez az a pont, ahol a vezet\u0151i \u00edr\u00f3asztal m\u00e1r nem \u201eb\u00fator\u201d, hanem <strong>napi szinten haszn\u00e1lt munkaeszk\u00f6z<\/strong>, amelyn\u00e9l a finomhangol\u00e1s val\u00f3di k\u00fcl\u00f6nbs\u00e9get jelent.<\/p>\n\n\n\n<h2 class=\"wp-block-heading\"><strong>4. Mikor indokolt az \u00e1ll\u00edthat\u00f3 magass\u00e1g\u00fa vezet\u0151i \u00edr\u00f3asztal?<\/strong><\/h2>\n\n\n\n<p>Az \u00e1ll\u00edthat\u00f3 magass\u00e1g\u00fa \u00edr\u00f3asztalok sokszor trendk\u00e9nt jelennek meg, pedig vezet\u0151i k\u00f6rnyezetben <strong>nem minden esetben indokoltak<\/strong>. Fontos k\u00fcl\u00f6nbs\u00e9get tenni divatmegold\u00e1s \u00e9s val\u00f3di ergon\u00f3miai sz\u00fcks\u00e9glet k\u00f6z\u00f6tt.<\/p>\n\n\n\n<h3 class=\"wp-block-heading\"><strong>1. Mikor jelent val\u00f3di el\u0151nyt?<\/strong><\/h3>\n\n\n\n<p>\u00c1ll\u00edthat\u00f3 magass\u00e1g\u00fa vezet\u0151i \u00edr\u00f3asztal akkor hoz k\u00e9zzelfoghat\u00f3 hasznot, ha:<\/p>\n\n\n\n<ul class=\"wp-block-list\">\n<li>a vezet\u0151 <strong>napi t\u00f6bb \u00f3r\u00e1t<\/strong> t\u00f6lt f\u00f3kusz\u00e1lt munk\u00e1val az asztaln\u00e1l,<\/li>\n\n\n\n<li>gyakran v\u00e1lt <strong>\u00fcl\u0151 \u00e9s \u00e1ll\u00f3 munkapoz\u00edci\u00f3<\/strong> k\u00f6z\u00f6tt,<\/li>\n\n\n\n<li>eg\u00e9szs\u00e9g\u00fcgyi okb\u00f3l (der\u00e9k, nyak, gerinc) sz\u00fcks\u00e9ges a terhel\u00e9s cs\u00f6kkent\u00e9se,<\/li>\n\n\n\n<li>tudatosan figyel a munkaritmus\u00e1ra \u00e9s val\u00f3ban haszn\u00e1lja az \u00e1ll\u00f3 funkci\u00f3t.<\/li>\n<\/ul>\n\n\n\n<p>Ilyen esetekben az \u00e1ll\u00edthat\u00f3s\u00e1g nem extra funkci\u00f3, hanem <strong>a munkav\u00e9gz\u00e9s min\u0151s\u00e9g\u00e9t jav\u00edt\u00f3 eszk\u00f6z<\/strong>.<\/p>\n\n\n\n<h3 class=\"wp-block-heading\"><strong>2. Mikor nem ad val\u00f3di \u00e9rt\u00e9ket?<\/strong><\/h3>\n\n\n\n<p>Tapasztalatb\u00f3l l\u00e1tszik, hogy sok vezet\u0151n\u00e9l az \u00e1ll\u00edthat\u00f3 funkci\u00f3:<\/p>\n\n\n\n<ul class=\"wp-block-list\">\n<li>az els\u0151 hetek ut\u00e1n alig ker\u00fcl haszn\u00e1latra,<\/li>\n\n\n\n<li>t\u00e1rgyal\u00e1sok miatt am\u00fagy is \u00fcl\u0151 poz\u00edci\u00f3t ig\u00e9nyel,<\/li>\n\n\n\n<li>reprezentat\u00edv k\u00f6rnyezetben zavar\u00f3 lehet,<\/li>\n\n\n\n<li>vagy egyszer\u0171en nem illeszkedik a vezet\u0151 napi munkast\u00edlus\u00e1hoz.<\/li>\n<\/ul>\n\n\n\n<p>Ilyenkor egy <strong>j\u00f3l m\u00e9retezett, fix magass\u00e1g\u00fa vezet\u0151i \u00edr\u00f3asztal<\/strong> hossz\u00fa t\u00e1von ugyanolyan \u2013 vagy ak\u00e1r jobb \u2013 megold\u00e1s.<\/p>\n\n\n\n<h3 class=\"wp-block-heading\"><strong>3. \u00c1ll\u00edthat\u00f3 magass\u00e1g \u2260 j\u00f3 ergon\u00f3mia<\/strong><\/h3>\n\n\n\n<p>Fontos f\u00e9lre\u00e9rt\u00e9s, hogy az \u00e1ll\u00edthat\u00f3 asztal \u00f6nmag\u00e1ban megoldja az ergon\u00f3miai probl\u00e9m\u00e1kat.<\/p>\n\n\n\n<p>Ha:<\/p>\n\n\n\n<ul class=\"wp-block-list\">\n<li>az asztal alaphelyzetben rosszul van m\u00e9retezve,<\/li>\n\n\n\n<li>a sz\u00e9k nincs megfelel\u0151en be\u00e1ll\u00edtva,<\/li>\n\n\n\n<li>a monitor elhelyez\u00e9se hib\u00e1s,<\/li>\n<\/ul>\n\n\n\n<p>akkor az \u00e1ll\u00edthat\u00f3 mechanika <strong>csak elfedi a probl\u00e9m\u00e1t<\/strong>, nem megoldja.<\/p>\n\n\n\n<p>A j\u00f3 ergon\u00f3mia mindig <strong>rendszerszint\u0171 k\u00e9rd\u00e9s<\/strong>, nem egyetlen funkci\u00f3\u00e9.<\/p>\n\n\n\n<h3 class=\"wp-block-heading\"><strong>4. Alternat\u00edva: pontosan be\u00e1ll\u00edtott fix magass\u00e1g<\/strong><\/h3>\n\n\n\n<p>Sok vezet\u0151 sz\u00e1m\u00e1ra az ide\u00e1lis megold\u00e1s nem az \u00e1ll\u00edthat\u00f3 rendszer, hanem:<\/p>\n\n\n\n<ul class=\"wp-block-list\">\n<li>a testmagass\u00e1ghoz,<\/li>\n\n\n\n<li>a sz\u00e9khez,<\/li>\n\n\n\n<li>a munkast\u00edlushoz<\/li>\n<\/ul>\n\n\n\n<p><strong>pontosan igaz\u00edtott asztalmagass\u00e1g<\/strong>.<\/p>\n\n\n\n<p>Egy ilyen megold\u00e1s:<\/p>\n\n\n\n<ul class=\"wp-block-list\">\n<li>stabilabb,<\/li>\n\n\n\n<li>letisztultabb megjelen\u00e9s\u0171,<\/li>\n\n\n\n<li>kevesebb m\u0171szaki kompromisszumot ig\u00e9nyel,<\/li>\n\n\n\n<li>\u00e9s hossz\u00fa t\u00e1von is k\u00e9nyelmes marad.<\/li>\n<\/ul>\n\n\n\n<p>Ez k\u00fcl\u00f6n\u00f6sen akkor el\u0151ny\u00f6s, ha az \u00edr\u00f3asztal <strong>egyedi m\u00e9retez\u00e9ssel k\u00e9sz\u00fcl<\/strong>, \u00e9s nem szabv\u00e1ny\u00e9rt\u00e9kekhez kell igazodni.<\/p>\n\n\n\n<h3 class=\"wp-block-heading\"><strong>5. Vezet\u0151i k\u00f6rnyezetben a d\u00f6nt\u00e9s mindig funkcion\u00e1lis<\/strong><\/h3>\n\n\n\n<p>Vezet\u0151i irod\u00e1ban az \u00edr\u00f3asztal nem edz\u0151eszk\u00f6z, hanem <strong>d\u00f6nt\u00e9si infrastrukt\u00fara<\/strong>.<\/p>\n\n\n\n<p>\u00c9rdemes teh\u00e1t azt m\u00e9rlegelni:<\/p>\n\n\n\n<ul class=\"wp-block-list\">\n<li>hogyan dolgozik a vezet\u0151 val\u00f3j\u00e1ban,<\/li>\n\n\n\n<li>mennyi id\u0151t t\u00f6lt akt\u00edv munk\u00e1val az asztaln\u00e1l,<\/li>\n\n\n\n<li>\u00e9s milyen szerepet t\u00f6lt be az iroda a napi m\u0171k\u00f6d\u00e9sben.<\/li>\n<\/ul>\n\n\n\n<p>Ha az \u00e1ll\u00edthat\u00f3 funkci\u00f3 val\u00f3ban t\u00e1mogatja ezt, akkor j\u00f3 d\u00f6nt\u00e9s.<\/p>\n\n\n\n<p>Ha nem, akkor egy <strong>j\u00f3l megv\u00e1lasztott, fix magass\u00e1g\u00fa vezet\u0151i \u00edr\u00f3asztal<\/strong> sokkal k\u00f6vetkezetesebb \u00e9s hat\u00e9konyabb megold\u00e1s.<\/p>\n\n\n\n<h2 class=\"wp-block-heading\"><strong>5. Hogyan kapcsol\u00f3dik az \u00edr\u00f3asztal a vezet\u0151i sz\u00e9k ergon\u00f3mi\u00e1j\u00e1hoz?<\/strong><\/h2>\n\n\n\n<p>A vezet\u0151i ergon\u00f3mia egyik leggyakoribb hib\u00e1ja, hogy az \u00edr\u00f3asztalt \u00e9s a sz\u00e9ket <strong>k\u00fcl\u00f6n d\u00f6nt\u00e9sk\u00e9nt<\/strong> kezelik. Val\u00f3j\u00e1ban ez a k\u00e9t elem <strong>egy rendszert alkot<\/strong>, \u00e9s csak egy\u00fctt \u00e9rtelmezhet\u0151k helyesen.<\/p>\n\n\n\n<h3 class=\"wp-block-heading\"><strong>1. Az \u00edr\u00f3asztal nem \u201e\u00f6n\u00e1ll\u00f3 ergon\u00f3miai elem\u201d<\/strong><\/h3>\n\n\n\n<p>Egy vezet\u0151i \u00edr\u00f3asztal magass\u00e1ga \u00f6nmag\u00e1ban nem j\u00f3 vagy rossz.<\/p>\n\n\n\n<p>Csak ahhoz k\u00e9pest \u00e9rtelmezhet\u0151, hogy:<\/p>\n\n\n\n<ul class=\"wp-block-list\">\n<li>milyen \u00fcl\u00e9smagass\u00e1g\u00fa a vezet\u0151i sz\u00e9k,<\/li>\n\n\n\n<li>milyen a sz\u00e9k \u00fcl\u0151lapj\u00e1nak vastags\u00e1ga,<\/li>\n\n\n\n<li>hol helyezkedik el a k\u00f6ny\u00f6kt\u00e1masz,<\/li>\n\n\n\n<li>milyen poz\u00edci\u00f3ban t\u00f6rt\u00e9nik a g\u00e9phaszn\u00e1lat.<\/li>\n<\/ul>\n\n\n\n<p>Ha ezek nincsenek \u00f6sszehangolva, akkor:<\/p>\n\n\n\n<ul class=\"wp-block-list\">\n<li>a v\u00e1ll megemelkedik,<\/li>\n\n\n\n<li>a csukl\u00f3 megt\u00f6rik,<\/li>\n\n\n\n<li>a h\u00e1t als\u00f3 szakasza t\u00falterhel\u0151dik.<\/li>\n<\/ul>\n\n\n\n<h3 class=\"wp-block-heading\"><strong>2. A helyes sorrend: sz\u00e9k \u2192 asztal \u2192 monitor<\/strong><\/h3>\n\n\n\n<p>Ergon\u00f3miai szempontb\u00f3l a helyes d\u00f6nt\u00e9si sorrend:<\/p>\n\n\n\n<ol start=\"1\" class=\"wp-block-list\">\n<li><strong>vezet\u0151i sz\u00e9k kiv\u00e1laszt\u00e1sa \u00e9s be\u00e1ll\u00edt\u00e1sa<\/strong><\/li>\n\n\n\n<li><strong>\u00edr\u00f3asztal magass\u00e1g\u00e1nak ehhez igaz\u00edt\u00e1sa<\/strong><\/li>\n\n\n\n<li><strong>monitor(ok) pozicion\u00e1l\u00e1sa<\/strong><\/li>\n<\/ol>\n\n\n\n<p>Ha ez felcser\u00e9l\u0151dik (pl. k\u00e9sz asztalhoz keres\u00fcnk \u201evalahogy j\u00f3\u201d sz\u00e9ket), akkor kompromisszumos testhelyzet alakul ki.<\/p>\n\n\n\n<h3 class=\"wp-block-heading\"><strong>3. Mit\u0151l lesz val\u00f3ban k\u00e9nyelmes a vezet\u0151i munkapoz\u00edci\u00f3?<\/strong><\/h3>\n\n\n\n<p>A j\u00f3l \u00f6sszehangolt rendszer jellemz\u0151i:<\/p>\n\n\n\n<ul class=\"wp-block-list\">\n<li>a k\u00f6ny\u00f6k kb. 90\u00b0-os sz\u00f6gben t\u00e1maszkodik,<\/li>\n\n\n\n<li>az alkar v\u00edzszintesen fekszik az asztallapon,<\/li>\n\n\n\n<li>a v\u00e1ll nem fesz\u00fcl,<\/li>\n\n\n\n<li>a sz\u00e9k h\u00e1tt\u00e1ml\u00e1ja akt\u00edvan megt\u00e1masztja a derekat,<\/li>\n\n\n\n<li>a test nem \u201eel\u0151recs\u00faszva\u201d dolgozik.<\/li>\n<\/ul>\n\n\n\n<p>Ez <strong>nem luxus<\/strong>, hanem a hossz\u00fa t\u00e1v\u00fa koncentr\u00e1ci\u00f3 felt\u00e9tele.<\/p>\n\n\n\n<h3 class=\"wp-block-heading\"><strong>4. Mi\u00e9rt k\u00fcl\u00f6n\u00f6sen fontos ez vezet\u0151i k\u00f6rnyezetben?<\/strong><\/h3>\n\n\n\n<p>A vezet\u0151k t\u00f6bbs\u00e9ge:<\/p>\n\n\n\n<ul class=\"wp-block-list\">\n<li>napi t\u00f6bb \u00f3r\u00e1t t\u00f6lt \u00fclve,<\/li>\n\n\n\n<li>mik\u00f6zben ment\u00e1lisan intenz\u00edv d\u00f6nt\u00e9seket hoz,<\/li>\n\n\n\n<li>gyakran t\u00e1rgyal, jegyzetel, k\u00e9perny\u0151t figyel.<\/li>\n<\/ul>\n\n\n\n<p>Ha a test folyamatosan kompenz\u00e1lni k\u00e9nyszer\u00fcl, az:<\/p>\n\n\n\n<ul class=\"wp-block-list\">\n<li>f\u00e1rad\u00e1shoz,<\/li>\n\n\n\n<li>t\u00fcrelmetlens\u00e9ghez,<\/li>\n\n\n\n<li>koncentr\u00e1ci\u00f3veszt\u00e9shez vezet.<\/li>\n<\/ul>\n\n\n\n<p>A j\u00f3 ergon\u00f3mia <strong>nem l\u00e1tv\u00e1nyos<\/strong>, de \u00e9rezhet\u0151 hat\u00e1sa van a d\u00f6nt\u00e9si min\u0151s\u00e9gre.<\/p>\n\n\n\n<h3 class=\"wp-block-heading\"><strong>5. Egyedi m\u00e9retez\u00e9s = kevesebb kompromisszum<\/strong><\/h3>\n\n\n\n<p>Sok esetben nem az \u00e1ll\u00edthat\u00f3 mechanika a megold\u00e1s, hanem az, hogy:<\/p>\n\n\n\n<ul class=\"wp-block-list\">\n<li>az \u00edr\u00f3asztal magass\u00e1ga eleve a kiv\u00e1lasztott sz\u00e9khez igazodik,<\/li>\n\n\n\n<li>figyelembe veszi a vezet\u0151 testmagass\u00e1g\u00e1t,<\/li>\n\n\n\n<li>\u00e9s a t\u00e9nyleges munkapoz\u00edci\u00f3t.<\/li>\n<\/ul>\n\n\n\n<p>Egy pontosan m\u00e9retezett vezet\u0151i \u00edr\u00f3asztal \u00e9s egy j\u00f3l be\u00e1ll\u00edtott sz\u00e9k egy\u00fctt <strong>\u00e9vekre megoldja<\/strong> az ergon\u00f3miai k\u00e9rd\u00e9st \u2013 ut\u00f3lagos toldoz\u00e1s-foldoz\u00e1s n\u00e9lk\u00fcl.<\/p>\n\n\n\n<blockquote class=\"wp-block-quote is-layout-flow wp-block-quote-is-layout-flow\">\n<p>Ha szeretn\u00e9 a vezet\u0151i \u00edr\u00f3asztal kiv\u00e1laszt\u00e1s\u00e1t <strong>teljes \u00f6sszef\u00fcgg\u00e9s\u00e9ben<\/strong> \u00e1tl\u00e1tni \u2013 a m\u00e9retez\u00e9st\u0151l az ergon\u00f3mi\u00e1n \u00e1t az anyagv\u00e1laszt\u00e1sig \u2013, \u00e9rdemes elolvasnia a <strong>\u201e<\/strong><a href=\"https:\/\/www.bathori.hu\/blog\/vezetoi-iroasztal\" data-type=\"link\" data-id=\"https:\/\/www.bathori.hu\/blog\/vezetoi-iroasztal\">vezet\u0151i \u00edr\u00f3asztal teljes \u00fatmutat\u00f3j\u00e1t<\/a><strong>\u201d<\/strong>, amely l\u00e9p\u00e9sr\u0151l l\u00e9p\u00e9sre v\u00e9gigvezeti a d\u00f6nt\u00e9si folyamaton.<\/p>\n<\/blockquote>\n\n\n\n<h2 class=\"wp-block-heading\"><strong>Gyors ergon\u00f3miai d\u00f6nt\u00e9si checklist \u2013 megfelel\u0151en m\u0171k\u00f6dik egy\u00fctt az \u00edr\u00f3asztal \u00e9s a vezet\u0151i sz\u00e9k?<\/strong><\/h2>\n\n\n\n<p><strong>\u00c9rdemes v\u00e9gigmenni a pontokon egym\u00e1s ut\u00e1n. Ha t\u00f6bb k\u00e9rd\u00e9sre \u201enem\u201d a v\u00e1lasz, az hossz\u00fa t\u00e1von terhel\u00e9st okozhat.<\/strong><\/p>\n\n\n\n<h3 class=\"wp-block-heading\"><strong>\u00cdr\u00f3asztal \u2194 vezet\u0151i sz\u00e9k \u00f6sszhang<\/strong><\/h3>\n\n\n\n<ul class=\"wp-block-list\">\n<li>\u2610 \u00dcl\u00e9s k\u00f6zben a <strong>k\u00f6ny\u00f6ksz\u00f6g megk\u00f6zel\u00edti a 90\u00b0-ot<\/strong>, nem kell v\u00e1llb\u00f3l emelnie a kart<\/li>\n\n\n\n<li>\u2610 Az <strong>alkar k\u00e9nyelmesen fekszik<\/strong> az asztallapon, nem l\u00f3g le r\u00f3la<\/li>\n\n\n\n<li>\u2610 A v\u00e1ll <strong>nem fesz\u00fcl<\/strong>, nem h\u00faz\u00f3dik fel tart\u00f3s munkav\u00e9gz\u00e9s k\u00f6zben<\/li>\n<\/ul>\n\n\n\n<h3 class=\"wp-block-heading\"><strong>A vezet\u0151i sz\u00e9k be\u00e1ll\u00edt\u00e1sa<\/strong><\/h3>\n\n\n\n<ul class=\"wp-block-list\">\n<li>\u2610 A sz\u00e9k <strong>\u00fcl\u00e9smagass\u00e1ga \u00e1ll\u00edthat\u00f3<\/strong>, \u00e9s t\u00e9nylegesen az \u00d6n testmagass\u00e1g\u00e1hoz van igaz\u00edtva<\/li>\n\n\n\n<li>\u2610 A <strong>der\u00e9kt\u00e1masz akt\u00edvan megt\u00e1maszt<\/strong>, nem csak h\u00e1tt\u00e1mlak\u00e9nt funkcion\u00e1l<\/li>\n\n\n\n<li>\u2610 A kart\u00e1masz <strong>nem akad bele<\/strong> az asztal \u00e9l\u00e9be, m\u00e9gis al\u00e1t\u00e1masztja a kart<\/li>\n<\/ul>\n\n\n\n<h3 class=\"wp-block-heading\"><strong>Testtart\u00e1s \u00e9s terhel\u00e9s<\/strong><\/h3>\n\n\n\n<ul class=\"wp-block-list\">\n<li>\u2610 \u00dcl\u00e9s k\u00f6zben <strong>nem cs\u00faszik el\u0151re<\/strong>, a medence stabilan megt\u00e1masztott<\/li>\n\n\n\n<li>\u2610 G\u00e9pel\u00e9sn\u00e9l a csukl\u00f3 <strong>nem t\u00f6rik meg<\/strong>, term\u00e9szetes helyzetben marad<\/li>\n\n\n\n<li>\u2610 Hosszabb munkav\u00e9gz\u00e9s ut\u00e1n sem jelentkezik v\u00e1ll-, nyak- vagy der\u00e9kfesz\u00fcl\u00e9s<\/li>\n<\/ul>\n\n\n\n<h3 class=\"wp-block-heading\"><strong>A d\u00f6nt\u00e9si k\u00f6rnyezet min\u0151s\u00e9ge<\/strong><\/h3>\n\n\n\n<ul class=\"wp-block-list\">\n<li>\u2610 A monitor <strong>szemmagass\u00e1g k\u00f6rny\u00e9k\u00e9n helyezkedik el<\/strong>, nem kell lefel\u00e9 n\u00e9znie<\/li>\n\n\n\n<li>\u2610 A munkapoz\u00edci\u00f3 <strong>stabil<\/strong>, nincs sz\u00fcks\u00e9g folyamatos testhelyzet-korrekci\u00f3ra<\/li>\n\n\n\n<li>\u2610 Az \u00edr\u00f3asztal <strong>nem k\u00e9nyszer\u00edti kompromisszumra<\/strong> a sz\u00e9k be\u00e1ll\u00edt\u00e1s\u00e1t<\/li>\n<\/ul>\n\n\n\n<h3 class=\"wp-block-heading\"><strong>Gyors \u00e9rtelmez\u00e9si \u00fatmutat\u00f3<\/strong><\/h3>\n\n\n\n<ul class=\"wp-block-list\">\n<li><strong>0\u20132 \u201enem\u201d v\u00e1lasz<\/strong> \u2192 az ergon\u00f3mia alapvet\u0151en rendben van<\/li>\n\n\n\n<li><strong>3\u20135 \u201enem\u201d v\u00e1lasz<\/strong> \u2192 finomhangol\u00e1s javasolt<\/li>\n\n\n\n<li><strong>6 vagy t\u00f6bb \u201enem\u201d v\u00e1lasz<\/strong> \u2192 az \u00edr\u00f3asztal \u00e9s a sz\u00e9k <strong>nem rendszerk\u00e9nt m\u0171k\u00f6dik<\/strong><\/li>\n<\/ul>\n\n\n\n<p>Ilyen esetben nem egyetlen b\u00fatordarab cser\u00e9je a megold\u00e1s, hanem az <strong>\u00edr\u00f3asztal\u2013sz\u00e9k p\u00e1ros \u00fajragondol\u00e1sa<\/strong>, ak\u00e1r egyedi m\u00e9retez\u00e9ssel.<\/p>\n","protected":false},"excerpt":{"rendered":"<p>Az ide\u00e1lis vezet\u0151i \u00edr\u00f3asztal magass\u00e1g k\u00e9rd\u00e9se sokkal t\u00f6bb, mint ergon\u00f3miai r\u00e9szletk\u00e9rd\u00e9s. Egy vezet\u0151 sz\u00e1m\u00e1ra az \u00edr\u00f3asztal nem csup\u00e1n munkafel\u00fclet, hanem napi t\u00f6bb \u00f3r\u00e1n \u00e1t haszn\u00e1lt d\u00f6nt\u00e9si t\u00e9r, amely k\u00f6zvetlen\u00fcl hat a koncentr\u00e1ci\u00f3ra, a fizikai komfort\u00e9rzetre \u00e9s hossz\u00fa t\u00e1von az eg\u00e9szs\u00e9gre is. Sokan m\u00e9g mindig \u00fagy v\u00e1lasztanak vezet\u0151i \u00edr\u00f3asztalt, mintha az els\u0151sorban eszt\u00e9tikai elem lenne: st\u00edlus, &#8230; <a title=\"Milyen magass\u00e1g\u00fa vezet\u0151i \u00edr\u00f3asztal az ide\u00e1lis? \u2013 ergon\u00f3mia vezet\u0151i szinten\" class=\"read-more\" href=\"https:\/\/www.bathori.hu\/blog\/idealis-vezetoi-iroasztal-magassag\/\" aria-label=\"Read more about Milyen magass\u00e1g\u00fa vezet\u0151i \u00edr\u00f3asztal az ide\u00e1lis? \u2013 ergon\u00f3mia vezet\u0151i szinten\">Olvass tov\u00e1bb<\/a><\/p>\n","protected":false},"author":1,"featured_media":1102,"comment_status":"closed","ping_status":"closed","sticky":false,"template":"","format":"standard","meta":{"footnotes":""},"categories":[25],"tags":[],"class_list":["post-1097","post","type-post","status-publish","format-standard","has-post-thumbnail","hentry","category-vezetoi-iroasztal"],"_links":{"self":[{"href":"https:\/\/www.bathori.hu\/blog\/wp-json\/wp\/v2\/posts\/1097","targetHints":{"allow":["GET"]}}],"collection":[{"href":"https:\/\/www.bathori.hu\/blog\/wp-json\/wp\/v2\/posts"}],"about":[{"href":"https:\/\/www.bathori.hu\/blog\/wp-json\/wp\/v2\/types\/post"}],"author":[{"embeddable":true,"href":"https:\/\/www.bathori.hu\/blog\/wp-json\/wp\/v2\/users\/1"}],"replies":[{"embeddable":true,"href":"https:\/\/www.bathori.hu\/blog\/wp-json\/wp\/v2\/comments?post=1097"}],"version-history":[{"count":4,"href":"https:\/\/www.bathori.hu\/blog\/wp-json\/wp\/v2\/posts\/1097\/revisions"}],"predecessor-version":[{"id":1104,"href":"https:\/\/www.bathori.hu\/blog\/wp-json\/wp\/v2\/posts\/1097\/revisions\/1104"}],"wp:featuredmedia":[{"embeddable":true,"href":"https:\/\/www.bathori.hu\/blog\/wp-json\/wp\/v2\/media\/1102"}],"wp:attachment":[{"href":"https:\/\/www.bathori.hu\/blog\/wp-json\/wp\/v2\/media?parent=1097"}],"wp:term":[{"taxonomy":"category","embeddable":true,"href":"https:\/\/www.bathori.hu\/blog\/wp-json\/wp\/v2\/categories?post=1097"},{"taxonomy":"post_tag","embeddable":true,"href":"https:\/\/www.bathori.hu\/blog\/wp-json\/wp\/v2\/tags?post=1097"}],"curies":[{"name":"wp","href":"https:\/\/api.w.org\/{rel}","templated":true}]}}